
{"id":13702,"date":"2011-04-01T08:42:07","date_gmt":"2011-04-01T11:42:07","guid":{"rendered":"http:\/\/www.oarcanjo.net\/site\/?p=13702"},"modified":"2011-04-01T08:42:07","modified_gmt":"2011-04-01T11:42:07","slug":"leituras-do-domingo-10042011","status":"publish","type":"post","link":"https:\/\/www.oarcanjo.net\/site\/leituras-do-domingo-10042011\/","title":{"rendered":"Leituras do domingo 10\/04\/2011"},"content":{"rendered":"<div>\n<h4>5\u00ba Domingo da Quaresma<\/h4>\n<p><strong>Primeira leitura (Ezequiel 37,12-14)<\/strong><\/p>\n<p>Leitura da Profecia de Ezequiel:<\/p>\n<p><sup>12<\/sup>Assim fala o Senhor Deus: \u201c\u00d3 meu povo, vou abrir as vossas sepulturas e conduzir-vos para a terra de Israel;\u00a0<sup>13<\/sup>e quando eu abrir as vossas sepulturas e vos fizer sair delas, sabereis que eu sou o Senhor.<br \/>\n<sup>14<\/sup>Porei em v\u00f3s o meu esp\u00edrito, para que vivais e vos colocarei em vossa terra. Ent\u00e3o sabereis que eu, o Senhor, digo e fa\u00e7o \u2014 or\u00e1culo do Senhor\u201d.<\/p>\n<p><strong>Salmo (Salmos 129)<\/strong><\/p>\n<p>\u2014 No Senhor, toda gra\u00e7a e reden\u00e7\u00e3o!<br \/>\n<strong>\u2014 No Senhor, toda gra\u00e7a e reden\u00e7\u00e3o!<\/strong><\/p>\n<p>\u2014 Das profundezas eu clamo a v\u00f3s, Senhor,\/ escutai a minha voz!\/ Vossos ouvidos estejam bem atentos\/ ao clamor da minha prece!<br \/>\n\u2014 Se levardes em conta nossas faltas,\/ quem haver\u00e1 de subsistir?\/ Mas em v\u00f3s se encontra o perd\u00e3o,\/ eu vos temo e em v\u00f3s espero.<br \/>\n\u2014 No Senhor ponho a minha esperan\u00e7a,\/ espero em sua palavra.\/ A minh\u2019alma espera no Senhor\/ mais que o vigia pela aurora.<br \/>\n\u2014 Espere Israel pelo Senhor,\/ mais que o vigia pela aurora!\/ Pois no Senhor se encontra toda gra\u00e7a\/ e copiosa reden\u00e7\u00e3o.<br \/>\n\u2014 Ele vem libertar a Israel\/ de toda a sua culpa.<\/p>\n<p><strong>Segunda leitura (Romanos 8,8-11)<\/strong><\/p>\n<p>Leitura da Carta de S\u00e3o Paulo aos Romanos:<\/p>\n<p>Irm\u00e3os:\u00a0<sup>8<\/sup>Os que vivem segundo a carne n\u00e3o podem agradar a Deus.\u00a0<sup>9<\/sup>V\u00f3s n\u00e3o viveis segundo a carne, mas segundo o Esp\u00edrito, se realmente o Esp\u00edrito de Deus mora em v\u00f3s. Se algu\u00e9m n\u00e3o tem o Esp\u00edrito de Cristo, n\u00e3o pertence a Cristo.\u00a0<sup>10<\/sup>Se, por\u00e9m, Cristo est\u00e1 em v\u00f3s, embora vosso corpo esteja ferido de morte por causa do pecado, vosso esp\u00edrito est\u00e1 cheio de vida, gra\u00e7as \u00e0 justi\u00e7a.<br \/>\n<sup>11<\/sup>E, se o Esp\u00edrito daquele que ressuscitou Jesus dentre os mortos mora em v\u00f3s, ent\u00e3o aquele que ressuscitou Jesus Cristo dentre os mortos vivificar\u00e1 tamb\u00e9m vossos corpos mortais por meio do seu Esp\u00edrito que mora em v\u00f3s.<\/p>\n<p><strong>Evangelho (Jo\u00e3o 11,3-7.17.20-27.33b-45)<\/strong><\/p>\n<p>Naquele tempo,\u00a0<sup>3<\/sup>as irm\u00e3s de L\u00e1zaro mandaram dizer a Jesus: \u201cSenhor, aquele que amas est\u00e1 doente\u201d.<br \/>\n<sup>4<\/sup>Ouvindo isto, Jesus disse: \u201cEsta doen\u00e7a n\u00e3o leva \u00e0 morte; ela serve para a gl\u00f3ria de Deus, para que o Filho de Deus seja glorificado por ela\u201d.<br \/>\n<sup>5<\/sup>Jesus era muito amigo de Marta, de sua irm\u00e3 Maria e de L\u00e1zaro.\u00a0<sup>6<\/sup>Quando ouviu que este estava doente, Jesus ficou ainda dois dias no lugar onde se encontrava.\u00a0<sup>7<\/sup>Ent\u00e3o, disse aos disc\u00edpulos: \u201cVamos de novo \u00e0 Judeia\u201d.<br \/>\n<sup>17<\/sup>Quando Jesus chegou, encontrou L\u00e1zaro sepultado havia quatro dias.\u00a0<sup>20<\/sup>Quando Marta soube que Jesus tinha chegado, foi ao encontro dele. Maria ficou sentada em casa.<sup>21<\/sup>Ent\u00e3o Marta disse a Jesus: \u201cSenhor, se tivesses estado aqui, meu irm\u00e3o n\u00e3o teria morrido.\u00a0<sup>22<\/sup>Mas mesmo assim, eu sei que o que pedires a Deus, ele te conceder\u00e1\u201d.<br \/>\n<sup>23<\/sup>Respondeu-lhe Jesus: \u201cTeu irm\u00e3o ressuscitar\u00e1\u201d.<br \/>\n<sup>24<\/sup>Disse Marta: \u201cEu sei que ele ressuscitar\u00e1 na ressurrei\u00e7\u00e3o, no \u00faltimo dia\u201d.<br \/>\n<sup>25<\/sup>Ent\u00e3o Jesus disse: \u201cEu sou a ressurrei\u00e7\u00e3o e a vida. Quem cr\u00ea em mim, mesmo que morra, viver\u00e1.\u00a0<sup>26<\/sup>E todo aquele que vive e cr\u00ea em mim, n\u00e3o morrer\u00e1 jamais. Cr\u00eas isto?\u201d<br \/>\n<sup>27<\/sup>Respondeu ela: \u201cSim, Senhor, eu creio firmemente que tu \u00e9s o Messias, o Filho de Deus, que devia vir ao mundo\u201d.<br \/>\n<sup>33b<\/sup>Jesus ficou profundamente comovido\u00a0<sup>34<\/sup>e perguntou: \u201cOnde o colocastes?\u201d<br \/>\nResponderam: \u201cVem ver, Senhor\u201d.\u00a0<sup>35<\/sup>E Jesus chorou.<br \/>\n<sup>36<\/sup>Ent\u00e3o os judeus disseram: \u201cVede como ele o amava!\u201d<br \/>\n<sup>37<\/sup>Alguns deles, por\u00e9m, diziam: \u201cEste, que abriu os olhos ao cego, n\u00e3o podia tamb\u00e9m ter feito com que L\u00e1zaro n\u00e3o morresse?\u201d<br \/>\n<sup>38<\/sup>De novo, Jesus ficou interiormente comovido. Chegou ao t\u00famulo. Era uma caverna, fechada com uma pedra.<br \/>\n<sup>39<\/sup>Disse Jesus: \u201cTirai a pedra!\u201d<br \/>\nMarta, a irm\u00e3 do morto, interveio: \u201cSenhor, j\u00e1 cheira mal. Est\u00e1 morto h\u00e1 quatro dias\u201d.<br \/>\n<sup>40<\/sup>Jesus lhe respondeu: \u201cN\u00e3o te disse que, se creres, ver\u00e1s a gl\u00f3ria de Deus?\u201d<br \/>\n<sup>41<\/sup>Tiraram ent\u00e3o a pedra. Jesus levantou os olhos para o alto e disse: \u201cPai, eu te dou gra\u00e7as porque me ouviste.\u00a0<sup>42<\/sup>Eu sei que sempre me escutas. Mas digo isto por causa do povo que me rodeia, para que creia que tu me enviaste\u201d.<br \/>\n<sup>43<\/sup>Tendo dito isso, exclamou com voz forte: \u201cL\u00e1zaro, vem para fora!\u201d<br \/>\n<sup>44<\/sup>O morto saiu, atado de m\u00e3os e p\u00e9s com os len\u00e7\u00f3is mortu\u00e1rios e o rosto coberto com um pano. Ent\u00e3o Jesus lhes disse: \u201cDesatai-o e deixai-o caminhar!\u201d<br \/>\n<sup>45<\/sup>Ent\u00e3o, muitos dos judeus que tinham ido \u00e0 casa de Maria e viram o que Jesus fizera, creram nele.<\/p>\n<\/div>\n<div id=\"themify_builder_content-13702\" data-postid=\"13702\" class=\"themify_builder_content themify_builder_content-13702 themify_builder themify_builder_front\">\n\t<\/div>\n<!-- \/themify_builder_content -->","protected":false},"excerpt":{"rendered":"<p>5\u00ba Domingo da Quaresma Primeira leitura (Ezequiel 37,12-14) Leitura da Profecia de Ezequiel: 12Assim fala o Senhor Deus: \u201c\u00d3 meu povo, vou abrir as vossas sepulturas e conduzir-vos para a terra de Israel;\u00a013e quando eu abrir as vossas sepulturas e vos fizer sair delas, sabereis que eu sou o Senhor. 14Porei em v\u00f3s o meu [&hellip;]<\/p>\n","protected":false},"author":5,"featured_media":0,"comment_status":"open","ping_status":"open","sticky":false,"template":"","format":"standard","meta":{"ngg_post_thumbnail":0,"footnotes":""},"categories":[109],"tags":[3204],"yoast_head":"<!-- This site is optimized with the Yoast SEO plugin v23.5 - https:\/\/yoast.com\/wordpress\/plugins\/seo\/ -->\n<title>Leituras do domingo 10\/04\/2011 - O Arcanjo no ar<\/title>\n<meta name=\"robots\" content=\"index, follow, max-snippet:-1, max-image-preview:large, max-video-preview:-1\" \/>\n<link rel=\"canonical\" href=\"https:\/\/www.oarcanjo.net\/site\/leituras-do-domingo-10042011\/\" \/>\n<meta property=\"og:locale\" content=\"pt_BR\" \/>\n<meta property=\"og:type\" content=\"article\" \/>\n<meta property=\"og:title\" content=\"Leituras do domingo 10\/04\/2011 - O Arcanjo no ar\" \/>\n<meta property=\"og:description\" content=\"5\u00ba Domingo da Quaresma Primeira leitura (Ezequiel 37,12-14) Leitura da Profecia de Ezequiel: 12Assim fala o Senhor Deus: \u201c\u00d3 meu povo, vou abrir as vossas sepulturas e conduzir-vos para a terra de Israel;\u00a013e quando eu abrir as vossas sepulturas e vos fizer sair delas, sabereis que eu sou o Senhor. 14Porei em v\u00f3s o meu [&hellip;]\" \/>\n<meta property=\"og:url\" content=\"https:\/\/www.oarcanjo.net\/site\/leituras-do-domingo-10042011\/\" \/>\n<meta property=\"og:site_name\" content=\"O Arcanjo no ar\" \/>\n<meta property=\"article:publisher\" content=\"https:\/\/www.facebook.com\/OArcanjoNoAr\/\" \/>\n<meta property=\"article:published_time\" content=\"2011-04-01T11:42:07+00:00\" \/>\n<meta property=\"og:image\" content=\"https:\/\/www.oarcanjo.net\/site\/wp-content\/uploads\/logo-o-arcanjo-no-ar-facebook.png\" \/>\n\t<meta property=\"og:image:width\" content=\"300\" \/>\n\t<meta property=\"og:image:height\" content=\"300\" \/>\n\t<meta property=\"og:image:type\" content=\"image\/png\" \/>\n<meta name=\"author\" content=\"editor\" \/>\n<meta name=\"twitter:card\" content=\"summary_large_image\" \/>\n<meta name=\"twitter:label1\" content=\"Escrito por\" \/>\n\t<meta name=\"twitter:data1\" content=\"editor\" \/>\n\t<meta name=\"twitter:label2\" content=\"Est. tempo de leitura\" \/>\n\t<meta name=\"twitter:data2\" content=\"4 minutos\" \/>\n<script type=\"application\/ld+json\" class=\"yoast-schema-graph\">{\"@context\":\"https:\/\/schema.org\",\"@graph\":[{\"@type\":\"Article\",\"@id\":\"https:\/\/www.oarcanjo.net\/site\/leituras-do-domingo-10042011\/#article\",\"isPartOf\":{\"@id\":\"https:\/\/www.oarcanjo.net\/site\/leituras-do-domingo-10042011\/\"},\"author\":{\"name\":\"editor\",\"@id\":\"https:\/\/www.oarcanjo.net\/site\/#\/schema\/person\/f7024d007863202483a31326673a0838\"},\"headline\":\"Leituras do domingo 10\/04\/2011\",\"datePublished\":\"2011-04-01T11:42:07+00:00\",\"dateModified\":\"2011-04-01T11:42:07+00:00\",\"mainEntityOfPage\":{\"@id\":\"https:\/\/www.oarcanjo.net\/site\/leituras-do-domingo-10042011\/\"},\"wordCount\":788,\"commentCount\":0,\"publisher\":{\"@id\":\"https:\/\/www.oarcanjo.net\/site\/#organization\"},\"keywords\":[\"Liturgia\"],\"articleSection\":[\"Liturgia\"],\"inLanguage\":\"pt-BR\",\"potentialAction\":[{\"@type\":\"CommentAction\",\"name\":\"Comment\",\"target\":[\"https:\/\/www.oarcanjo.net\/site\/leituras-do-domingo-10042011\/#respond\"]}]},{\"@type\":\"WebPage\",\"@id\":\"https:\/\/www.oarcanjo.net\/site\/leituras-do-domingo-10042011\/\",\"url\":\"https:\/\/www.oarcanjo.net\/site\/leituras-do-domingo-10042011\/\",\"name\":\"Leituras do domingo 10\/04\/2011 - O Arcanjo no ar\",\"isPartOf\":{\"@id\":\"https:\/\/www.oarcanjo.net\/site\/#website\"},\"datePublished\":\"2011-04-01T11:42:07+00:00\",\"dateModified\":\"2011-04-01T11:42:07+00:00\",\"breadcrumb\":{\"@id\":\"https:\/\/www.oarcanjo.net\/site\/leituras-do-domingo-10042011\/#breadcrumb\"},\"inLanguage\":\"pt-BR\",\"potentialAction\":[{\"@type\":\"ReadAction\",\"target\":[\"https:\/\/www.oarcanjo.net\/site\/leituras-do-domingo-10042011\/\"]}]},{\"@type\":\"BreadcrumbList\",\"@id\":\"https:\/\/www.oarcanjo.net\/site\/leituras-do-domingo-10042011\/#breadcrumb\",\"itemListElement\":[{\"@type\":\"ListItem\",\"position\":1,\"name\":\"In\u00edcio\",\"item\":\"https:\/\/www.oarcanjo.net\/site\/\"},{\"@type\":\"ListItem\",\"position\":2,\"name\":\"Leituras do domingo 10\/04\/2011\"}]},{\"@type\":\"WebSite\",\"@id\":\"https:\/\/www.oarcanjo.net\/site\/#website\",\"url\":\"https:\/\/www.oarcanjo.net\/site\/\",\"name\":\"O Arcanjo no ar\",\"description\":\"Site da Par\u00f3quia S\u00e3o Miguel Arcanjo (Arquidiocese de SP)\",\"publisher\":{\"@id\":\"https:\/\/www.oarcanjo.net\/site\/#organization\"},\"potentialAction\":[{\"@type\":\"SearchAction\",\"target\":{\"@type\":\"EntryPoint\",\"urlTemplate\":\"https:\/\/www.oarcanjo.net\/site\/?s={search_term_string}\"},\"query-input\":{\"@type\":\"PropertyValueSpecification\",\"valueRequired\":true,\"valueName\":\"search_term_string\"}}],\"inLanguage\":\"pt-BR\"},{\"@type\":\"Organization\",\"@id\":\"https:\/\/www.oarcanjo.net\/site\/#organization\",\"name\":\"Par\u00f3quia S\u00e3o Miguel Arcanjo\",\"url\":\"https:\/\/www.oarcanjo.net\/site\/\",\"logo\":{\"@type\":\"ImageObject\",\"inLanguage\":\"pt-BR\",\"@id\":\"https:\/\/www.oarcanjo.net\/site\/#\/schema\/logo\/image\/\",\"url\":\"https:\/\/www.oarcanjo.net\/site\/wp-content\/uploads\/LogoOArcanjo.png\",\"contentUrl\":\"https:\/\/www.oarcanjo.net\/site\/wp-content\/uploads\/LogoOArcanjo.png\",\"width\":319,\"height\":99,\"caption\":\"Par\u00f3quia S\u00e3o Miguel Arcanjo\"},\"image\":{\"@id\":\"https:\/\/www.oarcanjo.net\/site\/#\/schema\/logo\/image\/\"},\"sameAs\":[\"https:\/\/www.facebook.com\/OArcanjoNoAr\/\"]},{\"@type\":\"Person\",\"@id\":\"https:\/\/www.oarcanjo.net\/site\/#\/schema\/person\/f7024d007863202483a31326673a0838\",\"name\":\"editor\",\"sameAs\":[\"http:\/\/www.oarcanjo.net\"]}]}<\/script>\n<!-- \/ Yoast SEO plugin. -->","yoast_head_json":{"title":"Leituras do domingo 10\/04\/2011 - O Arcanjo no ar","robots":{"index":"index","follow":"follow","max-snippet":"max-snippet:-1","max-image-preview":"max-image-preview:large","max-video-preview":"max-video-preview:-1"},"canonical":"https:\/\/www.oarcanjo.net\/site\/leituras-do-domingo-10042011\/","og_locale":"pt_BR","og_type":"article","og_title":"Leituras do domingo 10\/04\/2011 - O Arcanjo no ar","og_description":"5\u00ba Domingo da Quaresma Primeira leitura (Ezequiel 37,12-14) Leitura da Profecia de Ezequiel: 12Assim fala o Senhor Deus: \u201c\u00d3 meu povo, vou abrir as vossas sepulturas e conduzir-vos para a terra de Israel;\u00a013e quando eu abrir as vossas sepulturas e vos fizer sair delas, sabereis que eu sou o Senhor. 14Porei em v\u00f3s o meu [&hellip;]","og_url":"https:\/\/www.oarcanjo.net\/site\/leituras-do-domingo-10042011\/","og_site_name":"O Arcanjo no ar","article_publisher":"https:\/\/www.facebook.com\/OArcanjoNoAr\/","article_published_time":"2011-04-01T11:42:07+00:00","og_image":[{"width":300,"height":300,"url":"https:\/\/www.oarcanjo.net\/site\/wp-content\/uploads\/logo-o-arcanjo-no-ar-facebook.png","type":"image\/png"}],"author":"editor","twitter_card":"summary_large_image","twitter_misc":{"Escrito por":"editor","Est. tempo de leitura":"4 minutos"},"schema":{"@context":"https:\/\/schema.org","@graph":[{"@type":"Article","@id":"https:\/\/www.oarcanjo.net\/site\/leituras-do-domingo-10042011\/#article","isPartOf":{"@id":"https:\/\/www.oarcanjo.net\/site\/leituras-do-domingo-10042011\/"},"author":{"name":"editor","@id":"https:\/\/www.oarcanjo.net\/site\/#\/schema\/person\/f7024d007863202483a31326673a0838"},"headline":"Leituras do domingo 10\/04\/2011","datePublished":"2011-04-01T11:42:07+00:00","dateModified":"2011-04-01T11:42:07+00:00","mainEntityOfPage":{"@id":"https:\/\/www.oarcanjo.net\/site\/leituras-do-domingo-10042011\/"},"wordCount":788,"commentCount":0,"publisher":{"@id":"https:\/\/www.oarcanjo.net\/site\/#organization"},"keywords":["Liturgia"],"articleSection":["Liturgia"],"inLanguage":"pt-BR","potentialAction":[{"@type":"CommentAction","name":"Comment","target":["https:\/\/www.oarcanjo.net\/site\/leituras-do-domingo-10042011\/#respond"]}]},{"@type":"WebPage","@id":"https:\/\/www.oarcanjo.net\/site\/leituras-do-domingo-10042011\/","url":"https:\/\/www.oarcanjo.net\/site\/leituras-do-domingo-10042011\/","name":"Leituras do domingo 10\/04\/2011 - O Arcanjo no ar","isPartOf":{"@id":"https:\/\/www.oarcanjo.net\/site\/#website"},"datePublished":"2011-04-01T11:42:07+00:00","dateModified":"2011-04-01T11:42:07+00:00","breadcrumb":{"@id":"https:\/\/www.oarcanjo.net\/site\/leituras-do-domingo-10042011\/#breadcrumb"},"inLanguage":"pt-BR","potentialAction":[{"@type":"ReadAction","target":["https:\/\/www.oarcanjo.net\/site\/leituras-do-domingo-10042011\/"]}]},{"@type":"BreadcrumbList","@id":"https:\/\/www.oarcanjo.net\/site\/leituras-do-domingo-10042011\/#breadcrumb","itemListElement":[{"@type":"ListItem","position":1,"name":"In\u00edcio","item":"https:\/\/www.oarcanjo.net\/site\/"},{"@type":"ListItem","position":2,"name":"Leituras do domingo 10\/04\/2011"}]},{"@type":"WebSite","@id":"https:\/\/www.oarcanjo.net\/site\/#website","url":"https:\/\/www.oarcanjo.net\/site\/","name":"O Arcanjo no ar","description":"Site da Par\u00f3quia S\u00e3o Miguel Arcanjo (Arquidiocese de SP)","publisher":{"@id":"https:\/\/www.oarcanjo.net\/site\/#organization"},"potentialAction":[{"@type":"SearchAction","target":{"@type":"EntryPoint","urlTemplate":"https:\/\/www.oarcanjo.net\/site\/?s={search_term_string}"},"query-input":{"@type":"PropertyValueSpecification","valueRequired":true,"valueName":"search_term_string"}}],"inLanguage":"pt-BR"},{"@type":"Organization","@id":"https:\/\/www.oarcanjo.net\/site\/#organization","name":"Par\u00f3quia S\u00e3o Miguel Arcanjo","url":"https:\/\/www.oarcanjo.net\/site\/","logo":{"@type":"ImageObject","inLanguage":"pt-BR","@id":"https:\/\/www.oarcanjo.net\/site\/#\/schema\/logo\/image\/","url":"https:\/\/www.oarcanjo.net\/site\/wp-content\/uploads\/LogoOArcanjo.png","contentUrl":"https:\/\/www.oarcanjo.net\/site\/wp-content\/uploads\/LogoOArcanjo.png","width":319,"height":99,"caption":"Par\u00f3quia S\u00e3o Miguel Arcanjo"},"image":{"@id":"https:\/\/www.oarcanjo.net\/site\/#\/schema\/logo\/image\/"},"sameAs":["https:\/\/www.facebook.com\/OArcanjoNoAr\/"]},{"@type":"Person","@id":"https:\/\/www.oarcanjo.net\/site\/#\/schema\/person\/f7024d007863202483a31326673a0838","name":"editor","sameAs":["http:\/\/www.oarcanjo.net"]}]}},"publishpress_future_action":{"enabled":false,"date":"2026-05-09 01:49:47","action":"category","newStatus":"draft","terms":[],"taxonomy":"category"},"publishpress_future_workflow_manual_trigger":{"enabledWorkflows":[]},"_links":{"self":[{"href":"https:\/\/www.oarcanjo.net\/site\/wp-json\/wp\/v2\/posts\/13702"}],"collection":[{"href":"https:\/\/www.oarcanjo.net\/site\/wp-json\/wp\/v2\/posts"}],"about":[{"href":"https:\/\/www.oarcanjo.net\/site\/wp-json\/wp\/v2\/types\/post"}],"author":[{"embeddable":true,"href":"https:\/\/www.oarcanjo.net\/site\/wp-json\/wp\/v2\/users\/5"}],"replies":[{"embeddable":true,"href":"https:\/\/www.oarcanjo.net\/site\/wp-json\/wp\/v2\/comments?post=13702"}],"version-history":[{"count":0,"href":"https:\/\/www.oarcanjo.net\/site\/wp-json\/wp\/v2\/posts\/13702\/revisions"}],"wp:attachment":[{"href":"https:\/\/www.oarcanjo.net\/site\/wp-json\/wp\/v2\/media?parent=13702"}],"wp:term":[{"taxonomy":"category","embeddable":true,"href":"https:\/\/www.oarcanjo.net\/site\/wp-json\/wp\/v2\/categories?post=13702"},{"taxonomy":"post_tag","embeddable":true,"href":"https:\/\/www.oarcanjo.net\/site\/wp-json\/wp\/v2\/tags?post=13702"}],"curies":[{"name":"wp","href":"https:\/\/api.w.org\/{rel}","templated":true}]}}