
{"id":13704,"date":"2011-04-01T08:45:45","date_gmt":"2011-04-01T11:45:45","guid":{"rendered":"http:\/\/www.oarcanjo.net\/site\/?p=13704"},"modified":"2011-04-01T08:45:45","modified_gmt":"2011-04-01T11:45:45","slug":"leituras-do-domingo-17042011","status":"publish","type":"post","link":"https:\/\/www.oarcanjo.net\/site\/leituras-do-domingo-17042011\/","title":{"rendered":"Leituras do domingo 17\/04\/2011"},"content":{"rendered":"<div>\n<h4>Domingo de Ramos<\/h4>\n<p><strong>Primeira leitura (Isa\u00edas 50,4-7)<\/strong><\/p>\n<p><sup>4<\/sup>O Senhor Deus deu-me l\u00edngua adestrada, para que eu saiba dizer palavras de conforto \u00e0 pessoa abatida; ele me desperta cada manh\u00e3 e me excita o ouvido, para prestar aten\u00e7\u00e3o como um disc\u00edpulo. O Senhor abriu-me os ouvidos; n\u00e3o lhe resisti nem voltei atr\u00e1s.<br \/>\n<sup>6<\/sup>Ofereci as costas para me baterem e as faces para me arrancarem a barba; n\u00e3o desviei o rosto de bofet\u00f5es e cusparadas.\u00a0<sup>7<\/sup>Mas o Senhor Deus \u00e9 meu Auxiliador, por isso n\u00e3o me deixei abater o \u00e2nimo, conservei o rosto impass\u00edvel como pedra, porque sei que n\u00e3o sairei humilhado.<\/p>\n<p><strong>Salmo (Salmos 21)<\/strong><\/p>\n<p>\u2014 Meu Deus, meu Deus, por que me abandonastes?<br \/>\n<strong>\u2014 Meu Deus, meu Deus, por que me abandonastes?<\/strong><\/p>\n<p>\u2014 Riem de mim todos aqueles que me v\u00eaem,\/ torcem os l\u00e1bios e sacodem a cabe\u00e7a:\/ Ao Senhor se confiou, ele o liberte\/ e agora o salve, se \u00e9 verdade que ele o ama!<br \/>\n\u2014 C\u00e3es numerosos me rodeiam furiosos\/ e por um bando de malvados fui cercado.\/ Transpassaram minhas m\u00e3os e os meus p\u00e9s\/ e eu posso contar todos os meus ossos.<br \/>\n\u2014 Eles repartem entre si as minhas vestes\/ e sorteiam entre eles minha t\u00fanica.\/ V\u00f3s, por\u00e9m, \u00f3 meu Senhor, n\u00e3o fiqueis longe,\/ \u00f3 minha for\u00e7a, vinde logo em meu socorro!<br \/>\n\u2014 Anunciarei o vosso nome a meus irm\u00e3os\/ e no meio da assembleia hei de louvar-vos!\/ V\u00f3s que temeis ao Senhor Deus, dai-lhe louvores,\/ glorificai-o, descendentes de Jac\u00f3!<\/p>\n<p><strong>Segunda leitura (Filipenses 2,6-11)<\/strong><\/p>\n<p>Leitura da Carta de S\u00e3o Paulo aos Filipenses:<\/p>\n<p><sup>6<\/sup>Jesus Cristo, existindo em condi\u00e7\u00e3o divina, n\u00e3o fez do ser igual a Deus uma usurpa\u00e7\u00e3o,<sup>7<\/sup>mas ele esvaziou-se a si mesmo, assumindo a condi\u00e7\u00e3o de escravo e tornando-se igual aos homens. Encontrado com aspecto humano,\u00a0<sup>8<\/sup>humilhou-se a si mesmo, fazendo-se obediente at\u00e9 a morte, e morte de cruz.<br \/>\n<sup>9<\/sup>Por isso, Deus o exaltou acima de tudo e lhe deu o Nome que est\u00e1 acima de todo nome.<sup>10<\/sup>Assim, ao nome de Jesus, todo joelho se dobre no c\u00e9u, na terra e abaixo da terra,\u00a0<sup>11<\/sup>e toda l\u00edngua proclame: \u201cJesus Cristo \u00e9 o Senhor\u201d, para a gl\u00f3ria de Deus Pai.<\/p>\n<p><strong>Evangelho (Mateus 21,1-11)<\/strong><\/p>\n<p><em><strong>(Antes da Prociss\u00e3o dos Ramos):<\/strong><\/em><\/p>\n<p>\u2014 O Senhor esteja convosco.<br \/>\n<strong>\u2014 Ele est\u00e1 no meio de n\u00f3s.<\/strong><br \/>\n\u2014 PROCLAMA\u00c7\u00c3O do Evangelho de Jesus Cristo, + segundo Mateus.<br \/>\n<strong>\u2014 Gl\u00f3ria a v\u00f3s, Senhor!<\/strong><\/p>\n<p>Naquele tempo,\u00a0<sup>1<\/sup>Jesus e seus disc\u00edpulos aproximaram-se de Jerusal\u00e9m e chegaram a Betfag\u00e9, no monte das Oliveiras. Ent\u00e3o Jesus enviou dois disc\u00edpulos,\u00a0<sup>2<\/sup>dizendo-lhes: \u201cIde at\u00e9 o povoado que est\u00e1 ali na frente, e logo encontrareis uma jumenta amarrada, e com ela um jumentinho. Desamarrai-a e trazei-os a mim!\u00a0<sup>3<\/sup>Se algu\u00e9m vos disser alguma coisa, direis: \u2018O Senhor precisa deles\u2019, mas logo os devolver\u00e1\u2019\u201d.<br \/>\n<sup>4<\/sup>Isso aconteceu para se cumprir o que foi dito pelo profeta:\u00a0<sup>5<\/sup>Dizei \u00e0 filha de Si\u00e3o: Eis que o teu rei vem a ti, manso e montado num jumento, num jumentinho, num potro de jumenta\u201d.<br \/>\n<sup>6<\/sup>Ent\u00e3o os disc\u00edpulos foram e fizeram como Jesus lhes havia mandado.\u00a0<sup>7<\/sup>Trouxeram a jumenta e o jumentinho e puseram sobre eles suas vestes, e Jesus montou.\u00a0<sup>8<\/sup>A numerosa multid\u00e3o estendeu suas vestes pelo caminho, enquanto outros cortavam ramos das \u00e1rvores, e os espalhavam pelo caminho.\u00a0<sup>9<\/sup>As multid\u00f5es que iam na frente de Jesus e os que o seguiam, gritavam: \u201cHosana ao Filho de Davi! Bendito o que vem em nome do Senhor! Hosana no mais alto dos c\u00e9us!\u201d<br \/>\n<sup>10<\/sup>Quando Jesus entrou em Jerusal\u00e9m a cidade inteira se agitou, e diziam: \u201cQuem \u00e9 este homem?\u201d\u00a0<sup>11<\/sup>E as multid\u00f5es respondiam: \u201cEste \u00e9 o profeta Jesus, de Nazar\u00e9 da Galileia\u201d.<\/p>\n<p>\u2014 Palavra da Salva\u00e7\u00e3o.<br \/>\n<strong>\u2014 Gl\u00f3ria a v\u00f3s, Senhor!<\/strong><\/p>\n<p><strong>Evangelho<\/strong><\/p>\n<p><em><strong>(ap\u00f3s a Prociss\u00e3o dos Ramos, durante a Liturgia da Palavra)<\/strong> <\/em><br \/>\n(Mt 27,11-54) &#8211; Forma breve<\/p>\n<p><strong>Narrador 1:<\/strong> Paix\u00e3o de nosso Senhor Jesus Cristo, segundo Mateus: Naquele tempo,<sup>11<\/sup>Jesus foi posto diante de P\u00f4ncio Pilatos, e este o interrogou:<br \/>\n<strong>Ass.: \u201cTu \u00e9s o rei dos judeus?\u201d<\/strong><br \/>\n<strong>Narrador 1:<\/strong> Jesus declarou:<br \/>\n<strong>Pres.:<\/strong> <em>\u201c\u00c9 como dizes\u201d.<\/em><br \/>\n<strong>Narrador 1:<\/strong> <sup>12<\/sup>E nada respondeu, quando foi acusado pelos sumos sacerdotes e anci\u00e3os.<sup>13<\/sup>Ent\u00e3o Pilatos perguntou:<br \/>\n<strong>Leitor 1:<\/strong> \u201cN\u00e3o est\u00e1s ouvindo de quanta coisa eles te acusam?\u201d<br \/>\n<strong>Narrador 1:<\/strong> <sup>14<\/sup>Mas Jesus n\u00e3o respondeu uma s\u00f3 palavra, e o governador ficou muito impressionado.\u00a0<sup>15<\/sup>Na festa da P\u00e1scoa, o governador costumava soltar o prisioneiro que a multid\u00e3o quisesse.\u00a0<sup>16<\/sup>Naquela ocasi\u00e3o, tinham um prisioneiro famoso, chamado Barrab\u00e1s.\u00a0<sup>17<\/sup>Ent\u00e3o Pilatos perguntou \u00e0 multid\u00e3o reunida:<br \/>\n<strong>Ass.: \u201cQuem v\u00f3s quereis que eu solte: Barrab\u00e1s, ou Jesus, a quem chamam de Cristo?\u201d<\/strong><br \/>\n<strong>Narrador 2:<\/strong> <sup>18<\/sup>Pilatos bem sabia que eles haviam entregado Jesus por inveja.\u00a0<sup>19<\/sup>Enquanto Pilatos estava sentado no tribunal, sua mulher mandou dizer a ele:<br \/>\n<strong>Mulher:<\/strong> \u201cN\u00e3o te envolvas com esse justo, porque esta noite, em sonho, sofri muito por causa dele\u201d.<br \/>\n<strong>Narrador 2:<\/strong> <sup>20<\/sup>Por\u00e9m, os sumos sacerdotes e os anci\u00e3os convenceram as multid\u00f5es para que pedissem Barrab\u00e1s e que fizessem Jesus morrer.\u00a0<sup>21<\/sup>O governador tornou a perguntar:<br \/>\n<strong>Ass.: \u201cQual dos dois quereis que eu solte?\u201d<\/strong><br \/>\n<strong>Narrador 2:<\/strong> Eles gritaram:<br \/>\n<strong>Ass.: \u201cBarrab\u00e1s\u201d.<\/strong><br \/>\n<strong>Narrador 2:<\/strong> <sup>22<\/sup>Pilatos perguntou:<br \/>\n<strong>Leitor 2:<\/strong> \u201cQue farei com Jesus, que chamam de Cristo?<br \/>\n<strong>Narrador 2:<\/strong> Todos gritaram:<br \/>\n<strong>Ass.: \u201cSeja crucificado!\u201d<\/strong><br \/>\n<strong>Narrador 2:<\/strong> <sup>23<\/sup>Pilatos falou:<br \/>\n<strong>Leitor 1:<\/strong> \u201cMas, que mal ele fez?\u201d<br \/>\n<strong>Narrador 2:<\/strong> Eles, por\u00e9m, gritaram com mais for\u00e7a:<br \/>\n<strong>Ass.: \u201cSeja crucificado!\u201d<\/strong><br \/>\n<strong>Narrador 1:<\/strong> <sup>24<\/sup>Pilatos viu que nada conseguia e que poderia haver uma revolta. Ent\u00e3o mandou trazer \u00e1gua, lavou as m\u00e3os diante da multid\u00e3o, e disse:<br \/>\n<strong>Leitor 2:<\/strong> \u201cEu n\u00e3o sou respons\u00e1vel pelo sangue deste homem. Este \u00e9 um problema vosso!\u201d<br \/>\n<strong>Narrador 1:<\/strong> <sup>25<\/sup>O povo todo respondeu:<br \/>\n<strong>Ass.: \u201cQue o sangue dele caia sobre n\u00f3s e sobre os nossos filhos\u201d.<\/strong><br \/>\n<strong>Narrador 1:<\/strong> <sup>26<\/sup>Ent\u00e3o Pilatos soltou Barrab\u00e1s, mandou flagelar Jesus, e entregou-o para ser crucificado.\u00a0<sup>27<\/sup>Em seguida, os soldados de Pilatos levaram Jesus ao pal\u00e1cio do governador, e reuniram toda a tropa em volta dele.<br \/>\n<strong>Ass.:\u00a0<sup>28<\/sup>Tiraram sua roupa e o vestiram com um manto vermelho;<\/strong><br \/>\n<strong>Narrador 1:<\/strong> <sup>29<\/sup>depois teceram uma coroa de espinhos, puseram a coroa em sua cabe\u00e7a, e uma vara em sua m\u00e3o direita. Ent\u00e3o se ajoelharam diante de Jesus e zombaram, dizendo:<br \/>\n<strong>Ass.: \u201cSalve, rei dos judeus!\u201d <\/strong><br \/>\n<strong>Narrador 2:<\/strong> <sup>30<\/sup>Cuspiram nele e, pegando uma vara, bateram na sua cabe\u00e7a.\u00a0<sup>31<\/sup>Depois de zombar dele, tiraram-lhe o manto vermelho e, de novo, o vestiram com suas pr\u00f3prias roupas. Da\u00ed o levaram para crucificar.\u00a0<sup>32<\/sup>Quando sa\u00edam, encontraram um homem chamado Sim\u00e3o, da cidade de Cirene, e o obrigaram a carregar a cruz de Jesus.\u00a0<sup>33<\/sup>E chegaram a um lugar chamado G\u00f3lgota, que quer dizer \u201clugar da caveira\u201d.<br \/>\n<strong>Narrador 1:<\/strong> <sup>34<\/sup>Ali deram vinho misturado com fel para Jesus beber. Ele provou, mas n\u00e3o quis beber.\u00a0<sup>35<\/sup>Depois de o crucificarem, fizeram um sorteio, repartindo entre si as suas vestes.\u00a0<sup>36<\/sup>E ficaram ali sentados, montando guarda.\u00a0<sup>37<\/sup>Acima da cabe\u00e7a de Jesus puseram o motivo da sua condena\u00e7\u00e3o:<br \/>\n<strong>Ass.: \u201cEste \u00e9 Jesus, o Rei dos Judeus\u201d. <\/strong><br \/>\n<strong>Narrador 1:<\/strong> <sup>38<\/sup>Com ele tamb\u00e9m crucificaram dois ladr\u00f5es, um \u00e0 direita e outro \u00e0 esquerda de Jesus.\u00a0<sup>39<\/sup>As pessoas que passavam por ali o insultavam, balan\u00e7ando a cabe\u00e7a e dizendo:<br \/>\n<strong>Ass.:\u00a0<sup>40<\/sup>\u201dTu, que ias destruir o Templo e constru\u00ed-lo de novo em tr\u00eas dias, salva-te a ti mesmo! Se \u00e9s o Filho de Deus, desce da cruz!\u201d<\/strong><br \/>\n<strong>Narrador 2:<\/strong> <sup>41<\/sup>Do mesmo modo, os sumos sacerdotes, junto com os mestres da Lei e os anci\u00e3os, tamb\u00e9m zombavam de Jesus:<br \/>\n<strong>Ass.:<sup>42<\/sup>\u201dA outros salvou&#8230; a si mesmo n\u00e3o pode salvar! \u00c9 Rei de Israel&#8230; Des\u00e7a agora da cruz! e acreditaremos nele.\u00a0<sup>43<\/sup>Confiou em Deus; que o livre agora, se \u00e9 que Deus o ama! J\u00e1 que ele disse: Eu sou o Filho de Deus\u201d.<\/strong><br \/>\n<strong>Narrador 1:<\/strong> <sup>44<\/sup>Do mesmo modo, tamb\u00e9m os dois ladr\u00f5es que foram crucificados com Jesus o insultavam.\u00a0<sup>45<\/sup>Desde o meio-dia at\u00e9 as tr\u00eas horas da tarde, houve escurid\u00e3o sobre toda a terra.\u00a0<sup>46<\/sup>Pelas tr\u00eas horas da tarde, Jesus deu um forte grito:<br \/>\n<strong>Pres.:<\/strong> <em>\u201cEli, Eli, lam\u00e1 sabact\u00e2ni?\u201d<\/em><br \/>\n<strong>Narrador 1:<\/strong> Que quer dizer: \u201cMeu Deus, meu Deus, por que me abandonaste?\u201d\u00a0<sup>47<\/sup>Alguns dos que ali estavam, ouvindo-o, disseram:<br \/>\n<strong>Ass.: \u201cEle est\u00e1 chamando Elias!\u201d<\/strong><br \/>\n<strong>Narrador 1:<\/strong> <sup>48<\/sup>E logo um deles, correndo, pegou uma esponja, ensopou-a em vinagre, colocou-a na ponta de uma vara, e lhe deu para beber.\u00a0<sup>49<\/sup>Outros, por\u00e9m, disseram:<br \/>\n<strong>Ass.: \u201cDeixa, vamos ver se Elias vem salv\u00e1-lo!\u201d<\/strong><br \/>\n<strong>Narrador 1:<\/strong> <sup>50<\/sup>Ent\u00e3o Jesus deu outra vez um forte grito e entregou o esp\u00edrito.<\/p>\n<p><em>(Todos se ajoelham.)<\/em><\/p>\n<p><strong>Narrador 2:<\/strong> <sup>51<\/sup>E eis que a cortina do santu\u00e1rio rasgou-se de alto a baixo, em duas partes, a terra tremeu e as pedras se partiram.\u00a0<sup>52<\/sup>Os t\u00famulos se abriram e muitos corpos dos santos falecidos ressuscitaram!\u00a0<sup>53<\/sup>Saindo dos t\u00famulos, depois da ressurrei\u00e7\u00e3o de Jesus, apareceram na Cidade Santa e foram vistos por muitas pessoas.\u00a0<sup>54<\/sup>O oficial e os soldados que estavam com ele guardando Jesus, ao notarem o terremoto e tudo que havia acontecido, ficaram com muito medo e disseram:<br \/>\n<strong>Ass.: \u201cEle era mesmo Filho de Deus!\u201d<\/strong><\/p>\n<p>&#8211; Palavra da Salva\u00e7\u00e3o.<br \/>\n<strong>&#8211; Gl\u00f3ria a v\u00f3s, Senhor.<\/strong><\/p>\n<\/div>\n<div id=\"themify_builder_content-13704\" data-postid=\"13704\" class=\"themify_builder_content themify_builder_content-13704 themify_builder themify_builder_front\">\n\t<\/div>\n<!-- \/themify_builder_content -->","protected":false},"excerpt":{"rendered":"<p>Domingo de Ramos Primeira leitura (Isa\u00edas 50,4-7) 4O Senhor Deus deu-me l\u00edngua adestrada, para que eu saiba dizer palavras de conforto \u00e0 pessoa abatida; ele me desperta cada manh\u00e3 e me excita o ouvido, para prestar aten\u00e7\u00e3o como um disc\u00edpulo. O Senhor abriu-me os ouvidos; n\u00e3o lhe resisti nem voltei atr\u00e1s. 6Ofereci as costas para [&hellip;]<\/p>\n","protected":false},"author":5,"featured_media":0,"comment_status":"open","ping_status":"open","sticky":false,"template":"","format":"standard","meta":{"ngg_post_thumbnail":0,"footnotes":""},"categories":[109],"tags":[3204],"yoast_head":"<!-- This site is optimized with the Yoast SEO plugin v23.5 - https:\/\/yoast.com\/wordpress\/plugins\/seo\/ -->\n<title>Leituras do domingo 17\/04\/2011 - O Arcanjo no ar<\/title>\n<meta name=\"robots\" content=\"index, follow, max-snippet:-1, max-image-preview:large, max-video-preview:-1\" \/>\n<link rel=\"canonical\" href=\"https:\/\/www.oarcanjo.net\/site\/leituras-do-domingo-17042011\/\" \/>\n<meta property=\"og:locale\" content=\"pt_BR\" \/>\n<meta property=\"og:type\" content=\"article\" \/>\n<meta property=\"og:title\" content=\"Leituras do domingo 17\/04\/2011 - O Arcanjo no ar\" \/>\n<meta property=\"og:description\" content=\"Domingo de Ramos Primeira leitura (Isa\u00edas 50,4-7) 4O Senhor Deus deu-me l\u00edngua adestrada, para que eu saiba dizer palavras de conforto \u00e0 pessoa abatida; ele me desperta cada manh\u00e3 e me excita o ouvido, para prestar aten\u00e7\u00e3o como um disc\u00edpulo. O Senhor abriu-me os ouvidos; n\u00e3o lhe resisti nem voltei atr\u00e1s. 6Ofereci as costas para [&hellip;]\" \/>\n<meta property=\"og:url\" content=\"https:\/\/www.oarcanjo.net\/site\/leituras-do-domingo-17042011\/\" \/>\n<meta property=\"og:site_name\" content=\"O Arcanjo no ar\" \/>\n<meta property=\"article:publisher\" content=\"https:\/\/www.facebook.com\/OArcanjoNoAr\/\" \/>\n<meta property=\"article:published_time\" content=\"2011-04-01T11:45:45+00:00\" \/>\n<meta property=\"og:image\" content=\"https:\/\/www.oarcanjo.net\/site\/wp-content\/uploads\/logo-o-arcanjo-no-ar-facebook.png\" \/>\n\t<meta property=\"og:image:width\" content=\"300\" \/>\n\t<meta property=\"og:image:height\" content=\"300\" \/>\n\t<meta property=\"og:image:type\" content=\"image\/png\" \/>\n<meta name=\"author\" content=\"editor\" \/>\n<meta name=\"twitter:card\" content=\"summary_large_image\" \/>\n<meta name=\"twitter:label1\" content=\"Escrito por\" \/>\n\t<meta name=\"twitter:data1\" content=\"editor\" \/>\n\t<meta name=\"twitter:label2\" content=\"Est. tempo de leitura\" \/>\n\t<meta name=\"twitter:data2\" content=\"8 minutos\" \/>\n<script type=\"application\/ld+json\" class=\"yoast-schema-graph\">{\"@context\":\"https:\/\/schema.org\",\"@graph\":[{\"@type\":\"Article\",\"@id\":\"https:\/\/www.oarcanjo.net\/site\/leituras-do-domingo-17042011\/#article\",\"isPartOf\":{\"@id\":\"https:\/\/www.oarcanjo.net\/site\/leituras-do-domingo-17042011\/\"},\"author\":{\"name\":\"editor\",\"@id\":\"https:\/\/www.oarcanjo.net\/site\/#\/schema\/person\/f7024d007863202483a31326673a0838\"},\"headline\":\"Leituras do domingo 17\/04\/2011\",\"datePublished\":\"2011-04-01T11:45:45+00:00\",\"dateModified\":\"2011-04-01T11:45:45+00:00\",\"mainEntityOfPage\":{\"@id\":\"https:\/\/www.oarcanjo.net\/site\/leituras-do-domingo-17042011\/\"},\"wordCount\":1536,\"commentCount\":0,\"publisher\":{\"@id\":\"https:\/\/www.oarcanjo.net\/site\/#organization\"},\"keywords\":[\"Liturgia\"],\"articleSection\":[\"Liturgia\"],\"inLanguage\":\"pt-BR\",\"potentialAction\":[{\"@type\":\"CommentAction\",\"name\":\"Comment\",\"target\":[\"https:\/\/www.oarcanjo.net\/site\/leituras-do-domingo-17042011\/#respond\"]}]},{\"@type\":\"WebPage\",\"@id\":\"https:\/\/www.oarcanjo.net\/site\/leituras-do-domingo-17042011\/\",\"url\":\"https:\/\/www.oarcanjo.net\/site\/leituras-do-domingo-17042011\/\",\"name\":\"Leituras do domingo 17\/04\/2011 - O Arcanjo no ar\",\"isPartOf\":{\"@id\":\"https:\/\/www.oarcanjo.net\/site\/#website\"},\"datePublished\":\"2011-04-01T11:45:45+00:00\",\"dateModified\":\"2011-04-01T11:45:45+00:00\",\"breadcrumb\":{\"@id\":\"https:\/\/www.oarcanjo.net\/site\/leituras-do-domingo-17042011\/#breadcrumb\"},\"inLanguage\":\"pt-BR\",\"potentialAction\":[{\"@type\":\"ReadAction\",\"target\":[\"https:\/\/www.oarcanjo.net\/site\/leituras-do-domingo-17042011\/\"]}]},{\"@type\":\"BreadcrumbList\",\"@id\":\"https:\/\/www.oarcanjo.net\/site\/leituras-do-domingo-17042011\/#breadcrumb\",\"itemListElement\":[{\"@type\":\"ListItem\",\"position\":1,\"name\":\"In\u00edcio\",\"item\":\"https:\/\/www.oarcanjo.net\/site\/\"},{\"@type\":\"ListItem\",\"position\":2,\"name\":\"Leituras do domingo 17\/04\/2011\"}]},{\"@type\":\"WebSite\",\"@id\":\"https:\/\/www.oarcanjo.net\/site\/#website\",\"url\":\"https:\/\/www.oarcanjo.net\/site\/\",\"name\":\"O Arcanjo no ar\",\"description\":\"Site da Par\u00f3quia S\u00e3o Miguel Arcanjo (Arquidiocese de SP)\",\"publisher\":{\"@id\":\"https:\/\/www.oarcanjo.net\/site\/#organization\"},\"potentialAction\":[{\"@type\":\"SearchAction\",\"target\":{\"@type\":\"EntryPoint\",\"urlTemplate\":\"https:\/\/www.oarcanjo.net\/site\/?s={search_term_string}\"},\"query-input\":{\"@type\":\"PropertyValueSpecification\",\"valueRequired\":true,\"valueName\":\"search_term_string\"}}],\"inLanguage\":\"pt-BR\"},{\"@type\":\"Organization\",\"@id\":\"https:\/\/www.oarcanjo.net\/site\/#organization\",\"name\":\"Par\u00f3quia S\u00e3o Miguel Arcanjo\",\"url\":\"https:\/\/www.oarcanjo.net\/site\/\",\"logo\":{\"@type\":\"ImageObject\",\"inLanguage\":\"pt-BR\",\"@id\":\"https:\/\/www.oarcanjo.net\/site\/#\/schema\/logo\/image\/\",\"url\":\"https:\/\/www.oarcanjo.net\/site\/wp-content\/uploads\/LogoOArcanjo.png\",\"contentUrl\":\"https:\/\/www.oarcanjo.net\/site\/wp-content\/uploads\/LogoOArcanjo.png\",\"width\":319,\"height\":99,\"caption\":\"Par\u00f3quia S\u00e3o Miguel Arcanjo\"},\"image\":{\"@id\":\"https:\/\/www.oarcanjo.net\/site\/#\/schema\/logo\/image\/\"},\"sameAs\":[\"https:\/\/www.facebook.com\/OArcanjoNoAr\/\"]},{\"@type\":\"Person\",\"@id\":\"https:\/\/www.oarcanjo.net\/site\/#\/schema\/person\/f7024d007863202483a31326673a0838\",\"name\":\"editor\",\"sameAs\":[\"http:\/\/www.oarcanjo.net\"]}]}<\/script>\n<!-- \/ Yoast SEO plugin. -->","yoast_head_json":{"title":"Leituras do domingo 17\/04\/2011 - O Arcanjo no ar","robots":{"index":"index","follow":"follow","max-snippet":"max-snippet:-1","max-image-preview":"max-image-preview:large","max-video-preview":"max-video-preview:-1"},"canonical":"https:\/\/www.oarcanjo.net\/site\/leituras-do-domingo-17042011\/","og_locale":"pt_BR","og_type":"article","og_title":"Leituras do domingo 17\/04\/2011 - O Arcanjo no ar","og_description":"Domingo de Ramos Primeira leitura (Isa\u00edas 50,4-7) 4O Senhor Deus deu-me l\u00edngua adestrada, para que eu saiba dizer palavras de conforto \u00e0 pessoa abatida; ele me desperta cada manh\u00e3 e me excita o ouvido, para prestar aten\u00e7\u00e3o como um disc\u00edpulo. O Senhor abriu-me os ouvidos; n\u00e3o lhe resisti nem voltei atr\u00e1s. 6Ofereci as costas para [&hellip;]","og_url":"https:\/\/www.oarcanjo.net\/site\/leituras-do-domingo-17042011\/","og_site_name":"O Arcanjo no ar","article_publisher":"https:\/\/www.facebook.com\/OArcanjoNoAr\/","article_published_time":"2011-04-01T11:45:45+00:00","og_image":[{"width":300,"height":300,"url":"https:\/\/www.oarcanjo.net\/site\/wp-content\/uploads\/logo-o-arcanjo-no-ar-facebook.png","type":"image\/png"}],"author":"editor","twitter_card":"summary_large_image","twitter_misc":{"Escrito por":"editor","Est. tempo de leitura":"8 minutos"},"schema":{"@context":"https:\/\/schema.org","@graph":[{"@type":"Article","@id":"https:\/\/www.oarcanjo.net\/site\/leituras-do-domingo-17042011\/#article","isPartOf":{"@id":"https:\/\/www.oarcanjo.net\/site\/leituras-do-domingo-17042011\/"},"author":{"name":"editor","@id":"https:\/\/www.oarcanjo.net\/site\/#\/schema\/person\/f7024d007863202483a31326673a0838"},"headline":"Leituras do domingo 17\/04\/2011","datePublished":"2011-04-01T11:45:45+00:00","dateModified":"2011-04-01T11:45:45+00:00","mainEntityOfPage":{"@id":"https:\/\/www.oarcanjo.net\/site\/leituras-do-domingo-17042011\/"},"wordCount":1536,"commentCount":0,"publisher":{"@id":"https:\/\/www.oarcanjo.net\/site\/#organization"},"keywords":["Liturgia"],"articleSection":["Liturgia"],"inLanguage":"pt-BR","potentialAction":[{"@type":"CommentAction","name":"Comment","target":["https:\/\/www.oarcanjo.net\/site\/leituras-do-domingo-17042011\/#respond"]}]},{"@type":"WebPage","@id":"https:\/\/www.oarcanjo.net\/site\/leituras-do-domingo-17042011\/","url":"https:\/\/www.oarcanjo.net\/site\/leituras-do-domingo-17042011\/","name":"Leituras do domingo 17\/04\/2011 - O Arcanjo no ar","isPartOf":{"@id":"https:\/\/www.oarcanjo.net\/site\/#website"},"datePublished":"2011-04-01T11:45:45+00:00","dateModified":"2011-04-01T11:45:45+00:00","breadcrumb":{"@id":"https:\/\/www.oarcanjo.net\/site\/leituras-do-domingo-17042011\/#breadcrumb"},"inLanguage":"pt-BR","potentialAction":[{"@type":"ReadAction","target":["https:\/\/www.oarcanjo.net\/site\/leituras-do-domingo-17042011\/"]}]},{"@type":"BreadcrumbList","@id":"https:\/\/www.oarcanjo.net\/site\/leituras-do-domingo-17042011\/#breadcrumb","itemListElement":[{"@type":"ListItem","position":1,"name":"In\u00edcio","item":"https:\/\/www.oarcanjo.net\/site\/"},{"@type":"ListItem","position":2,"name":"Leituras do domingo 17\/04\/2011"}]},{"@type":"WebSite","@id":"https:\/\/www.oarcanjo.net\/site\/#website","url":"https:\/\/www.oarcanjo.net\/site\/","name":"O Arcanjo no ar","description":"Site da Par\u00f3quia S\u00e3o Miguel Arcanjo (Arquidiocese de SP)","publisher":{"@id":"https:\/\/www.oarcanjo.net\/site\/#organization"},"potentialAction":[{"@type":"SearchAction","target":{"@type":"EntryPoint","urlTemplate":"https:\/\/www.oarcanjo.net\/site\/?s={search_term_string}"},"query-input":{"@type":"PropertyValueSpecification","valueRequired":true,"valueName":"search_term_string"}}],"inLanguage":"pt-BR"},{"@type":"Organization","@id":"https:\/\/www.oarcanjo.net\/site\/#organization","name":"Par\u00f3quia S\u00e3o Miguel Arcanjo","url":"https:\/\/www.oarcanjo.net\/site\/","logo":{"@type":"ImageObject","inLanguage":"pt-BR","@id":"https:\/\/www.oarcanjo.net\/site\/#\/schema\/logo\/image\/","url":"https:\/\/www.oarcanjo.net\/site\/wp-content\/uploads\/LogoOArcanjo.png","contentUrl":"https:\/\/www.oarcanjo.net\/site\/wp-content\/uploads\/LogoOArcanjo.png","width":319,"height":99,"caption":"Par\u00f3quia S\u00e3o Miguel Arcanjo"},"image":{"@id":"https:\/\/www.oarcanjo.net\/site\/#\/schema\/logo\/image\/"},"sameAs":["https:\/\/www.facebook.com\/OArcanjoNoAr\/"]},{"@type":"Person","@id":"https:\/\/www.oarcanjo.net\/site\/#\/schema\/person\/f7024d007863202483a31326673a0838","name":"editor","sameAs":["http:\/\/www.oarcanjo.net"]}]}},"publishpress_future_action":{"enabled":false,"date":"2026-05-09 00:28:56","action":"category","newStatus":"draft","terms":[],"taxonomy":"category"},"publishpress_future_workflow_manual_trigger":{"enabledWorkflows":[]},"_links":{"self":[{"href":"https:\/\/www.oarcanjo.net\/site\/wp-json\/wp\/v2\/posts\/13704"}],"collection":[{"href":"https:\/\/www.oarcanjo.net\/site\/wp-json\/wp\/v2\/posts"}],"about":[{"href":"https:\/\/www.oarcanjo.net\/site\/wp-json\/wp\/v2\/types\/post"}],"author":[{"embeddable":true,"href":"https:\/\/www.oarcanjo.net\/site\/wp-json\/wp\/v2\/users\/5"}],"replies":[{"embeddable":true,"href":"https:\/\/www.oarcanjo.net\/site\/wp-json\/wp\/v2\/comments?post=13704"}],"version-history":[{"count":0,"href":"https:\/\/www.oarcanjo.net\/site\/wp-json\/wp\/v2\/posts\/13704\/revisions"}],"wp:attachment":[{"href":"https:\/\/www.oarcanjo.net\/site\/wp-json\/wp\/v2\/media?parent=13704"}],"wp:term":[{"taxonomy":"category","embeddable":true,"href":"https:\/\/www.oarcanjo.net\/site\/wp-json\/wp\/v2\/categories?post=13704"},{"taxonomy":"post_tag","embeddable":true,"href":"https:\/\/www.oarcanjo.net\/site\/wp-json\/wp\/v2\/tags?post=13704"}],"curies":[{"name":"wp","href":"https:\/\/api.w.org\/{rel}","templated":true}]}}