
{"id":13707,"date":"2011-04-01T08:55:14","date_gmt":"2011-04-01T11:55:14","guid":{"rendered":"http:\/\/www.oarcanjo.net\/site\/?p=13707"},"modified":"2011-04-01T08:56:00","modified_gmt":"2011-04-01T11:56:00","slug":"leituras-do-domingo-24042011","status":"publish","type":"post","link":"https:\/\/www.oarcanjo.net\/site\/leituras-do-domingo-24042011\/","title":{"rendered":"Leituras do domingo 24\/04\/2011"},"content":{"rendered":"<div>\n<h4>P\u00e1scoa do Senhor<\/h4>\n<p><strong>Primeira leitura (Atos dos Ap\u00f3stolos 10,34a.37-43)<\/strong><\/p>\n<p>Livro dos Atos dos Ap\u00f3stolos:<\/p>\n<p>Naqueles dias,\u00a0<sup>34a<\/sup>Pedro tomou a palavra e disse:\u00a0<sup>37<\/sup>\u201cV\u00f3s sabeis o que aconteceu em toda a Judeia, a come\u00e7ar pela Galileia, depois do batismo pregado por Jo\u00e3o:\u00a0<sup>38<\/sup>como Jesus de Nazar\u00e9 foi ungido por Deus com o Esp\u00edrito Santo e com poder. Ele andou por toda a parte, fazendo o bem e curando a todos os que estavam dominados pelo dem\u00f4nio; porque Deus estava com ele.<br \/>\n<sup>39<\/sup>E n\u00f3s somos testemunhas de tudo o que Jesus fez na terra dos judeus e em Jerusal\u00e9m. Eles o mataram, pregando-o numa cruz.<br \/>\n<sup>40<\/sup>Mas Deus o ressuscitou no terceiro dia, concedendo-lhe manifestar-se\u00a0<sup>41<\/sup>n\u00e3o a todo o povo, mas \u00e0s testemunhas que Deus havia escolhido: a n\u00f3s, que comemos e bebemos com Jesus, depois que ressuscitou dos mortos.<br \/>\n<sup>42<\/sup>E Jesus nos mandou pregar ao povo e testemunhar que Deus o constituiu Juiz dos vivos e dos mortos.\u00a0<sup>43<\/sup>Todos os profetas d\u00e3o testemunho dele: \u201cTodo aquele que cr\u00ea em Jesus recebe, em seu nome, o perd\u00e3o dos pecados\u201d.<\/p>\n<p><strong>Salmo (Salmos 117)<\/strong><\/p>\n<p>\u2014 Este \u00e9 o dia que o Senhor fez para n\u00f3s: alegremo-nos e nele exultemos!<br \/>\n<strong>\u2014 Este \u00e9 o dia que o Senhor fez para n\u00f3s: alegremo-nos e nele exultemos!<\/strong><\/p>\n<p>\u2014 Dai gra\u00e7as ao Senhor, porque ele \u00e9 bom!\/ \u2018Eterna \u00e9 a sua miseric\u00f3rdia!\u201d\/ A casa de Israel agora o diga:\/ \u201cEterna \u00e9 a sua miseric\u00f3rdia!\u201d<br \/>\n\u2014 A m\u00e3o direita do Senhor fez maravilhas,\/ a m\u00e3o direita do Senhor me levantou.\/ N\u00e3o morrerei, mas, ao contr\u00e1rio, viverei\/ para cantar as grandes obras do Senhor!<br \/>\n\u2014 A pedra que os pedreiros rejeitaram\/ tornou-se agora a pedra angular.\/ Pelo Senhor \u00e9 que foi feito tudo isso;\/ Que maravilhas ele fez a nossos olhos!<\/p>\n<p><strong>Segunda leitura (Colossenses 3,1-4)<\/strong><\/p>\n<p>Carta de S\u00e3o Paulo ap\u00f3stolo aos Colossenses:<\/p>\n<p>Irm\u00e3os:\u00a0<sup>1<\/sup>Se ressuscitastes com Cristo, esfor\u00e7ai-vos por alcan\u00e7ar as coisas do alto,\u00a0<sup>2<\/sup>onde est\u00e1 Cristo, sentado \u00e0 direita de Deus; aspirai \u00e0s coisas celestes e n\u00e3o \u00e0s coisas terrestres.\u00a0<sup>3<\/sup>Pois v\u00f3s morrestes, e a vossa vida est\u00e1 escondida, com Cristo, em Deus.<sup>4<\/sup>Quando Cristo, vossa vida, aparecer em seu triunfo, ent\u00e3o v\u00f3s aparecereis tamb\u00e9m com ele, revestidos de gl\u00f3ria.<\/p>\n<p><strong>Evangelho (Jo\u00e3o 20,1-9)<\/strong><\/p>\n<p><sup>1<\/sup>No primeiro dia da semana, Maria Madalena foi ao t\u00famulo de Jesus, bem de madrugada, quando ainda estava escuro, e viu que a pedra tinha sido retirada do t\u00famulo.<br \/>\n<sup>2<\/sup>Ent\u00e3o ela saiu correndo e foi encontrar Sim\u00e3o Pedro e o outro disc\u00edpulo, aquele que Jesus amava, e lhes disse: \u201cTiraram o Senhor do t\u00famulo, e n\u00e3o sabemos onde o colocaram\u201d.<br \/>\n<sup>3<\/sup>Sa\u00edram, ent\u00e3o, Pedro e o outro disc\u00edpulo e foram ao t\u00famulo.\u00a0<sup>4<\/sup>Os dois corriam juntos, mas o outro disc\u00edpulo correu mais depressa que Pedro e chegou primeiro ao t\u00famulo.\u00a0<sup>5<\/sup>Olhando para dentro, viu as faixas de linho no ch\u00e3o, mas n\u00e3o entrou.<br \/>\n<sup>6<\/sup>Chegou tamb\u00e9m Sim\u00e3o Pedro, que vinha correndo atr\u00e1s, e entrou no t\u00famulo. Viu as faixas de linho deitadas no ch\u00e3o\u00a0<sup>7<\/sup>e o pano que tinha estado sobre a cabe\u00e7a de Jesus, n\u00e3o posto com as faixas, mas enrolado num lugar \u00e0 parte.<br \/>\n<sup>8<\/sup>Ent\u00e3o entrou tamb\u00e9m o outro disc\u00edpulo, que tinha chegado primeiro ao t\u00famulo. Ele viu, e acreditou.<br \/>\n<sup>9<\/sup>De fato, eles ainda n\u00e3o tinham compreendido a Escritura, segundo a qual ele devia ressuscitar dos mortos.<\/p>\n<\/div>\n<div id=\"themify_builder_content-13707\" data-postid=\"13707\" class=\"themify_builder_content themify_builder_content-13707 themify_builder themify_builder_front\">\n\t<\/div>\n<!-- \/themify_builder_content -->","protected":false},"excerpt":{"rendered":"<p>P\u00e1scoa do Senhor Primeira leitura (Atos dos Ap\u00f3stolos 10,34a.37-43) Livro dos Atos dos Ap\u00f3stolos: Naqueles dias,\u00a034aPedro tomou a palavra e disse:\u00a037\u201cV\u00f3s sabeis o que aconteceu em toda a Judeia, a come\u00e7ar pela Galileia, depois do batismo pregado por Jo\u00e3o:\u00a038como Jesus de Nazar\u00e9 foi ungido por Deus com o Esp\u00edrito Santo e com poder. Ele andou [&hellip;]<\/p>\n","protected":false},"author":5,"featured_media":0,"comment_status":"open","ping_status":"open","sticky":false,"template":"","format":"standard","meta":{"ngg_post_thumbnail":0,"footnotes":""},"categories":[109],"tags":[3204],"yoast_head":"<!-- This site is optimized with the Yoast SEO plugin v23.5 - https:\/\/yoast.com\/wordpress\/plugins\/seo\/ -->\n<title>Leituras do domingo 24\/04\/2011 - O Arcanjo no ar<\/title>\n<meta name=\"robots\" content=\"index, follow, max-snippet:-1, max-image-preview:large, max-video-preview:-1\" \/>\n<link rel=\"canonical\" href=\"https:\/\/www.oarcanjo.net\/site\/leituras-do-domingo-24042011\/\" \/>\n<meta property=\"og:locale\" content=\"pt_BR\" \/>\n<meta property=\"og:type\" content=\"article\" \/>\n<meta property=\"og:title\" content=\"Leituras do domingo 24\/04\/2011 - O Arcanjo no ar\" \/>\n<meta property=\"og:description\" content=\"P\u00e1scoa do Senhor Primeira leitura (Atos dos Ap\u00f3stolos 10,34a.37-43) Livro dos Atos dos Ap\u00f3stolos: Naqueles dias,\u00a034aPedro tomou a palavra e disse:\u00a037\u201cV\u00f3s sabeis o que aconteceu em toda a Judeia, a come\u00e7ar pela Galileia, depois do batismo pregado por Jo\u00e3o:\u00a038como Jesus de Nazar\u00e9 foi ungido por Deus com o Esp\u00edrito Santo e com poder. Ele andou [&hellip;]\" \/>\n<meta property=\"og:url\" content=\"https:\/\/www.oarcanjo.net\/site\/leituras-do-domingo-24042011\/\" \/>\n<meta property=\"og:site_name\" content=\"O Arcanjo no ar\" \/>\n<meta property=\"article:publisher\" content=\"https:\/\/www.facebook.com\/OArcanjoNoAr\/\" \/>\n<meta property=\"article:published_time\" content=\"2011-04-01T11:55:14+00:00\" \/>\n<meta property=\"article:modified_time\" content=\"2011-04-01T11:56:00+00:00\" \/>\n<meta property=\"og:image\" content=\"https:\/\/www.oarcanjo.net\/site\/wp-content\/uploads\/logo-o-arcanjo-no-ar-facebook.png\" \/>\n\t<meta property=\"og:image:width\" content=\"300\" \/>\n\t<meta property=\"og:image:height\" content=\"300\" \/>\n\t<meta property=\"og:image:type\" content=\"image\/png\" \/>\n<meta name=\"author\" content=\"editor\" \/>\n<meta name=\"twitter:card\" content=\"summary_large_image\" \/>\n<meta name=\"twitter:label1\" content=\"Escrito por\" \/>\n\t<meta name=\"twitter:data1\" content=\"editor\" \/>\n\t<meta name=\"twitter:label2\" content=\"Est. tempo de leitura\" \/>\n\t<meta name=\"twitter:data2\" content=\"3 minutos\" \/>\n<script type=\"application\/ld+json\" class=\"yoast-schema-graph\">{\"@context\":\"https:\/\/schema.org\",\"@graph\":[{\"@type\":\"Article\",\"@id\":\"https:\/\/www.oarcanjo.net\/site\/leituras-do-domingo-24042011\/#article\",\"isPartOf\":{\"@id\":\"https:\/\/www.oarcanjo.net\/site\/leituras-do-domingo-24042011\/\"},\"author\":{\"name\":\"editor\",\"@id\":\"https:\/\/www.oarcanjo.net\/site\/#\/schema\/person\/f7024d007863202483a31326673a0838\"},\"headline\":\"Leituras do domingo 24\/04\/2011\",\"datePublished\":\"2011-04-01T11:55:14+00:00\",\"dateModified\":\"2011-04-01T11:56:00+00:00\",\"mainEntityOfPage\":{\"@id\":\"https:\/\/www.oarcanjo.net\/site\/leituras-do-domingo-24042011\/\"},\"wordCount\":592,\"commentCount\":0,\"publisher\":{\"@id\":\"https:\/\/www.oarcanjo.net\/site\/#organization\"},\"keywords\":[\"Liturgia\"],\"articleSection\":[\"Liturgia\"],\"inLanguage\":\"pt-BR\",\"potentialAction\":[{\"@type\":\"CommentAction\",\"name\":\"Comment\",\"target\":[\"https:\/\/www.oarcanjo.net\/site\/leituras-do-domingo-24042011\/#respond\"]}]},{\"@type\":\"WebPage\",\"@id\":\"https:\/\/www.oarcanjo.net\/site\/leituras-do-domingo-24042011\/\",\"url\":\"https:\/\/www.oarcanjo.net\/site\/leituras-do-domingo-24042011\/\",\"name\":\"Leituras do domingo 24\/04\/2011 - O Arcanjo no ar\",\"isPartOf\":{\"@id\":\"https:\/\/www.oarcanjo.net\/site\/#website\"},\"datePublished\":\"2011-04-01T11:55:14+00:00\",\"dateModified\":\"2011-04-01T11:56:00+00:00\",\"breadcrumb\":{\"@id\":\"https:\/\/www.oarcanjo.net\/site\/leituras-do-domingo-24042011\/#breadcrumb\"},\"inLanguage\":\"pt-BR\",\"potentialAction\":[{\"@type\":\"ReadAction\",\"target\":[\"https:\/\/www.oarcanjo.net\/site\/leituras-do-domingo-24042011\/\"]}]},{\"@type\":\"BreadcrumbList\",\"@id\":\"https:\/\/www.oarcanjo.net\/site\/leituras-do-domingo-24042011\/#breadcrumb\",\"itemListElement\":[{\"@type\":\"ListItem\",\"position\":1,\"name\":\"In\u00edcio\",\"item\":\"https:\/\/www.oarcanjo.net\/site\/\"},{\"@type\":\"ListItem\",\"position\":2,\"name\":\"Leituras do domingo 24\/04\/2011\"}]},{\"@type\":\"WebSite\",\"@id\":\"https:\/\/www.oarcanjo.net\/site\/#website\",\"url\":\"https:\/\/www.oarcanjo.net\/site\/\",\"name\":\"O Arcanjo no ar\",\"description\":\"Site da Par\u00f3quia S\u00e3o Miguel Arcanjo (Arquidiocese de SP)\",\"publisher\":{\"@id\":\"https:\/\/www.oarcanjo.net\/site\/#organization\"},\"potentialAction\":[{\"@type\":\"SearchAction\",\"target\":{\"@type\":\"EntryPoint\",\"urlTemplate\":\"https:\/\/www.oarcanjo.net\/site\/?s={search_term_string}\"},\"query-input\":{\"@type\":\"PropertyValueSpecification\",\"valueRequired\":true,\"valueName\":\"search_term_string\"}}],\"inLanguage\":\"pt-BR\"},{\"@type\":\"Organization\",\"@id\":\"https:\/\/www.oarcanjo.net\/site\/#organization\",\"name\":\"Par\u00f3quia S\u00e3o Miguel Arcanjo\",\"url\":\"https:\/\/www.oarcanjo.net\/site\/\",\"logo\":{\"@type\":\"ImageObject\",\"inLanguage\":\"pt-BR\",\"@id\":\"https:\/\/www.oarcanjo.net\/site\/#\/schema\/logo\/image\/\",\"url\":\"https:\/\/www.oarcanjo.net\/site\/wp-content\/uploads\/LogoOArcanjo.png\",\"contentUrl\":\"https:\/\/www.oarcanjo.net\/site\/wp-content\/uploads\/LogoOArcanjo.png\",\"width\":319,\"height\":99,\"caption\":\"Par\u00f3quia S\u00e3o Miguel Arcanjo\"},\"image\":{\"@id\":\"https:\/\/www.oarcanjo.net\/site\/#\/schema\/logo\/image\/\"},\"sameAs\":[\"https:\/\/www.facebook.com\/OArcanjoNoAr\/\"]},{\"@type\":\"Person\",\"@id\":\"https:\/\/www.oarcanjo.net\/site\/#\/schema\/person\/f7024d007863202483a31326673a0838\",\"name\":\"editor\",\"sameAs\":[\"http:\/\/www.oarcanjo.net\"]}]}<\/script>\n<!-- \/ Yoast SEO plugin. -->","yoast_head_json":{"title":"Leituras do domingo 24\/04\/2011 - O Arcanjo no ar","robots":{"index":"index","follow":"follow","max-snippet":"max-snippet:-1","max-image-preview":"max-image-preview:large","max-video-preview":"max-video-preview:-1"},"canonical":"https:\/\/www.oarcanjo.net\/site\/leituras-do-domingo-24042011\/","og_locale":"pt_BR","og_type":"article","og_title":"Leituras do domingo 24\/04\/2011 - O Arcanjo no ar","og_description":"P\u00e1scoa do Senhor Primeira leitura (Atos dos Ap\u00f3stolos 10,34a.37-43) Livro dos Atos dos Ap\u00f3stolos: Naqueles dias,\u00a034aPedro tomou a palavra e disse:\u00a037\u201cV\u00f3s sabeis o que aconteceu em toda a Judeia, a come\u00e7ar pela Galileia, depois do batismo pregado por Jo\u00e3o:\u00a038como Jesus de Nazar\u00e9 foi ungido por Deus com o Esp\u00edrito Santo e com poder. Ele andou [&hellip;]","og_url":"https:\/\/www.oarcanjo.net\/site\/leituras-do-domingo-24042011\/","og_site_name":"O Arcanjo no ar","article_publisher":"https:\/\/www.facebook.com\/OArcanjoNoAr\/","article_published_time":"2011-04-01T11:55:14+00:00","article_modified_time":"2011-04-01T11:56:00+00:00","og_image":[{"width":300,"height":300,"url":"https:\/\/www.oarcanjo.net\/site\/wp-content\/uploads\/logo-o-arcanjo-no-ar-facebook.png","type":"image\/png"}],"author":"editor","twitter_card":"summary_large_image","twitter_misc":{"Escrito por":"editor","Est. tempo de leitura":"3 minutos"},"schema":{"@context":"https:\/\/schema.org","@graph":[{"@type":"Article","@id":"https:\/\/www.oarcanjo.net\/site\/leituras-do-domingo-24042011\/#article","isPartOf":{"@id":"https:\/\/www.oarcanjo.net\/site\/leituras-do-domingo-24042011\/"},"author":{"name":"editor","@id":"https:\/\/www.oarcanjo.net\/site\/#\/schema\/person\/f7024d007863202483a31326673a0838"},"headline":"Leituras do domingo 24\/04\/2011","datePublished":"2011-04-01T11:55:14+00:00","dateModified":"2011-04-01T11:56:00+00:00","mainEntityOfPage":{"@id":"https:\/\/www.oarcanjo.net\/site\/leituras-do-domingo-24042011\/"},"wordCount":592,"commentCount":0,"publisher":{"@id":"https:\/\/www.oarcanjo.net\/site\/#organization"},"keywords":["Liturgia"],"articleSection":["Liturgia"],"inLanguage":"pt-BR","potentialAction":[{"@type":"CommentAction","name":"Comment","target":["https:\/\/www.oarcanjo.net\/site\/leituras-do-domingo-24042011\/#respond"]}]},{"@type":"WebPage","@id":"https:\/\/www.oarcanjo.net\/site\/leituras-do-domingo-24042011\/","url":"https:\/\/www.oarcanjo.net\/site\/leituras-do-domingo-24042011\/","name":"Leituras do domingo 24\/04\/2011 - O Arcanjo no ar","isPartOf":{"@id":"https:\/\/www.oarcanjo.net\/site\/#website"},"datePublished":"2011-04-01T11:55:14+00:00","dateModified":"2011-04-01T11:56:00+00:00","breadcrumb":{"@id":"https:\/\/www.oarcanjo.net\/site\/leituras-do-domingo-24042011\/#breadcrumb"},"inLanguage":"pt-BR","potentialAction":[{"@type":"ReadAction","target":["https:\/\/www.oarcanjo.net\/site\/leituras-do-domingo-24042011\/"]}]},{"@type":"BreadcrumbList","@id":"https:\/\/www.oarcanjo.net\/site\/leituras-do-domingo-24042011\/#breadcrumb","itemListElement":[{"@type":"ListItem","position":1,"name":"In\u00edcio","item":"https:\/\/www.oarcanjo.net\/site\/"},{"@type":"ListItem","position":2,"name":"Leituras do domingo 24\/04\/2011"}]},{"@type":"WebSite","@id":"https:\/\/www.oarcanjo.net\/site\/#website","url":"https:\/\/www.oarcanjo.net\/site\/","name":"O Arcanjo no ar","description":"Site da Par\u00f3quia S\u00e3o Miguel Arcanjo (Arquidiocese de SP)","publisher":{"@id":"https:\/\/www.oarcanjo.net\/site\/#organization"},"potentialAction":[{"@type":"SearchAction","target":{"@type":"EntryPoint","urlTemplate":"https:\/\/www.oarcanjo.net\/site\/?s={search_term_string}"},"query-input":{"@type":"PropertyValueSpecification","valueRequired":true,"valueName":"search_term_string"}}],"inLanguage":"pt-BR"},{"@type":"Organization","@id":"https:\/\/www.oarcanjo.net\/site\/#organization","name":"Par\u00f3quia S\u00e3o Miguel Arcanjo","url":"https:\/\/www.oarcanjo.net\/site\/","logo":{"@type":"ImageObject","inLanguage":"pt-BR","@id":"https:\/\/www.oarcanjo.net\/site\/#\/schema\/logo\/image\/","url":"https:\/\/www.oarcanjo.net\/site\/wp-content\/uploads\/LogoOArcanjo.png","contentUrl":"https:\/\/www.oarcanjo.net\/site\/wp-content\/uploads\/LogoOArcanjo.png","width":319,"height":99,"caption":"Par\u00f3quia S\u00e3o Miguel Arcanjo"},"image":{"@id":"https:\/\/www.oarcanjo.net\/site\/#\/schema\/logo\/image\/"},"sameAs":["https:\/\/www.facebook.com\/OArcanjoNoAr\/"]},{"@type":"Person","@id":"https:\/\/www.oarcanjo.net\/site\/#\/schema\/person\/f7024d007863202483a31326673a0838","name":"editor","sameAs":["http:\/\/www.oarcanjo.net"]}]}},"publishpress_future_action":{"enabled":false,"date":"2026-05-08 23:22:19","action":"category","newStatus":"draft","terms":[],"taxonomy":"category"},"publishpress_future_workflow_manual_trigger":{"enabledWorkflows":[]},"_links":{"self":[{"href":"https:\/\/www.oarcanjo.net\/site\/wp-json\/wp\/v2\/posts\/13707"}],"collection":[{"href":"https:\/\/www.oarcanjo.net\/site\/wp-json\/wp\/v2\/posts"}],"about":[{"href":"https:\/\/www.oarcanjo.net\/site\/wp-json\/wp\/v2\/types\/post"}],"author":[{"embeddable":true,"href":"https:\/\/www.oarcanjo.net\/site\/wp-json\/wp\/v2\/users\/5"}],"replies":[{"embeddable":true,"href":"https:\/\/www.oarcanjo.net\/site\/wp-json\/wp\/v2\/comments?post=13707"}],"version-history":[{"count":0,"href":"https:\/\/www.oarcanjo.net\/site\/wp-json\/wp\/v2\/posts\/13707\/revisions"}],"wp:attachment":[{"href":"https:\/\/www.oarcanjo.net\/site\/wp-json\/wp\/v2\/media?parent=13707"}],"wp:term":[{"taxonomy":"category","embeddable":true,"href":"https:\/\/www.oarcanjo.net\/site\/wp-json\/wp\/v2\/categories?post=13707"},{"taxonomy":"post_tag","embeddable":true,"href":"https:\/\/www.oarcanjo.net\/site\/wp-json\/wp\/v2\/tags?post=13707"}],"curies":[{"name":"wp","href":"https:\/\/api.w.org\/{rel}","templated":true}]}}