
{"id":13725,"date":"2011-04-05T19:14:18","date_gmt":"2011-04-05T22:14:18","guid":{"rendered":"http:\/\/www.oarcanjo.net\/site\/?p=13725"},"modified":"2011-04-06T23:39:26","modified_gmt":"2011-04-07T02:39:26","slug":"pe-jose-comblin-pregador-da-palavra-de-deus","status":"publish","type":"post","link":"https:\/\/www.oarcanjo.net\/site\/pe-jose-comblin-pregador-da-palavra-de-deus\/","title":{"rendered":"Pe. Jos\u00e9 Comblin, Pregador da Palavra de Deus"},"content":{"rendered":"<p>Domingos Zamagna<br \/>\nJornalista e professor de Filosofia em S\u00e3o Paulo<\/p>\n<p>Acabo de participar da Missa de 7\u00ba dia em sufr\u00e1gio do Pe. Jos\u00e9 Comblin. Presidida por Dom Ang\u00e9lico S\u00e2ndalo, em\u00e9rito de Blumenau, ao lado de outros bispos em\u00e9ritos, foi realizada no Convento dos Dominicanos, em cuja Escola de Teologia (hoje intitulada Instituto Bartolomeu de Las Casas, afiliado \u00e0 Pontif\u00edcia Universidade Santo Tom\u00e1s de Aquino \u2013 Angelicum, em Roma) o Pe. Comblin lecionou durante mais de uma d\u00e9cada.<\/p>\n<p>Ali fui aluno deste extraordin\u00e1rio mestre e, como centenas e milhares de pessoas, pude aprender com ele as maravilhas da f\u00e9 crist\u00e3. Nossa amizade j\u00e1 durava 46 anos, quando recebi, da querida amiga comum Ana Flora Anderson, a not\u00edcia de seu falecimento.<\/p>\n<p>Falando dele para alunos, dentre os quais muitos seminaristas, a maior parte nem sequer sabe quem foi este te\u00f3logo. Alguns se recordavam que sobre ele pairava uma proibi\u00e7\u00e3o de dar confer\u00eancias em institui\u00e7\u00f5es cat\u00f3licas, inclusive na PUC-SP. Eu me recordo que quando a PUC-SP foi invadida em 1977 pelas tropas do Cel. Erasmo Dias (governo Paulo Egydio Martins) para violentamente reprimir estudantes que faziam assembleia, o cardeal Paulo Evaristo Arns (gr\u00e3o-chanceler da universidade) retornou \u00e0s pressas da Europa e declarou, logo que desceu do avi\u00e3o: &#8220;A universidade existe e sempre existiu para debater todos os problemas, sem exce\u00e7\u00e3o. \u00c9 sinal de pouca civiliza\u00e7\u00e3o proibir professores e alunos de debater os seus problemas\u201d. N\u00e3o temos registro de uma s\u00f3 voz que tenha protestado contra a injusti\u00e7a feita ao Pe. Comblin, mas temos certeza que v\u00e1rias vozes se ergueriam se a interdi\u00e7\u00e3o fosse dirigida a algum pol\u00edtico corrupto de partido da carcomida coliga\u00e7\u00e3o de sustenta\u00e7\u00e3o do governo.<\/p>\n<p>Santo Tom\u00e1s de Aquino, S\u00e3o Boaventura e tantos outros doutores em Teologia foram debatedores, jamais fugiam das &#8220;quaestiones disputatae\u201d. Lecionar, debater, pregar (legere, disputare, praedicare) eram as tarefas pr\u00f3prias dos mestres em Teologia. Por que v\u00e1rias autoridades eclesi\u00e1sticas fingem ignorar que dezenas de documentos oficiais da Igreja incentivam os te\u00f3logos a seguir o exemplo de Santo Tom\u00e1s que, fidel\u00edssimo \u00e0 doutrina da Igreja, jamais ensinou sem antes se informar e expor as raz\u00f5es dos objetores? Queremos formar seminaristas e leigos para serem meros repetidores de surradas manual\u00edsticas? Para quem n\u00e3o conhece, recomendo a leitura de J. Comblin. A atualidade de Santo Tom\u00e1s de Aquino. REB 135 (1974), 515-523.<\/p>\n<p>Pe. Comblin fez da investiga\u00e7\u00e3o rigorosa um compromisso da sua atividade professoral. Suas aulas e confer\u00eancias jamais provocaram indiferen\u00e7a, pelo contr\u00e1rio, despertavam o senso cr\u00edtico e nos incomodavam profundamente. Costumava dizer: &#8220;\u00c9 diante do pobre que a nossa teologia trope\u00e7a\u201d. Uma reverbera\u00e7\u00e3o de Bas\u00edlio de Cesareia, de Jo\u00e3o Cris\u00f3stomo, de Greg\u00f3rioMagno&#8230; de Dom Larrain, Dom Proa\u00f1o, Dom Romero, Dom Helder, Dom Luciano&#8230; e de tantos da Patr\u00edstica latino-americana.<\/p>\n<p>No ano de 1972, ap\u00f3s participarmos do primeiro congresso de Teologia da Liberta\u00e7\u00e3o em El Escorial, pude acompanhar Pe. Comblin numa longa viagem pela Espanha. Se \u00e0s vezes parecia-me viajar em companhia de Fliche e Martin, tal a sua cultura e erudi\u00e7\u00e3o, percebi que eu estava mesmo era ao lado de um disc\u00edpulo de Jesus, seduzido pela aventura de Deus, apaixonado pela Igreja e pela evangeliza\u00e7\u00e3o, tomado de amor pelos pobres e pecadores, amigo dos santos e dos m\u00edsticos, que passou horas em contempla\u00e7\u00e3o na capela do convento de Calaruega, terra de S\u00e3o Domingos de Gusm\u00e3o; num misterioso sil\u00eancio, ajoelhado, com o Ter\u00e7o na m\u00e3o, no mosteiro da Encarna\u00e7\u00e3o, certamente na intimidade da Virgem Maria e de Teresa d\u2019\u00c1vila; na catedral de Sevilha, quando os tradicionais c\u00f4negos, capitaneados por Gonzalez-Ruiz, retardaram a recita\u00e7\u00e3o das horas can\u00f4nicas para ouvi-lo numa improvisada e inesquec\u00edvel homilia sobre a Igreja na Am\u00e9rica Latina; no Instituto Fe y Secularidad, de Madri, o Pe. Castilho SJ, ap\u00f3s uma palestra de Comblin sem anota\u00e7\u00e3o alguma, admirava-se de seu minucioso conhecimento da hist\u00f3ria e da modernidade da espiritualidade de Santo In\u00e1cio de Loyola. Esses s\u00e3o p\u00e1lidos exemplos de como nosso te\u00f3logo se desdobrava para falar de Deo aut cum Deo, de modo que sobre ele se pode dizer o que Guilherme de Tocco escreveu sobre S\u00e3o Tom\u00e1s: fora o sono e a alimenta\u00e7\u00e3o, &#8220;o resto do tempo era empregado na ora\u00e7\u00e3o, no ensino, na prega\u00e7\u00e3o, na medita\u00e7\u00e3o ou em escrever e ditar quest\u00f5es\u201d.<\/p>\n<p>Nas pr\u00f3ximas semanas, meses e anos ouviremos muitos relatos sobre as facetas deste apaixonado Pregador da Palavra de Deus: no campo e na cidade, nas montanhas e nas plan\u00edcies, entre as monjas e os oper\u00e1rios, nas favelas e nas faculdades, entre os cl\u00e9rigos e os \u00edndios, diante do soberanos belgas e dos sertanejos nordestinos. Seria bom que os que conviveram com ele mais de perto colocassem tudo por escrito, para que n\u00e3o se perca a mem\u00f3ria dessa relevante, por\u00e9m \u2013 nudum Christum nudus sequi \u2013 humilde e n\u00e3o obstante alegre p\u00e1gina da hist\u00f3ria da nossa Igreja.<\/p>\n<p>\u00c0s v\u00e9speras da P\u00e1scoa, a imagem do Pe. Comblin se apaga, para que sobressaia a realidade da pessoa e miss\u00e3o de nosso Salvador Jesus Cristo que ele, com singela sabedoria e de diversas maneiras, d\u00f3cil \u00e0 gra\u00e7a divina, quis nos transmitir pela prega\u00e7\u00e3o e pelo testemunho.<\/p>\n<div id=\"themify_builder_content-13725\" data-postid=\"13725\" class=\"themify_builder_content themify_builder_content-13725 themify_builder themify_builder_front\">\n\t<\/div>\n<!-- \/themify_builder_content -->","protected":false},"excerpt":{"rendered":"<p>Domingos Zamagna Jornalista e professor de Filosofia em S\u00e3o Paulo Acabo de participar da Missa de 7\u00ba dia em sufr\u00e1gio do Pe. Jos\u00e9 Comblin. Presidida por Dom Ang\u00e9lico S\u00e2ndalo, em\u00e9rito de Blumenau, ao lado de outros bispos em\u00e9ritos, foi realizada no Convento dos Dominicanos, em cuja Escola de Teologia (hoje intitulada Instituto Bartolomeu de Las [&hellip;]<\/p>\n","protected":false},"author":5,"featured_media":0,"comment_status":"open","ping_status":"open","sticky":false,"template":"","format":"standard","meta":{"ngg_post_thumbnail":0,"footnotes":""},"categories":[9],"tags":[394,187,190],"yoast_head":"<!-- This site is optimized with the Yoast SEO plugin v23.5 - https:\/\/yoast.com\/wordpress\/plugins\/seo\/ -->\n<title>Pe. Jos\u00e9 Comblin, Pregador da Palavra de Deus - O Arcanjo no ar<\/title>\n<meta name=\"robots\" content=\"index, follow, max-snippet:-1, max-image-preview:large, max-video-preview:-1\" \/>\n<link rel=\"canonical\" href=\"https:\/\/www.oarcanjo.net\/site\/pe-jose-comblin-pregador-da-palavra-de-deus\/\" \/>\n<meta property=\"og:locale\" content=\"pt_BR\" \/>\n<meta property=\"og:type\" content=\"article\" \/>\n<meta property=\"og:title\" content=\"Pe. Jos\u00e9 Comblin, Pregador da Palavra de Deus - O Arcanjo no ar\" \/>\n<meta property=\"og:description\" content=\"Domingos Zamagna Jornalista e professor de Filosofia em S\u00e3o Paulo Acabo de participar da Missa de 7\u00ba dia em sufr\u00e1gio do Pe. Jos\u00e9 Comblin. Presidida por Dom Ang\u00e9lico S\u00e2ndalo, em\u00e9rito de Blumenau, ao lado de outros bispos em\u00e9ritos, foi realizada no Convento dos Dominicanos, em cuja Escola de Teologia (hoje intitulada Instituto Bartolomeu de Las [&hellip;]\" \/>\n<meta property=\"og:url\" content=\"https:\/\/www.oarcanjo.net\/site\/pe-jose-comblin-pregador-da-palavra-de-deus\/\" \/>\n<meta property=\"og:site_name\" content=\"O Arcanjo no ar\" \/>\n<meta property=\"article:publisher\" content=\"https:\/\/www.facebook.com\/OArcanjoNoAr\/\" \/>\n<meta property=\"article:published_time\" content=\"2011-04-05T22:14:18+00:00\" \/>\n<meta property=\"article:modified_time\" content=\"2011-04-07T02:39:26+00:00\" \/>\n<meta property=\"og:image\" content=\"https:\/\/www.oarcanjo.net\/site\/wp-content\/uploads\/logo-o-arcanjo-no-ar-facebook.png\" \/>\n\t<meta property=\"og:image:width\" content=\"300\" \/>\n\t<meta property=\"og:image:height\" content=\"300\" \/>\n\t<meta property=\"og:image:type\" content=\"image\/png\" \/>\n<meta name=\"author\" content=\"editor\" \/>\n<meta name=\"twitter:card\" content=\"summary_large_image\" \/>\n<meta name=\"twitter:label1\" content=\"Escrito por\" \/>\n\t<meta name=\"twitter:data1\" content=\"editor\" \/>\n\t<meta name=\"twitter:label2\" content=\"Est. tempo de leitura\" \/>\n\t<meta name=\"twitter:data2\" content=\"5 minutos\" \/>\n<script type=\"application\/ld+json\" class=\"yoast-schema-graph\">{\"@context\":\"https:\/\/schema.org\",\"@graph\":[{\"@type\":\"Article\",\"@id\":\"https:\/\/www.oarcanjo.net\/site\/pe-jose-comblin-pregador-da-palavra-de-deus\/#article\",\"isPartOf\":{\"@id\":\"https:\/\/www.oarcanjo.net\/site\/pe-jose-comblin-pregador-da-palavra-de-deus\/\"},\"author\":{\"name\":\"editor\",\"@id\":\"https:\/\/www.oarcanjo.net\/site\/#\/schema\/person\/f7024d007863202483a31326673a0838\"},\"headline\":\"Pe. Jos\u00e9 Comblin, Pregador da Palavra de Deus\",\"datePublished\":\"2011-04-05T22:14:18+00:00\",\"dateModified\":\"2011-04-07T02:39:26+00:00\",\"mainEntityOfPage\":{\"@id\":\"https:\/\/www.oarcanjo.net\/site\/pe-jose-comblin-pregador-da-palavra-de-deus\/\"},\"wordCount\":932,\"commentCount\":0,\"publisher\":{\"@id\":\"https:\/\/www.oarcanjo.net\/site\/#organization\"},\"keywords\":[\"Jos\u00e9 Comblin\",\"profeta\",\"teologia da liberta\u00e7\u00e3o\"],\"articleSection\":[\"Reflex\u00f5es\"],\"inLanguage\":\"pt-BR\",\"potentialAction\":[{\"@type\":\"CommentAction\",\"name\":\"Comment\",\"target\":[\"https:\/\/www.oarcanjo.net\/site\/pe-jose-comblin-pregador-da-palavra-de-deus\/#respond\"]}]},{\"@type\":\"WebPage\",\"@id\":\"https:\/\/www.oarcanjo.net\/site\/pe-jose-comblin-pregador-da-palavra-de-deus\/\",\"url\":\"https:\/\/www.oarcanjo.net\/site\/pe-jose-comblin-pregador-da-palavra-de-deus\/\",\"name\":\"Pe. Jos\u00e9 Comblin, Pregador da Palavra de Deus - O Arcanjo no ar\",\"isPartOf\":{\"@id\":\"https:\/\/www.oarcanjo.net\/site\/#website\"},\"datePublished\":\"2011-04-05T22:14:18+00:00\",\"dateModified\":\"2011-04-07T02:39:26+00:00\",\"breadcrumb\":{\"@id\":\"https:\/\/www.oarcanjo.net\/site\/pe-jose-comblin-pregador-da-palavra-de-deus\/#breadcrumb\"},\"inLanguage\":\"pt-BR\",\"potentialAction\":[{\"@type\":\"ReadAction\",\"target\":[\"https:\/\/www.oarcanjo.net\/site\/pe-jose-comblin-pregador-da-palavra-de-deus\/\"]}]},{\"@type\":\"BreadcrumbList\",\"@id\":\"https:\/\/www.oarcanjo.net\/site\/pe-jose-comblin-pregador-da-palavra-de-deus\/#breadcrumb\",\"itemListElement\":[{\"@type\":\"ListItem\",\"position\":1,\"name\":\"In\u00edcio\",\"item\":\"https:\/\/www.oarcanjo.net\/site\/\"},{\"@type\":\"ListItem\",\"position\":2,\"name\":\"Pe. Jos\u00e9 Comblin, Pregador da Palavra de Deus\"}]},{\"@type\":\"WebSite\",\"@id\":\"https:\/\/www.oarcanjo.net\/site\/#website\",\"url\":\"https:\/\/www.oarcanjo.net\/site\/\",\"name\":\"O Arcanjo no ar\",\"description\":\"Site da Par\u00f3quia S\u00e3o Miguel Arcanjo (Arquidiocese de SP)\",\"publisher\":{\"@id\":\"https:\/\/www.oarcanjo.net\/site\/#organization\"},\"potentialAction\":[{\"@type\":\"SearchAction\",\"target\":{\"@type\":\"EntryPoint\",\"urlTemplate\":\"https:\/\/www.oarcanjo.net\/site\/?s={search_term_string}\"},\"query-input\":{\"@type\":\"PropertyValueSpecification\",\"valueRequired\":true,\"valueName\":\"search_term_string\"}}],\"inLanguage\":\"pt-BR\"},{\"@type\":\"Organization\",\"@id\":\"https:\/\/www.oarcanjo.net\/site\/#organization\",\"name\":\"Par\u00f3quia S\u00e3o Miguel Arcanjo\",\"url\":\"https:\/\/www.oarcanjo.net\/site\/\",\"logo\":{\"@type\":\"ImageObject\",\"inLanguage\":\"pt-BR\",\"@id\":\"https:\/\/www.oarcanjo.net\/site\/#\/schema\/logo\/image\/\",\"url\":\"https:\/\/www.oarcanjo.net\/site\/wp-content\/uploads\/LogoOArcanjo.png\",\"contentUrl\":\"https:\/\/www.oarcanjo.net\/site\/wp-content\/uploads\/LogoOArcanjo.png\",\"width\":319,\"height\":99,\"caption\":\"Par\u00f3quia S\u00e3o Miguel Arcanjo\"},\"image\":{\"@id\":\"https:\/\/www.oarcanjo.net\/site\/#\/schema\/logo\/image\/\"},\"sameAs\":[\"https:\/\/www.facebook.com\/OArcanjoNoAr\/\"]},{\"@type\":\"Person\",\"@id\":\"https:\/\/www.oarcanjo.net\/site\/#\/schema\/person\/f7024d007863202483a31326673a0838\",\"name\":\"editor\",\"sameAs\":[\"http:\/\/www.oarcanjo.net\"]}]}<\/script>\n<!-- \/ Yoast SEO plugin. -->","yoast_head_json":{"title":"Pe. Jos\u00e9 Comblin, Pregador da Palavra de Deus - O Arcanjo no ar","robots":{"index":"index","follow":"follow","max-snippet":"max-snippet:-1","max-image-preview":"max-image-preview:large","max-video-preview":"max-video-preview:-1"},"canonical":"https:\/\/www.oarcanjo.net\/site\/pe-jose-comblin-pregador-da-palavra-de-deus\/","og_locale":"pt_BR","og_type":"article","og_title":"Pe. Jos\u00e9 Comblin, Pregador da Palavra de Deus - O Arcanjo no ar","og_description":"Domingos Zamagna Jornalista e professor de Filosofia em S\u00e3o Paulo Acabo de participar da Missa de 7\u00ba dia em sufr\u00e1gio do Pe. Jos\u00e9 Comblin. Presidida por Dom Ang\u00e9lico S\u00e2ndalo, em\u00e9rito de Blumenau, ao lado de outros bispos em\u00e9ritos, foi realizada no Convento dos Dominicanos, em cuja Escola de Teologia (hoje intitulada Instituto Bartolomeu de Las [&hellip;]","og_url":"https:\/\/www.oarcanjo.net\/site\/pe-jose-comblin-pregador-da-palavra-de-deus\/","og_site_name":"O Arcanjo no ar","article_publisher":"https:\/\/www.facebook.com\/OArcanjoNoAr\/","article_published_time":"2011-04-05T22:14:18+00:00","article_modified_time":"2011-04-07T02:39:26+00:00","og_image":[{"width":300,"height":300,"url":"https:\/\/www.oarcanjo.net\/site\/wp-content\/uploads\/logo-o-arcanjo-no-ar-facebook.png","type":"image\/png"}],"author":"editor","twitter_card":"summary_large_image","twitter_misc":{"Escrito por":"editor","Est. tempo de leitura":"5 minutos"},"schema":{"@context":"https:\/\/schema.org","@graph":[{"@type":"Article","@id":"https:\/\/www.oarcanjo.net\/site\/pe-jose-comblin-pregador-da-palavra-de-deus\/#article","isPartOf":{"@id":"https:\/\/www.oarcanjo.net\/site\/pe-jose-comblin-pregador-da-palavra-de-deus\/"},"author":{"name":"editor","@id":"https:\/\/www.oarcanjo.net\/site\/#\/schema\/person\/f7024d007863202483a31326673a0838"},"headline":"Pe. Jos\u00e9 Comblin, Pregador da Palavra de Deus","datePublished":"2011-04-05T22:14:18+00:00","dateModified":"2011-04-07T02:39:26+00:00","mainEntityOfPage":{"@id":"https:\/\/www.oarcanjo.net\/site\/pe-jose-comblin-pregador-da-palavra-de-deus\/"},"wordCount":932,"commentCount":0,"publisher":{"@id":"https:\/\/www.oarcanjo.net\/site\/#organization"},"keywords":["Jos\u00e9 Comblin","profeta","teologia da liberta\u00e7\u00e3o"],"articleSection":["Reflex\u00f5es"],"inLanguage":"pt-BR","potentialAction":[{"@type":"CommentAction","name":"Comment","target":["https:\/\/www.oarcanjo.net\/site\/pe-jose-comblin-pregador-da-palavra-de-deus\/#respond"]}]},{"@type":"WebPage","@id":"https:\/\/www.oarcanjo.net\/site\/pe-jose-comblin-pregador-da-palavra-de-deus\/","url":"https:\/\/www.oarcanjo.net\/site\/pe-jose-comblin-pregador-da-palavra-de-deus\/","name":"Pe. Jos\u00e9 Comblin, Pregador da Palavra de Deus - O Arcanjo no ar","isPartOf":{"@id":"https:\/\/www.oarcanjo.net\/site\/#website"},"datePublished":"2011-04-05T22:14:18+00:00","dateModified":"2011-04-07T02:39:26+00:00","breadcrumb":{"@id":"https:\/\/www.oarcanjo.net\/site\/pe-jose-comblin-pregador-da-palavra-de-deus\/#breadcrumb"},"inLanguage":"pt-BR","potentialAction":[{"@type":"ReadAction","target":["https:\/\/www.oarcanjo.net\/site\/pe-jose-comblin-pregador-da-palavra-de-deus\/"]}]},{"@type":"BreadcrumbList","@id":"https:\/\/www.oarcanjo.net\/site\/pe-jose-comblin-pregador-da-palavra-de-deus\/#breadcrumb","itemListElement":[{"@type":"ListItem","position":1,"name":"In\u00edcio","item":"https:\/\/www.oarcanjo.net\/site\/"},{"@type":"ListItem","position":2,"name":"Pe. Jos\u00e9 Comblin, Pregador da Palavra de Deus"}]},{"@type":"WebSite","@id":"https:\/\/www.oarcanjo.net\/site\/#website","url":"https:\/\/www.oarcanjo.net\/site\/","name":"O Arcanjo no ar","description":"Site da Par\u00f3quia S\u00e3o Miguel Arcanjo (Arquidiocese de SP)","publisher":{"@id":"https:\/\/www.oarcanjo.net\/site\/#organization"},"potentialAction":[{"@type":"SearchAction","target":{"@type":"EntryPoint","urlTemplate":"https:\/\/www.oarcanjo.net\/site\/?s={search_term_string}"},"query-input":{"@type":"PropertyValueSpecification","valueRequired":true,"valueName":"search_term_string"}}],"inLanguage":"pt-BR"},{"@type":"Organization","@id":"https:\/\/www.oarcanjo.net\/site\/#organization","name":"Par\u00f3quia S\u00e3o Miguel Arcanjo","url":"https:\/\/www.oarcanjo.net\/site\/","logo":{"@type":"ImageObject","inLanguage":"pt-BR","@id":"https:\/\/www.oarcanjo.net\/site\/#\/schema\/logo\/image\/","url":"https:\/\/www.oarcanjo.net\/site\/wp-content\/uploads\/LogoOArcanjo.png","contentUrl":"https:\/\/www.oarcanjo.net\/site\/wp-content\/uploads\/LogoOArcanjo.png","width":319,"height":99,"caption":"Par\u00f3quia S\u00e3o Miguel Arcanjo"},"image":{"@id":"https:\/\/www.oarcanjo.net\/site\/#\/schema\/logo\/image\/"},"sameAs":["https:\/\/www.facebook.com\/OArcanjoNoAr\/"]},{"@type":"Person","@id":"https:\/\/www.oarcanjo.net\/site\/#\/schema\/person\/f7024d007863202483a31326673a0838","name":"editor","sameAs":["http:\/\/www.oarcanjo.net"]}]}},"publishpress_future_action":{"enabled":false,"date":"2026-05-10 06:59:55","action":"category","newStatus":"draft","terms":[],"taxonomy":"category"},"publishpress_future_workflow_manual_trigger":{"enabledWorkflows":[]},"_links":{"self":[{"href":"https:\/\/www.oarcanjo.net\/site\/wp-json\/wp\/v2\/posts\/13725"}],"collection":[{"href":"https:\/\/www.oarcanjo.net\/site\/wp-json\/wp\/v2\/posts"}],"about":[{"href":"https:\/\/www.oarcanjo.net\/site\/wp-json\/wp\/v2\/types\/post"}],"author":[{"embeddable":true,"href":"https:\/\/www.oarcanjo.net\/site\/wp-json\/wp\/v2\/users\/5"}],"replies":[{"embeddable":true,"href":"https:\/\/www.oarcanjo.net\/site\/wp-json\/wp\/v2\/comments?post=13725"}],"version-history":[{"count":0,"href":"https:\/\/www.oarcanjo.net\/site\/wp-json\/wp\/v2\/posts\/13725\/revisions"}],"wp:attachment":[{"href":"https:\/\/www.oarcanjo.net\/site\/wp-json\/wp\/v2\/media?parent=13725"}],"wp:term":[{"taxonomy":"category","embeddable":true,"href":"https:\/\/www.oarcanjo.net\/site\/wp-json\/wp\/v2\/categories?post=13725"},{"taxonomy":"post_tag","embeddable":true,"href":"https:\/\/www.oarcanjo.net\/site\/wp-json\/wp\/v2\/tags?post=13725"}],"curies":[{"name":"wp","href":"https:\/\/api.w.org\/{rel}","templated":true}]}}