
{"id":13741,"date":"2011-04-06T23:37:16","date_gmt":"2011-04-07T02:37:16","guid":{"rendered":"http:\/\/www.oarcanjo.net\/site\/?p=13741"},"modified":"2011-04-17T23:22:57","modified_gmt":"2011-04-18T02:22:57","slug":"jose-comblin-o-legado-de-um-profeta","status":"publish","type":"post","link":"https:\/\/www.oarcanjo.net\/site\/jose-comblin-o-legado-de-um-profeta\/","title":{"rendered":"Jos\u00e9 Comblin, o legado de um profeta"},"content":{"rendered":"<p>Maria Clara Bingemer<\/p>\n<p>A Igreja brasileira vive na saudade e na esperan\u00e7a o luto por Jos\u00e9 Comblin, morto aos 88 anos no \u00faltimo dia 27 de mar\u00e7o. Belga de nascimento, brasileiro por ado\u00e7\u00e3o, latino-americano por voca\u00e7\u00e3o, esse mission\u00e1rio que deu sua vida junto aos pobres e sofredores do sul do Equador deixa um vazio nestes nossos tempos carentes de profetas.  Sua voz de fogo e sua raz\u00e3o clara  e l\u00facida certamente provocam imensa saudade e nostalgia.<\/p>\n<p>O Padre Jos\u00e9, como era carinhosamente chamado pelo povo nordestino a quem servia, nasceu em Bruxelas, B\u00e9lgica, em 1923.  Foi ordenado sacerdote em 1947 e obteve o t\u00edtulo de doutor em Teologia pela Universidade Cat\u00f3lica de Louvain, B\u00e9lgica. Onze anos depois de ordenado, em 1958, Comblin desembarcou em Campinas, Brasil.  Aqui, foi assessor da JOC (JuventudeOper\u00e1riaCat\u00f3lica) e professor da Escola Teol\u00f3gica dos Dominicanos emS\u00e3o Paulo, tendo como alunos alguns frades not\u00e1veis na hist\u00f3ria brasileira como Carlos Alberto Libanio Christo, o Frei Betto e Frei Tito Alencar Lima, torturado barbaramente nos c\u00e1rceres da ditadura militar brasileira, o que o levou \u00e0 depress\u00e3o e ao suic\u00eddio na Fran\u00e7a.<\/p>\n<p>Posteriormente lecionou na Faculdade de Teologia do Chile, mas voltou para Recife a convite de Dom Helder Camara onde foi professor do famoso ITER (Instituto de Teologia do Recife), pondo em pr\u00e1tica iniciativas criativas para colocar a teologia ao alcance do povo mais pobre do meio rural.  Criou muitos semin\u00e1rios rurais em Pernambuco e Para\u00edba e a\u00ed encontrou inspira\u00e7\u00e3o e base para uma Teologia da Enxada.<\/p>\n<p>Por suas id\u00e9ias e pr\u00e1tica, Pe. Comblin passou a ser persona non grata para o regime militar e foi finalmente expulso do Brasil em 1971.  Exilou-se no Chile por oito anos. Dali foi por sua vez expulso pela ditadura de Pinochet, em 1980. Voltou ao Brasil e radicou-se na Para\u00edba, dedicando-se inteiramente \u00e0 forma\u00e7\u00e3o de seminaristas rurais e animadores de comunidades eclesiais de base.  Alternava essa pr\u00e1xis docente e reflexiva em meio aos pobres com aulas no curso de p\u00f3s-gradua\u00e7\u00e3o de missiologia na PUC de S\u00e3o Paulo.<\/p>\n<p>Ouvir Jos\u00e9 Comblin falar era sempre um privil\u00e9gio.  Comprometido com a verdade, sem fazer nenhuma concess\u00e3o neste ponto, abria sua boca de profeta e deixava-nos muitas vezes desconcertados e perplexos.  N\u00e3o poupava cr\u00edticas a uma Igreja que no entanto amava com paix\u00e3o.  E a viol\u00eancia da cr\u00edtica dava a medida do amor.  No entanto, era muito consciente de que a Igreja estava a servi\u00e7o do Evangelho de Jesus, seu amor maior.  E fazia quest\u00e3o sempre de recordar isso.<\/p>\n<p>Jos\u00e9 Comblin tinha uma grande esperan\u00e7a eclesial: os leigos.  Acreditava profundamente nos crist\u00e3os batizados que recebiam do Esp\u00edrito carismas e minist\u00e9rios e se entregavam ao servi\u00e7o de sua f\u00e9. E por isso criou v\u00e1rios movimentos mission\u00e1rios leigos, na Bahia, na Para\u00edba, em Tocantins e outros pontos do Nordeste brasileiro.<\/p>\n<p>As reuni\u00f5es da SOTER (Sociedade Brasileira de Teologia e Ci\u00eancias da Religi\u00e3o) n\u00e3o ser\u00e3o mais as mesmas sem sua presen\u00e7a l\u00facida, prof\u00e9tica e s\u00e1bia.  Cercado pelos jovens te\u00f3logos de todo o Brasil, Comblin sorria e respondia a cada pergunta com aten\u00e7\u00e3o e simplicidade, como era seu estilo.  Seu pensamento encantava e impunha respeito, mesmo se dele se discordava.  Era um mestre, sem sombra de d\u00favida.<\/p>\n<p>Encontrei-o pela \u00faltima vez em mar\u00e7o de 2010 em El Salvador, no congresso teol\u00f3gico que celebrava os 30 anos do mart\u00edrio de Monsenhor Romero.  Ali estava ele, sorridente, e presente e ativo em corpo e alma.  Caminhamos juntos com milhares de outros peregrinos at\u00e9 a catedral onde celebramos com devo\u00e7\u00e3o e j\u00fabilo a mem\u00f3ria viva e subversiva do m\u00e1rtir que congregava gente do mundo inteiro em volta a sua pessoa e seu testemunho.<\/p>\n<p>Ali me disse que agora morava em Barra na Bahia.  Explicou-me com uma pureza cheia de simplicidade e por isso mesmo mais comovente que sentia estar perto da morte.  E que por isso necessitava converter-se.  E nada melhor para converter-se do que estar perto de um profeta.  Por isso tinha escolhido ir morar na diocese de Dom Cappio, a quem situava na categoria dos profetas.  Seu depoimento comoveu-me profundamente.  Ouvir aquele homem de muito mais de 80 anos buscando ainda convers\u00e3o e proximidade do Senhor ap\u00f3s toda uma vida entregue a Deus e aos pobres era realmente edificante.<\/p>\n<p>A not\u00edcia de sua morte chegou-me por mensagem eletr\u00f4nica de amigos. Juntamente com a dor da perda de um irm\u00e3o mais velho, senti gratid\u00e3o por sua vida e responsabilidade em n\u00e3o deixar perder seu legado de te\u00f3logo, de profeta, de servidor de Deus e de seu povo.  Junto ao Padre Ibiapina, o padre Jos\u00e9 descansa de sua longa jornada.  Mas sua profecia continua viva, sem descanso inspirando e movendo novas voca\u00e7\u00f5es teol\u00f3gicas que se disp\u00f5em a refletir e articular a Revela\u00e7\u00e3o de Deus com a hist\u00f3ria dos pobres que v\u00e3o se tornando sujeitos de sua hist\u00f3ria e construtores do Reino.<\/p>\n<div id=\"themify_builder_content-13741\" data-postid=\"13741\" class=\"themify_builder_content themify_builder_content-13741 themify_builder themify_builder_front\">\n\t<\/div>\n<!-- \/themify_builder_content -->","protected":false},"excerpt":{"rendered":"<p>Maria Clara Bingemer A Igreja brasileira vive na saudade e na esperan\u00e7a o luto por Jos\u00e9 Comblin, morto aos 88 anos no \u00faltimo dia 27 de mar\u00e7o. Belga de nascimento, brasileiro por ado\u00e7\u00e3o, latino-americano por voca\u00e7\u00e3o, esse mission\u00e1rio que deu sua vida junto aos pobres e sofredores do sul do Equador deixa um vazio nestes [&hellip;]<\/p>\n","protected":false},"author":5,"featured_media":0,"comment_status":"open","ping_status":"open","sticky":false,"template":"","format":"standard","meta":{"ngg_post_thumbnail":0,"footnotes":""},"categories":[9],"tags":[394,187],"yoast_head":"<!-- This site is optimized with the Yoast SEO plugin v23.5 - https:\/\/yoast.com\/wordpress\/plugins\/seo\/ -->\n<title>Jos\u00e9 Comblin, o legado de um profeta - O Arcanjo no ar<\/title>\n<meta name=\"robots\" content=\"index, follow, max-snippet:-1, max-image-preview:large, max-video-preview:-1\" \/>\n<link rel=\"canonical\" href=\"https:\/\/www.oarcanjo.net\/site\/jose-comblin-o-legado-de-um-profeta\/\" \/>\n<meta property=\"og:locale\" content=\"pt_BR\" \/>\n<meta property=\"og:type\" content=\"article\" \/>\n<meta property=\"og:title\" content=\"Jos\u00e9 Comblin, o legado de um profeta - O Arcanjo no ar\" \/>\n<meta property=\"og:description\" content=\"Maria Clara Bingemer A Igreja brasileira vive na saudade e na esperan\u00e7a o luto por Jos\u00e9 Comblin, morto aos 88 anos no \u00faltimo dia 27 de mar\u00e7o. Belga de nascimento, brasileiro por ado\u00e7\u00e3o, latino-americano por voca\u00e7\u00e3o, esse mission\u00e1rio que deu sua vida junto aos pobres e sofredores do sul do Equador deixa um vazio nestes [&hellip;]\" \/>\n<meta property=\"og:url\" content=\"https:\/\/www.oarcanjo.net\/site\/jose-comblin-o-legado-de-um-profeta\/\" \/>\n<meta property=\"og:site_name\" content=\"O Arcanjo no ar\" \/>\n<meta property=\"article:publisher\" content=\"https:\/\/www.facebook.com\/OArcanjoNoAr\/\" \/>\n<meta property=\"article:published_time\" content=\"2011-04-07T02:37:16+00:00\" \/>\n<meta property=\"article:modified_time\" content=\"2011-04-18T02:22:57+00:00\" \/>\n<meta property=\"og:image\" content=\"https:\/\/www.oarcanjo.net\/site\/wp-content\/uploads\/logo-o-arcanjo-no-ar-facebook.png\" \/>\n\t<meta property=\"og:image:width\" content=\"300\" \/>\n\t<meta property=\"og:image:height\" content=\"300\" \/>\n\t<meta property=\"og:image:type\" content=\"image\/png\" \/>\n<meta name=\"author\" content=\"editor\" \/>\n<meta name=\"twitter:card\" content=\"summary_large_image\" \/>\n<meta name=\"twitter:label1\" content=\"Escrito por\" \/>\n\t<meta name=\"twitter:data1\" content=\"editor\" \/>\n\t<meta name=\"twitter:label2\" content=\"Est. tempo de leitura\" \/>\n\t<meta name=\"twitter:data2\" content=\"4 minutos\" \/>\n<script type=\"application\/ld+json\" class=\"yoast-schema-graph\">{\"@context\":\"https:\/\/schema.org\",\"@graph\":[{\"@type\":\"Article\",\"@id\":\"https:\/\/www.oarcanjo.net\/site\/jose-comblin-o-legado-de-um-profeta\/#article\",\"isPartOf\":{\"@id\":\"https:\/\/www.oarcanjo.net\/site\/jose-comblin-o-legado-de-um-profeta\/\"},\"author\":{\"name\":\"editor\",\"@id\":\"https:\/\/www.oarcanjo.net\/site\/#\/schema\/person\/f7024d007863202483a31326673a0838\"},\"headline\":\"Jos\u00e9 Comblin, o legado de um profeta\",\"datePublished\":\"2011-04-07T02:37:16+00:00\",\"dateModified\":\"2011-04-18T02:22:57+00:00\",\"mainEntityOfPage\":{\"@id\":\"https:\/\/www.oarcanjo.net\/site\/jose-comblin-o-legado-de-um-profeta\/\"},\"wordCount\":877,\"commentCount\":0,\"publisher\":{\"@id\":\"https:\/\/www.oarcanjo.net\/site\/#organization\"},\"keywords\":[\"Jos\u00e9 Comblin\",\"profeta\"],\"articleSection\":[\"Reflex\u00f5es\"],\"inLanguage\":\"pt-BR\",\"potentialAction\":[{\"@type\":\"CommentAction\",\"name\":\"Comment\",\"target\":[\"https:\/\/www.oarcanjo.net\/site\/jose-comblin-o-legado-de-um-profeta\/#respond\"]}]},{\"@type\":\"WebPage\",\"@id\":\"https:\/\/www.oarcanjo.net\/site\/jose-comblin-o-legado-de-um-profeta\/\",\"url\":\"https:\/\/www.oarcanjo.net\/site\/jose-comblin-o-legado-de-um-profeta\/\",\"name\":\"Jos\u00e9 Comblin, o legado de um profeta - O Arcanjo no ar\",\"isPartOf\":{\"@id\":\"https:\/\/www.oarcanjo.net\/site\/#website\"},\"datePublished\":\"2011-04-07T02:37:16+00:00\",\"dateModified\":\"2011-04-18T02:22:57+00:00\",\"breadcrumb\":{\"@id\":\"https:\/\/www.oarcanjo.net\/site\/jose-comblin-o-legado-de-um-profeta\/#breadcrumb\"},\"inLanguage\":\"pt-BR\",\"potentialAction\":[{\"@type\":\"ReadAction\",\"target\":[\"https:\/\/www.oarcanjo.net\/site\/jose-comblin-o-legado-de-um-profeta\/\"]}]},{\"@type\":\"BreadcrumbList\",\"@id\":\"https:\/\/www.oarcanjo.net\/site\/jose-comblin-o-legado-de-um-profeta\/#breadcrumb\",\"itemListElement\":[{\"@type\":\"ListItem\",\"position\":1,\"name\":\"In\u00edcio\",\"item\":\"https:\/\/www.oarcanjo.net\/site\/\"},{\"@type\":\"ListItem\",\"position\":2,\"name\":\"Jos\u00e9 Comblin, o legado de um profeta\"}]},{\"@type\":\"WebSite\",\"@id\":\"https:\/\/www.oarcanjo.net\/site\/#website\",\"url\":\"https:\/\/www.oarcanjo.net\/site\/\",\"name\":\"O Arcanjo no ar\",\"description\":\"Site da Par\u00f3quia S\u00e3o Miguel Arcanjo (Arquidiocese de SP)\",\"publisher\":{\"@id\":\"https:\/\/www.oarcanjo.net\/site\/#organization\"},\"potentialAction\":[{\"@type\":\"SearchAction\",\"target\":{\"@type\":\"EntryPoint\",\"urlTemplate\":\"https:\/\/www.oarcanjo.net\/site\/?s={search_term_string}\"},\"query-input\":{\"@type\":\"PropertyValueSpecification\",\"valueRequired\":true,\"valueName\":\"search_term_string\"}}],\"inLanguage\":\"pt-BR\"},{\"@type\":\"Organization\",\"@id\":\"https:\/\/www.oarcanjo.net\/site\/#organization\",\"name\":\"Par\u00f3quia S\u00e3o Miguel Arcanjo\",\"url\":\"https:\/\/www.oarcanjo.net\/site\/\",\"logo\":{\"@type\":\"ImageObject\",\"inLanguage\":\"pt-BR\",\"@id\":\"https:\/\/www.oarcanjo.net\/site\/#\/schema\/logo\/image\/\",\"url\":\"https:\/\/www.oarcanjo.net\/site\/wp-content\/uploads\/LogoOArcanjo.png\",\"contentUrl\":\"https:\/\/www.oarcanjo.net\/site\/wp-content\/uploads\/LogoOArcanjo.png\",\"width\":319,\"height\":99,\"caption\":\"Par\u00f3quia S\u00e3o Miguel Arcanjo\"},\"image\":{\"@id\":\"https:\/\/www.oarcanjo.net\/site\/#\/schema\/logo\/image\/\"},\"sameAs\":[\"https:\/\/www.facebook.com\/OArcanjoNoAr\/\"]},{\"@type\":\"Person\",\"@id\":\"https:\/\/www.oarcanjo.net\/site\/#\/schema\/person\/f7024d007863202483a31326673a0838\",\"name\":\"editor\",\"sameAs\":[\"http:\/\/www.oarcanjo.net\"]}]}<\/script>\n<!-- \/ Yoast SEO plugin. -->","yoast_head_json":{"title":"Jos\u00e9 Comblin, o legado de um profeta - O Arcanjo no ar","robots":{"index":"index","follow":"follow","max-snippet":"max-snippet:-1","max-image-preview":"max-image-preview:large","max-video-preview":"max-video-preview:-1"},"canonical":"https:\/\/www.oarcanjo.net\/site\/jose-comblin-o-legado-de-um-profeta\/","og_locale":"pt_BR","og_type":"article","og_title":"Jos\u00e9 Comblin, o legado de um profeta - O Arcanjo no ar","og_description":"Maria Clara Bingemer A Igreja brasileira vive na saudade e na esperan\u00e7a o luto por Jos\u00e9 Comblin, morto aos 88 anos no \u00faltimo dia 27 de mar\u00e7o. Belga de nascimento, brasileiro por ado\u00e7\u00e3o, latino-americano por voca\u00e7\u00e3o, esse mission\u00e1rio que deu sua vida junto aos pobres e sofredores do sul do Equador deixa um vazio nestes [&hellip;]","og_url":"https:\/\/www.oarcanjo.net\/site\/jose-comblin-o-legado-de-um-profeta\/","og_site_name":"O Arcanjo no ar","article_publisher":"https:\/\/www.facebook.com\/OArcanjoNoAr\/","article_published_time":"2011-04-07T02:37:16+00:00","article_modified_time":"2011-04-18T02:22:57+00:00","og_image":[{"width":300,"height":300,"url":"https:\/\/www.oarcanjo.net\/site\/wp-content\/uploads\/logo-o-arcanjo-no-ar-facebook.png","type":"image\/png"}],"author":"editor","twitter_card":"summary_large_image","twitter_misc":{"Escrito por":"editor","Est. tempo de leitura":"4 minutos"},"schema":{"@context":"https:\/\/schema.org","@graph":[{"@type":"Article","@id":"https:\/\/www.oarcanjo.net\/site\/jose-comblin-o-legado-de-um-profeta\/#article","isPartOf":{"@id":"https:\/\/www.oarcanjo.net\/site\/jose-comblin-o-legado-de-um-profeta\/"},"author":{"name":"editor","@id":"https:\/\/www.oarcanjo.net\/site\/#\/schema\/person\/f7024d007863202483a31326673a0838"},"headline":"Jos\u00e9 Comblin, o legado de um profeta","datePublished":"2011-04-07T02:37:16+00:00","dateModified":"2011-04-18T02:22:57+00:00","mainEntityOfPage":{"@id":"https:\/\/www.oarcanjo.net\/site\/jose-comblin-o-legado-de-um-profeta\/"},"wordCount":877,"commentCount":0,"publisher":{"@id":"https:\/\/www.oarcanjo.net\/site\/#organization"},"keywords":["Jos\u00e9 Comblin","profeta"],"articleSection":["Reflex\u00f5es"],"inLanguage":"pt-BR","potentialAction":[{"@type":"CommentAction","name":"Comment","target":["https:\/\/www.oarcanjo.net\/site\/jose-comblin-o-legado-de-um-profeta\/#respond"]}]},{"@type":"WebPage","@id":"https:\/\/www.oarcanjo.net\/site\/jose-comblin-o-legado-de-um-profeta\/","url":"https:\/\/www.oarcanjo.net\/site\/jose-comblin-o-legado-de-um-profeta\/","name":"Jos\u00e9 Comblin, o legado de um profeta - O Arcanjo no ar","isPartOf":{"@id":"https:\/\/www.oarcanjo.net\/site\/#website"},"datePublished":"2011-04-07T02:37:16+00:00","dateModified":"2011-04-18T02:22:57+00:00","breadcrumb":{"@id":"https:\/\/www.oarcanjo.net\/site\/jose-comblin-o-legado-de-um-profeta\/#breadcrumb"},"inLanguage":"pt-BR","potentialAction":[{"@type":"ReadAction","target":["https:\/\/www.oarcanjo.net\/site\/jose-comblin-o-legado-de-um-profeta\/"]}]},{"@type":"BreadcrumbList","@id":"https:\/\/www.oarcanjo.net\/site\/jose-comblin-o-legado-de-um-profeta\/#breadcrumb","itemListElement":[{"@type":"ListItem","position":1,"name":"In\u00edcio","item":"https:\/\/www.oarcanjo.net\/site\/"},{"@type":"ListItem","position":2,"name":"Jos\u00e9 Comblin, o legado de um profeta"}]},{"@type":"WebSite","@id":"https:\/\/www.oarcanjo.net\/site\/#website","url":"https:\/\/www.oarcanjo.net\/site\/","name":"O Arcanjo no ar","description":"Site da Par\u00f3quia S\u00e3o Miguel Arcanjo (Arquidiocese de SP)","publisher":{"@id":"https:\/\/www.oarcanjo.net\/site\/#organization"},"potentialAction":[{"@type":"SearchAction","target":{"@type":"EntryPoint","urlTemplate":"https:\/\/www.oarcanjo.net\/site\/?s={search_term_string}"},"query-input":{"@type":"PropertyValueSpecification","valueRequired":true,"valueName":"search_term_string"}}],"inLanguage":"pt-BR"},{"@type":"Organization","@id":"https:\/\/www.oarcanjo.net\/site\/#organization","name":"Par\u00f3quia S\u00e3o Miguel Arcanjo","url":"https:\/\/www.oarcanjo.net\/site\/","logo":{"@type":"ImageObject","inLanguage":"pt-BR","@id":"https:\/\/www.oarcanjo.net\/site\/#\/schema\/logo\/image\/","url":"https:\/\/www.oarcanjo.net\/site\/wp-content\/uploads\/LogoOArcanjo.png","contentUrl":"https:\/\/www.oarcanjo.net\/site\/wp-content\/uploads\/LogoOArcanjo.png","width":319,"height":99,"caption":"Par\u00f3quia S\u00e3o Miguel Arcanjo"},"image":{"@id":"https:\/\/www.oarcanjo.net\/site\/#\/schema\/logo\/image\/"},"sameAs":["https:\/\/www.facebook.com\/OArcanjoNoAr\/"]},{"@type":"Person","@id":"https:\/\/www.oarcanjo.net\/site\/#\/schema\/person\/f7024d007863202483a31326673a0838","name":"editor","sameAs":["http:\/\/www.oarcanjo.net"]}]}},"publishpress_future_action":{"enabled":false,"date":"2026-05-10 06:58:56","action":"category","newStatus":"draft","terms":[],"taxonomy":"category"},"publishpress_future_workflow_manual_trigger":{"enabledWorkflows":[]},"_links":{"self":[{"href":"https:\/\/www.oarcanjo.net\/site\/wp-json\/wp\/v2\/posts\/13741"}],"collection":[{"href":"https:\/\/www.oarcanjo.net\/site\/wp-json\/wp\/v2\/posts"}],"about":[{"href":"https:\/\/www.oarcanjo.net\/site\/wp-json\/wp\/v2\/types\/post"}],"author":[{"embeddable":true,"href":"https:\/\/www.oarcanjo.net\/site\/wp-json\/wp\/v2\/users\/5"}],"replies":[{"embeddable":true,"href":"https:\/\/www.oarcanjo.net\/site\/wp-json\/wp\/v2\/comments?post=13741"}],"version-history":[{"count":0,"href":"https:\/\/www.oarcanjo.net\/site\/wp-json\/wp\/v2\/posts\/13741\/revisions"}],"wp:attachment":[{"href":"https:\/\/www.oarcanjo.net\/site\/wp-json\/wp\/v2\/media?parent=13741"}],"wp:term":[{"taxonomy":"category","embeddable":true,"href":"https:\/\/www.oarcanjo.net\/site\/wp-json\/wp\/v2\/categories?post=13741"},{"taxonomy":"post_tag","embeddable":true,"href":"https:\/\/www.oarcanjo.net\/site\/wp-json\/wp\/v2\/tags?post=13741"}],"curies":[{"name":"wp","href":"https:\/\/api.w.org\/{rel}","templated":true}]}}