
{"id":1375,"date":"2009-01-10T08:49:42","date_gmt":"2009-01-10T10:49:42","guid":{"rendered":"http:\/\/www.oarcanjo.net\/site\/?p=1375"},"modified":"2009-02-08T13:51:17","modified_gmt":"2009-02-08T15:51:17","slug":"batismo-do-senhor","status":"publish","type":"post","link":"https:\/\/www.oarcanjo.net\/site\/batismo-do-senhor\/","title":{"rendered":"Batismo do Senhor"},"content":{"rendered":"<p><em>Clique abaixo para ouvir a homilia do Pe. J\u00falio na missa de 11 de janeiro:<\/em><\/p>\n[audio:Homilia20090111.mp3]\n<hr \/>\n<p>Neste domingo (11\/01) celebramos a festa do Batismo de JESUS, com esta festa encerramos o ciclo do Natal e iniciamos o TEMPO COMUM at\u00e9 a ter\u00e7a-feira que antecede as CINZAS dando in\u00edcio \u00e0 quaresma.<\/p>\n<p>O Batismo do Senhor \u00e9 a segunda Epifania, quando Jesus \u00e9 reconhecido e manifestado como o FILHO de DEUS, \u00e9 a inaugura\u00e7\u00e3o do seu minist\u00e9rio, o an\u00fancio do REINO DE DEUS.<\/p>\n<p>O Batismo do Senhor \u00e9 sua inser\u00e7\u00e3o no meio do povo sofrido em busca de VIDA e liberta\u00e7\u00e3o. O Batismo do Senhor nos remete ao nosso Batismo como perten\u00e7a ao POVO de DEUS, pedras vivas que formam a Igreja. Pelo Batismo somos chamados a viver como irm\u00e3os e a nos reconhecer como morada de DEUS e partic\u00edpes de seu minist\u00e9rio como sacerdote, profeta e rei.<\/p>\n<p>A celebra\u00e7\u00e3o do Batismo \u00e9 uma das mais belas celebra\u00e7\u00f5es lit\u00fargicas da Igreja, onde o rito manisfesta a beleza de gestos e palavras que comunicam a gra\u00e7a que nos transforma e humaniza.<\/p>\n<p>Batizar nos enternece e compromete, precisamos evangelizar os que batizamos, cuidar com carinho do seu crescimento na f\u00e9 e engajamento na vida comunit\u00e1ria e na transforma\u00e7\u00e3o do mundo quando nega a vida e desumaniza as rela\u00e7\u00f5es.<\/p>\n<p>Lembro com carinho o Pe. Rubens, da Igreja S\u00e3o Jos\u00e9 do Bel\u00e9m, que me batizou em 1949, faz um tempinho! Dos meus padrinhos Rafael e Francisca, meus av\u00f3s, j\u00e1 falecidos.<\/p>\n<p>O Batismo nos abre as portas para os sacramentos, para o compromisso, para a perten\u00e7a a Deus e a humanidade que se compromete em fazer o Bem.<\/p>\n<p>Pelo Batismo n\u00e3o somos melhores que os outros mas nos comprometemos em fazer pelos outros o melhor.<\/p>\n<p>Hoje renove o seu Batismo, reze pelo padre ou ministro que te batizou, reze por seu padrinho e madrinha, visite-os, telefone para eles, passe um e-mail, fa\u00e7a o mesmo pelos afilhados e afilhadas.<\/p>\n<p>Especialmente estarei rezando por todos e todas que um dia tive a gra\u00e7a de batizar.<\/p>\n<p><em>(Leia tamb\u00e9m o artigo do te\u00f3logo <a href=\"\/site\/index.php\/reflexao\/os-riscos-da-insercao\/\">Marcelo Barros sobre batismo e inser\u00e7\u00e3o<\/a>, compromisso do crist\u00e3o com a transforma\u00e7\u00e3o do mundo)<\/em><\/p>\n<p>Abaixo as fotos do Batizado do Rafael Dias Vilela realizado no dia 11 de janeiro de 2009, citado em coment\u00e1rio da m\u00e3e, Ana MIkaella:<br \/>ngg_shortcode_0_placeholder\n<div id=\"themify_builder_content-1375\" data-postid=\"1375\" class=\"themify_builder_content themify_builder_content-1375 themify_builder themify_builder_front\">\n\t<\/div>\n<!-- \/themify_builder_content -->","protected":false},"excerpt":{"rendered":"<p>Clique abaixo para ouvir a homilia do Pe. J\u00falio na missa de 11 de janeiro: [audio:Homilia20090111.mp3] Neste domingo (11\/01) celebramos a festa do Batismo de JESUS, com esta festa encerramos o ciclo do Natal e iniciamos o TEMPO COMUM at\u00e9 a ter\u00e7a-feira que antecede as CINZAS dando in\u00edcio \u00e0 quaresma. O Batismo do Senhor \u00e9 [&hellip;]<\/p>\n","protected":false},"author":4,"featured_media":0,"comment_status":"open","ping_status":"open","sticky":false,"template":"","format":"standard","meta":{"ngg_post_thumbnail":0,"footnotes":""},"categories":[4,5],"tags":[154,165],"yoast_head":"<!-- This site is optimized with the Yoast SEO plugin v23.5 - https:\/\/yoast.com\/wordpress\/plugins\/seo\/ -->\n<title>Batismo do Senhor - O Arcanjo no ar<\/title>\n<meta name=\"robots\" content=\"index, follow, max-snippet:-1, max-image-preview:large, max-video-preview:-1\" \/>\n<link rel=\"canonical\" href=\"https:\/\/www.oarcanjo.net\/site\/batismo-do-senhor\/\" \/>\n<meta property=\"og:locale\" content=\"pt_BR\" \/>\n<meta property=\"og:type\" content=\"article\" \/>\n<meta property=\"og:title\" content=\"Batismo do Senhor - O Arcanjo no ar\" \/>\n<meta property=\"og:description\" content=\"Clique abaixo para ouvir a homilia do Pe. J\u00falio na missa de 11 de janeiro: [audio:Homilia20090111.mp3] Neste domingo (11\/01) celebramos a festa do Batismo de JESUS, com esta festa encerramos o ciclo do Natal e iniciamos o TEMPO COMUM at\u00e9 a ter\u00e7a-feira que antecede as CINZAS dando in\u00edcio \u00e0 quaresma. O Batismo do Senhor \u00e9 [&hellip;]\" \/>\n<meta property=\"og:url\" content=\"https:\/\/www.oarcanjo.net\/site\/batismo-do-senhor\/\" \/>\n<meta property=\"og:site_name\" content=\"O Arcanjo no ar\" \/>\n<meta property=\"article:publisher\" content=\"https:\/\/www.facebook.com\/OArcanjoNoAr\/\" \/>\n<meta property=\"article:published_time\" content=\"2009-01-10T10:49:42+00:00\" \/>\n<meta property=\"article:modified_time\" content=\"2009-02-08T15:51:17+00:00\" \/>\n<meta property=\"og:image\" content=\"https:\/\/www.oarcanjo.net\/site\/wp-content\/uploads\/batizado-11-01-2009-150x150.jpg\" \/>\n<meta name=\"author\" content=\"julio\" \/>\n<meta name=\"twitter:card\" content=\"summary_large_image\" \/>\n<meta name=\"twitter:label1\" content=\"Escrito por\" \/>\n\t<meta name=\"twitter:data1\" content=\"julio\" \/>\n\t<meta name=\"twitter:label2\" content=\"Est. tempo de leitura\" \/>\n\t<meta name=\"twitter:data2\" content=\"2 minutos\" \/>\n<script type=\"application\/ld+json\" class=\"yoast-schema-graph\">{\"@context\":\"https:\/\/schema.org\",\"@graph\":[{\"@type\":\"Article\",\"@id\":\"https:\/\/www.oarcanjo.net\/site\/batismo-do-senhor\/#article\",\"isPartOf\":{\"@id\":\"https:\/\/www.oarcanjo.net\/site\/batismo-do-senhor\/\"},\"author\":{\"name\":\"julio\",\"@id\":\"https:\/\/www.oarcanjo.net\/site\/#\/schema\/person\/d78ea01c648c91e29c364b516767079e\"},\"headline\":\"Batismo do Senhor\",\"datePublished\":\"2009-01-10T10:49:42+00:00\",\"dateModified\":\"2009-02-08T15:51:17+00:00\",\"mainEntityOfPage\":{\"@id\":\"https:\/\/www.oarcanjo.net\/site\/batismo-do-senhor\/\"},\"wordCount\":408,\"commentCount\":15,\"publisher\":{\"@id\":\"https:\/\/www.oarcanjo.net\/site\/#organization\"},\"keywords\":[\"Batismo\",\"compromisso\"],\"articleSection\":[\"Blog\",\"Voz do Arcanjo\"],\"inLanguage\":\"pt-BR\",\"potentialAction\":[{\"@type\":\"CommentAction\",\"name\":\"Comment\",\"target\":[\"https:\/\/www.oarcanjo.net\/site\/batismo-do-senhor\/#respond\"]}]},{\"@type\":\"WebPage\",\"@id\":\"https:\/\/www.oarcanjo.net\/site\/batismo-do-senhor\/\",\"url\":\"https:\/\/www.oarcanjo.net\/site\/batismo-do-senhor\/\",\"name\":\"Batismo do Senhor - O Arcanjo no ar\",\"isPartOf\":{\"@id\":\"https:\/\/www.oarcanjo.net\/site\/#website\"},\"datePublished\":\"2009-01-10T10:49:42+00:00\",\"dateModified\":\"2009-02-08T15:51:17+00:00\",\"breadcrumb\":{\"@id\":\"https:\/\/www.oarcanjo.net\/site\/batismo-do-senhor\/#breadcrumb\"},\"inLanguage\":\"pt-BR\",\"potentialAction\":[{\"@type\":\"ReadAction\",\"target\":[\"https:\/\/www.oarcanjo.net\/site\/batismo-do-senhor\/\"]}]},{\"@type\":\"BreadcrumbList\",\"@id\":\"https:\/\/www.oarcanjo.net\/site\/batismo-do-senhor\/#breadcrumb\",\"itemListElement\":[{\"@type\":\"ListItem\",\"position\":1,\"name\":\"In\u00edcio\",\"item\":\"https:\/\/www.oarcanjo.net\/site\/\"},{\"@type\":\"ListItem\",\"position\":2,\"name\":\"Batismo do Senhor\"}]},{\"@type\":\"WebSite\",\"@id\":\"https:\/\/www.oarcanjo.net\/site\/#website\",\"url\":\"https:\/\/www.oarcanjo.net\/site\/\",\"name\":\"O Arcanjo no ar\",\"description\":\"Site da Par\u00f3quia S\u00e3o Miguel Arcanjo (Arquidiocese de SP)\",\"publisher\":{\"@id\":\"https:\/\/www.oarcanjo.net\/site\/#organization\"},\"potentialAction\":[{\"@type\":\"SearchAction\",\"target\":{\"@type\":\"EntryPoint\",\"urlTemplate\":\"https:\/\/www.oarcanjo.net\/site\/?s={search_term_string}\"},\"query-input\":{\"@type\":\"PropertyValueSpecification\",\"valueRequired\":true,\"valueName\":\"search_term_string\"}}],\"inLanguage\":\"pt-BR\"},{\"@type\":\"Organization\",\"@id\":\"https:\/\/www.oarcanjo.net\/site\/#organization\",\"name\":\"Par\u00f3quia S\u00e3o Miguel Arcanjo\",\"url\":\"https:\/\/www.oarcanjo.net\/site\/\",\"logo\":{\"@type\":\"ImageObject\",\"inLanguage\":\"pt-BR\",\"@id\":\"https:\/\/www.oarcanjo.net\/site\/#\/schema\/logo\/image\/\",\"url\":\"https:\/\/www.oarcanjo.net\/site\/wp-content\/uploads\/LogoOArcanjo.png\",\"contentUrl\":\"https:\/\/www.oarcanjo.net\/site\/wp-content\/uploads\/LogoOArcanjo.png\",\"width\":319,\"height\":99,\"caption\":\"Par\u00f3quia S\u00e3o Miguel Arcanjo\"},\"image\":{\"@id\":\"https:\/\/www.oarcanjo.net\/site\/#\/schema\/logo\/image\/\"},\"sameAs\":[\"https:\/\/www.facebook.com\/OArcanjoNoAr\/\"]},{\"@type\":\"Person\",\"@id\":\"https:\/\/www.oarcanjo.net\/site\/#\/schema\/person\/d78ea01c648c91e29c364b516767079e\",\"name\":\"julio\",\"sameAs\":[\"http:\/\/www.oarcanjo.net\"]}]}<\/script>\n<!-- \/ Yoast SEO plugin. -->","yoast_head_json":{"title":"Batismo do Senhor - O Arcanjo no ar","robots":{"index":"index","follow":"follow","max-snippet":"max-snippet:-1","max-image-preview":"max-image-preview:large","max-video-preview":"max-video-preview:-1"},"canonical":"https:\/\/www.oarcanjo.net\/site\/batismo-do-senhor\/","og_locale":"pt_BR","og_type":"article","og_title":"Batismo do Senhor - O Arcanjo no ar","og_description":"Clique abaixo para ouvir a homilia do Pe. J\u00falio na missa de 11 de janeiro: [audio:Homilia20090111.mp3] Neste domingo (11\/01) celebramos a festa do Batismo de JESUS, com esta festa encerramos o ciclo do Natal e iniciamos o TEMPO COMUM at\u00e9 a ter\u00e7a-feira que antecede as CINZAS dando in\u00edcio \u00e0 quaresma. O Batismo do Senhor \u00e9 [&hellip;]","og_url":"https:\/\/www.oarcanjo.net\/site\/batismo-do-senhor\/","og_site_name":"O Arcanjo no ar","article_publisher":"https:\/\/www.facebook.com\/OArcanjoNoAr\/","article_published_time":"2009-01-10T10:49:42+00:00","article_modified_time":"2009-02-08T15:51:17+00:00","og_image":[{"url":"https:\/\/www.oarcanjo.net\/site\/wp-content\/uploads\/batizado-11-01-2009-150x150.jpg"}],"author":"julio","twitter_card":"summary_large_image","twitter_misc":{"Escrito por":"julio","Est. tempo de leitura":"2 minutos"},"schema":{"@context":"https:\/\/schema.org","@graph":[{"@type":"Article","@id":"https:\/\/www.oarcanjo.net\/site\/batismo-do-senhor\/#article","isPartOf":{"@id":"https:\/\/www.oarcanjo.net\/site\/batismo-do-senhor\/"},"author":{"name":"julio","@id":"https:\/\/www.oarcanjo.net\/site\/#\/schema\/person\/d78ea01c648c91e29c364b516767079e"},"headline":"Batismo do Senhor","datePublished":"2009-01-10T10:49:42+00:00","dateModified":"2009-02-08T15:51:17+00:00","mainEntityOfPage":{"@id":"https:\/\/www.oarcanjo.net\/site\/batismo-do-senhor\/"},"wordCount":408,"commentCount":15,"publisher":{"@id":"https:\/\/www.oarcanjo.net\/site\/#organization"},"keywords":["Batismo","compromisso"],"articleSection":["Blog","Voz do Arcanjo"],"inLanguage":"pt-BR","potentialAction":[{"@type":"CommentAction","name":"Comment","target":["https:\/\/www.oarcanjo.net\/site\/batismo-do-senhor\/#respond"]}]},{"@type":"WebPage","@id":"https:\/\/www.oarcanjo.net\/site\/batismo-do-senhor\/","url":"https:\/\/www.oarcanjo.net\/site\/batismo-do-senhor\/","name":"Batismo do Senhor - O Arcanjo no ar","isPartOf":{"@id":"https:\/\/www.oarcanjo.net\/site\/#website"},"datePublished":"2009-01-10T10:49:42+00:00","dateModified":"2009-02-08T15:51:17+00:00","breadcrumb":{"@id":"https:\/\/www.oarcanjo.net\/site\/batismo-do-senhor\/#breadcrumb"},"inLanguage":"pt-BR","potentialAction":[{"@type":"ReadAction","target":["https:\/\/www.oarcanjo.net\/site\/batismo-do-senhor\/"]}]},{"@type":"BreadcrumbList","@id":"https:\/\/www.oarcanjo.net\/site\/batismo-do-senhor\/#breadcrumb","itemListElement":[{"@type":"ListItem","position":1,"name":"In\u00edcio","item":"https:\/\/www.oarcanjo.net\/site\/"},{"@type":"ListItem","position":2,"name":"Batismo do Senhor"}]},{"@type":"WebSite","@id":"https:\/\/www.oarcanjo.net\/site\/#website","url":"https:\/\/www.oarcanjo.net\/site\/","name":"O Arcanjo no ar","description":"Site da Par\u00f3quia S\u00e3o Miguel Arcanjo (Arquidiocese de SP)","publisher":{"@id":"https:\/\/www.oarcanjo.net\/site\/#organization"},"potentialAction":[{"@type":"SearchAction","target":{"@type":"EntryPoint","urlTemplate":"https:\/\/www.oarcanjo.net\/site\/?s={search_term_string}"},"query-input":{"@type":"PropertyValueSpecification","valueRequired":true,"valueName":"search_term_string"}}],"inLanguage":"pt-BR"},{"@type":"Organization","@id":"https:\/\/www.oarcanjo.net\/site\/#organization","name":"Par\u00f3quia S\u00e3o Miguel Arcanjo","url":"https:\/\/www.oarcanjo.net\/site\/","logo":{"@type":"ImageObject","inLanguage":"pt-BR","@id":"https:\/\/www.oarcanjo.net\/site\/#\/schema\/logo\/image\/","url":"https:\/\/www.oarcanjo.net\/site\/wp-content\/uploads\/LogoOArcanjo.png","contentUrl":"https:\/\/www.oarcanjo.net\/site\/wp-content\/uploads\/LogoOArcanjo.png","width":319,"height":99,"caption":"Par\u00f3quia S\u00e3o Miguel Arcanjo"},"image":{"@id":"https:\/\/www.oarcanjo.net\/site\/#\/schema\/logo\/image\/"},"sameAs":["https:\/\/www.facebook.com\/OArcanjoNoAr\/"]},{"@type":"Person","@id":"https:\/\/www.oarcanjo.net\/site\/#\/schema\/person\/d78ea01c648c91e29c364b516767079e","name":"julio","sameAs":["http:\/\/www.oarcanjo.net"]}]}},"publishpress_future_action":{"enabled":false,"date":"2026-05-07 09:36:28","action":"category","newStatus":"draft","terms":[],"taxonomy":"category"},"publishpress_future_workflow_manual_trigger":{"enabledWorkflows":[]},"_links":{"self":[{"href":"https:\/\/www.oarcanjo.net\/site\/wp-json\/wp\/v2\/posts\/1375"}],"collection":[{"href":"https:\/\/www.oarcanjo.net\/site\/wp-json\/wp\/v2\/posts"}],"about":[{"href":"https:\/\/www.oarcanjo.net\/site\/wp-json\/wp\/v2\/types\/post"}],"author":[{"embeddable":true,"href":"https:\/\/www.oarcanjo.net\/site\/wp-json\/wp\/v2\/users\/4"}],"replies":[{"embeddable":true,"href":"https:\/\/www.oarcanjo.net\/site\/wp-json\/wp\/v2\/comments?post=1375"}],"version-history":[{"count":0,"href":"https:\/\/www.oarcanjo.net\/site\/wp-json\/wp\/v2\/posts\/1375\/revisions"}],"wp:attachment":[{"href":"https:\/\/www.oarcanjo.net\/site\/wp-json\/wp\/v2\/media?parent=1375"}],"wp:term":[{"taxonomy":"category","embeddable":true,"href":"https:\/\/www.oarcanjo.net\/site\/wp-json\/wp\/v2\/categories?post=1375"},{"taxonomy":"post_tag","embeddable":true,"href":"https:\/\/www.oarcanjo.net\/site\/wp-json\/wp\/v2\/tags?post=1375"}],"curies":[{"name":"wp","href":"https:\/\/api.w.org\/{rel}","templated":true}]}}