
{"id":13750,"date":"2011-04-07T17:47:23","date_gmt":"2011-04-07T20:47:23","guid":{"rendered":"http:\/\/www.oarcanjo.net\/site\/?p=13750"},"modified":"2011-04-08T07:49:27","modified_gmt":"2011-04-08T10:49:27","slug":"nota-do-arcebispo-do-rio-sobre-o-ataque-na-escola-tasso-fragoso-da-silveira","status":"publish","type":"post","link":"https:\/\/www.oarcanjo.net\/site\/nota-do-arcebispo-do-rio-sobre-o-ataque-na-escola-tasso-fragoso-da-silveira\/","title":{"rendered":"Nota do arcebispo do Rio sobre o ataque na escola Tasso Fragoso da Silveira"},"content":{"rendered":"<p>O atentado a tiros contra alunos, alunas, funcion\u00e1rios e outras pessoas, agora pela manh\u00e3, na Escola Municipal Tasso Fragoso da Silveira, em Realengo, zona oeste de nossa cidade, que resultou tamb\u00e9m em mortos e com a consequente morte do atirador, feriu n\u00e3o s\u00f3 aqueles que foram atingidos, mas tamb\u00e9m a todos os cariocas.<\/p>\n<p>Como Pastor desta Arquidiocese, lamento profundamente o acontecido, rezo e uno-me \u00e0 dor de todos que foram vitimados,  pais, familiares e amigos. Pe\u00e7o ao Senhor Jesus, neste tempo de Quaresma, que a todos conforte e envio tamb\u00e9m uma b\u00ean\u00e7\u00e3o especial, pedindo a Deus que tal fato n\u00e3o volte a acontecer em nossa cidade.<\/p>\n<p>Rio de Janeiro, 7 de abril de 2011<br \/>\nDom Orani Jo\u00e3o Tempesta<br \/>\nArcebispo do Rio de Janeiro<\/p>\n<p>&nbsp;<\/p>\n<div id=\"themify_builder_content-13750\" data-postid=\"13750\" class=\"themify_builder_content themify_builder_content-13750 themify_builder themify_builder_front\">\n\t<\/div>\n<!-- \/themify_builder_content -->","protected":false},"excerpt":{"rendered":"<p>O atentado a tiros contra alunos, alunas, funcion\u00e1rios e outras pessoas, agora pela manh\u00e3, na Escola Municipal Tasso Fragoso da Silveira, em Realengo, zona oeste de nossa cidade, que resultou tamb\u00e9m em mortos e com a consequente morte do atirador, feriu n\u00e3o s\u00f3 aqueles que foram atingidos, mas tamb\u00e9m a todos os cariocas. Como Pastor [&hellip;]<\/p>\n","protected":false},"author":5,"featured_media":0,"comment_status":"open","ping_status":"open","sticky":false,"template":"","format":"standard","meta":{"ngg_post_thumbnail":0,"footnotes":""},"categories":[8],"tags":[1863,1561,133],"yoast_head":"<!-- This site is optimized with the Yoast SEO plugin v23.5 - https:\/\/yoast.com\/wordpress\/plugins\/seo\/ -->\n<title>Nota do arcebispo do Rio sobre o ataque na escola Tasso Fragoso da Silveira - O Arcanjo no ar<\/title>\n<meta name=\"robots\" content=\"index, follow, max-snippet:-1, max-image-preview:large, max-video-preview:-1\" \/>\n<link rel=\"canonical\" href=\"https:\/\/www.oarcanjo.net\/site\/nota-do-arcebispo-do-rio-sobre-o-ataque-na-escola-tasso-fragoso-da-silveira\/\" \/>\n<meta property=\"og:locale\" content=\"pt_BR\" \/>\n<meta property=\"og:type\" content=\"article\" \/>\n<meta property=\"og:title\" content=\"Nota do arcebispo do Rio sobre o ataque na escola Tasso Fragoso da Silveira - O Arcanjo no ar\" \/>\n<meta property=\"og:description\" content=\"O atentado a tiros contra alunos, alunas, funcion\u00e1rios e outras pessoas, agora pela manh\u00e3, na Escola Municipal Tasso Fragoso da Silveira, em Realengo, zona oeste de nossa cidade, que resultou tamb\u00e9m em mortos e com a consequente morte do atirador, feriu n\u00e3o s\u00f3 aqueles que foram atingidos, mas tamb\u00e9m a todos os cariocas. Como Pastor [&hellip;]\" \/>\n<meta property=\"og:url\" content=\"https:\/\/www.oarcanjo.net\/site\/nota-do-arcebispo-do-rio-sobre-o-ataque-na-escola-tasso-fragoso-da-silveira\/\" \/>\n<meta property=\"og:site_name\" content=\"O Arcanjo no ar\" \/>\n<meta property=\"article:publisher\" content=\"https:\/\/www.facebook.com\/OArcanjoNoAr\/\" \/>\n<meta property=\"article:published_time\" content=\"2011-04-07T20:47:23+00:00\" \/>\n<meta property=\"article:modified_time\" content=\"2011-04-08T10:49:27+00:00\" \/>\n<meta property=\"og:image\" content=\"https:\/\/www.oarcanjo.net\/site\/wp-content\/uploads\/logo-o-arcanjo-no-ar-facebook.png\" \/>\n\t<meta property=\"og:image:width\" content=\"300\" \/>\n\t<meta property=\"og:image:height\" content=\"300\" \/>\n\t<meta property=\"og:image:type\" content=\"image\/png\" \/>\n<meta name=\"author\" content=\"editor\" \/>\n<meta name=\"twitter:card\" content=\"summary_large_image\" \/>\n<meta name=\"twitter:label1\" content=\"Escrito por\" \/>\n\t<meta name=\"twitter:data1\" content=\"editor\" \/>\n\t<meta name=\"twitter:label2\" content=\"Est. tempo de leitura\" \/>\n\t<meta name=\"twitter:data2\" content=\"1 minuto\" \/>\n<script type=\"application\/ld+json\" class=\"yoast-schema-graph\">{\"@context\":\"https:\/\/schema.org\",\"@graph\":[{\"@type\":\"Article\",\"@id\":\"https:\/\/www.oarcanjo.net\/site\/nota-do-arcebispo-do-rio-sobre-o-ataque-na-escola-tasso-fragoso-da-silveira\/#article\",\"isPartOf\":{\"@id\":\"https:\/\/www.oarcanjo.net\/site\/nota-do-arcebispo-do-rio-sobre-o-ataque-na-escola-tasso-fragoso-da-silveira\/\"},\"author\":{\"name\":\"editor\",\"@id\":\"https:\/\/www.oarcanjo.net\/site\/#\/schema\/person\/f7024d007863202483a31326673a0838\"},\"headline\":\"Nota do arcebispo do Rio sobre o ataque na escola Tasso Fragoso da Silveira\",\"datePublished\":\"2011-04-07T20:47:23+00:00\",\"dateModified\":\"2011-04-08T10:49:27+00:00\",\"mainEntityOfPage\":{\"@id\":\"https:\/\/www.oarcanjo.net\/site\/nota-do-arcebispo-do-rio-sobre-o-ataque-na-escola-tasso-fragoso-da-silveira\/\"},\"wordCount\":145,\"commentCount\":0,\"publisher\":{\"@id\":\"https:\/\/www.oarcanjo.net\/site\/#organization\"},\"keywords\":[\"atirador\",\"Rio de Janeiro\",\"trag\u00e9dia\"],\"articleSection\":[\"Not\u00edcias\"],\"inLanguage\":\"pt-BR\",\"potentialAction\":[{\"@type\":\"CommentAction\",\"name\":\"Comment\",\"target\":[\"https:\/\/www.oarcanjo.net\/site\/nota-do-arcebispo-do-rio-sobre-o-ataque-na-escola-tasso-fragoso-da-silveira\/#respond\"]}]},{\"@type\":\"WebPage\",\"@id\":\"https:\/\/www.oarcanjo.net\/site\/nota-do-arcebispo-do-rio-sobre-o-ataque-na-escola-tasso-fragoso-da-silveira\/\",\"url\":\"https:\/\/www.oarcanjo.net\/site\/nota-do-arcebispo-do-rio-sobre-o-ataque-na-escola-tasso-fragoso-da-silveira\/\",\"name\":\"Nota do arcebispo do Rio sobre o ataque na escola Tasso Fragoso da Silveira - O Arcanjo no ar\",\"isPartOf\":{\"@id\":\"https:\/\/www.oarcanjo.net\/site\/#website\"},\"datePublished\":\"2011-04-07T20:47:23+00:00\",\"dateModified\":\"2011-04-08T10:49:27+00:00\",\"breadcrumb\":{\"@id\":\"https:\/\/www.oarcanjo.net\/site\/nota-do-arcebispo-do-rio-sobre-o-ataque-na-escola-tasso-fragoso-da-silveira\/#breadcrumb\"},\"inLanguage\":\"pt-BR\",\"potentialAction\":[{\"@type\":\"ReadAction\",\"target\":[\"https:\/\/www.oarcanjo.net\/site\/nota-do-arcebispo-do-rio-sobre-o-ataque-na-escola-tasso-fragoso-da-silveira\/\"]}]},{\"@type\":\"BreadcrumbList\",\"@id\":\"https:\/\/www.oarcanjo.net\/site\/nota-do-arcebispo-do-rio-sobre-o-ataque-na-escola-tasso-fragoso-da-silveira\/#breadcrumb\",\"itemListElement\":[{\"@type\":\"ListItem\",\"position\":1,\"name\":\"In\u00edcio\",\"item\":\"https:\/\/www.oarcanjo.net\/site\/\"},{\"@type\":\"ListItem\",\"position\":2,\"name\":\"Nota do arcebispo do Rio sobre o ataque na escola Tasso Fragoso da Silveira\"}]},{\"@type\":\"WebSite\",\"@id\":\"https:\/\/www.oarcanjo.net\/site\/#website\",\"url\":\"https:\/\/www.oarcanjo.net\/site\/\",\"name\":\"O Arcanjo no ar\",\"description\":\"Site da Par\u00f3quia S\u00e3o Miguel Arcanjo (Arquidiocese de SP)\",\"publisher\":{\"@id\":\"https:\/\/www.oarcanjo.net\/site\/#organization\"},\"potentialAction\":[{\"@type\":\"SearchAction\",\"target\":{\"@type\":\"EntryPoint\",\"urlTemplate\":\"https:\/\/www.oarcanjo.net\/site\/?s={search_term_string}\"},\"query-input\":{\"@type\":\"PropertyValueSpecification\",\"valueRequired\":true,\"valueName\":\"search_term_string\"}}],\"inLanguage\":\"pt-BR\"},{\"@type\":\"Organization\",\"@id\":\"https:\/\/www.oarcanjo.net\/site\/#organization\",\"name\":\"Par\u00f3quia S\u00e3o Miguel Arcanjo\",\"url\":\"https:\/\/www.oarcanjo.net\/site\/\",\"logo\":{\"@type\":\"ImageObject\",\"inLanguage\":\"pt-BR\",\"@id\":\"https:\/\/www.oarcanjo.net\/site\/#\/schema\/logo\/image\/\",\"url\":\"https:\/\/www.oarcanjo.net\/site\/wp-content\/uploads\/LogoOArcanjo.png\",\"contentUrl\":\"https:\/\/www.oarcanjo.net\/site\/wp-content\/uploads\/LogoOArcanjo.png\",\"width\":319,\"height\":99,\"caption\":\"Par\u00f3quia S\u00e3o Miguel Arcanjo\"},\"image\":{\"@id\":\"https:\/\/www.oarcanjo.net\/site\/#\/schema\/logo\/image\/\"},\"sameAs\":[\"https:\/\/www.facebook.com\/OArcanjoNoAr\/\"]},{\"@type\":\"Person\",\"@id\":\"https:\/\/www.oarcanjo.net\/site\/#\/schema\/person\/f7024d007863202483a31326673a0838\",\"name\":\"editor\",\"sameAs\":[\"http:\/\/www.oarcanjo.net\"]}]}<\/script>\n<!-- \/ Yoast SEO plugin. -->","yoast_head_json":{"title":"Nota do arcebispo do Rio sobre o ataque na escola Tasso Fragoso da Silveira - O Arcanjo no ar","robots":{"index":"index","follow":"follow","max-snippet":"max-snippet:-1","max-image-preview":"max-image-preview:large","max-video-preview":"max-video-preview:-1"},"canonical":"https:\/\/www.oarcanjo.net\/site\/nota-do-arcebispo-do-rio-sobre-o-ataque-na-escola-tasso-fragoso-da-silveira\/","og_locale":"pt_BR","og_type":"article","og_title":"Nota do arcebispo do Rio sobre o ataque na escola Tasso Fragoso da Silveira - O Arcanjo no ar","og_description":"O atentado a tiros contra alunos, alunas, funcion\u00e1rios e outras pessoas, agora pela manh\u00e3, na Escola Municipal Tasso Fragoso da Silveira, em Realengo, zona oeste de nossa cidade, que resultou tamb\u00e9m em mortos e com a consequente morte do atirador, feriu n\u00e3o s\u00f3 aqueles que foram atingidos, mas tamb\u00e9m a todos os cariocas. Como Pastor [&hellip;]","og_url":"https:\/\/www.oarcanjo.net\/site\/nota-do-arcebispo-do-rio-sobre-o-ataque-na-escola-tasso-fragoso-da-silveira\/","og_site_name":"O Arcanjo no ar","article_publisher":"https:\/\/www.facebook.com\/OArcanjoNoAr\/","article_published_time":"2011-04-07T20:47:23+00:00","article_modified_time":"2011-04-08T10:49:27+00:00","og_image":[{"width":300,"height":300,"url":"https:\/\/www.oarcanjo.net\/site\/wp-content\/uploads\/logo-o-arcanjo-no-ar-facebook.png","type":"image\/png"}],"author":"editor","twitter_card":"summary_large_image","twitter_misc":{"Escrito por":"editor","Est. tempo de leitura":"1 minuto"},"schema":{"@context":"https:\/\/schema.org","@graph":[{"@type":"Article","@id":"https:\/\/www.oarcanjo.net\/site\/nota-do-arcebispo-do-rio-sobre-o-ataque-na-escola-tasso-fragoso-da-silveira\/#article","isPartOf":{"@id":"https:\/\/www.oarcanjo.net\/site\/nota-do-arcebispo-do-rio-sobre-o-ataque-na-escola-tasso-fragoso-da-silveira\/"},"author":{"name":"editor","@id":"https:\/\/www.oarcanjo.net\/site\/#\/schema\/person\/f7024d007863202483a31326673a0838"},"headline":"Nota do arcebispo do Rio sobre o ataque na escola Tasso Fragoso da Silveira","datePublished":"2011-04-07T20:47:23+00:00","dateModified":"2011-04-08T10:49:27+00:00","mainEntityOfPage":{"@id":"https:\/\/www.oarcanjo.net\/site\/nota-do-arcebispo-do-rio-sobre-o-ataque-na-escola-tasso-fragoso-da-silveira\/"},"wordCount":145,"commentCount":0,"publisher":{"@id":"https:\/\/www.oarcanjo.net\/site\/#organization"},"keywords":["atirador","Rio de Janeiro","trag\u00e9dia"],"articleSection":["Not\u00edcias"],"inLanguage":"pt-BR","potentialAction":[{"@type":"CommentAction","name":"Comment","target":["https:\/\/www.oarcanjo.net\/site\/nota-do-arcebispo-do-rio-sobre-o-ataque-na-escola-tasso-fragoso-da-silveira\/#respond"]}]},{"@type":"WebPage","@id":"https:\/\/www.oarcanjo.net\/site\/nota-do-arcebispo-do-rio-sobre-o-ataque-na-escola-tasso-fragoso-da-silveira\/","url":"https:\/\/www.oarcanjo.net\/site\/nota-do-arcebispo-do-rio-sobre-o-ataque-na-escola-tasso-fragoso-da-silveira\/","name":"Nota do arcebispo do Rio sobre o ataque na escola Tasso Fragoso da Silveira - O Arcanjo no ar","isPartOf":{"@id":"https:\/\/www.oarcanjo.net\/site\/#website"},"datePublished":"2011-04-07T20:47:23+00:00","dateModified":"2011-04-08T10:49:27+00:00","breadcrumb":{"@id":"https:\/\/www.oarcanjo.net\/site\/nota-do-arcebispo-do-rio-sobre-o-ataque-na-escola-tasso-fragoso-da-silveira\/#breadcrumb"},"inLanguage":"pt-BR","potentialAction":[{"@type":"ReadAction","target":["https:\/\/www.oarcanjo.net\/site\/nota-do-arcebispo-do-rio-sobre-o-ataque-na-escola-tasso-fragoso-da-silveira\/"]}]},{"@type":"BreadcrumbList","@id":"https:\/\/www.oarcanjo.net\/site\/nota-do-arcebispo-do-rio-sobre-o-ataque-na-escola-tasso-fragoso-da-silveira\/#breadcrumb","itemListElement":[{"@type":"ListItem","position":1,"name":"In\u00edcio","item":"https:\/\/www.oarcanjo.net\/site\/"},{"@type":"ListItem","position":2,"name":"Nota do arcebispo do Rio sobre o ataque na escola Tasso Fragoso da Silveira"}]},{"@type":"WebSite","@id":"https:\/\/www.oarcanjo.net\/site\/#website","url":"https:\/\/www.oarcanjo.net\/site\/","name":"O Arcanjo no ar","description":"Site da Par\u00f3quia S\u00e3o Miguel Arcanjo (Arquidiocese de SP)","publisher":{"@id":"https:\/\/www.oarcanjo.net\/site\/#organization"},"potentialAction":[{"@type":"SearchAction","target":{"@type":"EntryPoint","urlTemplate":"https:\/\/www.oarcanjo.net\/site\/?s={search_term_string}"},"query-input":{"@type":"PropertyValueSpecification","valueRequired":true,"valueName":"search_term_string"}}],"inLanguage":"pt-BR"},{"@type":"Organization","@id":"https:\/\/www.oarcanjo.net\/site\/#organization","name":"Par\u00f3quia S\u00e3o Miguel Arcanjo","url":"https:\/\/www.oarcanjo.net\/site\/","logo":{"@type":"ImageObject","inLanguage":"pt-BR","@id":"https:\/\/www.oarcanjo.net\/site\/#\/schema\/logo\/image\/","url":"https:\/\/www.oarcanjo.net\/site\/wp-content\/uploads\/LogoOArcanjo.png","contentUrl":"https:\/\/www.oarcanjo.net\/site\/wp-content\/uploads\/LogoOArcanjo.png","width":319,"height":99,"caption":"Par\u00f3quia S\u00e3o Miguel Arcanjo"},"image":{"@id":"https:\/\/www.oarcanjo.net\/site\/#\/schema\/logo\/image\/"},"sameAs":["https:\/\/www.facebook.com\/OArcanjoNoAr\/"]},{"@type":"Person","@id":"https:\/\/www.oarcanjo.net\/site\/#\/schema\/person\/f7024d007863202483a31326673a0838","name":"editor","sameAs":["http:\/\/www.oarcanjo.net"]}]}},"publishpress_future_action":{"enabled":false,"date":"2026-05-09 07:46:38","action":"category","newStatus":"draft","terms":[],"taxonomy":"category"},"publishpress_future_workflow_manual_trigger":{"enabledWorkflows":[]},"_links":{"self":[{"href":"https:\/\/www.oarcanjo.net\/site\/wp-json\/wp\/v2\/posts\/13750"}],"collection":[{"href":"https:\/\/www.oarcanjo.net\/site\/wp-json\/wp\/v2\/posts"}],"about":[{"href":"https:\/\/www.oarcanjo.net\/site\/wp-json\/wp\/v2\/types\/post"}],"author":[{"embeddable":true,"href":"https:\/\/www.oarcanjo.net\/site\/wp-json\/wp\/v2\/users\/5"}],"replies":[{"embeddable":true,"href":"https:\/\/www.oarcanjo.net\/site\/wp-json\/wp\/v2\/comments?post=13750"}],"version-history":[{"count":0,"href":"https:\/\/www.oarcanjo.net\/site\/wp-json\/wp\/v2\/posts\/13750\/revisions"}],"wp:attachment":[{"href":"https:\/\/www.oarcanjo.net\/site\/wp-json\/wp\/v2\/media?parent=13750"}],"wp:term":[{"taxonomy":"category","embeddable":true,"href":"https:\/\/www.oarcanjo.net\/site\/wp-json\/wp\/v2\/categories?post=13750"},{"taxonomy":"post_tag","embeddable":true,"href":"https:\/\/www.oarcanjo.net\/site\/wp-json\/wp\/v2\/tags?post=13750"}],"curies":[{"name":"wp","href":"https:\/\/api.w.org\/{rel}","templated":true}]}}