
{"id":13756,"date":"2011-04-08T15:19:27","date_gmt":"2011-04-08T18:19:27","guid":{"rendered":"http:\/\/www.oarcanjo.net\/site\/?p=13756"},"modified":"2011-04-08T15:19:27","modified_gmt":"2011-04-08T18:19:27","slug":"palavra-e-silencio","status":"publish","type":"post","link":"https:\/\/www.oarcanjo.net\/site\/palavra-e-silencio\/","title":{"rendered":"Palavra e sil\u00eancio"},"content":{"rendered":"<p style=\"text-align: justify;\"><em>Pe. Alfredo J. Gon\u00e7alves, CS<\/em><\/p>\n<p style=\"text-align: justify;\">O que dizer deste tr\u00e1gico e inesquec\u00edvel dia 7 de abril carioca? O que dizer frente ao massacre de 12 crian\u00e7as e adolescentes em plena sala de aula? O que dizer, na noite seguinte, diante dos muros revestidos de flores e velas da Escola Municipal de Realengo, zona oeste do Rio de Janeiro? O que dizer de uma viol\u00eancia t\u00e3o nua e crua, t\u00e3o fria e meticulosamente calculada?<\/p>\n<p style=\"text-align: justify;\">As palavras emudecem. Emudece a escola Tasso de Oliveira, com suas paredes\u00a0 banhadas de sangue inocente. Igualmente mudos ficam a Cidade Maravilhosa, o Brasil e o Mundo. Mudos e atordoados, estupefatos, quedamos todos n\u00f3s! Palavras como perplexidade, terror, barb\u00e1rie ficam aqu\u00e9m dos fatos brutais&#8230; Infinitamente aqu\u00e9m! Parece que s\u00f3 o sil\u00eancio respeitoso e reverente \u00e9 capaz de dizer algo. No sangrento espet\u00e1culo de vidas t\u00e3o precocemente ceifadas, as palavras parecem sobrar ou faltar. Ser\u00e3o sempre de mais ou de menos.<\/p>\n<p style=\"text-align: justify;\">Entretanto, n\u00e3o basta o sil\u00eancio! Ainda que as palavras sejam de menos, \u00e9 preciso arriscar algumas, sob pena de cumplicidade ou omiss\u00e3o. Mas, de forma insistente, volta a pergunta: o que dizer?<\/p>\n<p style=\"text-align: justify;\">O que dizer no enterro doloroso dessas meninas e meninos, separados t\u00e3o cedo e t\u00e3o cruelmente de seus sonhos e projetos, de suas fam\u00edlias e amigos? O que dizer sobre seus pequenos caix\u00f5es que velam e revelam bot\u00f5es murchos antes de se abrirem? Ora\u00e7\u00f5es? Flores? L\u00e1grimas? Aplausos? Condol\u00eancias? Que dizem tais gestos, olhares ou comportamentos? As perguntas s\u00e3o todas maiores que as respostas! Uma vez mais, imp\u00f5e-se o sil\u00eancio como \u00fanica forma de transmitir algo!<\/p>\n<p style=\"text-align: justify;\">O que dizer \u00e0s fam\u00edlias enlutadas, obrigadas a sepultar seus entes queridos no vigor de sua primavera? Express\u00f5es de conforto? Abra\u00e7os de carinho? Mensagens de confian\u00e7a? Presen\u00e7a de holofotes, c\u00e2meras e microfones? Not\u00edcias sensacionalistas? Espa\u00e7o para desabafos na m\u00eddia? Mas a dor \u00e9 mais forte e mais funda, muito mais forte e mais funda que tudo isso. E ainda neste caso o sil\u00eancio se sobrep\u00f5e \u00e0s palavras indiscretas e ao pranto sufocado, engolido.<\/p>\n<p style=\"text-align: justify;\">O que dizer \u00e0s crian\u00e7as que sobreviveram? O que pode apagar nelas a imagem do horror vivido dentro e fora da escola? Como substituir o enorme vazio de suas colegas ausentes, ausentes para sempre? Como lhes garantir a volta \u00e0s aulas com a serenidade de que necessita o processo de aprendizagem? Mesmo que lhes fechemos os olhos e os ouvidos, as balas, gritos e espirros de sangue ressoam em suas almas para sempre feridas! H\u00e1 chagas que precisam de anos para cicatrizar. Invoquemos o sil\u00eancio e calemos as palavras!<\/p>\n<p style=\"text-align: justify;\">O que dizer sobre o ex-aluno da escola, Wellington Menezes de Oliveira? Nome ingl\u00eas mesclado com sobrenome bem brasileiro. O que dizer desse jovem de apenas 23 anos, \u00f3rf\u00e3o e s\u00f3, perdido e abandonado? O que dizer de sua exist\u00eancia solit\u00e1ria e subterr\u00e2nea, fora do alcance de toda a an\u00e1lise? Poderia ser o irm\u00e3o mais velho das crian\u00e7as que alvejou de maneira t\u00e3o friamente pensada. O que dizer de algu\u00e9m que mata, fere e em seguida se mata? Aqui poder\u00edamos enfileirar uma s\u00e9rie de por qu\u00eas: de ordem social, econ\u00f4mica, pol\u00edtica, cultural, psicol\u00f3gica, psicopatol\u00f3gica&#8230; Tamb\u00e9m poder\u00edamos recorrer \u00e0 sua carta-testamento ou ao testemunho dos policiais. Mas tanto seus tiros letais quanto suas palavras escritas continuam um enigma para quem segue vivendo sobre a face da terra. O que sobra desses poucos minutos de horror? Um sil\u00eancio t\u00e3o cerrado quanto a boca dos mortos!<\/p>\n<p style=\"text-align: justify;\">O que dizer, enfim, de uma sociedade que engendra a\u00e7\u00f5es desse g\u00eanero? Cenas que est\u00e1vamos acostumados a presenciar pela telinha, vindas do outro lado do mundo ou mar: dos Estados Unidos, da Alemanha, ou da Inglaterra&#8230; Tampouco nos \u00e9 estranha a morte e as chacinas de jovens e adolescentes. Ocorrem com infeliz frequ\u00eancia, n\u00e3o raro perpetradas por grupos paramilitares. S\u00e3o milhares de assassinatos por ano, uma verdadeira guerra civil. Desgra\u00e7adamente, nem o Rio nem numerosas outras cidades brasileiras est\u00e1 livre do exterm\u00ednio premeditado de jovens.<\/p>\n<p style=\"text-align: justify;\">Desta vez, por\u00e9m, a viol\u00eancia parece ter atingido um grau mais elevado. \u00a0Ou descer aos por\u00f5es sombrios infectos, inusitados e selvagens em que se escondem in\u00fameras crian\u00e7as, adolescentes e jovens. Quantas vezes j\u00e1 estivemos ref\u00e9ns desses seres, agindo em grupo ou solitariamente! E quantos deles nunca conheceram um olhar m\u00e3e, um beijo molhado, um carinho de afeto, uma palavra de ternura, um leito suave, uma roupa nova ou uma comida quente!<\/p>\n<p style=\"text-align: justify;\">A brutalidade \u00e9 grande demais para caber, inteira, na alma de um jovem. Wellington carrega muito mais anos de sofrimento do que sua tenra idade pode suportar. Sofrimento que se transfigura em agress\u00e3o e, como um dique que se rompe, devasta tudo o que v\u00ea pela frente. Viol\u00eancia exacerbada \u00e0 m\u00e1xima pot\u00eancia, que atinge simultaneamente as v\u00edtimas, seus familiares, a sociedade e o pr\u00f3prio assassino. \u00c9 aqui que a palavra emudece! Como emudeceu diante do holocausto da Segunda Guerra Mundial, por exemplo. As letras e palavras se tornam estreitas, acanhadas, impotentes. Incapazes de conter os sentimentos que varrem o cora\u00e7\u00e3o de cada um de n\u00f3s.<\/p>\n<p style=\"text-align: justify;\"><strong><\/strong><\/p>\n<div id=\"themify_builder_content-13756\" data-postid=\"13756\" class=\"themify_builder_content themify_builder_content-13756 themify_builder themify_builder_front\">\n\t<\/div>\n<!-- \/themify_builder_content -->","protected":false},"excerpt":{"rendered":"<p>Pe. Alfredo J. Gon\u00e7alves, CS O que dizer deste tr\u00e1gico e inesquec\u00edvel dia 7 de abril carioca? O que dizer frente ao massacre de 12 crian\u00e7as e adolescentes em plena sala de aula? O que dizer, na noite seguinte, diante dos muros revestidos de flores e velas da Escola Municipal de Realengo, zona oeste do [&hellip;]<\/p>\n","protected":false},"author":15,"featured_media":0,"comment_status":"open","ping_status":"open","sticky":false,"template":"","format":"standard","meta":{"ngg_post_thumbnail":0,"footnotes":""},"categories":[9],"tags":[],"yoast_head":"<!-- This site is optimized with the Yoast SEO plugin v23.5 - https:\/\/yoast.com\/wordpress\/plugins\/seo\/ -->\n<title>Palavra e sil\u00eancio - O Arcanjo no ar<\/title>\n<meta name=\"robots\" content=\"index, follow, max-snippet:-1, max-image-preview:large, max-video-preview:-1\" \/>\n<link rel=\"canonical\" href=\"https:\/\/www.oarcanjo.net\/site\/palavra-e-silencio\/\" \/>\n<meta property=\"og:locale\" content=\"pt_BR\" \/>\n<meta property=\"og:type\" content=\"article\" \/>\n<meta property=\"og:title\" content=\"Palavra e sil\u00eancio - O Arcanjo no ar\" \/>\n<meta property=\"og:description\" content=\"Pe. Alfredo J. Gon\u00e7alves, CS O que dizer deste tr\u00e1gico e inesquec\u00edvel dia 7 de abril carioca? O que dizer frente ao massacre de 12 crian\u00e7as e adolescentes em plena sala de aula? O que dizer, na noite seguinte, diante dos muros revestidos de flores e velas da Escola Municipal de Realengo, zona oeste do [&hellip;]\" \/>\n<meta property=\"og:url\" content=\"https:\/\/www.oarcanjo.net\/site\/palavra-e-silencio\/\" \/>\n<meta property=\"og:site_name\" content=\"O Arcanjo no ar\" \/>\n<meta property=\"article:publisher\" content=\"https:\/\/www.facebook.com\/OArcanjoNoAr\/\" \/>\n<meta property=\"article:published_time\" content=\"2011-04-08T18:19:27+00:00\" \/>\n<meta property=\"og:image\" content=\"https:\/\/www.oarcanjo.net\/site\/wp-content\/uploads\/logo-o-arcanjo-no-ar-facebook.png\" \/>\n\t<meta property=\"og:image:width\" content=\"300\" \/>\n\t<meta property=\"og:image:height\" content=\"300\" \/>\n\t<meta property=\"og:image:type\" content=\"image\/png\" \/>\n<meta name=\"author\" content=\"Alexandre Nunes\" \/>\n<meta name=\"twitter:card\" content=\"summary_large_image\" \/>\n<meta name=\"twitter:label1\" content=\"Escrito por\" \/>\n\t<meta name=\"twitter:data1\" content=\"Alexandre Nunes\" \/>\n\t<meta name=\"twitter:label2\" content=\"Est. tempo de leitura\" \/>\n\t<meta name=\"twitter:data2\" content=\"5 minutos\" \/>\n<script type=\"application\/ld+json\" class=\"yoast-schema-graph\">{\"@context\":\"https:\/\/schema.org\",\"@graph\":[{\"@type\":\"Article\",\"@id\":\"https:\/\/www.oarcanjo.net\/site\/palavra-e-silencio\/#article\",\"isPartOf\":{\"@id\":\"https:\/\/www.oarcanjo.net\/site\/palavra-e-silencio\/\"},\"author\":{\"name\":\"Alexandre Nunes\",\"@id\":\"https:\/\/www.oarcanjo.net\/site\/#\/schema\/person\/0a2ae077c1a09b69d29928e3b9f1c0d1\"},\"headline\":\"Palavra e sil\u00eancio\",\"datePublished\":\"2011-04-08T18:19:27+00:00\",\"dateModified\":\"2011-04-08T18:19:27+00:00\",\"mainEntityOfPage\":{\"@id\":\"https:\/\/www.oarcanjo.net\/site\/palavra-e-silencio\/\"},\"wordCount\":905,\"commentCount\":0,\"publisher\":{\"@id\":\"https:\/\/www.oarcanjo.net\/site\/#organization\"},\"articleSection\":[\"Reflex\u00f5es\"],\"inLanguage\":\"pt-BR\",\"potentialAction\":[{\"@type\":\"CommentAction\",\"name\":\"Comment\",\"target\":[\"https:\/\/www.oarcanjo.net\/site\/palavra-e-silencio\/#respond\"]}]},{\"@type\":\"WebPage\",\"@id\":\"https:\/\/www.oarcanjo.net\/site\/palavra-e-silencio\/\",\"url\":\"https:\/\/www.oarcanjo.net\/site\/palavra-e-silencio\/\",\"name\":\"Palavra e sil\u00eancio - O Arcanjo no ar\",\"isPartOf\":{\"@id\":\"https:\/\/www.oarcanjo.net\/site\/#website\"},\"datePublished\":\"2011-04-08T18:19:27+00:00\",\"dateModified\":\"2011-04-08T18:19:27+00:00\",\"breadcrumb\":{\"@id\":\"https:\/\/www.oarcanjo.net\/site\/palavra-e-silencio\/#breadcrumb\"},\"inLanguage\":\"pt-BR\",\"potentialAction\":[{\"@type\":\"ReadAction\",\"target\":[\"https:\/\/www.oarcanjo.net\/site\/palavra-e-silencio\/\"]}]},{\"@type\":\"BreadcrumbList\",\"@id\":\"https:\/\/www.oarcanjo.net\/site\/palavra-e-silencio\/#breadcrumb\",\"itemListElement\":[{\"@type\":\"ListItem\",\"position\":1,\"name\":\"In\u00edcio\",\"item\":\"https:\/\/www.oarcanjo.net\/site\/\"},{\"@type\":\"ListItem\",\"position\":2,\"name\":\"Palavra e sil\u00eancio\"}]},{\"@type\":\"WebSite\",\"@id\":\"https:\/\/www.oarcanjo.net\/site\/#website\",\"url\":\"https:\/\/www.oarcanjo.net\/site\/\",\"name\":\"O Arcanjo no ar\",\"description\":\"Site da Par\u00f3quia S\u00e3o Miguel Arcanjo (Arquidiocese de SP)\",\"publisher\":{\"@id\":\"https:\/\/www.oarcanjo.net\/site\/#organization\"},\"potentialAction\":[{\"@type\":\"SearchAction\",\"target\":{\"@type\":\"EntryPoint\",\"urlTemplate\":\"https:\/\/www.oarcanjo.net\/site\/?s={search_term_string}\"},\"query-input\":{\"@type\":\"PropertyValueSpecification\",\"valueRequired\":true,\"valueName\":\"search_term_string\"}}],\"inLanguage\":\"pt-BR\"},{\"@type\":\"Organization\",\"@id\":\"https:\/\/www.oarcanjo.net\/site\/#organization\",\"name\":\"Par\u00f3quia S\u00e3o Miguel Arcanjo\",\"url\":\"https:\/\/www.oarcanjo.net\/site\/\",\"logo\":{\"@type\":\"ImageObject\",\"inLanguage\":\"pt-BR\",\"@id\":\"https:\/\/www.oarcanjo.net\/site\/#\/schema\/logo\/image\/\",\"url\":\"https:\/\/www.oarcanjo.net\/site\/wp-content\/uploads\/LogoOArcanjo.png\",\"contentUrl\":\"https:\/\/www.oarcanjo.net\/site\/wp-content\/uploads\/LogoOArcanjo.png\",\"width\":319,\"height\":99,\"caption\":\"Par\u00f3quia S\u00e3o Miguel Arcanjo\"},\"image\":{\"@id\":\"https:\/\/www.oarcanjo.net\/site\/#\/schema\/logo\/image\/\"},\"sameAs\":[\"https:\/\/www.facebook.com\/OArcanjoNoAr\/\"]},{\"@type\":\"Person\",\"@id\":\"https:\/\/www.oarcanjo.net\/site\/#\/schema\/person\/0a2ae077c1a09b69d29928e3b9f1c0d1\",\"name\":\"Alexandre Nunes\",\"sameAs\":[\"http:\/\/alexandrenu.com\"]}]}<\/script>\n<!-- \/ Yoast SEO plugin. -->","yoast_head_json":{"title":"Palavra e sil\u00eancio - O Arcanjo no ar","robots":{"index":"index","follow":"follow","max-snippet":"max-snippet:-1","max-image-preview":"max-image-preview:large","max-video-preview":"max-video-preview:-1"},"canonical":"https:\/\/www.oarcanjo.net\/site\/palavra-e-silencio\/","og_locale":"pt_BR","og_type":"article","og_title":"Palavra e sil\u00eancio - O Arcanjo no ar","og_description":"Pe. Alfredo J. Gon\u00e7alves, CS O que dizer deste tr\u00e1gico e inesquec\u00edvel dia 7 de abril carioca? O que dizer frente ao massacre de 12 crian\u00e7as e adolescentes em plena sala de aula? O que dizer, na noite seguinte, diante dos muros revestidos de flores e velas da Escola Municipal de Realengo, zona oeste do [&hellip;]","og_url":"https:\/\/www.oarcanjo.net\/site\/palavra-e-silencio\/","og_site_name":"O Arcanjo no ar","article_publisher":"https:\/\/www.facebook.com\/OArcanjoNoAr\/","article_published_time":"2011-04-08T18:19:27+00:00","og_image":[{"width":300,"height":300,"url":"https:\/\/www.oarcanjo.net\/site\/wp-content\/uploads\/logo-o-arcanjo-no-ar-facebook.png","type":"image\/png"}],"author":"Alexandre Nunes","twitter_card":"summary_large_image","twitter_misc":{"Escrito por":"Alexandre Nunes","Est. tempo de leitura":"5 minutos"},"schema":{"@context":"https:\/\/schema.org","@graph":[{"@type":"Article","@id":"https:\/\/www.oarcanjo.net\/site\/palavra-e-silencio\/#article","isPartOf":{"@id":"https:\/\/www.oarcanjo.net\/site\/palavra-e-silencio\/"},"author":{"name":"Alexandre Nunes","@id":"https:\/\/www.oarcanjo.net\/site\/#\/schema\/person\/0a2ae077c1a09b69d29928e3b9f1c0d1"},"headline":"Palavra e sil\u00eancio","datePublished":"2011-04-08T18:19:27+00:00","dateModified":"2011-04-08T18:19:27+00:00","mainEntityOfPage":{"@id":"https:\/\/www.oarcanjo.net\/site\/palavra-e-silencio\/"},"wordCount":905,"commentCount":0,"publisher":{"@id":"https:\/\/www.oarcanjo.net\/site\/#organization"},"articleSection":["Reflex\u00f5es"],"inLanguage":"pt-BR","potentialAction":[{"@type":"CommentAction","name":"Comment","target":["https:\/\/www.oarcanjo.net\/site\/palavra-e-silencio\/#respond"]}]},{"@type":"WebPage","@id":"https:\/\/www.oarcanjo.net\/site\/palavra-e-silencio\/","url":"https:\/\/www.oarcanjo.net\/site\/palavra-e-silencio\/","name":"Palavra e sil\u00eancio - O Arcanjo no ar","isPartOf":{"@id":"https:\/\/www.oarcanjo.net\/site\/#website"},"datePublished":"2011-04-08T18:19:27+00:00","dateModified":"2011-04-08T18:19:27+00:00","breadcrumb":{"@id":"https:\/\/www.oarcanjo.net\/site\/palavra-e-silencio\/#breadcrumb"},"inLanguage":"pt-BR","potentialAction":[{"@type":"ReadAction","target":["https:\/\/www.oarcanjo.net\/site\/palavra-e-silencio\/"]}]},{"@type":"BreadcrumbList","@id":"https:\/\/www.oarcanjo.net\/site\/palavra-e-silencio\/#breadcrumb","itemListElement":[{"@type":"ListItem","position":1,"name":"In\u00edcio","item":"https:\/\/www.oarcanjo.net\/site\/"},{"@type":"ListItem","position":2,"name":"Palavra e sil\u00eancio"}]},{"@type":"WebSite","@id":"https:\/\/www.oarcanjo.net\/site\/#website","url":"https:\/\/www.oarcanjo.net\/site\/","name":"O Arcanjo no ar","description":"Site da Par\u00f3quia S\u00e3o Miguel Arcanjo (Arquidiocese de SP)","publisher":{"@id":"https:\/\/www.oarcanjo.net\/site\/#organization"},"potentialAction":[{"@type":"SearchAction","target":{"@type":"EntryPoint","urlTemplate":"https:\/\/www.oarcanjo.net\/site\/?s={search_term_string}"},"query-input":{"@type":"PropertyValueSpecification","valueRequired":true,"valueName":"search_term_string"}}],"inLanguage":"pt-BR"},{"@type":"Organization","@id":"https:\/\/www.oarcanjo.net\/site\/#organization","name":"Par\u00f3quia S\u00e3o Miguel Arcanjo","url":"https:\/\/www.oarcanjo.net\/site\/","logo":{"@type":"ImageObject","inLanguage":"pt-BR","@id":"https:\/\/www.oarcanjo.net\/site\/#\/schema\/logo\/image\/","url":"https:\/\/www.oarcanjo.net\/site\/wp-content\/uploads\/LogoOArcanjo.png","contentUrl":"https:\/\/www.oarcanjo.net\/site\/wp-content\/uploads\/LogoOArcanjo.png","width":319,"height":99,"caption":"Par\u00f3quia S\u00e3o Miguel Arcanjo"},"image":{"@id":"https:\/\/www.oarcanjo.net\/site\/#\/schema\/logo\/image\/"},"sameAs":["https:\/\/www.facebook.com\/OArcanjoNoAr\/"]},{"@type":"Person","@id":"https:\/\/www.oarcanjo.net\/site\/#\/schema\/person\/0a2ae077c1a09b69d29928e3b9f1c0d1","name":"Alexandre Nunes","sameAs":["http:\/\/alexandrenu.com"]}]}},"publishpress_future_action":{"enabled":false,"date":"2026-05-10 07:00:35","action":"category","newStatus":"draft","terms":[],"taxonomy":"category"},"publishpress_future_workflow_manual_trigger":{"enabledWorkflows":[]},"_links":{"self":[{"href":"https:\/\/www.oarcanjo.net\/site\/wp-json\/wp\/v2\/posts\/13756"}],"collection":[{"href":"https:\/\/www.oarcanjo.net\/site\/wp-json\/wp\/v2\/posts"}],"about":[{"href":"https:\/\/www.oarcanjo.net\/site\/wp-json\/wp\/v2\/types\/post"}],"author":[{"embeddable":true,"href":"https:\/\/www.oarcanjo.net\/site\/wp-json\/wp\/v2\/users\/15"}],"replies":[{"embeddable":true,"href":"https:\/\/www.oarcanjo.net\/site\/wp-json\/wp\/v2\/comments?post=13756"}],"version-history":[{"count":0,"href":"https:\/\/www.oarcanjo.net\/site\/wp-json\/wp\/v2\/posts\/13756\/revisions"}],"wp:attachment":[{"href":"https:\/\/www.oarcanjo.net\/site\/wp-json\/wp\/v2\/media?parent=13756"}],"wp:term":[{"taxonomy":"category","embeddable":true,"href":"https:\/\/www.oarcanjo.net\/site\/wp-json\/wp\/v2\/categories?post=13756"},{"taxonomy":"post_tag","embeddable":true,"href":"https:\/\/www.oarcanjo.net\/site\/wp-json\/wp\/v2\/tags?post=13756"}],"curies":[{"name":"wp","href":"https:\/\/api.w.org\/{rel}","templated":true}]}}