
{"id":13759,"date":"2011-04-08T15:54:23","date_gmt":"2011-04-08T18:54:23","guid":{"rendered":"http:\/\/www.oarcanjo.net\/site\/?p=13759"},"modified":"2011-04-08T15:54:23","modified_gmt":"2011-04-08T18:54:23","slug":"mensagem-do-papa-sobre-a-tragedia-no-rio","status":"publish","type":"post","link":"https:\/\/www.oarcanjo.net\/site\/mensagem-do-papa-sobre-a-tragedia-no-rio\/","title":{"rendered":"Mensagem do Papa sobre a trag\u00e9dia no Rio"},"content":{"rendered":"<p><em>O papa Bento XVI enviou um telegrama nesta sexta-feira, 8, ao arcebispo do Rio de Janeiro, dom Orani Jo\u00e3o Tempesta, no qual se diz \u201cprofundamente consternado pelo dram\u00e1tico atentado realizado contra crian\u00e7as indefesas\u201d, no bairro de Realengo (RJ). O telegrama foi enviado por meio do secret\u00e1rio de Estado, o cardeal Tarcisio Bertone &#8211; leia a \u00edntegra:<\/em><\/p>\n<p>Excel\u00eancia Reverend\u00edssima<\/p>\n<p>Cumpro o dever de transmitir a Vossa Excel\u00eancia, o telegrama de Sua Emin\u00eancia o cardeal Tarc\u00edcio Bertone, Secret\u00e1rio de Estado:<\/p>\n<p>Exmo Revmo Dom Orani Jo\u00e3o Tempesta<br \/>\nArcebispo de S\u00e3o Sebasti\u00e3o do Rio de Janeiro<\/p>\n<p>Profundamente consternado pelo dram\u00e1tico atentado realizado contra crian\u00e7as indefesas em um col\u00e9gio municipal no bairro do Realengo, o Sumo Pont\u00edfice deseja assegurar atrav\u00e9s de Vossa Excel\u00eancia Revma sua solidariedade e conforto espiritual \u00e0s fam\u00edlias que perderam seus filhos e toda a comunidade escolar, com votos de pronta recupera\u00e7\u00e3o dos feridos.<\/p>\n<p>O Santo Padre convida todos os cariocas, diante desta trag\u00e9dia, a dizer n\u00e3o \u00e0 viol\u00eancia que constitui caminho sem futuro, procurando construir uma sociedade fundada sobre a justi\u00e7a e o respeito pelas pessoas, sobretudo os mais fracos e indefesos.<\/p>\n<p>Em nome de Deus, para que a esperan\u00e7a n\u00e3o esmore\u00e7a nesta hora de prova e fa\u00e7a prevalecer o perd\u00e3o e o amor sobre o \u00f3dio e a vingan\u00e7a, Sua Santidade Papa Bento XVI concede-lhes uma confortadora b\u00ean\u00e7\u00e3o apost\u00f3lica.<\/p>\n<p>Cardeal Tarc\u00edsio Bertone<br \/>\nSecret\u00e1rio de Estado de Sua Santidade<\/p>\n<hr \/>\n<p>Uno \u00e0s palavras do Cardeal, minha fervente ora\u00e7\u00e3o a Deus Todo poderoso e rico em miseric\u00f3rdia, nesta circunst\u00e2ncia t\u00e3o dolorosa na sua Arquidiocese.<\/p>\n<p>Aproveito o ensejo para expressar meus sentimentos de alta estima.<\/p>\n<p>Dom Lorenzo Baldisseri<br \/>\nN\u00fancio Apost\u00f3lico<\/p>\n<div id=\"themify_builder_content-13759\" data-postid=\"13759\" class=\"themify_builder_content themify_builder_content-13759 themify_builder themify_builder_front\">\n\t<\/div>\n<!-- \/themify_builder_content -->","protected":false},"excerpt":{"rendered":"<p>O papa Bento XVI enviou um telegrama nesta sexta-feira, 8, ao arcebispo do Rio de Janeiro, dom Orani Jo\u00e3o Tempesta, no qual se diz \u201cprofundamente consternado pelo dram\u00e1tico atentado realizado contra crian\u00e7as indefesas\u201d, no bairro de Realengo (RJ). O telegrama foi enviado por meio do secret\u00e1rio de Estado, o cardeal Tarcisio Bertone &#8211; leia a [&hellip;]<\/p>\n","protected":false},"author":5,"featured_media":0,"comment_status":"open","ping_status":"open","sticky":false,"template":"","format":"standard","meta":{"ngg_post_thumbnail":0,"footnotes":""},"categories":[8],"tags":[206,1864,157,1865,1803,133,34],"yoast_head":"<!-- This site is optimized with the Yoast SEO plugin v23.5 - https:\/\/yoast.com\/wordpress\/plugins\/seo\/ -->\n<title>Mensagem do Papa sobre a trag\u00e9dia no Rio - O Arcanjo no ar<\/title>\n<meta name=\"robots\" content=\"index, follow, max-snippet:-1, max-image-preview:large, max-video-preview:-1\" \/>\n<link rel=\"canonical\" href=\"https:\/\/www.oarcanjo.net\/site\/mensagem-do-papa-sobre-a-tragedia-no-rio\/\" \/>\n<meta property=\"og:locale\" content=\"pt_BR\" \/>\n<meta property=\"og:type\" content=\"article\" \/>\n<meta property=\"og:title\" content=\"Mensagem do Papa sobre a trag\u00e9dia no Rio - O Arcanjo no ar\" \/>\n<meta property=\"og:description\" content=\"O papa Bento XVI enviou um telegrama nesta sexta-feira, 8, ao arcebispo do Rio de Janeiro, dom Orani Jo\u00e3o Tempesta, no qual se diz \u201cprofundamente consternado pelo dram\u00e1tico atentado realizado contra crian\u00e7as indefesas\u201d, no bairro de Realengo (RJ). O telegrama foi enviado por meio do secret\u00e1rio de Estado, o cardeal Tarcisio Bertone &#8211; leia a [&hellip;]\" \/>\n<meta property=\"og:url\" content=\"https:\/\/www.oarcanjo.net\/site\/mensagem-do-papa-sobre-a-tragedia-no-rio\/\" \/>\n<meta property=\"og:site_name\" content=\"O Arcanjo no ar\" \/>\n<meta property=\"article:publisher\" content=\"https:\/\/www.facebook.com\/OArcanjoNoAr\/\" \/>\n<meta property=\"article:published_time\" content=\"2011-04-08T18:54:23+00:00\" \/>\n<meta property=\"og:image\" content=\"https:\/\/www.oarcanjo.net\/site\/wp-content\/uploads\/logo-o-arcanjo-no-ar-facebook.png\" \/>\n\t<meta property=\"og:image:width\" content=\"300\" \/>\n\t<meta property=\"og:image:height\" content=\"300\" \/>\n\t<meta property=\"og:image:type\" content=\"image\/png\" \/>\n<meta name=\"author\" content=\"editor\" \/>\n<meta name=\"twitter:card\" content=\"summary_large_image\" \/>\n<meta name=\"twitter:label1\" content=\"Escrito por\" \/>\n\t<meta name=\"twitter:data1\" content=\"editor\" \/>\n\t<meta name=\"twitter:label2\" content=\"Est. tempo de leitura\" \/>\n\t<meta name=\"twitter:data2\" content=\"2 minutos\" \/>\n<script type=\"application\/ld+json\" class=\"yoast-schema-graph\">{\"@context\":\"https:\/\/schema.org\",\"@graph\":[{\"@type\":\"Article\",\"@id\":\"https:\/\/www.oarcanjo.net\/site\/mensagem-do-papa-sobre-a-tragedia-no-rio\/#article\",\"isPartOf\":{\"@id\":\"https:\/\/www.oarcanjo.net\/site\/mensagem-do-papa-sobre-a-tragedia-no-rio\/\"},\"author\":{\"name\":\"editor\",\"@id\":\"https:\/\/www.oarcanjo.net\/site\/#\/schema\/person\/f7024d007863202483a31326673a0838\"},\"headline\":\"Mensagem do Papa sobre a trag\u00e9dia no Rio\",\"datePublished\":\"2011-04-08T18:54:23+00:00\",\"dateModified\":\"2011-04-08T18:54:23+00:00\",\"mainEntityOfPage\":{\"@id\":\"https:\/\/www.oarcanjo.net\/site\/mensagem-do-papa-sobre-a-tragedia-no-rio\/\"},\"wordCount\":315,\"commentCount\":0,\"publisher\":{\"@id\":\"https:\/\/www.oarcanjo.net\/site\/#organization\"},\"keywords\":[\"Bento XVI\",\"matador\",\"papa\",\"Realengo\",\"Rio\",\"trag\u00e9dia\",\"vaticano\"],\"articleSection\":[\"Not\u00edcias\"],\"inLanguage\":\"pt-BR\",\"potentialAction\":[{\"@type\":\"CommentAction\",\"name\":\"Comment\",\"target\":[\"https:\/\/www.oarcanjo.net\/site\/mensagem-do-papa-sobre-a-tragedia-no-rio\/#respond\"]}]},{\"@type\":\"WebPage\",\"@id\":\"https:\/\/www.oarcanjo.net\/site\/mensagem-do-papa-sobre-a-tragedia-no-rio\/\",\"url\":\"https:\/\/www.oarcanjo.net\/site\/mensagem-do-papa-sobre-a-tragedia-no-rio\/\",\"name\":\"Mensagem do Papa sobre a trag\u00e9dia no Rio - O Arcanjo no ar\",\"isPartOf\":{\"@id\":\"https:\/\/www.oarcanjo.net\/site\/#website\"},\"datePublished\":\"2011-04-08T18:54:23+00:00\",\"dateModified\":\"2011-04-08T18:54:23+00:00\",\"breadcrumb\":{\"@id\":\"https:\/\/www.oarcanjo.net\/site\/mensagem-do-papa-sobre-a-tragedia-no-rio\/#breadcrumb\"},\"inLanguage\":\"pt-BR\",\"potentialAction\":[{\"@type\":\"ReadAction\",\"target\":[\"https:\/\/www.oarcanjo.net\/site\/mensagem-do-papa-sobre-a-tragedia-no-rio\/\"]}]},{\"@type\":\"BreadcrumbList\",\"@id\":\"https:\/\/www.oarcanjo.net\/site\/mensagem-do-papa-sobre-a-tragedia-no-rio\/#breadcrumb\",\"itemListElement\":[{\"@type\":\"ListItem\",\"position\":1,\"name\":\"In\u00edcio\",\"item\":\"https:\/\/www.oarcanjo.net\/site\/\"},{\"@type\":\"ListItem\",\"position\":2,\"name\":\"Mensagem do Papa sobre a trag\u00e9dia no Rio\"}]},{\"@type\":\"WebSite\",\"@id\":\"https:\/\/www.oarcanjo.net\/site\/#website\",\"url\":\"https:\/\/www.oarcanjo.net\/site\/\",\"name\":\"O Arcanjo no ar\",\"description\":\"Site da Par\u00f3quia S\u00e3o Miguel Arcanjo (Arquidiocese de SP)\",\"publisher\":{\"@id\":\"https:\/\/www.oarcanjo.net\/site\/#organization\"},\"potentialAction\":[{\"@type\":\"SearchAction\",\"target\":{\"@type\":\"EntryPoint\",\"urlTemplate\":\"https:\/\/www.oarcanjo.net\/site\/?s={search_term_string}\"},\"query-input\":{\"@type\":\"PropertyValueSpecification\",\"valueRequired\":true,\"valueName\":\"search_term_string\"}}],\"inLanguage\":\"pt-BR\"},{\"@type\":\"Organization\",\"@id\":\"https:\/\/www.oarcanjo.net\/site\/#organization\",\"name\":\"Par\u00f3quia S\u00e3o Miguel Arcanjo\",\"url\":\"https:\/\/www.oarcanjo.net\/site\/\",\"logo\":{\"@type\":\"ImageObject\",\"inLanguage\":\"pt-BR\",\"@id\":\"https:\/\/www.oarcanjo.net\/site\/#\/schema\/logo\/image\/\",\"url\":\"https:\/\/www.oarcanjo.net\/site\/wp-content\/uploads\/LogoOArcanjo.png\",\"contentUrl\":\"https:\/\/www.oarcanjo.net\/site\/wp-content\/uploads\/LogoOArcanjo.png\",\"width\":319,\"height\":99,\"caption\":\"Par\u00f3quia S\u00e3o Miguel Arcanjo\"},\"image\":{\"@id\":\"https:\/\/www.oarcanjo.net\/site\/#\/schema\/logo\/image\/\"},\"sameAs\":[\"https:\/\/www.facebook.com\/OArcanjoNoAr\/\"]},{\"@type\":\"Person\",\"@id\":\"https:\/\/www.oarcanjo.net\/site\/#\/schema\/person\/f7024d007863202483a31326673a0838\",\"name\":\"editor\",\"sameAs\":[\"http:\/\/www.oarcanjo.net\"]}]}<\/script>\n<!-- \/ Yoast SEO plugin. -->","yoast_head_json":{"title":"Mensagem do Papa sobre a trag\u00e9dia no Rio - O Arcanjo no ar","robots":{"index":"index","follow":"follow","max-snippet":"max-snippet:-1","max-image-preview":"max-image-preview:large","max-video-preview":"max-video-preview:-1"},"canonical":"https:\/\/www.oarcanjo.net\/site\/mensagem-do-papa-sobre-a-tragedia-no-rio\/","og_locale":"pt_BR","og_type":"article","og_title":"Mensagem do Papa sobre a trag\u00e9dia no Rio - O Arcanjo no ar","og_description":"O papa Bento XVI enviou um telegrama nesta sexta-feira, 8, ao arcebispo do Rio de Janeiro, dom Orani Jo\u00e3o Tempesta, no qual se diz \u201cprofundamente consternado pelo dram\u00e1tico atentado realizado contra crian\u00e7as indefesas\u201d, no bairro de Realengo (RJ). O telegrama foi enviado por meio do secret\u00e1rio de Estado, o cardeal Tarcisio Bertone &#8211; leia a [&hellip;]","og_url":"https:\/\/www.oarcanjo.net\/site\/mensagem-do-papa-sobre-a-tragedia-no-rio\/","og_site_name":"O Arcanjo no ar","article_publisher":"https:\/\/www.facebook.com\/OArcanjoNoAr\/","article_published_time":"2011-04-08T18:54:23+00:00","og_image":[{"width":300,"height":300,"url":"https:\/\/www.oarcanjo.net\/site\/wp-content\/uploads\/logo-o-arcanjo-no-ar-facebook.png","type":"image\/png"}],"author":"editor","twitter_card":"summary_large_image","twitter_misc":{"Escrito por":"editor","Est. tempo de leitura":"2 minutos"},"schema":{"@context":"https:\/\/schema.org","@graph":[{"@type":"Article","@id":"https:\/\/www.oarcanjo.net\/site\/mensagem-do-papa-sobre-a-tragedia-no-rio\/#article","isPartOf":{"@id":"https:\/\/www.oarcanjo.net\/site\/mensagem-do-papa-sobre-a-tragedia-no-rio\/"},"author":{"name":"editor","@id":"https:\/\/www.oarcanjo.net\/site\/#\/schema\/person\/f7024d007863202483a31326673a0838"},"headline":"Mensagem do Papa sobre a trag\u00e9dia no Rio","datePublished":"2011-04-08T18:54:23+00:00","dateModified":"2011-04-08T18:54:23+00:00","mainEntityOfPage":{"@id":"https:\/\/www.oarcanjo.net\/site\/mensagem-do-papa-sobre-a-tragedia-no-rio\/"},"wordCount":315,"commentCount":0,"publisher":{"@id":"https:\/\/www.oarcanjo.net\/site\/#organization"},"keywords":["Bento XVI","matador","papa","Realengo","Rio","trag\u00e9dia","vaticano"],"articleSection":["Not\u00edcias"],"inLanguage":"pt-BR","potentialAction":[{"@type":"CommentAction","name":"Comment","target":["https:\/\/www.oarcanjo.net\/site\/mensagem-do-papa-sobre-a-tragedia-no-rio\/#respond"]}]},{"@type":"WebPage","@id":"https:\/\/www.oarcanjo.net\/site\/mensagem-do-papa-sobre-a-tragedia-no-rio\/","url":"https:\/\/www.oarcanjo.net\/site\/mensagem-do-papa-sobre-a-tragedia-no-rio\/","name":"Mensagem do Papa sobre a trag\u00e9dia no Rio - O Arcanjo no ar","isPartOf":{"@id":"https:\/\/www.oarcanjo.net\/site\/#website"},"datePublished":"2011-04-08T18:54:23+00:00","dateModified":"2011-04-08T18:54:23+00:00","breadcrumb":{"@id":"https:\/\/www.oarcanjo.net\/site\/mensagem-do-papa-sobre-a-tragedia-no-rio\/#breadcrumb"},"inLanguage":"pt-BR","potentialAction":[{"@type":"ReadAction","target":["https:\/\/www.oarcanjo.net\/site\/mensagem-do-papa-sobre-a-tragedia-no-rio\/"]}]},{"@type":"BreadcrumbList","@id":"https:\/\/www.oarcanjo.net\/site\/mensagem-do-papa-sobre-a-tragedia-no-rio\/#breadcrumb","itemListElement":[{"@type":"ListItem","position":1,"name":"In\u00edcio","item":"https:\/\/www.oarcanjo.net\/site\/"},{"@type":"ListItem","position":2,"name":"Mensagem do Papa sobre a trag\u00e9dia no Rio"}]},{"@type":"WebSite","@id":"https:\/\/www.oarcanjo.net\/site\/#website","url":"https:\/\/www.oarcanjo.net\/site\/","name":"O Arcanjo no ar","description":"Site da Par\u00f3quia S\u00e3o Miguel Arcanjo (Arquidiocese de SP)","publisher":{"@id":"https:\/\/www.oarcanjo.net\/site\/#organization"},"potentialAction":[{"@type":"SearchAction","target":{"@type":"EntryPoint","urlTemplate":"https:\/\/www.oarcanjo.net\/site\/?s={search_term_string}"},"query-input":{"@type":"PropertyValueSpecification","valueRequired":true,"valueName":"search_term_string"}}],"inLanguage":"pt-BR"},{"@type":"Organization","@id":"https:\/\/www.oarcanjo.net\/site\/#organization","name":"Par\u00f3quia S\u00e3o Miguel Arcanjo","url":"https:\/\/www.oarcanjo.net\/site\/","logo":{"@type":"ImageObject","inLanguage":"pt-BR","@id":"https:\/\/www.oarcanjo.net\/site\/#\/schema\/logo\/image\/","url":"https:\/\/www.oarcanjo.net\/site\/wp-content\/uploads\/LogoOArcanjo.png","contentUrl":"https:\/\/www.oarcanjo.net\/site\/wp-content\/uploads\/LogoOArcanjo.png","width":319,"height":99,"caption":"Par\u00f3quia S\u00e3o Miguel Arcanjo"},"image":{"@id":"https:\/\/www.oarcanjo.net\/site\/#\/schema\/logo\/image\/"},"sameAs":["https:\/\/www.facebook.com\/OArcanjoNoAr\/"]},{"@type":"Person","@id":"https:\/\/www.oarcanjo.net\/site\/#\/schema\/person\/f7024d007863202483a31326673a0838","name":"editor","sameAs":["http:\/\/www.oarcanjo.net"]}]}},"publishpress_future_action":{"enabled":false,"date":"2026-05-09 09:04:31","action":"category","newStatus":"draft","terms":[],"taxonomy":"category"},"publishpress_future_workflow_manual_trigger":{"enabledWorkflows":[]},"_links":{"self":[{"href":"https:\/\/www.oarcanjo.net\/site\/wp-json\/wp\/v2\/posts\/13759"}],"collection":[{"href":"https:\/\/www.oarcanjo.net\/site\/wp-json\/wp\/v2\/posts"}],"about":[{"href":"https:\/\/www.oarcanjo.net\/site\/wp-json\/wp\/v2\/types\/post"}],"author":[{"embeddable":true,"href":"https:\/\/www.oarcanjo.net\/site\/wp-json\/wp\/v2\/users\/5"}],"replies":[{"embeddable":true,"href":"https:\/\/www.oarcanjo.net\/site\/wp-json\/wp\/v2\/comments?post=13759"}],"version-history":[{"count":0,"href":"https:\/\/www.oarcanjo.net\/site\/wp-json\/wp\/v2\/posts\/13759\/revisions"}],"wp:attachment":[{"href":"https:\/\/www.oarcanjo.net\/site\/wp-json\/wp\/v2\/media?parent=13759"}],"wp:term":[{"taxonomy":"category","embeddable":true,"href":"https:\/\/www.oarcanjo.net\/site\/wp-json\/wp\/v2\/categories?post=13759"},{"taxonomy":"post_tag","embeddable":true,"href":"https:\/\/www.oarcanjo.net\/site\/wp-json\/wp\/v2\/tags?post=13759"}],"curies":[{"name":"wp","href":"https:\/\/api.w.org\/{rel}","templated":true}]}}