
{"id":13833,"date":"2011-04-11T16:37:01","date_gmt":"2011-04-11T19:37:01","guid":{"rendered":"http:\/\/www.oarcanjo.net\/site\/?p=13833"},"modified":"2011-04-11T16:45:01","modified_gmt":"2011-04-11T19:45:01","slug":"seres-mais-humanos","status":"publish","type":"post","link":"https:\/\/www.oarcanjo.net\/site\/seres-mais-humanos\/","title":{"rendered":"Seres mais humanos"},"content":{"rendered":"<p>Lilian Sgarioni Roberto<\/p>\n<p>Sempre que h\u00e1 uma como\u00e7\u00e3o em torno de um assunto que desperta a sociedade para um determinado tema como foi  o massacre de crian\u00e7as em Realengo, no Rio de Janeiro, aparecem os especialistas, intelectuais, jornalistas, debatedores, leigos em torno da discuss\u00e3o da trag\u00e9dia. Uma trag\u00e9dia que foi isolada ou pode ter sido uma trag\u00e9dia anunciada, n\u00e3o sabemos. N\u00e3o saberemos. A verdade \u00e9 que um jovem abriu fogo contra inocentes, sem nenhum motivo aparente. Ningu\u00e9m sabe porque isso aconteceu, nem como vivia a pessoa que fez isso, muito menos o que passava na sua cabe\u00e7a ou na sua vida. Sobram relatos de algumas pessoas que viveram ao seu redor, mas que n\u00e3o viam ali uma amea\u00e7a para a sociedade. O que aconteceu s\u00f3 nos faz pensar que todos, homens, mulheres, jovens, crian\u00e7as precisam ser mais humanos.<\/p>\n<p>Ter princ\u00edpios e exigir respeito ao pr\u00f3ximo desde o come\u00e7o da educa\u00e7\u00e3o da crian\u00e7a, explicar claramente o que \u00e9 certo e o que \u00e9 errado significa plantar algo positivo para no futuro colher bons frutos. Parece clich\u00ea, mais um daqueles temas chatos, certinhos, n\u00e3o \u00e9. Crian\u00e7a aprende por imita\u00e7\u00e3o, \u00e9 fato. Vamos ser bons exemplos! Obrigado, por favor, licen\u00e7a s\u00e3o palavras que t\u00eam que existir no vocabul\u00e1rio de todos. Cordialidade n\u00e3o depende de classe socio-econ\u00f4mica, ra\u00e7a, credo, partido pol\u00edtico, religi\u00e3o, cabe a todos.<\/p>\n<p>A  Igreja tamb\u00e9m tem seu papel formador. Sempre h\u00e1 a pergunta de como se deve atrair o jovem para as par\u00f3quias, para Jesus. Por\u00e9m, numa sociedade que valoriza o ter e n\u00e3o o ser, nem sempre isto \u00e9 uma tarefa f\u00e1cil. As possibilidades de divers\u00e3o e consumo s\u00e3o muitas. Ent\u00e3o, \u00e0s vezes, vale a dire\u00e7\u00e3o contr\u00e1ria: colocar Jesus no cora\u00e7\u00e3o do jovem e este lev\u00e1-lo consigo pela vida. A fam\u00edlia, mais uma vez, tem que ser exemplo, exemplo vivo de f\u00e9.<\/p>\n<p>Quando rezamos: &#8220;Senhor, Manso e Humilde de Cora\u00e7\u00e3o, fazei o nosso cora\u00e7\u00e3o semelhante ao Vosso&#8221; \u00e9 que temos que pedir para todos. Pessoas com bons princ\u00edpios, sabendo respeitar e ainda com um cora\u00e7\u00e3o um pouco parecido com o de Jesus, N\u00c3O v\u00e3o fazer nada de mal contra ningu\u00e9m. Com certeza.<\/p>\n<p>Cabe a n\u00f3s observar aqueles que vivem t\u00edmidos, isolados, muitas vezes sofrendo discrimina\u00e7\u00e3o e tentar acolher, ajudar. Por isso, na comunidade crist\u00e3, somos todos bem-vindos. Em nossa par\u00f3quia temos o minist\u00e9rio da acolhida. Aquele do primeiro contato, que entrega um folheto, arruma um lugar para a pessoa se sentar, para se sentir bem, uma ovelha no rebanho como todos somos, filhos e filhas de Deus. Irm\u00e3os e irm\u00e3s.<\/p>\n<p>E voc\u00ea pode estar se perguntando: &#8220;Onde estava Jesus quando estas crian\u00e7as foram assassinadas?&#8221; E eu na minha pequenez respondo: &#8220;Nas pr\u00f3prias crian\u00e7as, vivendo seu sofrimento&#8221;, pois Ele n\u00e3o nos abandona nunca!<\/p>\n<p>Uma revista de grande circula\u00e7\u00e3o semanal publicou na capa o rosto do atirador de Realengo. N\u00e3o deveria, pois pode estimular outras mentes complicadas a ter este estrelato; e publicou em suas p\u00e1ginas fotos das crian\u00e7as, j\u00e1 entrando na adolesc\u00eancia, que foram mortas bem como o depoimento de alguns dos familiares. Em um deles, a av\u00f3 diz que a neta pediu a ben\u00e7\u00e3o antes de sair e ir para a esola, como fazia sempre. A av\u00f3 respondeu: &#8220;Deus te proteja e te guarde&#8221;. Desta vez, segundo a revista, Ele n\u00e3o a guardou. Discordo,  a menina est\u00e1 na Gl\u00f3ria de Deus, ao seu lado. Para sempre. E n\u00e3o cabe a n\u00f3s julgarmos Seus des\u00edgnios e sim caminharmos ao Seu lado. Como Crist\u00e3os. Na f\u00e9.<\/p>\n<p>&nbsp;<\/p>\n<div id=\"themify_builder_content-13833\" data-postid=\"13833\" class=\"themify_builder_content themify_builder_content-13833 themify_builder themify_builder_front\">\n\t<\/div>\n<!-- \/themify_builder_content -->","protected":false},"excerpt":{"rendered":"<p>Lilian Sgarioni Roberto Sempre que h\u00e1 uma como\u00e7\u00e3o em torno de um assunto que desperta a sociedade para um determinado tema como foi o massacre de crian\u00e7as em Realengo, no Rio de Janeiro, aparecem os especialistas, intelectuais, jornalistas, debatedores, leigos em torno da discuss\u00e3o da trag\u00e9dia. Uma trag\u00e9dia que foi isolada ou pode ter sido [&hellip;]<\/p>\n","protected":false},"author":5,"featured_media":0,"comment_status":"open","ping_status":"open","sticky":false,"template":"","format":"standard","meta":{"ngg_post_thumbnail":0,"footnotes":""},"categories":[9],"tags":[1863,1866,1561,20],"yoast_head":"<!-- This site is optimized with the Yoast SEO plugin v23.5 - https:\/\/yoast.com\/wordpress\/plugins\/seo\/ -->\n<title>Seres mais humanos - O Arcanjo no ar<\/title>\n<meta name=\"robots\" content=\"index, follow, max-snippet:-1, max-image-preview:large, max-video-preview:-1\" \/>\n<link rel=\"canonical\" href=\"https:\/\/www.oarcanjo.net\/site\/seres-mais-humanos\/\" \/>\n<meta property=\"og:locale\" content=\"pt_BR\" \/>\n<meta property=\"og:type\" content=\"article\" \/>\n<meta property=\"og:title\" content=\"Seres mais humanos - O Arcanjo no ar\" \/>\n<meta property=\"og:description\" content=\"Lilian Sgarioni Roberto Sempre que h\u00e1 uma como\u00e7\u00e3o em torno de um assunto que desperta a sociedade para um determinado tema como foi o massacre de crian\u00e7as em Realengo, no Rio de Janeiro, aparecem os especialistas, intelectuais, jornalistas, debatedores, leigos em torno da discuss\u00e3o da trag\u00e9dia. Uma trag\u00e9dia que foi isolada ou pode ter sido [&hellip;]\" \/>\n<meta property=\"og:url\" content=\"https:\/\/www.oarcanjo.net\/site\/seres-mais-humanos\/\" \/>\n<meta property=\"og:site_name\" content=\"O Arcanjo no ar\" \/>\n<meta property=\"article:publisher\" content=\"https:\/\/www.facebook.com\/OArcanjoNoAr\/\" \/>\n<meta property=\"article:published_time\" content=\"2011-04-11T19:37:01+00:00\" \/>\n<meta property=\"article:modified_time\" content=\"2011-04-11T19:45:01+00:00\" \/>\n<meta property=\"og:image\" content=\"https:\/\/www.oarcanjo.net\/site\/wp-content\/uploads\/logo-o-arcanjo-no-ar-facebook.png\" \/>\n\t<meta property=\"og:image:width\" content=\"300\" \/>\n\t<meta property=\"og:image:height\" content=\"300\" \/>\n\t<meta property=\"og:image:type\" content=\"image\/png\" \/>\n<meta name=\"author\" content=\"editor\" \/>\n<meta name=\"twitter:card\" content=\"summary_large_image\" \/>\n<meta name=\"twitter:label1\" content=\"Escrito por\" \/>\n\t<meta name=\"twitter:data1\" content=\"editor\" \/>\n\t<meta name=\"twitter:label2\" content=\"Est. tempo de leitura\" \/>\n\t<meta name=\"twitter:data2\" content=\"3 minutos\" \/>\n<script type=\"application\/ld+json\" class=\"yoast-schema-graph\">{\"@context\":\"https:\/\/schema.org\",\"@graph\":[{\"@type\":\"Article\",\"@id\":\"https:\/\/www.oarcanjo.net\/site\/seres-mais-humanos\/#article\",\"isPartOf\":{\"@id\":\"https:\/\/www.oarcanjo.net\/site\/seres-mais-humanos\/\"},\"author\":{\"name\":\"editor\",\"@id\":\"https:\/\/www.oarcanjo.net\/site\/#\/schema\/person\/f7024d007863202483a31326673a0838\"},\"headline\":\"Seres mais humanos\",\"datePublished\":\"2011-04-11T19:37:01+00:00\",\"dateModified\":\"2011-04-11T19:45:01+00:00\",\"mainEntityOfPage\":{\"@id\":\"https:\/\/www.oarcanjo.net\/site\/seres-mais-humanos\/\"},\"wordCount\":644,\"commentCount\":0,\"publisher\":{\"@id\":\"https:\/\/www.oarcanjo.net\/site\/#organization\"},\"keywords\":[\"atirador\",\"massacre no Realengo\",\"Rio de Janeiro\",\"viol\u00eancia\"],\"articleSection\":[\"Reflex\u00f5es\"],\"inLanguage\":\"pt-BR\",\"potentialAction\":[{\"@type\":\"CommentAction\",\"name\":\"Comment\",\"target\":[\"https:\/\/www.oarcanjo.net\/site\/seres-mais-humanos\/#respond\"]}]},{\"@type\":\"WebPage\",\"@id\":\"https:\/\/www.oarcanjo.net\/site\/seres-mais-humanos\/\",\"url\":\"https:\/\/www.oarcanjo.net\/site\/seres-mais-humanos\/\",\"name\":\"Seres mais humanos - O Arcanjo no ar\",\"isPartOf\":{\"@id\":\"https:\/\/www.oarcanjo.net\/site\/#website\"},\"datePublished\":\"2011-04-11T19:37:01+00:00\",\"dateModified\":\"2011-04-11T19:45:01+00:00\",\"breadcrumb\":{\"@id\":\"https:\/\/www.oarcanjo.net\/site\/seres-mais-humanos\/#breadcrumb\"},\"inLanguage\":\"pt-BR\",\"potentialAction\":[{\"@type\":\"ReadAction\",\"target\":[\"https:\/\/www.oarcanjo.net\/site\/seres-mais-humanos\/\"]}]},{\"@type\":\"BreadcrumbList\",\"@id\":\"https:\/\/www.oarcanjo.net\/site\/seres-mais-humanos\/#breadcrumb\",\"itemListElement\":[{\"@type\":\"ListItem\",\"position\":1,\"name\":\"In\u00edcio\",\"item\":\"https:\/\/www.oarcanjo.net\/site\/\"},{\"@type\":\"ListItem\",\"position\":2,\"name\":\"Seres mais humanos\"}]},{\"@type\":\"WebSite\",\"@id\":\"https:\/\/www.oarcanjo.net\/site\/#website\",\"url\":\"https:\/\/www.oarcanjo.net\/site\/\",\"name\":\"O Arcanjo no ar\",\"description\":\"Site da Par\u00f3quia S\u00e3o Miguel Arcanjo (Arquidiocese de SP)\",\"publisher\":{\"@id\":\"https:\/\/www.oarcanjo.net\/site\/#organization\"},\"potentialAction\":[{\"@type\":\"SearchAction\",\"target\":{\"@type\":\"EntryPoint\",\"urlTemplate\":\"https:\/\/www.oarcanjo.net\/site\/?s={search_term_string}\"},\"query-input\":{\"@type\":\"PropertyValueSpecification\",\"valueRequired\":true,\"valueName\":\"search_term_string\"}}],\"inLanguage\":\"pt-BR\"},{\"@type\":\"Organization\",\"@id\":\"https:\/\/www.oarcanjo.net\/site\/#organization\",\"name\":\"Par\u00f3quia S\u00e3o Miguel Arcanjo\",\"url\":\"https:\/\/www.oarcanjo.net\/site\/\",\"logo\":{\"@type\":\"ImageObject\",\"inLanguage\":\"pt-BR\",\"@id\":\"https:\/\/www.oarcanjo.net\/site\/#\/schema\/logo\/image\/\",\"url\":\"https:\/\/www.oarcanjo.net\/site\/wp-content\/uploads\/LogoOArcanjo.png\",\"contentUrl\":\"https:\/\/www.oarcanjo.net\/site\/wp-content\/uploads\/LogoOArcanjo.png\",\"width\":319,\"height\":99,\"caption\":\"Par\u00f3quia S\u00e3o Miguel Arcanjo\"},\"image\":{\"@id\":\"https:\/\/www.oarcanjo.net\/site\/#\/schema\/logo\/image\/\"},\"sameAs\":[\"https:\/\/www.facebook.com\/OArcanjoNoAr\/\"]},{\"@type\":\"Person\",\"@id\":\"https:\/\/www.oarcanjo.net\/site\/#\/schema\/person\/f7024d007863202483a31326673a0838\",\"name\":\"editor\",\"sameAs\":[\"http:\/\/www.oarcanjo.net\"]}]}<\/script>\n<!-- \/ Yoast SEO plugin. -->","yoast_head_json":{"title":"Seres mais humanos - O Arcanjo no ar","robots":{"index":"index","follow":"follow","max-snippet":"max-snippet:-1","max-image-preview":"max-image-preview:large","max-video-preview":"max-video-preview:-1"},"canonical":"https:\/\/www.oarcanjo.net\/site\/seres-mais-humanos\/","og_locale":"pt_BR","og_type":"article","og_title":"Seres mais humanos - O Arcanjo no ar","og_description":"Lilian Sgarioni Roberto Sempre que h\u00e1 uma como\u00e7\u00e3o em torno de um assunto que desperta a sociedade para um determinado tema como foi o massacre de crian\u00e7as em Realengo, no Rio de Janeiro, aparecem os especialistas, intelectuais, jornalistas, debatedores, leigos em torno da discuss\u00e3o da trag\u00e9dia. Uma trag\u00e9dia que foi isolada ou pode ter sido [&hellip;]","og_url":"https:\/\/www.oarcanjo.net\/site\/seres-mais-humanos\/","og_site_name":"O Arcanjo no ar","article_publisher":"https:\/\/www.facebook.com\/OArcanjoNoAr\/","article_published_time":"2011-04-11T19:37:01+00:00","article_modified_time":"2011-04-11T19:45:01+00:00","og_image":[{"width":300,"height":300,"url":"https:\/\/www.oarcanjo.net\/site\/wp-content\/uploads\/logo-o-arcanjo-no-ar-facebook.png","type":"image\/png"}],"author":"editor","twitter_card":"summary_large_image","twitter_misc":{"Escrito por":"editor","Est. tempo de leitura":"3 minutos"},"schema":{"@context":"https:\/\/schema.org","@graph":[{"@type":"Article","@id":"https:\/\/www.oarcanjo.net\/site\/seres-mais-humanos\/#article","isPartOf":{"@id":"https:\/\/www.oarcanjo.net\/site\/seres-mais-humanos\/"},"author":{"name":"editor","@id":"https:\/\/www.oarcanjo.net\/site\/#\/schema\/person\/f7024d007863202483a31326673a0838"},"headline":"Seres mais humanos","datePublished":"2011-04-11T19:37:01+00:00","dateModified":"2011-04-11T19:45:01+00:00","mainEntityOfPage":{"@id":"https:\/\/www.oarcanjo.net\/site\/seres-mais-humanos\/"},"wordCount":644,"commentCount":0,"publisher":{"@id":"https:\/\/www.oarcanjo.net\/site\/#organization"},"keywords":["atirador","massacre no Realengo","Rio de Janeiro","viol\u00eancia"],"articleSection":["Reflex\u00f5es"],"inLanguage":"pt-BR","potentialAction":[{"@type":"CommentAction","name":"Comment","target":["https:\/\/www.oarcanjo.net\/site\/seres-mais-humanos\/#respond"]}]},{"@type":"WebPage","@id":"https:\/\/www.oarcanjo.net\/site\/seres-mais-humanos\/","url":"https:\/\/www.oarcanjo.net\/site\/seres-mais-humanos\/","name":"Seres mais humanos - O Arcanjo no ar","isPartOf":{"@id":"https:\/\/www.oarcanjo.net\/site\/#website"},"datePublished":"2011-04-11T19:37:01+00:00","dateModified":"2011-04-11T19:45:01+00:00","breadcrumb":{"@id":"https:\/\/www.oarcanjo.net\/site\/seres-mais-humanos\/#breadcrumb"},"inLanguage":"pt-BR","potentialAction":[{"@type":"ReadAction","target":["https:\/\/www.oarcanjo.net\/site\/seres-mais-humanos\/"]}]},{"@type":"BreadcrumbList","@id":"https:\/\/www.oarcanjo.net\/site\/seres-mais-humanos\/#breadcrumb","itemListElement":[{"@type":"ListItem","position":1,"name":"In\u00edcio","item":"https:\/\/www.oarcanjo.net\/site\/"},{"@type":"ListItem","position":2,"name":"Seres mais humanos"}]},{"@type":"WebSite","@id":"https:\/\/www.oarcanjo.net\/site\/#website","url":"https:\/\/www.oarcanjo.net\/site\/","name":"O Arcanjo no ar","description":"Site da Par\u00f3quia S\u00e3o Miguel Arcanjo (Arquidiocese de SP)","publisher":{"@id":"https:\/\/www.oarcanjo.net\/site\/#organization"},"potentialAction":[{"@type":"SearchAction","target":{"@type":"EntryPoint","urlTemplate":"https:\/\/www.oarcanjo.net\/site\/?s={search_term_string}"},"query-input":{"@type":"PropertyValueSpecification","valueRequired":true,"valueName":"search_term_string"}}],"inLanguage":"pt-BR"},{"@type":"Organization","@id":"https:\/\/www.oarcanjo.net\/site\/#organization","name":"Par\u00f3quia S\u00e3o Miguel Arcanjo","url":"https:\/\/www.oarcanjo.net\/site\/","logo":{"@type":"ImageObject","inLanguage":"pt-BR","@id":"https:\/\/www.oarcanjo.net\/site\/#\/schema\/logo\/image\/","url":"https:\/\/www.oarcanjo.net\/site\/wp-content\/uploads\/LogoOArcanjo.png","contentUrl":"https:\/\/www.oarcanjo.net\/site\/wp-content\/uploads\/LogoOArcanjo.png","width":319,"height":99,"caption":"Par\u00f3quia S\u00e3o Miguel Arcanjo"},"image":{"@id":"https:\/\/www.oarcanjo.net\/site\/#\/schema\/logo\/image\/"},"sameAs":["https:\/\/www.facebook.com\/OArcanjoNoAr\/"]},{"@type":"Person","@id":"https:\/\/www.oarcanjo.net\/site\/#\/schema\/person\/f7024d007863202483a31326673a0838","name":"editor","sameAs":["http:\/\/www.oarcanjo.net"]}]}},"publishpress_future_action":{"enabled":false,"date":"2026-05-10 06:59:29","action":"category","newStatus":"draft","terms":[],"taxonomy":"category"},"publishpress_future_workflow_manual_trigger":{"enabledWorkflows":[]},"_links":{"self":[{"href":"https:\/\/www.oarcanjo.net\/site\/wp-json\/wp\/v2\/posts\/13833"}],"collection":[{"href":"https:\/\/www.oarcanjo.net\/site\/wp-json\/wp\/v2\/posts"}],"about":[{"href":"https:\/\/www.oarcanjo.net\/site\/wp-json\/wp\/v2\/types\/post"}],"author":[{"embeddable":true,"href":"https:\/\/www.oarcanjo.net\/site\/wp-json\/wp\/v2\/users\/5"}],"replies":[{"embeddable":true,"href":"https:\/\/www.oarcanjo.net\/site\/wp-json\/wp\/v2\/comments?post=13833"}],"version-history":[{"count":0,"href":"https:\/\/www.oarcanjo.net\/site\/wp-json\/wp\/v2\/posts\/13833\/revisions"}],"wp:attachment":[{"href":"https:\/\/www.oarcanjo.net\/site\/wp-json\/wp\/v2\/media?parent=13833"}],"wp:term":[{"taxonomy":"category","embeddable":true,"href":"https:\/\/www.oarcanjo.net\/site\/wp-json\/wp\/v2\/categories?post=13833"},{"taxonomy":"post_tag","embeddable":true,"href":"https:\/\/www.oarcanjo.net\/site\/wp-json\/wp\/v2\/tags?post=13833"}],"curies":[{"name":"wp","href":"https:\/\/api.w.org\/{rel}","templated":true}]}}