
{"id":13855,"date":"2011-04-14T00:20:45","date_gmt":"2011-04-14T03:20:45","guid":{"rendered":"http:\/\/www.oarcanjo.net\/site\/?p=13855"},"modified":"2011-04-14T09:03:00","modified_gmt":"2011-04-14T12:03:00","slug":"brasileirinhos","status":"publish","type":"post","link":"https:\/\/www.oarcanjo.net\/site\/brasileirinhos\/","title":{"rendered":"Brasileirinhos"},"content":{"rendered":"<p>Maria Clara Bingemer<\/p>\n<p>Infelizmente n\u00e3o se trata do belo chorinho de Waldir Azevedo.  Nem de nada que a isso se assemelhe.  A n\u00e3o ser o voc\u00e1bulo \u201cchoro\u201d,   que na obra de Waldir significa gra\u00e7a, molejo e dan\u00e7a ritmada . Mas no triste assunto que aqui nos ocupa \u201cchoro\u201d quer dizer pranto desesperado, dor inconsol\u00e1vel de fam\u00edlias inteiras e legi\u00f5es de amigos.  Na verdade, de toda uma cidade, um pa\u00eds. \u201cChoro\u201d era o que embargava a voz da presidente Dilma Roussef ao se referir \u00e0s jovens v\u00edtimas do ataque de Realengo: brasileirinhos. Pequenos, jovens, indefesos cidad\u00e3os retirados da vida t\u00e3o cedo.<\/p>\n<p>A morte dos doze adolescentes \u2013 crian\u00e7as ensaiando o rito de passagem para a idade adulta &#8211;  feridos de morte pela f\u00faria desenfreada de um psicopata na escola Tasso da Silveira em Realengo, Rio de Janeiro, passar\u00e1 \u00e0 hist\u00f3ria como um dos epis\u00f3dios mais dilacerantes que o Rio j\u00e1 viveu.<\/p>\n<p>Come\u00e7ou cedo naquela manh\u00e3.  Ouvia-se falar de Realengo, ligava-se a televis\u00e3o e l\u00e1 estava.  O espet\u00e1culo era desolador e macabro.  Policiais tentando conter pais, parentes e amigos dos alunos da escola com um in\u00fatil cord\u00e3o de isolamento.  E a trag\u00e9dia acontecida minutos, horas antes ainda sem explica\u00e7\u00e3o nem esclarecimento.  E as m\u00e3es, com olhar esgazeado, queriam informa\u00e7\u00e3o sobre onde estavam seus filhos.  De suas gargantas sa\u00eda aquela voz deformada pela dor que quer saber e ao mesmo tempo n\u00e3o quer.<\/p>\n<p>Dos doze mortos, dez eram meninas.  Bonitas,  cabelos longos, graciosas e charmosas.  Estreando a feminilidade, vivendo os primeiros amores.  O assassino mirou em sua face, em seu pesco\u00e7o, no centro de sua beleza.  Queria desfigur\u00e1-las, destru\u00ed-las. O reconhecimento dos corpos pelos pais era dif\u00edcil.  Dor sobre dor aconteceu no IML.  A carta  deixada pelo assassino permite entrever traumas profund\u00edssimos, um psiquismo absolutamente tenebroso onde o \u00fanico lampejo de afeto se dirige \u00e0 m\u00e3e adotiva junto \u00e0 qual pede para ser enterrado.<\/p>\n<p>Estaria na morte da m\u00e3e a raiz do seu aparente \u00f3dio pelo outro sexo?  Ou nos retorcidos e obscuros elementos religiosos relativos a purezas e toques deixados no seu testamento?  N\u00e3o importa agora.  Ao menos n\u00e3o importa tanto quanto o fato de que um desequilibrado neste n\u00edvel conseguiu  levar armas e muni\u00e7\u00e3o abundante para perpetrar seu b\u00e1rbaro crime.  Mais: aparelhos sofisticados para acelerar a recarga das armas que pretendia descarregar integralmente sobre suas v\u00edtimas.<\/p>\n<p>No passado recente de Wellington Menezes, uma solid\u00e3o sempre mais profunda, um isolamento em uma casa distante do bairro onde cresceu e da escola onde estudou. Barba longa cortada poucos dias antes do crime. Horas e horas na internet e na TV.  Horas e horas onde sua doen\u00e7a ia crescendo, tornando-se mais e mais grave, at\u00e9 explodir na matan\u00e7a ca\u00f3tica do \u00faltimo dia 7 de abril.<\/p>\n<p>A tentativa de rastrear o porte de armas com as quais matou as doze crian\u00e7as e feriu outras tantas identificou uma pessoa de quem a arma fora roubada.  Como Wellington a ter\u00e1 obtido?  E a farta muni\u00e7\u00e3o que carregava em sua mochila e que usou para atirar a torto e a direito, matando e ferindo?  Isso \u00e9 o que importa saber.  N\u00e3o tanto para exp\u00f4-lo mais e mais \u00e0 execra\u00e7\u00e3o p\u00fablica.  N\u00e3o tanto para morbidamente fazer as fam\u00edlias j\u00e1 t\u00e3o golpeadas viver e reviver uma e outra vez a trag\u00e9dia que para sempre marcar\u00e1 suas vidas.  Mas sim para retomar uma discuss\u00e3o que o Brasil espera e necessita e que foi interrompida em 2005.<\/p>\n<p>O plebiscito do desarmamento, acontecido h\u00e1 seis anos, levava consigo uma consistente esperan\u00e7a de que o porte de armas livre fosse abolido no pa\u00eds.  Muitas pessoas, grupos e institui\u00e7\u00f5es que lutam pela paz fizeram campanha, se empenharam e lutaram.  Mas o resultado foi uma derrota fragorosa nas urnas.  Ganhou o lobby da ind\u00fastria armamentista, o medo de pessoas que ainda cr\u00eaem que est\u00e3o mais seguras contra a viol\u00eancia possuindo as armas que multiplicam e perpetram a mesma viol\u00eancia que temem,  apesar de todas as explica\u00e7\u00f5es e provas em contr\u00e1rio.<\/p>\n<p>No entanto, a trag\u00e9dia de Realengo tem que trazer de volta a discuss\u00e3o e gerar um novo referendo.  N\u00e3o \u00e9 poss\u00edvel que armas trafeguem livremente pelas m\u00e3os de assassinos, doentes, perversos, ceifando vidas e destruindo o futuro da cidade e da na\u00e7\u00e3o.  Retomar a luta pelo desarmamento \u00e9, a partir da \u00faltima quinta-feira, obriga\u00e7\u00e3o de todo brasileiro.  A mem\u00f3ria dos doze brasileirinhos vitimados em Realengo \u00e9 um instigante convite a fazer isso r\u00e1pida e decididamente.<\/p>\n<div id=\"themify_builder_content-13855\" data-postid=\"13855\" class=\"themify_builder_content themify_builder_content-13855 themify_builder themify_builder_front\">\n\t<\/div>\n<!-- \/themify_builder_content -->","protected":false},"excerpt":{"rendered":"<p>Reflex\u00e3o de Maria Clara Bingemer sobre a morte dos doze adolescentes \u2013 crian\u00e7as ensaiando o rito de passagem para a idade adulta &#8211; feridos de morte pela f\u00faria desenfreada de um psicopata na escola Tasso da Silveira em Realengo, Rio de Janeiro<\/p>\n","protected":false},"author":5,"featured_media":0,"comment_status":"open","ping_status":"open","sticky":false,"template":"","format":"standard","meta":{"ngg_post_thumbnail":0,"footnotes":""},"categories":[9],"tags":[1183,1748,1002,1865,20],"yoast_head":"<!-- This site is optimized with the Yoast SEO plugin v23.5 - https:\/\/yoast.com\/wordpress\/plugins\/seo\/ -->\n<title>Brasileirinhos - O Arcanjo no ar<\/title>\n<meta name=\"robots\" content=\"index, follow, max-snippet:-1, max-image-preview:large, max-video-preview:-1\" \/>\n<link rel=\"canonical\" href=\"https:\/\/www.oarcanjo.net\/site\/brasileirinhos\/\" \/>\n<meta property=\"og:locale\" content=\"pt_BR\" \/>\n<meta property=\"og:type\" content=\"article\" \/>\n<meta property=\"og:title\" content=\"Brasileirinhos - O Arcanjo no ar\" \/>\n<meta property=\"og:description\" content=\"Reflex\u00e3o de Maria Clara Bingemer sobre a morte dos doze adolescentes \u2013 crian\u00e7as ensaiando o rito de passagem para a idade adulta - feridos de morte pela f\u00faria desenfreada de um psicopata na escola Tasso da Silveira em Realengo, Rio de Janeiro\" \/>\n<meta property=\"og:url\" content=\"https:\/\/www.oarcanjo.net\/site\/brasileirinhos\/\" \/>\n<meta property=\"og:site_name\" content=\"O Arcanjo no ar\" \/>\n<meta property=\"article:publisher\" content=\"https:\/\/www.facebook.com\/OArcanjoNoAr\/\" \/>\n<meta property=\"article:published_time\" content=\"2011-04-14T03:20:45+00:00\" \/>\n<meta property=\"article:modified_time\" content=\"2011-04-14T12:03:00+00:00\" \/>\n<meta property=\"og:image\" content=\"https:\/\/www.oarcanjo.net\/site\/wp-content\/uploads\/logo-o-arcanjo-no-ar-facebook.png\" \/>\n\t<meta property=\"og:image:width\" content=\"300\" \/>\n\t<meta property=\"og:image:height\" content=\"300\" \/>\n\t<meta property=\"og:image:type\" content=\"image\/png\" \/>\n<meta name=\"author\" content=\"editor\" \/>\n<meta name=\"twitter:card\" content=\"summary_large_image\" \/>\n<meta name=\"twitter:label1\" content=\"Escrito por\" \/>\n\t<meta name=\"twitter:data1\" content=\"editor\" \/>\n\t<meta name=\"twitter:label2\" content=\"Est. tempo de leitura\" \/>\n\t<meta name=\"twitter:data2\" content=\"4 minutos\" \/>\n<script type=\"application\/ld+json\" class=\"yoast-schema-graph\">{\"@context\":\"https:\/\/schema.org\",\"@graph\":[{\"@type\":\"Article\",\"@id\":\"https:\/\/www.oarcanjo.net\/site\/brasileirinhos\/#article\",\"isPartOf\":{\"@id\":\"https:\/\/www.oarcanjo.net\/site\/brasileirinhos\/\"},\"author\":{\"name\":\"editor\",\"@id\":\"https:\/\/www.oarcanjo.net\/site\/#\/schema\/person\/f7024d007863202483a31326673a0838\"},\"headline\":\"Brasileirinhos\",\"datePublished\":\"2011-04-14T03:20:45+00:00\",\"dateModified\":\"2011-04-14T12:03:00+00:00\",\"mainEntityOfPage\":{\"@id\":\"https:\/\/www.oarcanjo.net\/site\/brasileirinhos\/\"},\"wordCount\":792,\"commentCount\":0,\"publisher\":{\"@id\":\"https:\/\/www.oarcanjo.net\/site\/#organization\"},\"keywords\":[\"desarmamento\",\"Dilma Rousseff\",\"massacre\",\"Realengo\",\"viol\u00eancia\"],\"articleSection\":[\"Reflex\u00f5es\"],\"inLanguage\":\"pt-BR\",\"potentialAction\":[{\"@type\":\"CommentAction\",\"name\":\"Comment\",\"target\":[\"https:\/\/www.oarcanjo.net\/site\/brasileirinhos\/#respond\"]}]},{\"@type\":\"WebPage\",\"@id\":\"https:\/\/www.oarcanjo.net\/site\/brasileirinhos\/\",\"url\":\"https:\/\/www.oarcanjo.net\/site\/brasileirinhos\/\",\"name\":\"Brasileirinhos - O Arcanjo no ar\",\"isPartOf\":{\"@id\":\"https:\/\/www.oarcanjo.net\/site\/#website\"},\"datePublished\":\"2011-04-14T03:20:45+00:00\",\"dateModified\":\"2011-04-14T12:03:00+00:00\",\"breadcrumb\":{\"@id\":\"https:\/\/www.oarcanjo.net\/site\/brasileirinhos\/#breadcrumb\"},\"inLanguage\":\"pt-BR\",\"potentialAction\":[{\"@type\":\"ReadAction\",\"target\":[\"https:\/\/www.oarcanjo.net\/site\/brasileirinhos\/\"]}]},{\"@type\":\"BreadcrumbList\",\"@id\":\"https:\/\/www.oarcanjo.net\/site\/brasileirinhos\/#breadcrumb\",\"itemListElement\":[{\"@type\":\"ListItem\",\"position\":1,\"name\":\"In\u00edcio\",\"item\":\"https:\/\/www.oarcanjo.net\/site\/\"},{\"@type\":\"ListItem\",\"position\":2,\"name\":\"Brasileirinhos\"}]},{\"@type\":\"WebSite\",\"@id\":\"https:\/\/www.oarcanjo.net\/site\/#website\",\"url\":\"https:\/\/www.oarcanjo.net\/site\/\",\"name\":\"O Arcanjo no ar\",\"description\":\"Site da Par\u00f3quia S\u00e3o Miguel Arcanjo (Arquidiocese de SP)\",\"publisher\":{\"@id\":\"https:\/\/www.oarcanjo.net\/site\/#organization\"},\"potentialAction\":[{\"@type\":\"SearchAction\",\"target\":{\"@type\":\"EntryPoint\",\"urlTemplate\":\"https:\/\/www.oarcanjo.net\/site\/?s={search_term_string}\"},\"query-input\":{\"@type\":\"PropertyValueSpecification\",\"valueRequired\":true,\"valueName\":\"search_term_string\"}}],\"inLanguage\":\"pt-BR\"},{\"@type\":\"Organization\",\"@id\":\"https:\/\/www.oarcanjo.net\/site\/#organization\",\"name\":\"Par\u00f3quia S\u00e3o Miguel Arcanjo\",\"url\":\"https:\/\/www.oarcanjo.net\/site\/\",\"logo\":{\"@type\":\"ImageObject\",\"inLanguage\":\"pt-BR\",\"@id\":\"https:\/\/www.oarcanjo.net\/site\/#\/schema\/logo\/image\/\",\"url\":\"https:\/\/www.oarcanjo.net\/site\/wp-content\/uploads\/LogoOArcanjo.png\",\"contentUrl\":\"https:\/\/www.oarcanjo.net\/site\/wp-content\/uploads\/LogoOArcanjo.png\",\"width\":319,\"height\":99,\"caption\":\"Par\u00f3quia S\u00e3o Miguel Arcanjo\"},\"image\":{\"@id\":\"https:\/\/www.oarcanjo.net\/site\/#\/schema\/logo\/image\/\"},\"sameAs\":[\"https:\/\/www.facebook.com\/OArcanjoNoAr\/\"]},{\"@type\":\"Person\",\"@id\":\"https:\/\/www.oarcanjo.net\/site\/#\/schema\/person\/f7024d007863202483a31326673a0838\",\"name\":\"editor\",\"sameAs\":[\"http:\/\/www.oarcanjo.net\"]}]}<\/script>\n<!-- \/ Yoast SEO plugin. -->","yoast_head_json":{"title":"Brasileirinhos - O Arcanjo no ar","robots":{"index":"index","follow":"follow","max-snippet":"max-snippet:-1","max-image-preview":"max-image-preview:large","max-video-preview":"max-video-preview:-1"},"canonical":"https:\/\/www.oarcanjo.net\/site\/brasileirinhos\/","og_locale":"pt_BR","og_type":"article","og_title":"Brasileirinhos - O Arcanjo no ar","og_description":"Reflex\u00e3o de Maria Clara Bingemer sobre a morte dos doze adolescentes \u2013 crian\u00e7as ensaiando o rito de passagem para a idade adulta - feridos de morte pela f\u00faria desenfreada de um psicopata na escola Tasso da Silveira em Realengo, Rio de Janeiro","og_url":"https:\/\/www.oarcanjo.net\/site\/brasileirinhos\/","og_site_name":"O Arcanjo no ar","article_publisher":"https:\/\/www.facebook.com\/OArcanjoNoAr\/","article_published_time":"2011-04-14T03:20:45+00:00","article_modified_time":"2011-04-14T12:03:00+00:00","og_image":[{"width":300,"height":300,"url":"https:\/\/www.oarcanjo.net\/site\/wp-content\/uploads\/logo-o-arcanjo-no-ar-facebook.png","type":"image\/png"}],"author":"editor","twitter_card":"summary_large_image","twitter_misc":{"Escrito por":"editor","Est. tempo de leitura":"4 minutos"},"schema":{"@context":"https:\/\/schema.org","@graph":[{"@type":"Article","@id":"https:\/\/www.oarcanjo.net\/site\/brasileirinhos\/#article","isPartOf":{"@id":"https:\/\/www.oarcanjo.net\/site\/brasileirinhos\/"},"author":{"name":"editor","@id":"https:\/\/www.oarcanjo.net\/site\/#\/schema\/person\/f7024d007863202483a31326673a0838"},"headline":"Brasileirinhos","datePublished":"2011-04-14T03:20:45+00:00","dateModified":"2011-04-14T12:03:00+00:00","mainEntityOfPage":{"@id":"https:\/\/www.oarcanjo.net\/site\/brasileirinhos\/"},"wordCount":792,"commentCount":0,"publisher":{"@id":"https:\/\/www.oarcanjo.net\/site\/#organization"},"keywords":["desarmamento","Dilma Rousseff","massacre","Realengo","viol\u00eancia"],"articleSection":["Reflex\u00f5es"],"inLanguage":"pt-BR","potentialAction":[{"@type":"CommentAction","name":"Comment","target":["https:\/\/www.oarcanjo.net\/site\/brasileirinhos\/#respond"]}]},{"@type":"WebPage","@id":"https:\/\/www.oarcanjo.net\/site\/brasileirinhos\/","url":"https:\/\/www.oarcanjo.net\/site\/brasileirinhos\/","name":"Brasileirinhos - O Arcanjo no ar","isPartOf":{"@id":"https:\/\/www.oarcanjo.net\/site\/#website"},"datePublished":"2011-04-14T03:20:45+00:00","dateModified":"2011-04-14T12:03:00+00:00","breadcrumb":{"@id":"https:\/\/www.oarcanjo.net\/site\/brasileirinhos\/#breadcrumb"},"inLanguage":"pt-BR","potentialAction":[{"@type":"ReadAction","target":["https:\/\/www.oarcanjo.net\/site\/brasileirinhos\/"]}]},{"@type":"BreadcrumbList","@id":"https:\/\/www.oarcanjo.net\/site\/brasileirinhos\/#breadcrumb","itemListElement":[{"@type":"ListItem","position":1,"name":"In\u00edcio","item":"https:\/\/www.oarcanjo.net\/site\/"},{"@type":"ListItem","position":2,"name":"Brasileirinhos"}]},{"@type":"WebSite","@id":"https:\/\/www.oarcanjo.net\/site\/#website","url":"https:\/\/www.oarcanjo.net\/site\/","name":"O Arcanjo no ar","description":"Site da Par\u00f3quia S\u00e3o Miguel Arcanjo (Arquidiocese de SP)","publisher":{"@id":"https:\/\/www.oarcanjo.net\/site\/#organization"},"potentialAction":[{"@type":"SearchAction","target":{"@type":"EntryPoint","urlTemplate":"https:\/\/www.oarcanjo.net\/site\/?s={search_term_string}"},"query-input":{"@type":"PropertyValueSpecification","valueRequired":true,"valueName":"search_term_string"}}],"inLanguage":"pt-BR"},{"@type":"Organization","@id":"https:\/\/www.oarcanjo.net\/site\/#organization","name":"Par\u00f3quia S\u00e3o Miguel Arcanjo","url":"https:\/\/www.oarcanjo.net\/site\/","logo":{"@type":"ImageObject","inLanguage":"pt-BR","@id":"https:\/\/www.oarcanjo.net\/site\/#\/schema\/logo\/image\/","url":"https:\/\/www.oarcanjo.net\/site\/wp-content\/uploads\/LogoOArcanjo.png","contentUrl":"https:\/\/www.oarcanjo.net\/site\/wp-content\/uploads\/LogoOArcanjo.png","width":319,"height":99,"caption":"Par\u00f3quia S\u00e3o Miguel Arcanjo"},"image":{"@id":"https:\/\/www.oarcanjo.net\/site\/#\/schema\/logo\/image\/"},"sameAs":["https:\/\/www.facebook.com\/OArcanjoNoAr\/"]},{"@type":"Person","@id":"https:\/\/www.oarcanjo.net\/site\/#\/schema\/person\/f7024d007863202483a31326673a0838","name":"editor","sameAs":["http:\/\/www.oarcanjo.net"]}]}},"publishpress_future_action":{"enabled":false,"date":"2026-05-10 06:59:23","action":"category","newStatus":"draft","terms":[],"taxonomy":"category"},"publishpress_future_workflow_manual_trigger":{"enabledWorkflows":[]},"_links":{"self":[{"href":"https:\/\/www.oarcanjo.net\/site\/wp-json\/wp\/v2\/posts\/13855"}],"collection":[{"href":"https:\/\/www.oarcanjo.net\/site\/wp-json\/wp\/v2\/posts"}],"about":[{"href":"https:\/\/www.oarcanjo.net\/site\/wp-json\/wp\/v2\/types\/post"}],"author":[{"embeddable":true,"href":"https:\/\/www.oarcanjo.net\/site\/wp-json\/wp\/v2\/users\/5"}],"replies":[{"embeddable":true,"href":"https:\/\/www.oarcanjo.net\/site\/wp-json\/wp\/v2\/comments?post=13855"}],"version-history":[{"count":0,"href":"https:\/\/www.oarcanjo.net\/site\/wp-json\/wp\/v2\/posts\/13855\/revisions"}],"wp:attachment":[{"href":"https:\/\/www.oarcanjo.net\/site\/wp-json\/wp\/v2\/media?parent=13855"}],"wp:term":[{"taxonomy":"category","embeddable":true,"href":"https:\/\/www.oarcanjo.net\/site\/wp-json\/wp\/v2\/categories?post=13855"},{"taxonomy":"post_tag","embeddable":true,"href":"https:\/\/www.oarcanjo.net\/site\/wp-json\/wp\/v2\/tags?post=13855"}],"curies":[{"name":"wp","href":"https:\/\/api.w.org\/{rel}","templated":true}]}}