
{"id":13858,"date":"2011-04-11T00:22:55","date_gmt":"2011-04-11T03:22:55","guid":{"rendered":"http:\/\/www.oarcanjo.net\/site\/?p=13858"},"modified":"2011-04-14T00:25:38","modified_gmt":"2011-04-14T03:25:38","slug":"nossa-esperanca-comentario-do-evangelho","status":"publish","type":"post","link":"https:\/\/www.oarcanjo.net\/site\/nossa-esperanca-comentario-do-evangelho\/","title":{"rendered":"Nossa esperan\u00e7a &#8211; coment\u00e1rio do Evangelho"},"content":{"rendered":"<p>Jos\u00e9 Antonio Pagola<\/p>\n<p>O relato da ressurrei\u00e7\u00e3o de L\u00e1zaro \u00e9 surpreendente. Por um lado, nunca nos \u00e9 apresentado Jesus t\u00e3o humano, fr\u00e1gil e profundo como neste momento em que morre um dos seus melhores amigos. Por outro lado, nunca nos convidam t\u00e3o directamente a acreditar no Seu poder salvador: &#8220;Eu sou a ressurrei\u00e7\u00e3o e a vida: o que crer em mim, mesmo que morra, viver\u00e1&#8230; Creis nisto?&#8221;<\/p>\n<p>Jesus n\u00e3o oculta o Seu carinho para com estes tr\u00eas irm\u00e3os da Bet\u00e2nia que, seguramente, o acolhem em sua casa sempre que vem a Jerusal\u00e9m. Um dia L\u00e1zaro fica doente e as suas irm\u00e3s enviam uma mensagem a Jesus: o nosso irm\u00e3o \u00aba quem tanto queres\u00bb est\u00e1 doente. Quando chega Jesus \u00e0 aldeia, L\u00e1zaro leva quatro dias enterrado. J\u00e1 ningu\u00e9m lhe poder\u00e1 devolver a vida.<\/p>\n<p>A fam\u00edlia est\u00e1 destro\u00e7ada. Quando se apresenta Jesus, Maria desata a chorar. Ningu\u00e9m a pode consolar. Ao ver os solu\u00e7os da Sua amiga, Jesus n\u00e3o pode conter-se e tamb\u00e9m Ele se p\u00f5e a chorar. Parte-Lhe a alma ao sentir a impot\u00eancia de todos ante a morte. Quem nos poder\u00e1 consolar?<\/p>\n<p>H\u00e1 em n\u00f3s um desejo insaci\u00e1vel de vida. Passamos os dias e os anos a lutar por viver. Agarramo-nos \u00e0 ci\u00eancia e, sobretudo, \u00e0 medicina para prolongar esta vida biol\u00f3gica, mas sempre chega uma \u00faltima doen\u00e7a de que ningu\u00e9m nos pode curar.<\/p>\n<p>Tampouco nos serviria viver esta vida para sempre. Seria horr\u00edvel um mundo envelhecido, cheio de velhos e velhas, cada vez com menos espa\u00e7o para os jovens, um mundo em que n\u00e3o se renovasse a vida. O que desejamos \u00e9 uma vida diferente, sem dor nem envelhecimento, sem fome nem guerras, uma vida plenamente feliz para todos.<\/p>\n<p>Hoje vivemos numa sociedade que foi descrita como &#8220;uma sociedade de incerteza&#8221; (Z. Bauman). Nunca tinha tido o ser humano tanto poder para avan\u00e7ar para uma vida mais feliz. E, no entanto, nunca tal vez se tenha sentido t\u00e3o impotente ante um futuro incerto e amea\u00e7ador. Em que podemos esperar?<\/p>\n<p>Como os humanos de todos os tempos, tamb\u00e9m n\u00f3s vivemos rodeados de trevas. Que \u00e9 a vida? Que \u00e9 a morte? Como h\u00e1 que viver? Como h\u00e1 que morrer? Antes de ressuscitar L\u00e1zaro, Jesus diz a Marta essas palavras que s\u00e3o para todos os Seus seguidores um desafio decisivo: &#8220;Eu sou a ressurrei\u00e7\u00e3o e a vida: aquele que acredita em mim, mesmo que morra viver\u00e1&#8230; Creis nisto?&#8221;<\/p>\n<p>Apesar de d\u00favidas e obscuridades, os crist\u00e3os acreditam em Jesus, Senhor da vida e da morte. S\u00f3 Nele procuramos luz e for\u00e7a para lutar pela vida e para enfrentarmos a morte. S\u00f3 Nele encontramos uma esperan\u00e7a da vida para al\u00e9m da vida.<\/p>\n<div id=\"themify_builder_content-13858\" data-postid=\"13858\" class=\"themify_builder_content themify_builder_content-13858 themify_builder themify_builder_front\">\n\t<\/div>\n<!-- \/themify_builder_content -->","protected":false},"excerpt":{"rendered":"<p>Jos\u00e9 Antonio Pagola O relato da ressurrei\u00e7\u00e3o de L\u00e1zaro \u00e9 surpreendente. Por um lado, nunca nos \u00e9 apresentado Jesus t\u00e3o humano, fr\u00e1gil e profundo como neste momento em que morre um dos seus melhores amigos. Por outro lado, nunca nos convidam t\u00e3o directamente a acreditar no Seu poder salvador: &#8220;Eu sou a ressurrei\u00e7\u00e3o e a [&hellip;]<\/p>\n","protected":false},"author":5,"featured_media":0,"comment_status":"open","ping_status":"open","sticky":false,"template":"","format":"standard","meta":{"ngg_post_thumbnail":0,"footnotes":""},"categories":[9],"tags":[536,68],"yoast_head":"<!-- This site is optimized with the Yoast SEO plugin v23.5 - https:\/\/yoast.com\/wordpress\/plugins\/seo\/ -->\n<title>Nossa esperan\u00e7a - coment\u00e1rio do Evangelho - O Arcanjo no ar<\/title>\n<meta name=\"robots\" content=\"index, follow, max-snippet:-1, max-image-preview:large, max-video-preview:-1\" \/>\n<link rel=\"canonical\" href=\"https:\/\/www.oarcanjo.net\/site\/nossa-esperanca-comentario-do-evangelho\/\" \/>\n<meta property=\"og:locale\" content=\"pt_BR\" \/>\n<meta property=\"og:type\" content=\"article\" \/>\n<meta property=\"og:title\" content=\"Nossa esperan\u00e7a - coment\u00e1rio do Evangelho - O Arcanjo no ar\" \/>\n<meta property=\"og:description\" content=\"Jos\u00e9 Antonio Pagola O relato da ressurrei\u00e7\u00e3o de L\u00e1zaro \u00e9 surpreendente. Por um lado, nunca nos \u00e9 apresentado Jesus t\u00e3o humano, fr\u00e1gil e profundo como neste momento em que morre um dos seus melhores amigos. Por outro lado, nunca nos convidam t\u00e3o directamente a acreditar no Seu poder salvador: &#8220;Eu sou a ressurrei\u00e7\u00e3o e a [&hellip;]\" \/>\n<meta property=\"og:url\" content=\"https:\/\/www.oarcanjo.net\/site\/nossa-esperanca-comentario-do-evangelho\/\" \/>\n<meta property=\"og:site_name\" content=\"O Arcanjo no ar\" \/>\n<meta property=\"article:publisher\" content=\"https:\/\/www.facebook.com\/OArcanjoNoAr\/\" \/>\n<meta property=\"article:published_time\" content=\"2011-04-11T03:22:55+00:00\" \/>\n<meta property=\"article:modified_time\" content=\"2011-04-14T03:25:38+00:00\" \/>\n<meta property=\"og:image\" content=\"https:\/\/www.oarcanjo.net\/site\/wp-content\/uploads\/logo-o-arcanjo-no-ar-facebook.png\" \/>\n\t<meta property=\"og:image:width\" content=\"300\" \/>\n\t<meta property=\"og:image:height\" content=\"300\" \/>\n\t<meta property=\"og:image:type\" content=\"image\/png\" \/>\n<meta name=\"author\" content=\"editor\" \/>\n<meta name=\"twitter:card\" content=\"summary_large_image\" \/>\n<meta name=\"twitter:label1\" content=\"Escrito por\" \/>\n\t<meta name=\"twitter:data1\" content=\"editor\" \/>\n\t<meta name=\"twitter:label2\" content=\"Est. tempo de leitura\" \/>\n\t<meta name=\"twitter:data2\" content=\"2 minutos\" \/>\n<script type=\"application\/ld+json\" class=\"yoast-schema-graph\">{\"@context\":\"https:\/\/schema.org\",\"@graph\":[{\"@type\":\"Article\",\"@id\":\"https:\/\/www.oarcanjo.net\/site\/nossa-esperanca-comentario-do-evangelho\/#article\",\"isPartOf\":{\"@id\":\"https:\/\/www.oarcanjo.net\/site\/nossa-esperanca-comentario-do-evangelho\/\"},\"author\":{\"name\":\"editor\",\"@id\":\"https:\/\/www.oarcanjo.net\/site\/#\/schema\/person\/f7024d007863202483a31326673a0838\"},\"headline\":\"Nossa esperan\u00e7a &#8211; coment\u00e1rio do Evangelho\",\"datePublished\":\"2011-04-11T03:22:55+00:00\",\"dateModified\":\"2011-04-14T03:25:38+00:00\",\"mainEntityOfPage\":{\"@id\":\"https:\/\/www.oarcanjo.net\/site\/nossa-esperanca-comentario-do-evangelho\/\"},\"wordCount\":485,\"commentCount\":0,\"publisher\":{\"@id\":\"https:\/\/www.oarcanjo.net\/site\/#organization\"},\"keywords\":[\"L\u00e1zaro\",\"ressurei\u00e7\u00e3o\"],\"articleSection\":[\"Reflex\u00f5es\"],\"inLanguage\":\"pt-BR\",\"potentialAction\":[{\"@type\":\"CommentAction\",\"name\":\"Comment\",\"target\":[\"https:\/\/www.oarcanjo.net\/site\/nossa-esperanca-comentario-do-evangelho\/#respond\"]}]},{\"@type\":\"WebPage\",\"@id\":\"https:\/\/www.oarcanjo.net\/site\/nossa-esperanca-comentario-do-evangelho\/\",\"url\":\"https:\/\/www.oarcanjo.net\/site\/nossa-esperanca-comentario-do-evangelho\/\",\"name\":\"Nossa esperan\u00e7a - coment\u00e1rio do Evangelho - O Arcanjo no ar\",\"isPartOf\":{\"@id\":\"https:\/\/www.oarcanjo.net\/site\/#website\"},\"datePublished\":\"2011-04-11T03:22:55+00:00\",\"dateModified\":\"2011-04-14T03:25:38+00:00\",\"breadcrumb\":{\"@id\":\"https:\/\/www.oarcanjo.net\/site\/nossa-esperanca-comentario-do-evangelho\/#breadcrumb\"},\"inLanguage\":\"pt-BR\",\"potentialAction\":[{\"@type\":\"ReadAction\",\"target\":[\"https:\/\/www.oarcanjo.net\/site\/nossa-esperanca-comentario-do-evangelho\/\"]}]},{\"@type\":\"BreadcrumbList\",\"@id\":\"https:\/\/www.oarcanjo.net\/site\/nossa-esperanca-comentario-do-evangelho\/#breadcrumb\",\"itemListElement\":[{\"@type\":\"ListItem\",\"position\":1,\"name\":\"In\u00edcio\",\"item\":\"https:\/\/www.oarcanjo.net\/site\/\"},{\"@type\":\"ListItem\",\"position\":2,\"name\":\"Nossa esperan\u00e7a &#8211; coment\u00e1rio do Evangelho\"}]},{\"@type\":\"WebSite\",\"@id\":\"https:\/\/www.oarcanjo.net\/site\/#website\",\"url\":\"https:\/\/www.oarcanjo.net\/site\/\",\"name\":\"O Arcanjo no ar\",\"description\":\"Site da Par\u00f3quia S\u00e3o Miguel Arcanjo (Arquidiocese de SP)\",\"publisher\":{\"@id\":\"https:\/\/www.oarcanjo.net\/site\/#organization\"},\"potentialAction\":[{\"@type\":\"SearchAction\",\"target\":{\"@type\":\"EntryPoint\",\"urlTemplate\":\"https:\/\/www.oarcanjo.net\/site\/?s={search_term_string}\"},\"query-input\":{\"@type\":\"PropertyValueSpecification\",\"valueRequired\":true,\"valueName\":\"search_term_string\"}}],\"inLanguage\":\"pt-BR\"},{\"@type\":\"Organization\",\"@id\":\"https:\/\/www.oarcanjo.net\/site\/#organization\",\"name\":\"Par\u00f3quia S\u00e3o Miguel Arcanjo\",\"url\":\"https:\/\/www.oarcanjo.net\/site\/\",\"logo\":{\"@type\":\"ImageObject\",\"inLanguage\":\"pt-BR\",\"@id\":\"https:\/\/www.oarcanjo.net\/site\/#\/schema\/logo\/image\/\",\"url\":\"https:\/\/www.oarcanjo.net\/site\/wp-content\/uploads\/LogoOArcanjo.png\",\"contentUrl\":\"https:\/\/www.oarcanjo.net\/site\/wp-content\/uploads\/LogoOArcanjo.png\",\"width\":319,\"height\":99,\"caption\":\"Par\u00f3quia S\u00e3o Miguel Arcanjo\"},\"image\":{\"@id\":\"https:\/\/www.oarcanjo.net\/site\/#\/schema\/logo\/image\/\"},\"sameAs\":[\"https:\/\/www.facebook.com\/OArcanjoNoAr\/\"]},{\"@type\":\"Person\",\"@id\":\"https:\/\/www.oarcanjo.net\/site\/#\/schema\/person\/f7024d007863202483a31326673a0838\",\"name\":\"editor\",\"sameAs\":[\"http:\/\/www.oarcanjo.net\"]}]}<\/script>\n<!-- \/ Yoast SEO plugin. -->","yoast_head_json":{"title":"Nossa esperan\u00e7a - coment\u00e1rio do Evangelho - O Arcanjo no ar","robots":{"index":"index","follow":"follow","max-snippet":"max-snippet:-1","max-image-preview":"max-image-preview:large","max-video-preview":"max-video-preview:-1"},"canonical":"https:\/\/www.oarcanjo.net\/site\/nossa-esperanca-comentario-do-evangelho\/","og_locale":"pt_BR","og_type":"article","og_title":"Nossa esperan\u00e7a - coment\u00e1rio do Evangelho - O Arcanjo no ar","og_description":"Jos\u00e9 Antonio Pagola O relato da ressurrei\u00e7\u00e3o de L\u00e1zaro \u00e9 surpreendente. Por um lado, nunca nos \u00e9 apresentado Jesus t\u00e3o humano, fr\u00e1gil e profundo como neste momento em que morre um dos seus melhores amigos. Por outro lado, nunca nos convidam t\u00e3o directamente a acreditar no Seu poder salvador: &#8220;Eu sou a ressurrei\u00e7\u00e3o e a [&hellip;]","og_url":"https:\/\/www.oarcanjo.net\/site\/nossa-esperanca-comentario-do-evangelho\/","og_site_name":"O Arcanjo no ar","article_publisher":"https:\/\/www.facebook.com\/OArcanjoNoAr\/","article_published_time":"2011-04-11T03:22:55+00:00","article_modified_time":"2011-04-14T03:25:38+00:00","og_image":[{"width":300,"height":300,"url":"https:\/\/www.oarcanjo.net\/site\/wp-content\/uploads\/logo-o-arcanjo-no-ar-facebook.png","type":"image\/png"}],"author":"editor","twitter_card":"summary_large_image","twitter_misc":{"Escrito por":"editor","Est. tempo de leitura":"2 minutos"},"schema":{"@context":"https:\/\/schema.org","@graph":[{"@type":"Article","@id":"https:\/\/www.oarcanjo.net\/site\/nossa-esperanca-comentario-do-evangelho\/#article","isPartOf":{"@id":"https:\/\/www.oarcanjo.net\/site\/nossa-esperanca-comentario-do-evangelho\/"},"author":{"name":"editor","@id":"https:\/\/www.oarcanjo.net\/site\/#\/schema\/person\/f7024d007863202483a31326673a0838"},"headline":"Nossa esperan\u00e7a &#8211; coment\u00e1rio do Evangelho","datePublished":"2011-04-11T03:22:55+00:00","dateModified":"2011-04-14T03:25:38+00:00","mainEntityOfPage":{"@id":"https:\/\/www.oarcanjo.net\/site\/nossa-esperanca-comentario-do-evangelho\/"},"wordCount":485,"commentCount":0,"publisher":{"@id":"https:\/\/www.oarcanjo.net\/site\/#organization"},"keywords":["L\u00e1zaro","ressurei\u00e7\u00e3o"],"articleSection":["Reflex\u00f5es"],"inLanguage":"pt-BR","potentialAction":[{"@type":"CommentAction","name":"Comment","target":["https:\/\/www.oarcanjo.net\/site\/nossa-esperanca-comentario-do-evangelho\/#respond"]}]},{"@type":"WebPage","@id":"https:\/\/www.oarcanjo.net\/site\/nossa-esperanca-comentario-do-evangelho\/","url":"https:\/\/www.oarcanjo.net\/site\/nossa-esperanca-comentario-do-evangelho\/","name":"Nossa esperan\u00e7a - coment\u00e1rio do Evangelho - O Arcanjo no ar","isPartOf":{"@id":"https:\/\/www.oarcanjo.net\/site\/#website"},"datePublished":"2011-04-11T03:22:55+00:00","dateModified":"2011-04-14T03:25:38+00:00","breadcrumb":{"@id":"https:\/\/www.oarcanjo.net\/site\/nossa-esperanca-comentario-do-evangelho\/#breadcrumb"},"inLanguage":"pt-BR","potentialAction":[{"@type":"ReadAction","target":["https:\/\/www.oarcanjo.net\/site\/nossa-esperanca-comentario-do-evangelho\/"]}]},{"@type":"BreadcrumbList","@id":"https:\/\/www.oarcanjo.net\/site\/nossa-esperanca-comentario-do-evangelho\/#breadcrumb","itemListElement":[{"@type":"ListItem","position":1,"name":"In\u00edcio","item":"https:\/\/www.oarcanjo.net\/site\/"},{"@type":"ListItem","position":2,"name":"Nossa esperan\u00e7a &#8211; coment\u00e1rio do Evangelho"}]},{"@type":"WebSite","@id":"https:\/\/www.oarcanjo.net\/site\/#website","url":"https:\/\/www.oarcanjo.net\/site\/","name":"O Arcanjo no ar","description":"Site da Par\u00f3quia S\u00e3o Miguel Arcanjo (Arquidiocese de SP)","publisher":{"@id":"https:\/\/www.oarcanjo.net\/site\/#organization"},"potentialAction":[{"@type":"SearchAction","target":{"@type":"EntryPoint","urlTemplate":"https:\/\/www.oarcanjo.net\/site\/?s={search_term_string}"},"query-input":{"@type":"PropertyValueSpecification","valueRequired":true,"valueName":"search_term_string"}}],"inLanguage":"pt-BR"},{"@type":"Organization","@id":"https:\/\/www.oarcanjo.net\/site\/#organization","name":"Par\u00f3quia S\u00e3o Miguel Arcanjo","url":"https:\/\/www.oarcanjo.net\/site\/","logo":{"@type":"ImageObject","inLanguage":"pt-BR","@id":"https:\/\/www.oarcanjo.net\/site\/#\/schema\/logo\/image\/","url":"https:\/\/www.oarcanjo.net\/site\/wp-content\/uploads\/LogoOArcanjo.png","contentUrl":"https:\/\/www.oarcanjo.net\/site\/wp-content\/uploads\/LogoOArcanjo.png","width":319,"height":99,"caption":"Par\u00f3quia S\u00e3o Miguel Arcanjo"},"image":{"@id":"https:\/\/www.oarcanjo.net\/site\/#\/schema\/logo\/image\/"},"sameAs":["https:\/\/www.facebook.com\/OArcanjoNoAr\/"]},{"@type":"Person","@id":"https:\/\/www.oarcanjo.net\/site\/#\/schema\/person\/f7024d007863202483a31326673a0838","name":"editor","sameAs":["http:\/\/www.oarcanjo.net"]}]}},"publishpress_future_action":{"enabled":false,"date":"2026-05-10 07:00:36","action":"category","newStatus":"draft","terms":[],"taxonomy":"category"},"publishpress_future_workflow_manual_trigger":{"enabledWorkflows":[]},"_links":{"self":[{"href":"https:\/\/www.oarcanjo.net\/site\/wp-json\/wp\/v2\/posts\/13858"}],"collection":[{"href":"https:\/\/www.oarcanjo.net\/site\/wp-json\/wp\/v2\/posts"}],"about":[{"href":"https:\/\/www.oarcanjo.net\/site\/wp-json\/wp\/v2\/types\/post"}],"author":[{"embeddable":true,"href":"https:\/\/www.oarcanjo.net\/site\/wp-json\/wp\/v2\/users\/5"}],"replies":[{"embeddable":true,"href":"https:\/\/www.oarcanjo.net\/site\/wp-json\/wp\/v2\/comments?post=13858"}],"version-history":[{"count":0,"href":"https:\/\/www.oarcanjo.net\/site\/wp-json\/wp\/v2\/posts\/13858\/revisions"}],"wp:attachment":[{"href":"https:\/\/www.oarcanjo.net\/site\/wp-json\/wp\/v2\/media?parent=13858"}],"wp:term":[{"taxonomy":"category","embeddable":true,"href":"https:\/\/www.oarcanjo.net\/site\/wp-json\/wp\/v2\/categories?post=13858"},{"taxonomy":"post_tag","embeddable":true,"href":"https:\/\/www.oarcanjo.net\/site\/wp-json\/wp\/v2\/tags?post=13858"}],"curies":[{"name":"wp","href":"https:\/\/api.w.org\/{rel}","templated":true}]}}