
{"id":13861,"date":"2011-04-14T08:18:29","date_gmt":"2011-04-14T11:18:29","guid":{"rendered":"http:\/\/www.oarcanjo.net\/site\/?p=13861"},"modified":"2011-04-14T09:01:49","modified_gmt":"2011-04-14T12:01:49","slug":"seu-tumulo-foi-aberto-se-quiser-pode-sair-de-dentro-dele","status":"publish","type":"post","link":"https:\/\/www.oarcanjo.net\/site\/seu-tumulo-foi-aberto-se-quiser-pode-sair-de-dentro-dele\/","title":{"rendered":"Seu t\u00famulo foi aberto: se quiser, pode sair de dentro dele"},"content":{"rendered":"<p style=\"text-align: justify;\"><strong> <\/strong><em>Pe. Paulo Cezar Mazzi<\/em><\/p>\n<p style=\"text-align: justify;\">Estamos caminhando para a celebra\u00e7\u00e3o da Paix\u00e3o, Morte e Ressurrei\u00e7\u00e3o do Senhor. Mais do que recordar esses acontecimentos, se trata de perceber a repercuss\u00e3o deles em nossa vida hoje. A celebra\u00e7\u00e3o da Ceia, na quinta-feira santa, atualiza-se para n\u00f3s nessas palavras de Jesus: Eis que estou \u00e0 porta e bato: se algu\u00e9m ouvir minha voz e abrir a porta, entrarei em sua casa e cearei com ele, e ele comigo (Ap 3,20). A celebra\u00e7\u00e3o da Paix\u00e3o, na sexta-feira santa, convida-nos a fazer nossas as palavras de Paulo: Minha vida presente na carne eu a vivo pela f\u00e9 no Filho de Deus, que me amou e se entregou a si mesmo por mim (Gl 2,20). As celebra\u00e7\u00f5es da Vig\u00edlia Pascal e do Domingo de P\u00e1scoa, nos recordam que pelo batismo n\u00f3s fomos sepultados com ele na morte, para que, como Cristo foi ressuscitado dentre os mortos pela gl\u00f3ria do Pai, assim tamb\u00e9m n\u00f3s caminhemos numa vida nova (Rm 6,4).\u00a0<img decoding=\"async\" title=\"Mais...\" src=\"http:\/\/provinciasaopaulo.com\/wp-includes\/js\/tinymce\/plugins\/wordpress\/img\/trans.gif\" alt=\"\" \/><\/p>\n<p style=\"text-align: justify;\">P\u00e1scoa significa passagem. Para que haja uma passagem, \u00e9 preciso que exista uma abertura. No momento em que Jesus morreu, os t\u00famulos se abriram e muitos corpos dos santos falecidos ressuscitaram (Mt 27,52). Essa imagem pascal precisa falar ao nosso cora\u00e7\u00e3o: n\u00f3s n\u00e3o estamos fechados para sempre em nenhum t\u00famulo. Nossos t\u00famulos foram abertos por Jesus. Se quisermos, podemos sair de dentro deles e fazer a nossa passagem cotidiana da morte para a vida.<\/p>\n<p style=\"text-align: justify;\">A quest\u00e3o \u00e9: queremos sair de dentro dos nossos t\u00famulos? \u00c9 verdade que algumas situa\u00e7\u00f5es nos jogam temporariamente dentro de um t\u00famulo, como a not\u00edcia de uma doen\u00e7a, o fim de um relacionamento, a separa\u00e7\u00e3o de algu\u00e9m querido, o enfrentamento de um problema etc. Diante dessas situa\u00e7\u00f5es, sentimos a necessidade de nos recolher para concentrar as nossas energias no lidar com a dificuldade surgida. Mas tamb\u00e9m \u00e9 verdade que n\u00f3s podemos nos habituar com nossos t\u00famulos e passar a viver dentro deles.<\/p>\n<p style=\"text-align: justify;\">Quantas pessoas voc\u00ea conhece que se habituaram a viver enterradas no t\u00famulo do ressentimento, da m\u00e1goa, da falta de perd\u00e3o? Quantas pessoas passaram a acreditar que viver enterradas na mentira compensa mais do que sair do t\u00famulo e confrontar-se com a pr\u00f3pria verdade? Quanto maior o nosso medo, a nossa pregui\u00e7a, a nossa falta de f\u00e9 e de disposi\u00e7\u00e3o em lutar, mais nos acostumamos a viver dentro dos nossos t\u00famulos. Por isso, mesmo que eles tenham sido abertos por Jesus, podemos estranhamente escolher n\u00e3o sair de dentro deles, n\u00e3o viver como ressuscitados, mas sobreviver como moribundos.<\/p>\n<p style=\"text-align: justify;\">Nunca \u00e9 demais lembrar que aquilo que nos empurra para dentro dos nossos t\u00famulos n\u00e3o \u00e9 o que nos acontece, mas a maneira como lidamos com aquilo que nos acontece. Por isso, ao inv\u00e9s de voc\u00ea se jogar nos bra\u00e7os da passividade e do pessimismo, arrumando mil e uma desculpas para justificar a sua perman\u00eancia dentro de seu t\u00famulo, procure perceber se a maneira como voc\u00ea lida com aquilo que te acontece \u00e9 correta, se te ajuda a sair ou a entrar mais ainda no buraco escuro do seu t\u00famulo.<\/p>\n<p style=\"text-align: justify;\">Antes dos t\u00famulos se abrirem e os mortos ressuscitarem, no momento em que Jesus morreu, o v\u00e9u do Santu\u00e1rio (c\u00e9u) se rasgou em duas partes, de cima a baixo, a terra tremeu e as rochas se fenderam (Mt 27,51). Se Deus permite que algum acontecimento fa\u00e7a o ch\u00e3o sob os nossos p\u00e9s tremer e as rochas da nossa seguran\u00e7a se fenderem, isso tem um lado positivo: \u00e9 para nos sacudir, para nos despertar do sono da morte, para nos fazer voltar \u00e0 vida, para nos dar um choque de realidade, numa palavra: para nos convidar a deixar os nossos t\u00famulos e voltar a sentir o desejo de viver uma vida mais aut\u00eantica.<\/p>\n<p style=\"text-align: justify;\">Essa \u00e9 a mensagem da P\u00e1scoa de Jesus Cristo para cada um de n\u00f3s: nosso t\u00famulo foi aberto; n\u00f3s podemos sair de dentro dele se quisermos.<\/p>\n<div id=\"themify_builder_content-13861\" data-postid=\"13861\" class=\"themify_builder_content themify_builder_content-13861 themify_builder themify_builder_front\">\n\t<\/div>\n<!-- \/themify_builder_content -->","protected":false},"excerpt":{"rendered":"<p>Pe. Paulo Cezar Mazzi Estamos caminhando para a celebra\u00e7\u00e3o da Paix\u00e3o, Morte e Ressurrei\u00e7\u00e3o do Senhor. Mais do que recordar esses acontecimentos, se trata de perceber a repercuss\u00e3o deles em nossa vida hoje. A celebra\u00e7\u00e3o da Ceia, na quinta-feira santa, atualiza-se para n\u00f3s nessas palavras de Jesus: Eis que estou \u00e0 porta e bato: se [&hellip;]<\/p>\n","protected":false},"author":15,"featured_media":0,"comment_status":"open","ping_status":"open","sticky":false,"template":"","format":"standard","meta":{"ngg_post_thumbnail":0,"footnotes":""},"categories":[9],"tags":[],"yoast_head":"<!-- This site is optimized with the Yoast SEO plugin v23.5 - https:\/\/yoast.com\/wordpress\/plugins\/seo\/ -->\n<title>Seu t\u00famulo foi aberto: se quiser, pode sair de dentro dele - O Arcanjo no ar<\/title>\n<meta name=\"robots\" content=\"index, follow, max-snippet:-1, max-image-preview:large, max-video-preview:-1\" \/>\n<link rel=\"canonical\" href=\"https:\/\/www.oarcanjo.net\/site\/seu-tumulo-foi-aberto-se-quiser-pode-sair-de-dentro-dele\/\" \/>\n<meta property=\"og:locale\" content=\"pt_BR\" \/>\n<meta property=\"og:type\" content=\"article\" \/>\n<meta property=\"og:title\" content=\"Seu t\u00famulo foi aberto: se quiser, pode sair de dentro dele - O Arcanjo no ar\" \/>\n<meta property=\"og:description\" content=\"Pe. Paulo Cezar Mazzi Estamos caminhando para a celebra\u00e7\u00e3o da Paix\u00e3o, Morte e Ressurrei\u00e7\u00e3o do Senhor. Mais do que recordar esses acontecimentos, se trata de perceber a repercuss\u00e3o deles em nossa vida hoje. A celebra\u00e7\u00e3o da Ceia, na quinta-feira santa, atualiza-se para n\u00f3s nessas palavras de Jesus: Eis que estou \u00e0 porta e bato: se [&hellip;]\" \/>\n<meta property=\"og:url\" content=\"https:\/\/www.oarcanjo.net\/site\/seu-tumulo-foi-aberto-se-quiser-pode-sair-de-dentro-dele\/\" \/>\n<meta property=\"og:site_name\" content=\"O Arcanjo no ar\" \/>\n<meta property=\"article:publisher\" content=\"https:\/\/www.facebook.com\/OArcanjoNoAr\/\" \/>\n<meta property=\"article:published_time\" content=\"2011-04-14T11:18:29+00:00\" \/>\n<meta property=\"article:modified_time\" content=\"2011-04-14T12:01:49+00:00\" \/>\n<meta property=\"og:image\" content=\"http:\/\/provinciasaopaulo.com\/wp-includes\/js\/tinymce\/plugins\/wordpress\/img\/trans.gif\" \/>\n<meta name=\"author\" content=\"Alexandre Nunes\" \/>\n<meta name=\"twitter:card\" content=\"summary_large_image\" \/>\n<meta name=\"twitter:label1\" content=\"Escrito por\" \/>\n\t<meta name=\"twitter:data1\" content=\"Alexandre Nunes\" \/>\n\t<meta name=\"twitter:label2\" content=\"Est. tempo de leitura\" \/>\n\t<meta name=\"twitter:data2\" content=\"3 minutos\" \/>\n<script type=\"application\/ld+json\" class=\"yoast-schema-graph\">{\"@context\":\"https:\/\/schema.org\",\"@graph\":[{\"@type\":\"Article\",\"@id\":\"https:\/\/www.oarcanjo.net\/site\/seu-tumulo-foi-aberto-se-quiser-pode-sair-de-dentro-dele\/#article\",\"isPartOf\":{\"@id\":\"https:\/\/www.oarcanjo.net\/site\/seu-tumulo-foi-aberto-se-quiser-pode-sair-de-dentro-dele\/\"},\"author\":{\"name\":\"Alexandre Nunes\",\"@id\":\"https:\/\/www.oarcanjo.net\/site\/#\/schema\/person\/0a2ae077c1a09b69d29928e3b9f1c0d1\"},\"headline\":\"Seu t\u00famulo foi aberto: se quiser, pode sair de dentro dele\",\"datePublished\":\"2011-04-14T11:18:29+00:00\",\"dateModified\":\"2011-04-14T12:01:49+00:00\",\"mainEntityOfPage\":{\"@id\":\"https:\/\/www.oarcanjo.net\/site\/seu-tumulo-foi-aberto-se-quiser-pode-sair-de-dentro-dele\/\"},\"wordCount\":704,\"commentCount\":2,\"publisher\":{\"@id\":\"https:\/\/www.oarcanjo.net\/site\/#organization\"},\"image\":{\"@id\":\"https:\/\/www.oarcanjo.net\/site\/seu-tumulo-foi-aberto-se-quiser-pode-sair-de-dentro-dele\/#primaryimage\"},\"thumbnailUrl\":\"http:\/\/provinciasaopaulo.com\/wp-includes\/js\/tinymce\/plugins\/wordpress\/img\/trans.gif\",\"articleSection\":[\"Reflex\u00f5es\"],\"inLanguage\":\"pt-BR\",\"potentialAction\":[{\"@type\":\"CommentAction\",\"name\":\"Comment\",\"target\":[\"https:\/\/www.oarcanjo.net\/site\/seu-tumulo-foi-aberto-se-quiser-pode-sair-de-dentro-dele\/#respond\"]}]},{\"@type\":\"WebPage\",\"@id\":\"https:\/\/www.oarcanjo.net\/site\/seu-tumulo-foi-aberto-se-quiser-pode-sair-de-dentro-dele\/\",\"url\":\"https:\/\/www.oarcanjo.net\/site\/seu-tumulo-foi-aberto-se-quiser-pode-sair-de-dentro-dele\/\",\"name\":\"Seu t\u00famulo foi aberto: se quiser, pode sair de dentro dele - O Arcanjo no ar\",\"isPartOf\":{\"@id\":\"https:\/\/www.oarcanjo.net\/site\/#website\"},\"primaryImageOfPage\":{\"@id\":\"https:\/\/www.oarcanjo.net\/site\/seu-tumulo-foi-aberto-se-quiser-pode-sair-de-dentro-dele\/#primaryimage\"},\"image\":{\"@id\":\"https:\/\/www.oarcanjo.net\/site\/seu-tumulo-foi-aberto-se-quiser-pode-sair-de-dentro-dele\/#primaryimage\"},\"thumbnailUrl\":\"http:\/\/provinciasaopaulo.com\/wp-includes\/js\/tinymce\/plugins\/wordpress\/img\/trans.gif\",\"datePublished\":\"2011-04-14T11:18:29+00:00\",\"dateModified\":\"2011-04-14T12:01:49+00:00\",\"breadcrumb\":{\"@id\":\"https:\/\/www.oarcanjo.net\/site\/seu-tumulo-foi-aberto-se-quiser-pode-sair-de-dentro-dele\/#breadcrumb\"},\"inLanguage\":\"pt-BR\",\"potentialAction\":[{\"@type\":\"ReadAction\",\"target\":[\"https:\/\/www.oarcanjo.net\/site\/seu-tumulo-foi-aberto-se-quiser-pode-sair-de-dentro-dele\/\"]}]},{\"@type\":\"ImageObject\",\"inLanguage\":\"pt-BR\",\"@id\":\"https:\/\/www.oarcanjo.net\/site\/seu-tumulo-foi-aberto-se-quiser-pode-sair-de-dentro-dele\/#primaryimage\",\"url\":\"http:\/\/provinciasaopaulo.com\/wp-includes\/js\/tinymce\/plugins\/wordpress\/img\/trans.gif\",\"contentUrl\":\"http:\/\/provinciasaopaulo.com\/wp-includes\/js\/tinymce\/plugins\/wordpress\/img\/trans.gif\"},{\"@type\":\"BreadcrumbList\",\"@id\":\"https:\/\/www.oarcanjo.net\/site\/seu-tumulo-foi-aberto-se-quiser-pode-sair-de-dentro-dele\/#breadcrumb\",\"itemListElement\":[{\"@type\":\"ListItem\",\"position\":1,\"name\":\"In\u00edcio\",\"item\":\"https:\/\/www.oarcanjo.net\/site\/\"},{\"@type\":\"ListItem\",\"position\":2,\"name\":\"Seu t\u00famulo foi aberto: se quiser, pode sair de dentro dele\"}]},{\"@type\":\"WebSite\",\"@id\":\"https:\/\/www.oarcanjo.net\/site\/#website\",\"url\":\"https:\/\/www.oarcanjo.net\/site\/\",\"name\":\"O Arcanjo no ar\",\"description\":\"Site da Par\u00f3quia S\u00e3o Miguel Arcanjo (Arquidiocese de SP)\",\"publisher\":{\"@id\":\"https:\/\/www.oarcanjo.net\/site\/#organization\"},\"potentialAction\":[{\"@type\":\"SearchAction\",\"target\":{\"@type\":\"EntryPoint\",\"urlTemplate\":\"https:\/\/www.oarcanjo.net\/site\/?s={search_term_string}\"},\"query-input\":{\"@type\":\"PropertyValueSpecification\",\"valueRequired\":true,\"valueName\":\"search_term_string\"}}],\"inLanguage\":\"pt-BR\"},{\"@type\":\"Organization\",\"@id\":\"https:\/\/www.oarcanjo.net\/site\/#organization\",\"name\":\"Par\u00f3quia S\u00e3o Miguel Arcanjo\",\"url\":\"https:\/\/www.oarcanjo.net\/site\/\",\"logo\":{\"@type\":\"ImageObject\",\"inLanguage\":\"pt-BR\",\"@id\":\"https:\/\/www.oarcanjo.net\/site\/#\/schema\/logo\/image\/\",\"url\":\"https:\/\/www.oarcanjo.net\/site\/wp-content\/uploads\/LogoOArcanjo.png\",\"contentUrl\":\"https:\/\/www.oarcanjo.net\/site\/wp-content\/uploads\/LogoOArcanjo.png\",\"width\":319,\"height\":99,\"caption\":\"Par\u00f3quia S\u00e3o Miguel Arcanjo\"},\"image\":{\"@id\":\"https:\/\/www.oarcanjo.net\/site\/#\/schema\/logo\/image\/\"},\"sameAs\":[\"https:\/\/www.facebook.com\/OArcanjoNoAr\/\"]},{\"@type\":\"Person\",\"@id\":\"https:\/\/www.oarcanjo.net\/site\/#\/schema\/person\/0a2ae077c1a09b69d29928e3b9f1c0d1\",\"name\":\"Alexandre Nunes\",\"sameAs\":[\"http:\/\/alexandrenu.com\"]}]}<\/script>\n<!-- \/ Yoast SEO plugin. -->","yoast_head_json":{"title":"Seu t\u00famulo foi aberto: se quiser, pode sair de dentro dele - O Arcanjo no ar","robots":{"index":"index","follow":"follow","max-snippet":"max-snippet:-1","max-image-preview":"max-image-preview:large","max-video-preview":"max-video-preview:-1"},"canonical":"https:\/\/www.oarcanjo.net\/site\/seu-tumulo-foi-aberto-se-quiser-pode-sair-de-dentro-dele\/","og_locale":"pt_BR","og_type":"article","og_title":"Seu t\u00famulo foi aberto: se quiser, pode sair de dentro dele - O Arcanjo no ar","og_description":"Pe. Paulo Cezar Mazzi Estamos caminhando para a celebra\u00e7\u00e3o da Paix\u00e3o, Morte e Ressurrei\u00e7\u00e3o do Senhor. Mais do que recordar esses acontecimentos, se trata de perceber a repercuss\u00e3o deles em nossa vida hoje. A celebra\u00e7\u00e3o da Ceia, na quinta-feira santa, atualiza-se para n\u00f3s nessas palavras de Jesus: Eis que estou \u00e0 porta e bato: se [&hellip;]","og_url":"https:\/\/www.oarcanjo.net\/site\/seu-tumulo-foi-aberto-se-quiser-pode-sair-de-dentro-dele\/","og_site_name":"O Arcanjo no ar","article_publisher":"https:\/\/www.facebook.com\/OArcanjoNoAr\/","article_published_time":"2011-04-14T11:18:29+00:00","article_modified_time":"2011-04-14T12:01:49+00:00","og_image":[{"url":"http:\/\/provinciasaopaulo.com\/wp-includes\/js\/tinymce\/plugins\/wordpress\/img\/trans.gif"}],"author":"Alexandre Nunes","twitter_card":"summary_large_image","twitter_misc":{"Escrito por":"Alexandre Nunes","Est. tempo de leitura":"3 minutos"},"schema":{"@context":"https:\/\/schema.org","@graph":[{"@type":"Article","@id":"https:\/\/www.oarcanjo.net\/site\/seu-tumulo-foi-aberto-se-quiser-pode-sair-de-dentro-dele\/#article","isPartOf":{"@id":"https:\/\/www.oarcanjo.net\/site\/seu-tumulo-foi-aberto-se-quiser-pode-sair-de-dentro-dele\/"},"author":{"name":"Alexandre Nunes","@id":"https:\/\/www.oarcanjo.net\/site\/#\/schema\/person\/0a2ae077c1a09b69d29928e3b9f1c0d1"},"headline":"Seu t\u00famulo foi aberto: se quiser, pode sair de dentro dele","datePublished":"2011-04-14T11:18:29+00:00","dateModified":"2011-04-14T12:01:49+00:00","mainEntityOfPage":{"@id":"https:\/\/www.oarcanjo.net\/site\/seu-tumulo-foi-aberto-se-quiser-pode-sair-de-dentro-dele\/"},"wordCount":704,"commentCount":2,"publisher":{"@id":"https:\/\/www.oarcanjo.net\/site\/#organization"},"image":{"@id":"https:\/\/www.oarcanjo.net\/site\/seu-tumulo-foi-aberto-se-quiser-pode-sair-de-dentro-dele\/#primaryimage"},"thumbnailUrl":"http:\/\/provinciasaopaulo.com\/wp-includes\/js\/tinymce\/plugins\/wordpress\/img\/trans.gif","articleSection":["Reflex\u00f5es"],"inLanguage":"pt-BR","potentialAction":[{"@type":"CommentAction","name":"Comment","target":["https:\/\/www.oarcanjo.net\/site\/seu-tumulo-foi-aberto-se-quiser-pode-sair-de-dentro-dele\/#respond"]}]},{"@type":"WebPage","@id":"https:\/\/www.oarcanjo.net\/site\/seu-tumulo-foi-aberto-se-quiser-pode-sair-de-dentro-dele\/","url":"https:\/\/www.oarcanjo.net\/site\/seu-tumulo-foi-aberto-se-quiser-pode-sair-de-dentro-dele\/","name":"Seu t\u00famulo foi aberto: se quiser, pode sair de dentro dele - O Arcanjo no ar","isPartOf":{"@id":"https:\/\/www.oarcanjo.net\/site\/#website"},"primaryImageOfPage":{"@id":"https:\/\/www.oarcanjo.net\/site\/seu-tumulo-foi-aberto-se-quiser-pode-sair-de-dentro-dele\/#primaryimage"},"image":{"@id":"https:\/\/www.oarcanjo.net\/site\/seu-tumulo-foi-aberto-se-quiser-pode-sair-de-dentro-dele\/#primaryimage"},"thumbnailUrl":"http:\/\/provinciasaopaulo.com\/wp-includes\/js\/tinymce\/plugins\/wordpress\/img\/trans.gif","datePublished":"2011-04-14T11:18:29+00:00","dateModified":"2011-04-14T12:01:49+00:00","breadcrumb":{"@id":"https:\/\/www.oarcanjo.net\/site\/seu-tumulo-foi-aberto-se-quiser-pode-sair-de-dentro-dele\/#breadcrumb"},"inLanguage":"pt-BR","potentialAction":[{"@type":"ReadAction","target":["https:\/\/www.oarcanjo.net\/site\/seu-tumulo-foi-aberto-se-quiser-pode-sair-de-dentro-dele\/"]}]},{"@type":"ImageObject","inLanguage":"pt-BR","@id":"https:\/\/www.oarcanjo.net\/site\/seu-tumulo-foi-aberto-se-quiser-pode-sair-de-dentro-dele\/#primaryimage","url":"http:\/\/provinciasaopaulo.com\/wp-includes\/js\/tinymce\/plugins\/wordpress\/img\/trans.gif","contentUrl":"http:\/\/provinciasaopaulo.com\/wp-includes\/js\/tinymce\/plugins\/wordpress\/img\/trans.gif"},{"@type":"BreadcrumbList","@id":"https:\/\/www.oarcanjo.net\/site\/seu-tumulo-foi-aberto-se-quiser-pode-sair-de-dentro-dele\/#breadcrumb","itemListElement":[{"@type":"ListItem","position":1,"name":"In\u00edcio","item":"https:\/\/www.oarcanjo.net\/site\/"},{"@type":"ListItem","position":2,"name":"Seu t\u00famulo foi aberto: se quiser, pode sair de dentro dele"}]},{"@type":"WebSite","@id":"https:\/\/www.oarcanjo.net\/site\/#website","url":"https:\/\/www.oarcanjo.net\/site\/","name":"O Arcanjo no ar","description":"Site da Par\u00f3quia S\u00e3o Miguel Arcanjo (Arquidiocese de SP)","publisher":{"@id":"https:\/\/www.oarcanjo.net\/site\/#organization"},"potentialAction":[{"@type":"SearchAction","target":{"@type":"EntryPoint","urlTemplate":"https:\/\/www.oarcanjo.net\/site\/?s={search_term_string}"},"query-input":{"@type":"PropertyValueSpecification","valueRequired":true,"valueName":"search_term_string"}}],"inLanguage":"pt-BR"},{"@type":"Organization","@id":"https:\/\/www.oarcanjo.net\/site\/#organization","name":"Par\u00f3quia S\u00e3o Miguel Arcanjo","url":"https:\/\/www.oarcanjo.net\/site\/","logo":{"@type":"ImageObject","inLanguage":"pt-BR","@id":"https:\/\/www.oarcanjo.net\/site\/#\/schema\/logo\/image\/","url":"https:\/\/www.oarcanjo.net\/site\/wp-content\/uploads\/LogoOArcanjo.png","contentUrl":"https:\/\/www.oarcanjo.net\/site\/wp-content\/uploads\/LogoOArcanjo.png","width":319,"height":99,"caption":"Par\u00f3quia S\u00e3o Miguel Arcanjo"},"image":{"@id":"https:\/\/www.oarcanjo.net\/site\/#\/schema\/logo\/image\/"},"sameAs":["https:\/\/www.facebook.com\/OArcanjoNoAr\/"]},{"@type":"Person","@id":"https:\/\/www.oarcanjo.net\/site\/#\/schema\/person\/0a2ae077c1a09b69d29928e3b9f1c0d1","name":"Alexandre Nunes","sameAs":["http:\/\/alexandrenu.com"]}]}},"publishpress_future_action":{"enabled":false,"date":"2026-05-10 07:54:36","action":"category","newStatus":"draft","terms":[],"taxonomy":"category"},"publishpress_future_workflow_manual_trigger":{"enabledWorkflows":[]},"_links":{"self":[{"href":"https:\/\/www.oarcanjo.net\/site\/wp-json\/wp\/v2\/posts\/13861"}],"collection":[{"href":"https:\/\/www.oarcanjo.net\/site\/wp-json\/wp\/v2\/posts"}],"about":[{"href":"https:\/\/www.oarcanjo.net\/site\/wp-json\/wp\/v2\/types\/post"}],"author":[{"embeddable":true,"href":"https:\/\/www.oarcanjo.net\/site\/wp-json\/wp\/v2\/users\/15"}],"replies":[{"embeddable":true,"href":"https:\/\/www.oarcanjo.net\/site\/wp-json\/wp\/v2\/comments?post=13861"}],"version-history":[{"count":0,"href":"https:\/\/www.oarcanjo.net\/site\/wp-json\/wp\/v2\/posts\/13861\/revisions"}],"wp:attachment":[{"href":"https:\/\/www.oarcanjo.net\/site\/wp-json\/wp\/v2\/media?parent=13861"}],"wp:term":[{"taxonomy":"category","embeddable":true,"href":"https:\/\/www.oarcanjo.net\/site\/wp-json\/wp\/v2\/categories?post=13861"},{"taxonomy":"post_tag","embeddable":true,"href":"https:\/\/www.oarcanjo.net\/site\/wp-json\/wp\/v2\/tags?post=13861"}],"curies":[{"name":"wp","href":"https:\/\/api.w.org\/{rel}","templated":true}]}}