
{"id":13867,"date":"2011-04-15T18:08:10","date_gmt":"2011-04-15T21:08:10","guid":{"rendered":"http:\/\/www.oarcanjo.net\/site\/?p=13867"},"modified":"2011-04-15T18:55:10","modified_gmt":"2011-04-15T21:55:10","slug":"tragedia-carioca","status":"publish","type":"post","link":"https:\/\/www.oarcanjo.net\/site\/tragedia-carioca\/","title":{"rendered":"Trag\u00e9dia carioca"},"content":{"rendered":"<p>Frei Betto<\/p>\n<p>Doze adolescentes, de 13 a 15 anos, foram cruelmente assassinados, a 7 de abril, nas salas de aula de uma escola de Realengo, Rio. Outras tantas ficaram feridas. O criminoso, de 23 anos, disparou na pr\u00f3pria cabe\u00e7a a 66\u00aa bala sa\u00edda de seus dois rev\u00f3lveres.<\/p>\n<p>Massacre como este nunca havia ocorrido no Brasil. S\u00e3o frequentes nos EUA. E enchem o prato da m\u00eddia em busca de audi\u00eancia. A cada telejornal, reaparecem as fotos das crian\u00e7as, o depoimento de parentes e amigos, os sonhos que nutriam&#8230;<\/p>\n<p>Em Ant\u00edgona, de S\u00f3focles (496-405 a.C.), a mulher que d\u00e1 nome \u00e0 pe\u00e7a rebela-se contra o Estado que a pro\u00edbe de sepultar seu irm\u00e3o. Hoje, a explora\u00e7\u00e3o midi\u00e1tica torna os corpos insepultos. As fam\u00edlias das crian\u00e7as sacrificadas, ontem no anonimato, agora ocupam manchetes e s\u00e3o alvos de holofotes. \u00c9 a morte como sucesso de p\u00fablico!<\/p>\n<p>O assassino foi o \u00fanico culpado? Tudo decorreu de um &#8220;monstro\u201d movido por transtornos mentais? A sociedade que engendra esse tipo de pessoa n\u00e3o tem nenhuma responsabilidade?<\/p>\n<p>Um gesto brutal como o do rapaz que matou \u00e0 queima-roupa 11 meninas e 1 menino n\u00e3o \u00e9 fruto de gera\u00e7\u00e3o espont\u00e2nea. H\u00e1 um hist\u00f3rico de dist\u00farbios familiares, humilha\u00e7\u00f5es escolares (bulliyng) e discrimina\u00e7\u00f5es sociais, indiferen\u00e7a de adultos frente a uma crian\u00e7a com not\u00f3rios sinais de desajustes.<\/p>\n<p>Quando pais t\u00eam mais tempo para dedicar \u00e0 internet e aos neg\u00f3cios que aos filhos; adolescentes ingerem bebida alco\u00f3lica misturada a energ\u00e9ticos; alunos amea\u00e7am professores; crian\u00e7as se recusam a dar lugar no \u00f4nibus aos mais velhos&#8230; o sinal vermelho acende e o alarme deveria soar.<\/p>\n<p>O que esperar de uma sociedade que exalta a criminalidade, os mafiosos, a viol\u00eancia, atrav\u00e9s de filmes e programas de TV, e quase nunca valoriza quem luta pela paz, \u00e9 solid\u00e1rio aos pobres, trabalha anonimamente em favelas para, atrav\u00e9s do teatro e da m\u00fasica, salvar crian\u00e7as de situa\u00e7\u00f5es de risco?<\/p>\n<p>H\u00e1 anos acompanho o trabalho do Grupo Tear de Dan\u00e7a, que congrega jovens de baixa renda da zona Norte do Rio. Embora seus espet\u00e1culos sejam de boa qualidade art\u00edstica, sei bem das imensas dificuldades de patroc\u00ednio, de divulga\u00e7\u00e3o, de espa\u00e7o na m\u00eddia para noticiar suas apresenta\u00e7\u00f5es.<\/p>\n<p>\u00c9 triste e preocupante ver o talento de um jovem bailarino se perder porque, premido pela necessidade, ele deve retornar ao trabalho de ajudante de pedreiro ou, a bailarina, de vendedora ambulante.<\/p>\n<p>Como evitar novos massacres semelhantes ao de Realengo? Quase dois ter\u00e7os dos eleitores brasileiros aprovaram, no plebiscito de 2005, o com\u00e9rcio de armas. As lojas vendem armas de brinquedo presenteadas \u00e0s crian\u00e7as. Os videogames ensinam como se tornar assassino virtual.<\/p>\n<p>H\u00e1 no Brasil 14 milh\u00f5es de armas em m\u00e3os de civis, das quais metade ilegais, como as duas que portava o assassino dos alunos da escola Tasso da Silveira.<\/p>\n<p>Segundo o deputado Marcelo Freixo (PSOL), existem no estado do Rio 805 mil armas em m\u00e3os de civis, da quais 581 mil s\u00e3o ilegais, muitas em m\u00e3os de bandidos. &#8220;O cidad\u00e3o que compra uma arma para ter em casa, pensando em se proteger, acaba armando os criminosos\u201d, afirmou no Rio o delegado Anderson Bichara, da Delegacia de Repress\u00e3o ao Tr\u00e1fico Il\u00edcito de Armas.<\/p>\n<p>Como dar um basta \u00e0 viol\u00eancia se o Instituto Nobel da Noruega concede o pr\u00eamio da Paz a guerreiros como Henry Kissinger, Menachem Begin, Shimon Peres e Barack Obama?<\/p>\n<p>Monstro \u00e9 t\u00e3o-somente quem entra armado numa escola, num supermercado, num cinema, e mata a esmo? Como qualificar a decis\u00e3o do governo dos EUA de, ap\u00f3s vencer a guerra contra a Alemanha e o Jap\u00e3o, jogar a bomba at\u00f4mica sobre a pac\u00edfica popula\u00e7\u00e3o de Hiroshima, a 6 de agosto de 1945 (140 mil mortos), e tr\u00eas dias depois outra bomba at\u00f4mica sobre a popula\u00e7\u00e3o de Nagasaki (80 mil mortos)?<\/p>\n<p>Hitler e Stalin tamb\u00e9m podem ser qualificados de &#8220;monstros\u201d e seus crimes s\u00e3o sobejamente conhecidos. Mas n\u00e3o h\u00e1 uma certa domestica\u00e7\u00e3o de nossas consci\u00eancias e sensibilidades quando somos coniventes, ainda que por ina\u00e7\u00e3o ou omiss\u00e3o, frente ao massacre dos povos iraquiano, afeg\u00e3o e l\u00edbio?<\/p>\n<p>A paz jamais vir\u00e1 como resultado do equil\u00edbrio de for\u00e7as. H\u00e1 nove s\u00e9culos o profeta Isa\u00edas alertou-nos: ela s\u00f3 vigorar\u00e1 como fruto de justi\u00e7a.<\/p>\n<p>Mas quem tem ouvidos para ouvir?<\/p>\n<div id=\"themify_builder_content-13867\" data-postid=\"13867\" class=\"themify_builder_content themify_builder_content-13867 themify_builder themify_builder_front\">\n\t<\/div>\n<!-- \/themify_builder_content -->","protected":false},"excerpt":{"rendered":"<p>Frei Betto Doze adolescentes, de 13 a 15 anos, foram cruelmente assassinados, a 7 de abril, nas salas de aula de uma escola de Realengo, Rio. Outras tantas ficaram feridas. O criminoso, de 23 anos, disparou na pr\u00f3pria cabe\u00e7a a 66\u00aa bala sa\u00edda de seus dois rev\u00f3lveres. Massacre como este nunca havia ocorrido no Brasil. [&hellip;]<\/p>\n","protected":false},"author":5,"featured_media":0,"comment_status":"open","ping_status":"open","sticky":false,"template":"","format":"standard","meta":{"ngg_post_thumbnail":0,"footnotes":""},"categories":[9],"tags":[1184,1870,1183,1869,1864,182,196,1865,133,20],"yoast_head":"<!-- This site is optimized with the Yoast SEO plugin v23.5 - https:\/\/yoast.com\/wordpress\/plugins\/seo\/ -->\n<title>Trag\u00e9dia carioca - O Arcanjo no ar<\/title>\n<meta name=\"robots\" content=\"index, follow, max-snippet:-1, max-image-preview:large, max-video-preview:-1\" \/>\n<link rel=\"canonical\" href=\"https:\/\/www.oarcanjo.net\/site\/tragedia-carioca\/\" \/>\n<meta property=\"og:locale\" content=\"pt_BR\" \/>\n<meta property=\"og:type\" content=\"article\" \/>\n<meta property=\"og:title\" content=\"Trag\u00e9dia carioca - O Arcanjo no ar\" \/>\n<meta property=\"og:description\" content=\"Frei Betto Doze adolescentes, de 13 a 15 anos, foram cruelmente assassinados, a 7 de abril, nas salas de aula de uma escola de Realengo, Rio. Outras tantas ficaram feridas. O criminoso, de 23 anos, disparou na pr\u00f3pria cabe\u00e7a a 66\u00aa bala sa\u00edda de seus dois rev\u00f3lveres. Massacre como este nunca havia ocorrido no Brasil. [&hellip;]\" \/>\n<meta property=\"og:url\" content=\"https:\/\/www.oarcanjo.net\/site\/tragedia-carioca\/\" \/>\n<meta property=\"og:site_name\" content=\"O Arcanjo no ar\" \/>\n<meta property=\"article:publisher\" content=\"https:\/\/www.facebook.com\/OArcanjoNoAr\/\" \/>\n<meta property=\"article:published_time\" content=\"2011-04-15T21:08:10+00:00\" \/>\n<meta property=\"article:modified_time\" content=\"2011-04-15T21:55:10+00:00\" \/>\n<meta property=\"og:image\" content=\"https:\/\/www.oarcanjo.net\/site\/wp-content\/uploads\/logo-o-arcanjo-no-ar-facebook.png\" \/>\n\t<meta property=\"og:image:width\" content=\"300\" \/>\n\t<meta property=\"og:image:height\" content=\"300\" \/>\n\t<meta property=\"og:image:type\" content=\"image\/png\" \/>\n<meta name=\"author\" content=\"editor\" \/>\n<meta name=\"twitter:card\" content=\"summary_large_image\" \/>\n<meta name=\"twitter:label1\" content=\"Escrito por\" \/>\n\t<meta name=\"twitter:data1\" content=\"editor\" \/>\n\t<meta name=\"twitter:label2\" content=\"Est. tempo de leitura\" \/>\n\t<meta name=\"twitter:data2\" content=\"4 minutos\" \/>\n<script type=\"application\/ld+json\" class=\"yoast-schema-graph\">{\"@context\":\"https:\/\/schema.org\",\"@graph\":[{\"@type\":\"Article\",\"@id\":\"https:\/\/www.oarcanjo.net\/site\/tragedia-carioca\/#article\",\"isPartOf\":{\"@id\":\"https:\/\/www.oarcanjo.net\/site\/tragedia-carioca\/\"},\"author\":{\"name\":\"editor\",\"@id\":\"https:\/\/www.oarcanjo.net\/site\/#\/schema\/person\/f7024d007863202483a31326673a0838\"},\"headline\":\"Trag\u00e9dia carioca\",\"datePublished\":\"2011-04-15T21:08:10+00:00\",\"dateModified\":\"2011-04-15T21:55:10+00:00\",\"mainEntityOfPage\":{\"@id\":\"https:\/\/www.oarcanjo.net\/site\/tragedia-carioca\/\"},\"wordCount\":761,\"commentCount\":0,\"publisher\":{\"@id\":\"https:\/\/www.oarcanjo.net\/site\/#organization\"},\"keywords\":[\"armas\",\"bullyng\",\"desarmamento\",\"massacre no Rio\",\"matador\",\"meios de comunica\u00e7\u00e3o\",\"m\u00eddia\",\"Realengo\",\"trag\u00e9dia\",\"viol\u00eancia\"],\"articleSection\":[\"Reflex\u00f5es\"],\"inLanguage\":\"pt-BR\",\"potentialAction\":[{\"@type\":\"CommentAction\",\"name\":\"Comment\",\"target\":[\"https:\/\/www.oarcanjo.net\/site\/tragedia-carioca\/#respond\"]}]},{\"@type\":\"WebPage\",\"@id\":\"https:\/\/www.oarcanjo.net\/site\/tragedia-carioca\/\",\"url\":\"https:\/\/www.oarcanjo.net\/site\/tragedia-carioca\/\",\"name\":\"Trag\u00e9dia carioca - O Arcanjo no ar\",\"isPartOf\":{\"@id\":\"https:\/\/www.oarcanjo.net\/site\/#website\"},\"datePublished\":\"2011-04-15T21:08:10+00:00\",\"dateModified\":\"2011-04-15T21:55:10+00:00\",\"breadcrumb\":{\"@id\":\"https:\/\/www.oarcanjo.net\/site\/tragedia-carioca\/#breadcrumb\"},\"inLanguage\":\"pt-BR\",\"potentialAction\":[{\"@type\":\"ReadAction\",\"target\":[\"https:\/\/www.oarcanjo.net\/site\/tragedia-carioca\/\"]}]},{\"@type\":\"BreadcrumbList\",\"@id\":\"https:\/\/www.oarcanjo.net\/site\/tragedia-carioca\/#breadcrumb\",\"itemListElement\":[{\"@type\":\"ListItem\",\"position\":1,\"name\":\"In\u00edcio\",\"item\":\"https:\/\/www.oarcanjo.net\/site\/\"},{\"@type\":\"ListItem\",\"position\":2,\"name\":\"Trag\u00e9dia carioca\"}]},{\"@type\":\"WebSite\",\"@id\":\"https:\/\/www.oarcanjo.net\/site\/#website\",\"url\":\"https:\/\/www.oarcanjo.net\/site\/\",\"name\":\"O Arcanjo no ar\",\"description\":\"Site da Par\u00f3quia S\u00e3o Miguel Arcanjo (Arquidiocese de SP)\",\"publisher\":{\"@id\":\"https:\/\/www.oarcanjo.net\/site\/#organization\"},\"potentialAction\":[{\"@type\":\"SearchAction\",\"target\":{\"@type\":\"EntryPoint\",\"urlTemplate\":\"https:\/\/www.oarcanjo.net\/site\/?s={search_term_string}\"},\"query-input\":{\"@type\":\"PropertyValueSpecification\",\"valueRequired\":true,\"valueName\":\"search_term_string\"}}],\"inLanguage\":\"pt-BR\"},{\"@type\":\"Organization\",\"@id\":\"https:\/\/www.oarcanjo.net\/site\/#organization\",\"name\":\"Par\u00f3quia S\u00e3o Miguel Arcanjo\",\"url\":\"https:\/\/www.oarcanjo.net\/site\/\",\"logo\":{\"@type\":\"ImageObject\",\"inLanguage\":\"pt-BR\",\"@id\":\"https:\/\/www.oarcanjo.net\/site\/#\/schema\/logo\/image\/\",\"url\":\"https:\/\/www.oarcanjo.net\/site\/wp-content\/uploads\/LogoOArcanjo.png\",\"contentUrl\":\"https:\/\/www.oarcanjo.net\/site\/wp-content\/uploads\/LogoOArcanjo.png\",\"width\":319,\"height\":99,\"caption\":\"Par\u00f3quia S\u00e3o Miguel Arcanjo\"},\"image\":{\"@id\":\"https:\/\/www.oarcanjo.net\/site\/#\/schema\/logo\/image\/\"},\"sameAs\":[\"https:\/\/www.facebook.com\/OArcanjoNoAr\/\"]},{\"@type\":\"Person\",\"@id\":\"https:\/\/www.oarcanjo.net\/site\/#\/schema\/person\/f7024d007863202483a31326673a0838\",\"name\":\"editor\",\"sameAs\":[\"http:\/\/www.oarcanjo.net\"]}]}<\/script>\n<!-- \/ Yoast SEO plugin. -->","yoast_head_json":{"title":"Trag\u00e9dia carioca - O Arcanjo no ar","robots":{"index":"index","follow":"follow","max-snippet":"max-snippet:-1","max-image-preview":"max-image-preview:large","max-video-preview":"max-video-preview:-1"},"canonical":"https:\/\/www.oarcanjo.net\/site\/tragedia-carioca\/","og_locale":"pt_BR","og_type":"article","og_title":"Trag\u00e9dia carioca - O Arcanjo no ar","og_description":"Frei Betto Doze adolescentes, de 13 a 15 anos, foram cruelmente assassinados, a 7 de abril, nas salas de aula de uma escola de Realengo, Rio. Outras tantas ficaram feridas. O criminoso, de 23 anos, disparou na pr\u00f3pria cabe\u00e7a a 66\u00aa bala sa\u00edda de seus dois rev\u00f3lveres. Massacre como este nunca havia ocorrido no Brasil. [&hellip;]","og_url":"https:\/\/www.oarcanjo.net\/site\/tragedia-carioca\/","og_site_name":"O Arcanjo no ar","article_publisher":"https:\/\/www.facebook.com\/OArcanjoNoAr\/","article_published_time":"2011-04-15T21:08:10+00:00","article_modified_time":"2011-04-15T21:55:10+00:00","og_image":[{"width":300,"height":300,"url":"https:\/\/www.oarcanjo.net\/site\/wp-content\/uploads\/logo-o-arcanjo-no-ar-facebook.png","type":"image\/png"}],"author":"editor","twitter_card":"summary_large_image","twitter_misc":{"Escrito por":"editor","Est. tempo de leitura":"4 minutos"},"schema":{"@context":"https:\/\/schema.org","@graph":[{"@type":"Article","@id":"https:\/\/www.oarcanjo.net\/site\/tragedia-carioca\/#article","isPartOf":{"@id":"https:\/\/www.oarcanjo.net\/site\/tragedia-carioca\/"},"author":{"name":"editor","@id":"https:\/\/www.oarcanjo.net\/site\/#\/schema\/person\/f7024d007863202483a31326673a0838"},"headline":"Trag\u00e9dia carioca","datePublished":"2011-04-15T21:08:10+00:00","dateModified":"2011-04-15T21:55:10+00:00","mainEntityOfPage":{"@id":"https:\/\/www.oarcanjo.net\/site\/tragedia-carioca\/"},"wordCount":761,"commentCount":0,"publisher":{"@id":"https:\/\/www.oarcanjo.net\/site\/#organization"},"keywords":["armas","bullyng","desarmamento","massacre no Rio","matador","meios de comunica\u00e7\u00e3o","m\u00eddia","Realengo","trag\u00e9dia","viol\u00eancia"],"articleSection":["Reflex\u00f5es"],"inLanguage":"pt-BR","potentialAction":[{"@type":"CommentAction","name":"Comment","target":["https:\/\/www.oarcanjo.net\/site\/tragedia-carioca\/#respond"]}]},{"@type":"WebPage","@id":"https:\/\/www.oarcanjo.net\/site\/tragedia-carioca\/","url":"https:\/\/www.oarcanjo.net\/site\/tragedia-carioca\/","name":"Trag\u00e9dia carioca - O Arcanjo no ar","isPartOf":{"@id":"https:\/\/www.oarcanjo.net\/site\/#website"},"datePublished":"2011-04-15T21:08:10+00:00","dateModified":"2011-04-15T21:55:10+00:00","breadcrumb":{"@id":"https:\/\/www.oarcanjo.net\/site\/tragedia-carioca\/#breadcrumb"},"inLanguage":"pt-BR","potentialAction":[{"@type":"ReadAction","target":["https:\/\/www.oarcanjo.net\/site\/tragedia-carioca\/"]}]},{"@type":"BreadcrumbList","@id":"https:\/\/www.oarcanjo.net\/site\/tragedia-carioca\/#breadcrumb","itemListElement":[{"@type":"ListItem","position":1,"name":"In\u00edcio","item":"https:\/\/www.oarcanjo.net\/site\/"},{"@type":"ListItem","position":2,"name":"Trag\u00e9dia carioca"}]},{"@type":"WebSite","@id":"https:\/\/www.oarcanjo.net\/site\/#website","url":"https:\/\/www.oarcanjo.net\/site\/","name":"O Arcanjo no ar","description":"Site da Par\u00f3quia S\u00e3o Miguel Arcanjo (Arquidiocese de SP)","publisher":{"@id":"https:\/\/www.oarcanjo.net\/site\/#organization"},"potentialAction":[{"@type":"SearchAction","target":{"@type":"EntryPoint","urlTemplate":"https:\/\/www.oarcanjo.net\/site\/?s={search_term_string}"},"query-input":{"@type":"PropertyValueSpecification","valueRequired":true,"valueName":"search_term_string"}}],"inLanguage":"pt-BR"},{"@type":"Organization","@id":"https:\/\/www.oarcanjo.net\/site\/#organization","name":"Par\u00f3quia S\u00e3o Miguel Arcanjo","url":"https:\/\/www.oarcanjo.net\/site\/","logo":{"@type":"ImageObject","inLanguage":"pt-BR","@id":"https:\/\/www.oarcanjo.net\/site\/#\/schema\/logo\/image\/","url":"https:\/\/www.oarcanjo.net\/site\/wp-content\/uploads\/LogoOArcanjo.png","contentUrl":"https:\/\/www.oarcanjo.net\/site\/wp-content\/uploads\/LogoOArcanjo.png","width":319,"height":99,"caption":"Par\u00f3quia S\u00e3o Miguel Arcanjo"},"image":{"@id":"https:\/\/www.oarcanjo.net\/site\/#\/schema\/logo\/image\/"},"sameAs":["https:\/\/www.facebook.com\/OArcanjoNoAr\/"]},{"@type":"Person","@id":"https:\/\/www.oarcanjo.net\/site\/#\/schema\/person\/f7024d007863202483a31326673a0838","name":"editor","sameAs":["http:\/\/www.oarcanjo.net"]}]}},"publishpress_future_action":{"enabled":false,"date":"2026-05-10 07:51:27","action":"category","newStatus":"draft","terms":[],"taxonomy":"category"},"publishpress_future_workflow_manual_trigger":{"enabledWorkflows":[]},"_links":{"self":[{"href":"https:\/\/www.oarcanjo.net\/site\/wp-json\/wp\/v2\/posts\/13867"}],"collection":[{"href":"https:\/\/www.oarcanjo.net\/site\/wp-json\/wp\/v2\/posts"}],"about":[{"href":"https:\/\/www.oarcanjo.net\/site\/wp-json\/wp\/v2\/types\/post"}],"author":[{"embeddable":true,"href":"https:\/\/www.oarcanjo.net\/site\/wp-json\/wp\/v2\/users\/5"}],"replies":[{"embeddable":true,"href":"https:\/\/www.oarcanjo.net\/site\/wp-json\/wp\/v2\/comments?post=13867"}],"version-history":[{"count":0,"href":"https:\/\/www.oarcanjo.net\/site\/wp-json\/wp\/v2\/posts\/13867\/revisions"}],"wp:attachment":[{"href":"https:\/\/www.oarcanjo.net\/site\/wp-json\/wp\/v2\/media?parent=13867"}],"wp:term":[{"taxonomy":"category","embeddable":true,"href":"https:\/\/www.oarcanjo.net\/site\/wp-json\/wp\/v2\/categories?post=13867"},{"taxonomy":"post_tag","embeddable":true,"href":"https:\/\/www.oarcanjo.net\/site\/wp-json\/wp\/v2\/tags?post=13867"}],"curies":[{"name":"wp","href":"https:\/\/api.w.org\/{rel}","templated":true}]}}