
{"id":1388,"date":"2009-01-11T13:29:38","date_gmt":"2009-01-11T15:29:38","guid":{"rendered":"http:\/\/www.oarcanjo.net\/site\/?p=1388"},"modified":"2009-01-11T13:29:38","modified_gmt":"2009-01-11T15:29:38","slug":"carta-aos-judeus","status":"publish","type":"post","link":"https:\/\/www.oarcanjo.net\/site\/carta-aos-judeus\/","title":{"rendered":"Carta aos judeus"},"content":{"rendered":"<p>Frei Betto<\/p>\n<p>[Carta de Maur\u00edcio Abdalla, companheiro no Movimento F\u00e9 e Pol\u00edtica, professor de filosofia da Universidade Federal do Esp\u00edrito Santo referendada por Frei Betto] <\/p>\n<p>&#8220;Por mais que o governo de Israel e todos os que o ap\u00f3iam tentem, n\u00e3o irei odiar a voc\u00eas, irm\u00e3os judeus. Ainda que as tropas israelenses matem centenas de crian\u00e7as e pessoas inocentes, n\u00e3o irei desejar a morte de suas crian\u00e7as nem jogar a culpa na totalidade de seu povo. <\/p>\n<p>&#8220;Mesmo que manchem a Faixa de Gaza com o sangue de um povo, que tamb\u00e9m corre em minhas veias, metade \u00e1rabe, n\u00e3o irei revoltar-me contra nenhuma etnia nem julgar que h\u00e1 ra\u00e7as melhores ou com mais direitos que outras, como quer nos fazer acreditar o governo israelense.<\/p>\n<p>&#8220;Embora eu tamb\u00e9m queira ouvir as vozes judaicas de protesto contra o massacre dos palestinos, n\u00e3o deixarei de condenar os que se calaram diante do holocausto judeu. E mesmo que tomem \u00e0 for\u00e7a a terra do povo \u00e1rabe, n\u00e3o irei jamais apoiar o confisco dos bens do povo judaico, praticado h\u00e1 tempos pelo governo nazista.<\/p>\n<p>&#8220;Por mais que o governo de Israel e todos que o ap\u00f3iam traiam a tradi\u00e7\u00e3o hebraica dos grandes profetas que clamaram por justi\u00e7a e paz, ainda quero manter viva a esperan\u00e7a que eles anunciaram. Mesmo que joguem sua mem\u00f3ria na lata de lixo, fa\u00e7o dos profetas do antigo Israel os meus profetas, pois o an\u00fancio da justi\u00e7a n\u00e3o distingue credos, na\u00e7\u00f5es ou etnias.<\/p>\n<p>&#8220;Sei que muitos de voc\u00eas condenam a viol\u00eancia, n\u00e3o ap\u00f3iam o massacre dos \u00e1rabes palestinos, e gostariam que o governo de Israel respeitasse as decis\u00f5es da ONU e o clamor da comunidade internacional pelo cessar-fogo imediato. Mas, gritem! Se sua voz n\u00e3o for ouvida, acreditar-se-\u00e3o com raz\u00e3o aqueles que ainda falam mal de seu povo.<\/p>\n<p>&#8220;Mesmo que sejam deplor\u00e1veis todos os anti-semitas, o sil\u00eancio dos judeus diante do massacre perpetrado pelo pa\u00eds que ostenta a estrela de Davi na bandeira pode ser usado como refor\u00e7o para os argumentos torpes da superioridade racial.<\/p>\n<p>&#8220;H\u00e1 mais de 60 anos seu povo clamou ao mundo por solidariedade. Chegou o momento de retribuir, de mostrar que a solidariedade \u00e9 um sentimento universal e n\u00e3o restrito a uma etnia. N\u00e3o deixem o governo de Israel fazer esquecer o quanto voc\u00eas sofreram como v\u00edtimas, s\u00f3 porque agora ele \u00e9 algoz e est\u00e1 protegido pela maior pot\u00eancia mundial, os EUA.<\/p>\n<p>&#8220;N\u00e3o permitam que a a\u00e7\u00e3o de Israel fa\u00e7a parecer que, apesar das manifesta\u00e7\u00f5es mundiais de condena\u00e7\u00e3o, seu Estado se acredita o \u00fanico que possui raz\u00e3o, pois era assim que o governo alem\u00e3o pensava no tempo do nazismo.<\/p>\n<p>&#8220;Estejam certos de uma coisa: independentemente do resultado da absurda campanha israelense ou qualquer que seja a posi\u00e7\u00e3o de seu povo diante da viol\u00eancia e injusti\u00e7a cometida por aquele pa\u00eds, n\u00e3o irei ceder \u00e0 tenta\u00e7\u00e3o do pensamento racista; n\u00e3o irei apagar da minha mem\u00f3ria a cat\u00e1strofe do nazismo e o sofrimento do povo judeu; n\u00e3o irei pensar que h\u00e1 povos que n\u00e3o merecem na\u00e7\u00e3o e que devem ser eliminados; n\u00e3o deixarei de condenar o anti-semitismo ou qualquer tipo de preconceito \u00e9tnico.<\/p>\n<p>&#8220;Continuarei defendendo a id\u00e9ia de que todos, sem distin\u00e7\u00e3o, somos iguais, e temos os mesmos direitos: judeus, negros, \u00e1rabes, \u00edndios, asi\u00e1ticos etc. Manter-me-ei firme em minhas convic\u00e7\u00f5es, pois jamais quero me igualar aos governantes de Israel e \u00e0queles que o ap\u00f3iam.&#8221;<\/p>\n<p>Fa\u00e7o minhas as palavras de meu querido amigo Maur\u00edcio Abdalla, companheiro no Movimento F\u00e9 e Pol\u00edtica, professor de filosofia da Universidade Federal do Esp\u00edrito Santo e autor de reconhecida qualidade, como o comprova o texto acima, que t\u00e3o bem traduz a indigna\u00e7\u00e3o e a dor de tantos que testemunhamos a guerra do Oriente M\u00e9dio.<\/p>\n<p>V\u00e1rios intelectuais judeus t\u00eam manifestado indigna\u00e7\u00e3o frente \u00e0s opera\u00e7\u00f5es do Estado de Israel. Tom Segev, historiador e cientista pol\u00edtico, escreveu no &#8220;Haaretz&#8221; que &#8220;Israel sempre acreditou que causar sofrimento a civis palestinos os faria rebelarem-se contra seus l\u00edderes nacionais, o que se mostrou errado v\u00e1rias vezes&#8221;. O escritor Amos Oz sublinhou: &#8220;chegou o tempo de buscar um cessar-fogo&#8221;, com o que concorda o escritor David Grossman e o ex-chanceler israelense Shlomo Ben-Ami.<\/p>\n<div id=\"themify_builder_content-1388\" data-postid=\"1388\" class=\"themify_builder_content themify_builder_content-1388 themify_builder themify_builder_front\">\n\t<\/div>\n<!-- \/themify_builder_content -->","protected":false},"excerpt":{"rendered":"<p>Frei Betto [Carta de Maur\u00edcio Abdalla, companheiro no Movimento F\u00e9 e Pol\u00edtica, professor de filosofia da Universidade Federal do Esp\u00edrito Santo referendada por Frei Betto] &#8220;Por mais que o governo de Israel e todos os que o ap\u00f3iam tentem, n\u00e3o irei odiar a voc\u00eas, irm\u00e3os judeus. Ainda que as tropas israelenses matem centenas de crian\u00e7as [&hellip;]<\/p>\n","protected":false},"author":5,"featured_media":0,"comment_status":"open","ping_status":"open","sticky":false,"template":"","format":"standard","meta":{"ngg_post_thumbnail":0,"footnotes":""},"categories":[9],"tags":[181,177,183,184,178,185,167,20],"yoast_head":"<!-- This site is optimized with the Yoast SEO plugin v23.5 - https:\/\/yoast.com\/wordpress\/plugins\/seo\/ -->\n<title>Carta aos judeus - O Arcanjo no ar<\/title>\n<meta name=\"robots\" content=\"index, follow, max-snippet:-1, max-image-preview:large, max-video-preview:-1\" \/>\n<link rel=\"canonical\" href=\"https:\/\/www.oarcanjo.net\/site\/carta-aos-judeus\/\" \/>\n<meta property=\"og:locale\" content=\"pt_BR\" \/>\n<meta property=\"og:type\" content=\"article\" \/>\n<meta property=\"og:title\" content=\"Carta aos judeus - O Arcanjo no ar\" \/>\n<meta property=\"og:description\" content=\"Frei Betto [Carta de Maur\u00edcio Abdalla, companheiro no Movimento F\u00e9 e Pol\u00edtica, professor de filosofia da Universidade Federal do Esp\u00edrito Santo referendada por Frei Betto] &#8220;Por mais que o governo de Israel e todos os que o ap\u00f3iam tentem, n\u00e3o irei odiar a voc\u00eas, irm\u00e3os judeus. Ainda que as tropas israelenses matem centenas de crian\u00e7as [&hellip;]\" \/>\n<meta property=\"og:url\" content=\"https:\/\/www.oarcanjo.net\/site\/carta-aos-judeus\/\" \/>\n<meta property=\"og:site_name\" content=\"O Arcanjo no ar\" \/>\n<meta property=\"article:publisher\" content=\"https:\/\/www.facebook.com\/OArcanjoNoAr\/\" \/>\n<meta property=\"article:published_time\" content=\"2009-01-11T15:29:38+00:00\" \/>\n<meta property=\"og:image\" content=\"https:\/\/www.oarcanjo.net\/site\/wp-content\/uploads\/logo-o-arcanjo-no-ar-facebook.png\" \/>\n\t<meta property=\"og:image:width\" content=\"300\" \/>\n\t<meta property=\"og:image:height\" content=\"300\" \/>\n\t<meta property=\"og:image:type\" content=\"image\/png\" \/>\n<meta name=\"author\" content=\"editor\" \/>\n<meta name=\"twitter:card\" content=\"summary_large_image\" \/>\n<meta name=\"twitter:label1\" content=\"Escrito por\" \/>\n\t<meta name=\"twitter:data1\" content=\"editor\" \/>\n\t<meta name=\"twitter:label2\" content=\"Est. tempo de leitura\" \/>\n\t<meta name=\"twitter:data2\" content=\"4 minutos\" \/>\n<script type=\"application\/ld+json\" class=\"yoast-schema-graph\">{\"@context\":\"https:\/\/schema.org\",\"@graph\":[{\"@type\":\"Article\",\"@id\":\"https:\/\/www.oarcanjo.net\/site\/carta-aos-judeus\/#article\",\"isPartOf\":{\"@id\":\"https:\/\/www.oarcanjo.net\/site\/carta-aos-judeus\/\"},\"author\":{\"name\":\"editor\",\"@id\":\"https:\/\/www.oarcanjo.net\/site\/#\/schema\/person\/f7024d007863202483a31326673a0838\"},\"headline\":\"Carta aos judeus\",\"datePublished\":\"2009-01-11T15:29:38+00:00\",\"dateModified\":\"2009-01-11T15:29:38+00:00\",\"mainEntityOfPage\":{\"@id\":\"https:\/\/www.oarcanjo.net\/site\/carta-aos-judeus\/\"},\"wordCount\":759,\"commentCount\":0,\"publisher\":{\"@id\":\"https:\/\/www.oarcanjo.net\/site\/#organization\"},\"keywords\":[\"Gaza\",\"guerra\",\"judeus\",\"mu\u00e7ulmanos\",\"oriente m\u00e9dio\",\"palestinos\",\"paz\",\"viol\u00eancia\"],\"articleSection\":[\"Reflex\u00f5es\"],\"inLanguage\":\"pt-BR\",\"potentialAction\":[{\"@type\":\"CommentAction\",\"name\":\"Comment\",\"target\":[\"https:\/\/www.oarcanjo.net\/site\/carta-aos-judeus\/#respond\"]}]},{\"@type\":\"WebPage\",\"@id\":\"https:\/\/www.oarcanjo.net\/site\/carta-aos-judeus\/\",\"url\":\"https:\/\/www.oarcanjo.net\/site\/carta-aos-judeus\/\",\"name\":\"Carta aos judeus - O Arcanjo no ar\",\"isPartOf\":{\"@id\":\"https:\/\/www.oarcanjo.net\/site\/#website\"},\"datePublished\":\"2009-01-11T15:29:38+00:00\",\"dateModified\":\"2009-01-11T15:29:38+00:00\",\"breadcrumb\":{\"@id\":\"https:\/\/www.oarcanjo.net\/site\/carta-aos-judeus\/#breadcrumb\"},\"inLanguage\":\"pt-BR\",\"potentialAction\":[{\"@type\":\"ReadAction\",\"target\":[\"https:\/\/www.oarcanjo.net\/site\/carta-aos-judeus\/\"]}]},{\"@type\":\"BreadcrumbList\",\"@id\":\"https:\/\/www.oarcanjo.net\/site\/carta-aos-judeus\/#breadcrumb\",\"itemListElement\":[{\"@type\":\"ListItem\",\"position\":1,\"name\":\"In\u00edcio\",\"item\":\"https:\/\/www.oarcanjo.net\/site\/\"},{\"@type\":\"ListItem\",\"position\":2,\"name\":\"Carta aos judeus\"}]},{\"@type\":\"WebSite\",\"@id\":\"https:\/\/www.oarcanjo.net\/site\/#website\",\"url\":\"https:\/\/www.oarcanjo.net\/site\/\",\"name\":\"O Arcanjo no ar\",\"description\":\"Site da Par\u00f3quia S\u00e3o Miguel Arcanjo (Arquidiocese de SP)\",\"publisher\":{\"@id\":\"https:\/\/www.oarcanjo.net\/site\/#organization\"},\"potentialAction\":[{\"@type\":\"SearchAction\",\"target\":{\"@type\":\"EntryPoint\",\"urlTemplate\":\"https:\/\/www.oarcanjo.net\/site\/?s={search_term_string}\"},\"query-input\":{\"@type\":\"PropertyValueSpecification\",\"valueRequired\":true,\"valueName\":\"search_term_string\"}}],\"inLanguage\":\"pt-BR\"},{\"@type\":\"Organization\",\"@id\":\"https:\/\/www.oarcanjo.net\/site\/#organization\",\"name\":\"Par\u00f3quia S\u00e3o Miguel Arcanjo\",\"url\":\"https:\/\/www.oarcanjo.net\/site\/\",\"logo\":{\"@type\":\"ImageObject\",\"inLanguage\":\"pt-BR\",\"@id\":\"https:\/\/www.oarcanjo.net\/site\/#\/schema\/logo\/image\/\",\"url\":\"https:\/\/www.oarcanjo.net\/site\/wp-content\/uploads\/LogoOArcanjo.png\",\"contentUrl\":\"https:\/\/www.oarcanjo.net\/site\/wp-content\/uploads\/LogoOArcanjo.png\",\"width\":319,\"height\":99,\"caption\":\"Par\u00f3quia S\u00e3o Miguel Arcanjo\"},\"image\":{\"@id\":\"https:\/\/www.oarcanjo.net\/site\/#\/schema\/logo\/image\/\"},\"sameAs\":[\"https:\/\/www.facebook.com\/OArcanjoNoAr\/\"]},{\"@type\":\"Person\",\"@id\":\"https:\/\/www.oarcanjo.net\/site\/#\/schema\/person\/f7024d007863202483a31326673a0838\",\"name\":\"editor\",\"sameAs\":[\"http:\/\/www.oarcanjo.net\"]}]}<\/script>\n<!-- \/ Yoast SEO plugin. -->","yoast_head_json":{"title":"Carta aos judeus - O Arcanjo no ar","robots":{"index":"index","follow":"follow","max-snippet":"max-snippet:-1","max-image-preview":"max-image-preview:large","max-video-preview":"max-video-preview:-1"},"canonical":"https:\/\/www.oarcanjo.net\/site\/carta-aos-judeus\/","og_locale":"pt_BR","og_type":"article","og_title":"Carta aos judeus - O Arcanjo no ar","og_description":"Frei Betto [Carta de Maur\u00edcio Abdalla, companheiro no Movimento F\u00e9 e Pol\u00edtica, professor de filosofia da Universidade Federal do Esp\u00edrito Santo referendada por Frei Betto] &#8220;Por mais que o governo de Israel e todos os que o ap\u00f3iam tentem, n\u00e3o irei odiar a voc\u00eas, irm\u00e3os judeus. Ainda que as tropas israelenses matem centenas de crian\u00e7as [&hellip;]","og_url":"https:\/\/www.oarcanjo.net\/site\/carta-aos-judeus\/","og_site_name":"O Arcanjo no ar","article_publisher":"https:\/\/www.facebook.com\/OArcanjoNoAr\/","article_published_time":"2009-01-11T15:29:38+00:00","og_image":[{"width":300,"height":300,"url":"https:\/\/www.oarcanjo.net\/site\/wp-content\/uploads\/logo-o-arcanjo-no-ar-facebook.png","type":"image\/png"}],"author":"editor","twitter_card":"summary_large_image","twitter_misc":{"Escrito por":"editor","Est. tempo de leitura":"4 minutos"},"schema":{"@context":"https:\/\/schema.org","@graph":[{"@type":"Article","@id":"https:\/\/www.oarcanjo.net\/site\/carta-aos-judeus\/#article","isPartOf":{"@id":"https:\/\/www.oarcanjo.net\/site\/carta-aos-judeus\/"},"author":{"name":"editor","@id":"https:\/\/www.oarcanjo.net\/site\/#\/schema\/person\/f7024d007863202483a31326673a0838"},"headline":"Carta aos judeus","datePublished":"2009-01-11T15:29:38+00:00","dateModified":"2009-01-11T15:29:38+00:00","mainEntityOfPage":{"@id":"https:\/\/www.oarcanjo.net\/site\/carta-aos-judeus\/"},"wordCount":759,"commentCount":0,"publisher":{"@id":"https:\/\/www.oarcanjo.net\/site\/#organization"},"keywords":["Gaza","guerra","judeus","mu\u00e7ulmanos","oriente m\u00e9dio","palestinos","paz","viol\u00eancia"],"articleSection":["Reflex\u00f5es"],"inLanguage":"pt-BR","potentialAction":[{"@type":"CommentAction","name":"Comment","target":["https:\/\/www.oarcanjo.net\/site\/carta-aos-judeus\/#respond"]}]},{"@type":"WebPage","@id":"https:\/\/www.oarcanjo.net\/site\/carta-aos-judeus\/","url":"https:\/\/www.oarcanjo.net\/site\/carta-aos-judeus\/","name":"Carta aos judeus - O Arcanjo no ar","isPartOf":{"@id":"https:\/\/www.oarcanjo.net\/site\/#website"},"datePublished":"2009-01-11T15:29:38+00:00","dateModified":"2009-01-11T15:29:38+00:00","breadcrumb":{"@id":"https:\/\/www.oarcanjo.net\/site\/carta-aos-judeus\/#breadcrumb"},"inLanguage":"pt-BR","potentialAction":[{"@type":"ReadAction","target":["https:\/\/www.oarcanjo.net\/site\/carta-aos-judeus\/"]}]},{"@type":"BreadcrumbList","@id":"https:\/\/www.oarcanjo.net\/site\/carta-aos-judeus\/#breadcrumb","itemListElement":[{"@type":"ListItem","position":1,"name":"In\u00edcio","item":"https:\/\/www.oarcanjo.net\/site\/"},{"@type":"ListItem","position":2,"name":"Carta aos judeus"}]},{"@type":"WebSite","@id":"https:\/\/www.oarcanjo.net\/site\/#website","url":"https:\/\/www.oarcanjo.net\/site\/","name":"O Arcanjo no ar","description":"Site da Par\u00f3quia S\u00e3o Miguel Arcanjo (Arquidiocese de SP)","publisher":{"@id":"https:\/\/www.oarcanjo.net\/site\/#organization"},"potentialAction":[{"@type":"SearchAction","target":{"@type":"EntryPoint","urlTemplate":"https:\/\/www.oarcanjo.net\/site\/?s={search_term_string}"},"query-input":{"@type":"PropertyValueSpecification","valueRequired":true,"valueName":"search_term_string"}}],"inLanguage":"pt-BR"},{"@type":"Organization","@id":"https:\/\/www.oarcanjo.net\/site\/#organization","name":"Par\u00f3quia S\u00e3o Miguel Arcanjo","url":"https:\/\/www.oarcanjo.net\/site\/","logo":{"@type":"ImageObject","inLanguage":"pt-BR","@id":"https:\/\/www.oarcanjo.net\/site\/#\/schema\/logo\/image\/","url":"https:\/\/www.oarcanjo.net\/site\/wp-content\/uploads\/LogoOArcanjo.png","contentUrl":"https:\/\/www.oarcanjo.net\/site\/wp-content\/uploads\/LogoOArcanjo.png","width":319,"height":99,"caption":"Par\u00f3quia S\u00e3o Miguel Arcanjo"},"image":{"@id":"https:\/\/www.oarcanjo.net\/site\/#\/schema\/logo\/image\/"},"sameAs":["https:\/\/www.facebook.com\/OArcanjoNoAr\/"]},{"@type":"Person","@id":"https:\/\/www.oarcanjo.net\/site\/#\/schema\/person\/f7024d007863202483a31326673a0838","name":"editor","sameAs":["http:\/\/www.oarcanjo.net"]}]}},"publishpress_future_action":{"enabled":false,"date":"2026-05-07 12:43:51","action":"category","newStatus":"draft","terms":[],"taxonomy":"category"},"publishpress_future_workflow_manual_trigger":{"enabledWorkflows":[]},"_links":{"self":[{"href":"https:\/\/www.oarcanjo.net\/site\/wp-json\/wp\/v2\/posts\/1388"}],"collection":[{"href":"https:\/\/www.oarcanjo.net\/site\/wp-json\/wp\/v2\/posts"}],"about":[{"href":"https:\/\/www.oarcanjo.net\/site\/wp-json\/wp\/v2\/types\/post"}],"author":[{"embeddable":true,"href":"https:\/\/www.oarcanjo.net\/site\/wp-json\/wp\/v2\/users\/5"}],"replies":[{"embeddable":true,"href":"https:\/\/www.oarcanjo.net\/site\/wp-json\/wp\/v2\/comments?post=1388"}],"version-history":[{"count":0,"href":"https:\/\/www.oarcanjo.net\/site\/wp-json\/wp\/v2\/posts\/1388\/revisions"}],"wp:attachment":[{"href":"https:\/\/www.oarcanjo.net\/site\/wp-json\/wp\/v2\/media?parent=1388"}],"wp:term":[{"taxonomy":"category","embeddable":true,"href":"https:\/\/www.oarcanjo.net\/site\/wp-json\/wp\/v2\/categories?post=1388"},{"taxonomy":"post_tag","embeddable":true,"href":"https:\/\/www.oarcanjo.net\/site\/wp-json\/wp\/v2\/tags?post=1388"}],"curies":[{"name":"wp","href":"https:\/\/api.w.org\/{rel}","templated":true}]}}