
{"id":1391,"date":"2009-01-11T13:31:31","date_gmt":"2009-01-11T15:31:31","guid":{"rendered":"http:\/\/www.oarcanjo.net\/site\/?p=1391"},"modified":"2009-01-11T13:31:31","modified_gmt":"2009-01-11T15:31:31","slug":"os-riscos-da-insercao","status":"publish","type":"post","link":"https:\/\/www.oarcanjo.net\/site\/os-riscos-da-insercao\/","title":{"rendered":"Os riscos da inser\u00e7\u00e3o"},"content":{"rendered":"<p>Marcelo Barros<\/p>\n<p>Vivemos em uma sociedade na qual, diante de certos problemas sociais, as pessoas costumam reagir dizendo: &#8220;n\u00e3o vi, n\u00e3o ouvi, n\u00e3o sei de nada&#8221;. Provavelmente, isso parece mais seguro e c\u00f4modo. Os meios de comunica\u00e7\u00e3o nos enchem de not\u00edcias de guerra e de trag\u00e9dias humanas e n\u00f3s assistimos a tudo impotentes e distantes.<\/p>\n<p>As comunidades tradicionais e os mais diversos caminhos espirituais da humanidade ensinam as pessoas a se comprometerem com a vida e com os acontecimentos. Todos os ritos de inicia\u00e7\u00e3o cont\u00eam certos riscos para significar um compromisso novo com a sociedade e o mundo. Nas aldeias ind\u00edgenas, adolescentes correm riscos em ca\u00e7adas perigosas para voltar \u00e0 aldeia e serem considerados cidad\u00e3os na comunidade. No Juda\u00edsmo, o rito da circuncis\u00e3o celebra o sangue derramado como sinal de um sofrimento que vale a pena viver pela inser\u00e7\u00e3o na comunidade. No Cristianismo, o batismo deveria ter esta fun\u00e7\u00e3o. Batismo \u00e9 um termo grego que significa mergulho. No mundo antigo, para serem aceitos ao batismo, os crist\u00e3os deveriam provar que enfrentavam os riscos de serem mal vistos pelo Imp\u00e9rio, al\u00e9m do assumir um estilo de vida alternativa. O batismo, feito nas \u00e1guas, continha certa no\u00e7\u00e3o de afogamento, do qual a pessoa sa\u00eda para uma vida nova.<\/p>\n<p>Na tradi\u00e7\u00e3o popular, muitas vezes, as pessoas ainda batizam filhos para eles n\u00e3o ficarem pag\u00e3os. Em alguns casos, pensam at\u00e9 que, batizados, ter\u00e3o mais sa\u00fade. Na realidade, com a massifica\u00e7\u00e3o da Igreja e o costume de batizar crian\u00e7as rec\u00e9m-nascidas, ficou mais dif\u00edcil perceber a natureza prof\u00e9tica do batismo. Neste domingo, ao recordar a festa do batismo de Jesus, &#8211; uma festa important\u00edssima para as Igrejas do Oriente &#8211; cat\u00f3licos, luteranos e anglicanos s\u00e3o convidados a retomar o sentido mais profundo da f\u00e9 e do batismo como inser\u00e7\u00e3o prof\u00e9tica no mundo.<\/p>\n<p>O batismo de Jesus foi um ato de inser\u00e7\u00e3o. Ele se assumiu como dos muitos devotos que recebia a ben\u00e7\u00e3o e o perd\u00e3o do profeta Jo\u00e3o Batista. No caso de Jesus, a novidade foi que, segundo os evangelhos, neste momento do batismo, o Esp\u00edrito de Deus desceu sobre Jesus e lhe deu uma voca\u00e7\u00e3o prof\u00e9tica. Ele assumiu a figura do profeta servidor de Deus e se tornou sinal e instrumento do amor divino no mundo.<\/p>\n<p>O batismo dos crist\u00e3os n\u00e3o tem rela\u00e7\u00e3o com o batismo de Jo\u00e3o. \u00c9 mais um gesto para aplicar \u00e0 nossa vida as conseq\u00fc\u00eancias da morte e da ressurrei\u00e7\u00e3o de Jesus. Isso significa que quem \u00e9 batizado deveria viver um estilo de vida nova e propor ao mundo um novo modo de organizar a vida e a sociedade. Por isso, o batismo deve sempre conter um rumo de inser\u00e7\u00e3o em uma comunidade e um projeto de vida nova.<\/p>\n<p>Este janeiro de 2009 ser\u00e1 marcado no Brasil pelo evento do 9\u00ba F\u00f3rum Social Mundial e por v\u00e1rios f\u00f3runs que acontecer\u00e3o em Bel\u00e9m nesta ocasi\u00e3o. Um destes f\u00f3runs \u00e9 o 3\u00ba f\u00f3rum mundial de Teologia e Liberta\u00e7\u00e3o. Para quem se perguntava se a Teologia da Liberta\u00e7\u00e3o ainda existia ou se tinha morrido, este f\u00f3rum revela que n\u00e3o s\u00f3 continua forte, como atualmente n\u00e3o \u00e9 mais somente latino-americana e sim mundial. Teremos te\u00f3logos\/as da \u00c1sia, da \u00c1frica, da Europa e da Am\u00e9rica do Norte, ao mesmo tempo, contaremos sim com os nossos pioneiros que vieram da Am\u00e9rica Latina.<\/p>\n<p>H\u00e1 40 anos, em meio aos movimentos sociais que buscavam a transforma\u00e7\u00e3o do continente, muitos crist\u00e3os e crist\u00e3s, em nome do seu batismo, come\u00e7aram a se inserir nesta caminhada pela justi\u00e7a. No decorrer da hist\u00f3ria, muitos deles foram mortos por isso. Desta experi\u00eancia, se fortaleceu a Teologia da Liberta\u00e7\u00e3o, uma reflex\u00e3o de f\u00e9 a partir da realidade da hist\u00f3ria para ajudar as pessoas a ligarem a f\u00e9 com a justi\u00e7a.<\/p>\n<p>Ao me consagrar a uma Teologia Pluralista da Liberta\u00e7\u00e3o, tenho muita em lidar com uma linguagem crist\u00e3 que fala do Cristo de forma arrogante, como fundamento primeiro da Teologia, desligando-o das pessoas comuns e de tantos sinais do amor divino, como Buda, Maom\u00e9, Xang\u00f4, Zumbi dos Palmares e tantos outros instrumentos da atua\u00e7\u00e3o de Deus no mundo. Ao aceitar ser batizado, justamente, Jesus se insere nesta realidade e se torna um irm\u00e3o no meio dos outros a recordar ao mundo o projeto divino.<\/p>\n<p>Como batismo quer dizer mergulho, n\u00e3o podemos deixar de recordar que as \u00e1guas se tornam instrumentos desta inser\u00e7\u00e3o prof\u00e9tica na vida divina e na realidade humana. No mundo antigo, os pais da Igreja diziam que quando Jesus desceu \u00e0s \u00e1guas do Jord\u00e3o, as \u00e1guas foram lavadas e ele foi o restaurador de todo o universo. Hoje, trabalhamos pelo respeito e dignidade da \u00e1gua e vemos no sinal do batismo um gesto que \u00e9 de profecia divina e \u00e9 de cuidado ecol\u00f3gico. Ali\u00e1s, o tema do 3\u00ba F\u00f3rum Mundial de Teologia e Liberta\u00e7\u00e3o \u00e9 justamente &#8220;Teologia e Ecologia&#8221;.<\/p>\n<p>Para muitos que insistem em uma espiritualidade que consiste apenas em rezar e confessar o nome de Jesus, de uma forma meio desligada da vida, Jesus recorda no Evangelho: &#8220;N\u00e3o \u00e9 quem me diz  \u00b4Senhor, Senhor\u00b4 que entra no reino, mas quem faz a vontade do meu Pai que est\u00e1 no c\u00e9u&#8221; (Mt 7, 21). E com rela\u00e7\u00e3o aos pobres: &#8220;\u00e9 o que fizeste a um destes pequeninos, a mim o fizeste&#8221; (Mt 25, 40).<\/p>\n<div id=\"themify_builder_content-1391\" data-postid=\"1391\" class=\"themify_builder_content themify_builder_content-1391 themify_builder themify_builder_front\">\n\t<\/div>\n<!-- \/themify_builder_content -->","protected":false},"excerpt":{"rendered":"<p>Marcelo Barros Vivemos em uma sociedade na qual, diante de certos problemas sociais, as pessoas costumam reagir dizendo: &#8220;n\u00e3o vi, n\u00e3o ouvi, n\u00e3o sei de nada&#8221;. Provavelmente, isso parece mais seguro e c\u00f4modo. Os meios de comunica\u00e7\u00e3o nos enchem de not\u00edcias de guerra e de trag\u00e9dias humanas e n\u00f3s assistimos a tudo impotentes e distantes. [&hellip;]<\/p>\n","protected":false},"author":5,"featured_media":0,"comment_status":"open","ping_status":"open","sticky":false,"template":"","format":"standard","meta":{"ngg_post_thumbnail":0,"footnotes":""},"categories":[9],"tags":[154,77],"yoast_head":"<!-- This site is optimized with the Yoast SEO plugin v23.5 - https:\/\/yoast.com\/wordpress\/plugins\/seo\/ -->\n<title>Os riscos da inser\u00e7\u00e3o - O Arcanjo no ar<\/title>\n<meta name=\"robots\" content=\"index, follow, max-snippet:-1, max-image-preview:large, max-video-preview:-1\" \/>\n<link rel=\"canonical\" href=\"https:\/\/www.oarcanjo.net\/site\/os-riscos-da-insercao\/\" \/>\n<meta property=\"og:locale\" content=\"pt_BR\" \/>\n<meta property=\"og:type\" content=\"article\" \/>\n<meta property=\"og:title\" content=\"Os riscos da inser\u00e7\u00e3o - O Arcanjo no ar\" \/>\n<meta property=\"og:description\" content=\"Marcelo Barros Vivemos em uma sociedade na qual, diante de certos problemas sociais, as pessoas costumam reagir dizendo: &#8220;n\u00e3o vi, n\u00e3o ouvi, n\u00e3o sei de nada&#8221;. Provavelmente, isso parece mais seguro e c\u00f4modo. Os meios de comunica\u00e7\u00e3o nos enchem de not\u00edcias de guerra e de trag\u00e9dias humanas e n\u00f3s assistimos a tudo impotentes e distantes. [&hellip;]\" \/>\n<meta property=\"og:url\" content=\"https:\/\/www.oarcanjo.net\/site\/os-riscos-da-insercao\/\" \/>\n<meta property=\"og:site_name\" content=\"O Arcanjo no ar\" \/>\n<meta property=\"article:publisher\" content=\"https:\/\/www.facebook.com\/OArcanjoNoAr\/\" \/>\n<meta property=\"article:published_time\" content=\"2009-01-11T15:31:31+00:00\" \/>\n<meta property=\"og:image\" content=\"https:\/\/www.oarcanjo.net\/site\/wp-content\/uploads\/logo-o-arcanjo-no-ar-facebook.png\" \/>\n\t<meta property=\"og:image:width\" content=\"300\" \/>\n\t<meta property=\"og:image:height\" content=\"300\" \/>\n\t<meta property=\"og:image:type\" content=\"image\/png\" \/>\n<meta name=\"author\" content=\"editor\" \/>\n<meta name=\"twitter:card\" content=\"summary_large_image\" \/>\n<meta name=\"twitter:label1\" content=\"Escrito por\" \/>\n\t<meta name=\"twitter:data1\" content=\"editor\" \/>\n\t<meta name=\"twitter:label2\" content=\"Est. tempo de leitura\" \/>\n\t<meta name=\"twitter:data2\" content=\"5 minutos\" \/>\n<script type=\"application\/ld+json\" class=\"yoast-schema-graph\">{\"@context\":\"https:\/\/schema.org\",\"@graph\":[{\"@type\":\"Article\",\"@id\":\"https:\/\/www.oarcanjo.net\/site\/os-riscos-da-insercao\/#article\",\"isPartOf\":{\"@id\":\"https:\/\/www.oarcanjo.net\/site\/os-riscos-da-insercao\/\"},\"author\":{\"name\":\"editor\",\"@id\":\"https:\/\/www.oarcanjo.net\/site\/#\/schema\/person\/f7024d007863202483a31326673a0838\"},\"headline\":\"Os riscos da inser\u00e7\u00e3o\",\"datePublished\":\"2009-01-11T15:31:31+00:00\",\"dateModified\":\"2009-01-11T15:31:31+00:00\",\"mainEntityOfPage\":{\"@id\":\"https:\/\/www.oarcanjo.net\/site\/os-riscos-da-insercao\/\"},\"wordCount\":947,\"commentCount\":3,\"publisher\":{\"@id\":\"https:\/\/www.oarcanjo.net\/site\/#organization\"},\"keywords\":[\"Batismo\",\"teologia\"],\"articleSection\":[\"Reflex\u00f5es\"],\"inLanguage\":\"pt-BR\",\"potentialAction\":[{\"@type\":\"CommentAction\",\"name\":\"Comment\",\"target\":[\"https:\/\/www.oarcanjo.net\/site\/os-riscos-da-insercao\/#respond\"]}]},{\"@type\":\"WebPage\",\"@id\":\"https:\/\/www.oarcanjo.net\/site\/os-riscos-da-insercao\/\",\"url\":\"https:\/\/www.oarcanjo.net\/site\/os-riscos-da-insercao\/\",\"name\":\"Os riscos da inser\u00e7\u00e3o - O Arcanjo no ar\",\"isPartOf\":{\"@id\":\"https:\/\/www.oarcanjo.net\/site\/#website\"},\"datePublished\":\"2009-01-11T15:31:31+00:00\",\"dateModified\":\"2009-01-11T15:31:31+00:00\",\"breadcrumb\":{\"@id\":\"https:\/\/www.oarcanjo.net\/site\/os-riscos-da-insercao\/#breadcrumb\"},\"inLanguage\":\"pt-BR\",\"potentialAction\":[{\"@type\":\"ReadAction\",\"target\":[\"https:\/\/www.oarcanjo.net\/site\/os-riscos-da-insercao\/\"]}]},{\"@type\":\"BreadcrumbList\",\"@id\":\"https:\/\/www.oarcanjo.net\/site\/os-riscos-da-insercao\/#breadcrumb\",\"itemListElement\":[{\"@type\":\"ListItem\",\"position\":1,\"name\":\"In\u00edcio\",\"item\":\"https:\/\/www.oarcanjo.net\/site\/\"},{\"@type\":\"ListItem\",\"position\":2,\"name\":\"Os riscos da inser\u00e7\u00e3o\"}]},{\"@type\":\"WebSite\",\"@id\":\"https:\/\/www.oarcanjo.net\/site\/#website\",\"url\":\"https:\/\/www.oarcanjo.net\/site\/\",\"name\":\"O Arcanjo no ar\",\"description\":\"Site da Par\u00f3quia S\u00e3o Miguel Arcanjo (Arquidiocese de SP)\",\"publisher\":{\"@id\":\"https:\/\/www.oarcanjo.net\/site\/#organization\"},\"potentialAction\":[{\"@type\":\"SearchAction\",\"target\":{\"@type\":\"EntryPoint\",\"urlTemplate\":\"https:\/\/www.oarcanjo.net\/site\/?s={search_term_string}\"},\"query-input\":{\"@type\":\"PropertyValueSpecification\",\"valueRequired\":true,\"valueName\":\"search_term_string\"}}],\"inLanguage\":\"pt-BR\"},{\"@type\":\"Organization\",\"@id\":\"https:\/\/www.oarcanjo.net\/site\/#organization\",\"name\":\"Par\u00f3quia S\u00e3o Miguel Arcanjo\",\"url\":\"https:\/\/www.oarcanjo.net\/site\/\",\"logo\":{\"@type\":\"ImageObject\",\"inLanguage\":\"pt-BR\",\"@id\":\"https:\/\/www.oarcanjo.net\/site\/#\/schema\/logo\/image\/\",\"url\":\"https:\/\/www.oarcanjo.net\/site\/wp-content\/uploads\/LogoOArcanjo.png\",\"contentUrl\":\"https:\/\/www.oarcanjo.net\/site\/wp-content\/uploads\/LogoOArcanjo.png\",\"width\":319,\"height\":99,\"caption\":\"Par\u00f3quia S\u00e3o Miguel Arcanjo\"},\"image\":{\"@id\":\"https:\/\/www.oarcanjo.net\/site\/#\/schema\/logo\/image\/\"},\"sameAs\":[\"https:\/\/www.facebook.com\/OArcanjoNoAr\/\"]},{\"@type\":\"Person\",\"@id\":\"https:\/\/www.oarcanjo.net\/site\/#\/schema\/person\/f7024d007863202483a31326673a0838\",\"name\":\"editor\",\"sameAs\":[\"http:\/\/www.oarcanjo.net\"]}]}<\/script>\n<!-- \/ Yoast SEO plugin. -->","yoast_head_json":{"title":"Os riscos da inser\u00e7\u00e3o - O Arcanjo no ar","robots":{"index":"index","follow":"follow","max-snippet":"max-snippet:-1","max-image-preview":"max-image-preview:large","max-video-preview":"max-video-preview:-1"},"canonical":"https:\/\/www.oarcanjo.net\/site\/os-riscos-da-insercao\/","og_locale":"pt_BR","og_type":"article","og_title":"Os riscos da inser\u00e7\u00e3o - O Arcanjo no ar","og_description":"Marcelo Barros Vivemos em uma sociedade na qual, diante de certos problemas sociais, as pessoas costumam reagir dizendo: &#8220;n\u00e3o vi, n\u00e3o ouvi, n\u00e3o sei de nada&#8221;. Provavelmente, isso parece mais seguro e c\u00f4modo. Os meios de comunica\u00e7\u00e3o nos enchem de not\u00edcias de guerra e de trag\u00e9dias humanas e n\u00f3s assistimos a tudo impotentes e distantes. [&hellip;]","og_url":"https:\/\/www.oarcanjo.net\/site\/os-riscos-da-insercao\/","og_site_name":"O Arcanjo no ar","article_publisher":"https:\/\/www.facebook.com\/OArcanjoNoAr\/","article_published_time":"2009-01-11T15:31:31+00:00","og_image":[{"width":300,"height":300,"url":"https:\/\/www.oarcanjo.net\/site\/wp-content\/uploads\/logo-o-arcanjo-no-ar-facebook.png","type":"image\/png"}],"author":"editor","twitter_card":"summary_large_image","twitter_misc":{"Escrito por":"editor","Est. tempo de leitura":"5 minutos"},"schema":{"@context":"https:\/\/schema.org","@graph":[{"@type":"Article","@id":"https:\/\/www.oarcanjo.net\/site\/os-riscos-da-insercao\/#article","isPartOf":{"@id":"https:\/\/www.oarcanjo.net\/site\/os-riscos-da-insercao\/"},"author":{"name":"editor","@id":"https:\/\/www.oarcanjo.net\/site\/#\/schema\/person\/f7024d007863202483a31326673a0838"},"headline":"Os riscos da inser\u00e7\u00e3o","datePublished":"2009-01-11T15:31:31+00:00","dateModified":"2009-01-11T15:31:31+00:00","mainEntityOfPage":{"@id":"https:\/\/www.oarcanjo.net\/site\/os-riscos-da-insercao\/"},"wordCount":947,"commentCount":3,"publisher":{"@id":"https:\/\/www.oarcanjo.net\/site\/#organization"},"keywords":["Batismo","teologia"],"articleSection":["Reflex\u00f5es"],"inLanguage":"pt-BR","potentialAction":[{"@type":"CommentAction","name":"Comment","target":["https:\/\/www.oarcanjo.net\/site\/os-riscos-da-insercao\/#respond"]}]},{"@type":"WebPage","@id":"https:\/\/www.oarcanjo.net\/site\/os-riscos-da-insercao\/","url":"https:\/\/www.oarcanjo.net\/site\/os-riscos-da-insercao\/","name":"Os riscos da inser\u00e7\u00e3o - O Arcanjo no ar","isPartOf":{"@id":"https:\/\/www.oarcanjo.net\/site\/#website"},"datePublished":"2009-01-11T15:31:31+00:00","dateModified":"2009-01-11T15:31:31+00:00","breadcrumb":{"@id":"https:\/\/www.oarcanjo.net\/site\/os-riscos-da-insercao\/#breadcrumb"},"inLanguage":"pt-BR","potentialAction":[{"@type":"ReadAction","target":["https:\/\/www.oarcanjo.net\/site\/os-riscos-da-insercao\/"]}]},{"@type":"BreadcrumbList","@id":"https:\/\/www.oarcanjo.net\/site\/os-riscos-da-insercao\/#breadcrumb","itemListElement":[{"@type":"ListItem","position":1,"name":"In\u00edcio","item":"https:\/\/www.oarcanjo.net\/site\/"},{"@type":"ListItem","position":2,"name":"Os riscos da inser\u00e7\u00e3o"}]},{"@type":"WebSite","@id":"https:\/\/www.oarcanjo.net\/site\/#website","url":"https:\/\/www.oarcanjo.net\/site\/","name":"O Arcanjo no ar","description":"Site da Par\u00f3quia S\u00e3o Miguel Arcanjo (Arquidiocese de SP)","publisher":{"@id":"https:\/\/www.oarcanjo.net\/site\/#organization"},"potentialAction":[{"@type":"SearchAction","target":{"@type":"EntryPoint","urlTemplate":"https:\/\/www.oarcanjo.net\/site\/?s={search_term_string}"},"query-input":{"@type":"PropertyValueSpecification","valueRequired":true,"valueName":"search_term_string"}}],"inLanguage":"pt-BR"},{"@type":"Organization","@id":"https:\/\/www.oarcanjo.net\/site\/#organization","name":"Par\u00f3quia S\u00e3o Miguel Arcanjo","url":"https:\/\/www.oarcanjo.net\/site\/","logo":{"@type":"ImageObject","inLanguage":"pt-BR","@id":"https:\/\/www.oarcanjo.net\/site\/#\/schema\/logo\/image\/","url":"https:\/\/www.oarcanjo.net\/site\/wp-content\/uploads\/LogoOArcanjo.png","contentUrl":"https:\/\/www.oarcanjo.net\/site\/wp-content\/uploads\/LogoOArcanjo.png","width":319,"height":99,"caption":"Par\u00f3quia S\u00e3o Miguel Arcanjo"},"image":{"@id":"https:\/\/www.oarcanjo.net\/site\/#\/schema\/logo\/image\/"},"sameAs":["https:\/\/www.facebook.com\/OArcanjoNoAr\/"]},{"@type":"Person","@id":"https:\/\/www.oarcanjo.net\/site\/#\/schema\/person\/f7024d007863202483a31326673a0838","name":"editor","sameAs":["http:\/\/www.oarcanjo.net"]}]}},"publishpress_future_action":{"enabled":false,"date":"2026-05-07 11:11:44","action":"category","newStatus":"draft","terms":[],"taxonomy":"category"},"publishpress_future_workflow_manual_trigger":{"enabledWorkflows":[]},"_links":{"self":[{"href":"https:\/\/www.oarcanjo.net\/site\/wp-json\/wp\/v2\/posts\/1391"}],"collection":[{"href":"https:\/\/www.oarcanjo.net\/site\/wp-json\/wp\/v2\/posts"}],"about":[{"href":"https:\/\/www.oarcanjo.net\/site\/wp-json\/wp\/v2\/types\/post"}],"author":[{"embeddable":true,"href":"https:\/\/www.oarcanjo.net\/site\/wp-json\/wp\/v2\/users\/5"}],"replies":[{"embeddable":true,"href":"https:\/\/www.oarcanjo.net\/site\/wp-json\/wp\/v2\/comments?post=1391"}],"version-history":[{"count":0,"href":"https:\/\/www.oarcanjo.net\/site\/wp-json\/wp\/v2\/posts\/1391\/revisions"}],"wp:attachment":[{"href":"https:\/\/www.oarcanjo.net\/site\/wp-json\/wp\/v2\/media?parent=1391"}],"wp:term":[{"taxonomy":"category","embeddable":true,"href":"https:\/\/www.oarcanjo.net\/site\/wp-json\/wp\/v2\/categories?post=1391"},{"taxonomy":"post_tag","embeddable":true,"href":"https:\/\/www.oarcanjo.net\/site\/wp-json\/wp\/v2\/tags?post=1391"}],"curies":[{"name":"wp","href":"https:\/\/api.w.org\/{rel}","templated":true}]}}