
{"id":13938,"date":"2011-04-20T08:48:20","date_gmt":"2011-04-20T11:48:20","guid":{"rendered":"http:\/\/www.oarcanjo.net\/site\/?p=13938"},"modified":"2011-04-20T19:26:01","modified_gmt":"2011-04-20T22:26:01","slug":"celebracao-penitencial-semana-santa-2011","status":"publish","type":"post","link":"https:\/\/www.oarcanjo.net\/site\/celebracao-penitencial-semana-santa-2011\/","title":{"rendered":"Celebra\u00e7\u00e3o Penitencial &#8211; Semana Santa 2011"},"content":{"rendered":"<p>A Comunidade S\u00e3o Miguel Arcanjo participa\u00a0intensamente da Semana Santa. Nesta ter\u00e7a-feira, 19\/04\/11, a Celebra\u00e7\u00e3o Penitencial. A ora\u00e7\u00e3o, o recolhimento, a confiss\u00e3o.<a href=\"http:\/\/www.oarcanjo.net\/site\/wp-content\/uploads\/Celebra\u00e7\u00e3o-penitencial1.jpg\"><img loading=\"lazy\" decoding=\"async\" class=\"alignright size-medium wp-image-13939\" title=\"Celebra\u00e7\u00e3o penitencial1\" src=\"http:\/\/www.oarcanjo.net\/site\/wp-content\/uploads\/Celebra\u00e7\u00e3o-penitencial1-300x200.jpg\" alt=\"\" width=\"300\" height=\"200\" srcset=\"https:\/\/www.oarcanjo.net\/site\/wp-content\/uploads\/Celebra\u00e7\u00e3o-penitencial1-300x200.jpg 300w, https:\/\/www.oarcanjo.net\/site\/wp-content\/uploads\/Celebra\u00e7\u00e3o-penitencial1.jpg 645w\" sizes=\"(max-width: 300px) 100vw, 300px\" \/><\/a>Vejam as fotos, por Carlos A. Beatriz<\/p>\n<p><a href=\"http:\/\/www.oarcanjo.net\/site\/wp-content\/uploads\/Celebra\u00e7\u00e3o-penitencial5.jpg\"><\/a>\u00a0<\/p>\n<p><a href=\"http:\/\/www.oarcanjo.net\/site\/wp-content\/uploads\/Celebra\u00e7\u00e3o-penitencial21.jpg\"><img loading=\"lazy\" decoding=\"async\" class=\"alignright size-medium wp-image-13941\" title=\"Celebra\u00e7\u00e3o penitencial2\" src=\"http:\/\/www.oarcanjo.net\/site\/wp-content\/uploads\/Celebra\u00e7\u00e3o-penitencial21-300x200.jpg\" alt=\"\" width=\"300\" height=\"200\" srcset=\"https:\/\/www.oarcanjo.net\/site\/wp-content\/uploads\/Celebra\u00e7\u00e3o-penitencial21-300x200.jpg 300w, https:\/\/www.oarcanjo.net\/site\/wp-content\/uploads\/Celebra\u00e7\u00e3o-penitencial21.jpg 645w\" sizes=\"(max-width: 300px) 100vw, 300px\" \/><\/a><\/p>\n<p><a href=\"http:\/\/www.oarcanjo.net\/site\/wp-content\/uploads\/Celebra\u00e7\u00e3o-penitencial3.jpg\"><img loading=\"lazy\" decoding=\"async\" class=\"alignright size-medium wp-image-13942\" title=\"Celebra\u00e7\u00e3o penitencial3\" src=\"http:\/\/www.oarcanjo.net\/site\/wp-content\/uploads\/Celebra\u00e7\u00e3o-penitencial3-300x200.jpg\" alt=\"\" width=\"300\" height=\"200\" srcset=\"https:\/\/www.oarcanjo.net\/site\/wp-content\/uploads\/Celebra\u00e7\u00e3o-penitencial3-300x200.jpg 300w, https:\/\/www.oarcanjo.net\/site\/wp-content\/uploads\/Celebra\u00e7\u00e3o-penitencial3.jpg 645w\" sizes=\"(max-width: 300px) 100vw, 300px\" \/><\/a><\/p>\n<p><a href=\"http:\/\/www.oarcanjo.net\/site\/wp-content\/uploads\/Celebra\u00e7\u00e3o-penitencial4.jpg\"><img loading=\"lazy\" decoding=\"async\" class=\"alignright size-medium wp-image-13943\" title=\"Celebra\u00e7\u00e3o penitencial4\" src=\"http:\/\/www.oarcanjo.net\/site\/wp-content\/uploads\/Celebra\u00e7\u00e3o-penitencial4-300x200.jpg\" alt=\"\" width=\"300\" height=\"200\" srcset=\"https:\/\/www.oarcanjo.net\/site\/wp-content\/uploads\/Celebra\u00e7\u00e3o-penitencial4-300x200.jpg 300w, https:\/\/www.oarcanjo.net\/site\/wp-content\/uploads\/Celebra\u00e7\u00e3o-penitencial4.jpg 645w\" sizes=\"(max-width: 300px) 100vw, 300px\" \/><\/a><\/p>\n<p>\u00a0<a href=\"http:\/\/www.oarcanjo.net\/site\/wp-content\/uploads\/Celebra\u00e7\u00e3o-penitencial51.jpg\"><img loading=\"lazy\" decoding=\"async\" class=\"alignright size-medium wp-image-13945\" title=\"Celebra\u00e7\u00e3o penitencial5\" src=\"http:\/\/www.oarcanjo.net\/site\/wp-content\/uploads\/Celebra\u00e7\u00e3o-penitencial51-300x200.jpg\" alt=\"\" width=\"300\" height=\"200\" srcset=\"https:\/\/www.oarcanjo.net\/site\/wp-content\/uploads\/Celebra\u00e7\u00e3o-penitencial51-300x200.jpg 300w, https:\/\/www.oarcanjo.net\/site\/wp-content\/uploads\/Celebra\u00e7\u00e3o-penitencial51.jpg 645w\" sizes=\"(max-width: 300px) 100vw, 300px\" \/><\/a><\/p>\n<p><a href=\"http:\/\/www.oarcanjo.net\/site\/wp-content\/uploads\/Celebra\u00e7\u00e3o-penitencial6.jpg\"><img loading=\"lazy\" decoding=\"async\" class=\"alignright size-medium wp-image-13946\" title=\"Celebra\u00e7\u00e3o penitencial6\" src=\"http:\/\/www.oarcanjo.net\/site\/wp-content\/uploads\/Celebra\u00e7\u00e3o-penitencial6-300x200.jpg\" alt=\"\" width=\"300\" height=\"200\" srcset=\"https:\/\/www.oarcanjo.net\/site\/wp-content\/uploads\/Celebra\u00e7\u00e3o-penitencial6-300x200.jpg 300w, https:\/\/www.oarcanjo.net\/site\/wp-content\/uploads\/Celebra\u00e7\u00e3o-penitencial6.jpg 645w\" sizes=\"(max-width: 300px) 100vw, 300px\" \/><\/a><\/p>\n<div id=\"themify_builder_content-13938\" data-postid=\"13938\" class=\"themify_builder_content themify_builder_content-13938 themify_builder themify_builder_front\">\n\t<\/div>\n<!-- \/themify_builder_content -->","protected":false},"excerpt":{"rendered":"<p>A Comunidade S\u00e3o Miguel Arcanjo participa\u00a0intensamente da Semana Santa. Nesta ter\u00e7a-feira, 19\/04\/11, a Celebra\u00e7\u00e3o Penitencial. A ora\u00e7\u00e3o, o recolhimento, a confiss\u00e3o.Vejam as fotos, por Carlos A. Beatriz \u00a0 \u00a0<\/p>\n","protected":false},"author":10,"featured_media":0,"comment_status":"open","ping_status":"open","sticky":false,"template":"","format":"standard","meta":{"ngg_post_thumbnail":0,"footnotes":""},"categories":[109,7],"tags":[],"yoast_head":"<!-- This site is optimized with the Yoast SEO plugin v23.5 - https:\/\/yoast.com\/wordpress\/plugins\/seo\/ -->\n<title>Celebra\u00e7\u00e3o Penitencial - Semana Santa 2011 - O Arcanjo no ar<\/title>\n<meta name=\"robots\" content=\"index, follow, max-snippet:-1, max-image-preview:large, max-video-preview:-1\" \/>\n<link rel=\"canonical\" href=\"https:\/\/www.oarcanjo.net\/site\/celebracao-penitencial-semana-santa-2011\/\" \/>\n<meta property=\"og:locale\" content=\"pt_BR\" \/>\n<meta property=\"og:type\" content=\"article\" \/>\n<meta property=\"og:title\" content=\"Celebra\u00e7\u00e3o Penitencial - Semana Santa 2011 - O Arcanjo no ar\" \/>\n<meta property=\"og:description\" content=\"A Comunidade S\u00e3o Miguel Arcanjo participa\u00a0intensamente da Semana Santa. Nesta ter\u00e7a-feira, 19\/04\/11, a Celebra\u00e7\u00e3o Penitencial. A ora\u00e7\u00e3o, o recolhimento, a confiss\u00e3o.Vejam as fotos, por Carlos A. Beatriz \u00a0 \u00a0\" \/>\n<meta property=\"og:url\" content=\"https:\/\/www.oarcanjo.net\/site\/celebracao-penitencial-semana-santa-2011\/\" \/>\n<meta property=\"og:site_name\" content=\"O Arcanjo no ar\" \/>\n<meta property=\"article:publisher\" content=\"https:\/\/www.facebook.com\/OArcanjoNoAr\/\" \/>\n<meta property=\"article:published_time\" content=\"2011-04-20T11:48:20+00:00\" \/>\n<meta property=\"article:modified_time\" content=\"2011-04-20T22:26:01+00:00\" \/>\n<meta property=\"og:image\" content=\"https:\/\/www.oarcanjo.net\/site\/wp-content\/uploads\/logo-o-arcanjo-no-ar-facebook.png\" \/>\n\t<meta property=\"og:image:width\" content=\"300\" \/>\n\t<meta property=\"og:image:height\" content=\"300\" \/>\n\t<meta property=\"og:image:type\" content=\"image\/png\" \/>\n<meta name=\"author\" content=\"carlos\" \/>\n<meta name=\"twitter:card\" content=\"summary_large_image\" \/>\n<meta name=\"twitter:label1\" content=\"Escrito por\" \/>\n\t<meta name=\"twitter:data1\" content=\"carlos\" \/>\n<script type=\"application\/ld+json\" class=\"yoast-schema-graph\">{\"@context\":\"https:\/\/schema.org\",\"@graph\":[{\"@type\":\"Article\",\"@id\":\"https:\/\/www.oarcanjo.net\/site\/celebracao-penitencial-semana-santa-2011\/#article\",\"isPartOf\":{\"@id\":\"https:\/\/www.oarcanjo.net\/site\/celebracao-penitencial-semana-santa-2011\/\"},\"author\":{\"name\":\"carlos\",\"@id\":\"https:\/\/www.oarcanjo.net\/site\/#\/schema\/person\/f7870e710d8c8c30673de3a0ac2e451d\"},\"headline\":\"Celebra\u00e7\u00e3o Penitencial &#8211; Semana Santa 2011\",\"datePublished\":\"2011-04-20T11:48:20+00:00\",\"dateModified\":\"2011-04-20T22:26:01+00:00\",\"mainEntityOfPage\":{\"@id\":\"https:\/\/www.oarcanjo.net\/site\/celebracao-penitencial-semana-santa-2011\/\"},\"wordCount\":39,\"commentCount\":0,\"publisher\":{\"@id\":\"https:\/\/www.oarcanjo.net\/site\/#organization\"},\"articleSection\":[\"Liturgia\",\"Rosto da comunidade\"],\"inLanguage\":\"pt-BR\",\"potentialAction\":[{\"@type\":\"CommentAction\",\"name\":\"Comment\",\"target\":[\"https:\/\/www.oarcanjo.net\/site\/celebracao-penitencial-semana-santa-2011\/#respond\"]}]},{\"@type\":\"WebPage\",\"@id\":\"https:\/\/www.oarcanjo.net\/site\/celebracao-penitencial-semana-santa-2011\/\",\"url\":\"https:\/\/www.oarcanjo.net\/site\/celebracao-penitencial-semana-santa-2011\/\",\"name\":\"Celebra\u00e7\u00e3o Penitencial - Semana Santa 2011 - O Arcanjo no ar\",\"isPartOf\":{\"@id\":\"https:\/\/www.oarcanjo.net\/site\/#website\"},\"datePublished\":\"2011-04-20T11:48:20+00:00\",\"dateModified\":\"2011-04-20T22:26:01+00:00\",\"breadcrumb\":{\"@id\":\"https:\/\/www.oarcanjo.net\/site\/celebracao-penitencial-semana-santa-2011\/#breadcrumb\"},\"inLanguage\":\"pt-BR\",\"potentialAction\":[{\"@type\":\"ReadAction\",\"target\":[\"https:\/\/www.oarcanjo.net\/site\/celebracao-penitencial-semana-santa-2011\/\"]}]},{\"@type\":\"BreadcrumbList\",\"@id\":\"https:\/\/www.oarcanjo.net\/site\/celebracao-penitencial-semana-santa-2011\/#breadcrumb\",\"itemListElement\":[{\"@type\":\"ListItem\",\"position\":1,\"name\":\"In\u00edcio\",\"item\":\"https:\/\/www.oarcanjo.net\/site\/\"},{\"@type\":\"ListItem\",\"position\":2,\"name\":\"Celebra\u00e7\u00e3o Penitencial &#8211; Semana Santa 2011\"}]},{\"@type\":\"WebSite\",\"@id\":\"https:\/\/www.oarcanjo.net\/site\/#website\",\"url\":\"https:\/\/www.oarcanjo.net\/site\/\",\"name\":\"O Arcanjo no ar\",\"description\":\"Site da Par\u00f3quia S\u00e3o Miguel Arcanjo (Arquidiocese de SP)\",\"publisher\":{\"@id\":\"https:\/\/www.oarcanjo.net\/site\/#organization\"},\"potentialAction\":[{\"@type\":\"SearchAction\",\"target\":{\"@type\":\"EntryPoint\",\"urlTemplate\":\"https:\/\/www.oarcanjo.net\/site\/?s={search_term_string}\"},\"query-input\":{\"@type\":\"PropertyValueSpecification\",\"valueRequired\":true,\"valueName\":\"search_term_string\"}}],\"inLanguage\":\"pt-BR\"},{\"@type\":\"Organization\",\"@id\":\"https:\/\/www.oarcanjo.net\/site\/#organization\",\"name\":\"Par\u00f3quia S\u00e3o Miguel Arcanjo\",\"url\":\"https:\/\/www.oarcanjo.net\/site\/\",\"logo\":{\"@type\":\"ImageObject\",\"inLanguage\":\"pt-BR\",\"@id\":\"https:\/\/www.oarcanjo.net\/site\/#\/schema\/logo\/image\/\",\"url\":\"https:\/\/www.oarcanjo.net\/site\/wp-content\/uploads\/LogoOArcanjo.png\",\"contentUrl\":\"https:\/\/www.oarcanjo.net\/site\/wp-content\/uploads\/LogoOArcanjo.png\",\"width\":319,\"height\":99,\"caption\":\"Par\u00f3quia S\u00e3o Miguel Arcanjo\"},\"image\":{\"@id\":\"https:\/\/www.oarcanjo.net\/site\/#\/schema\/logo\/image\/\"},\"sameAs\":[\"https:\/\/www.facebook.com\/OArcanjoNoAr\/\"]},{\"@type\":\"Person\",\"@id\":\"https:\/\/www.oarcanjo.net\/site\/#\/schema\/person\/f7870e710d8c8c30673de3a0ac2e451d\",\"name\":\"carlos\"}]}<\/script>\n<!-- \/ Yoast SEO plugin. -->","yoast_head_json":{"title":"Celebra\u00e7\u00e3o Penitencial - Semana Santa 2011 - O Arcanjo no ar","robots":{"index":"index","follow":"follow","max-snippet":"max-snippet:-1","max-image-preview":"max-image-preview:large","max-video-preview":"max-video-preview:-1"},"canonical":"https:\/\/www.oarcanjo.net\/site\/celebracao-penitencial-semana-santa-2011\/","og_locale":"pt_BR","og_type":"article","og_title":"Celebra\u00e7\u00e3o Penitencial - Semana Santa 2011 - O Arcanjo no ar","og_description":"A Comunidade S\u00e3o Miguel Arcanjo participa\u00a0intensamente da Semana Santa. Nesta ter\u00e7a-feira, 19\/04\/11, a Celebra\u00e7\u00e3o Penitencial. A ora\u00e7\u00e3o, o recolhimento, a confiss\u00e3o.Vejam as fotos, por Carlos A. Beatriz \u00a0 \u00a0","og_url":"https:\/\/www.oarcanjo.net\/site\/celebracao-penitencial-semana-santa-2011\/","og_site_name":"O Arcanjo no ar","article_publisher":"https:\/\/www.facebook.com\/OArcanjoNoAr\/","article_published_time":"2011-04-20T11:48:20+00:00","article_modified_time":"2011-04-20T22:26:01+00:00","og_image":[{"width":300,"height":300,"url":"https:\/\/www.oarcanjo.net\/site\/wp-content\/uploads\/logo-o-arcanjo-no-ar-facebook.png","type":"image\/png"}],"author":"carlos","twitter_card":"summary_large_image","twitter_misc":{"Escrito por":"carlos"},"schema":{"@context":"https:\/\/schema.org","@graph":[{"@type":"Article","@id":"https:\/\/www.oarcanjo.net\/site\/celebracao-penitencial-semana-santa-2011\/#article","isPartOf":{"@id":"https:\/\/www.oarcanjo.net\/site\/celebracao-penitencial-semana-santa-2011\/"},"author":{"name":"carlos","@id":"https:\/\/www.oarcanjo.net\/site\/#\/schema\/person\/f7870e710d8c8c30673de3a0ac2e451d"},"headline":"Celebra\u00e7\u00e3o Penitencial &#8211; Semana Santa 2011","datePublished":"2011-04-20T11:48:20+00:00","dateModified":"2011-04-20T22:26:01+00:00","mainEntityOfPage":{"@id":"https:\/\/www.oarcanjo.net\/site\/celebracao-penitencial-semana-santa-2011\/"},"wordCount":39,"commentCount":0,"publisher":{"@id":"https:\/\/www.oarcanjo.net\/site\/#organization"},"articleSection":["Liturgia","Rosto da comunidade"],"inLanguage":"pt-BR","potentialAction":[{"@type":"CommentAction","name":"Comment","target":["https:\/\/www.oarcanjo.net\/site\/celebracao-penitencial-semana-santa-2011\/#respond"]}]},{"@type":"WebPage","@id":"https:\/\/www.oarcanjo.net\/site\/celebracao-penitencial-semana-santa-2011\/","url":"https:\/\/www.oarcanjo.net\/site\/celebracao-penitencial-semana-santa-2011\/","name":"Celebra\u00e7\u00e3o Penitencial - Semana Santa 2011 - O Arcanjo no ar","isPartOf":{"@id":"https:\/\/www.oarcanjo.net\/site\/#website"},"datePublished":"2011-04-20T11:48:20+00:00","dateModified":"2011-04-20T22:26:01+00:00","breadcrumb":{"@id":"https:\/\/www.oarcanjo.net\/site\/celebracao-penitencial-semana-santa-2011\/#breadcrumb"},"inLanguage":"pt-BR","potentialAction":[{"@type":"ReadAction","target":["https:\/\/www.oarcanjo.net\/site\/celebracao-penitencial-semana-santa-2011\/"]}]},{"@type":"BreadcrumbList","@id":"https:\/\/www.oarcanjo.net\/site\/celebracao-penitencial-semana-santa-2011\/#breadcrumb","itemListElement":[{"@type":"ListItem","position":1,"name":"In\u00edcio","item":"https:\/\/www.oarcanjo.net\/site\/"},{"@type":"ListItem","position":2,"name":"Celebra\u00e7\u00e3o Penitencial &#8211; Semana Santa 2011"}]},{"@type":"WebSite","@id":"https:\/\/www.oarcanjo.net\/site\/#website","url":"https:\/\/www.oarcanjo.net\/site\/","name":"O Arcanjo no ar","description":"Site da Par\u00f3quia S\u00e3o Miguel Arcanjo (Arquidiocese de SP)","publisher":{"@id":"https:\/\/www.oarcanjo.net\/site\/#organization"},"potentialAction":[{"@type":"SearchAction","target":{"@type":"EntryPoint","urlTemplate":"https:\/\/www.oarcanjo.net\/site\/?s={search_term_string}"},"query-input":{"@type":"PropertyValueSpecification","valueRequired":true,"valueName":"search_term_string"}}],"inLanguage":"pt-BR"},{"@type":"Organization","@id":"https:\/\/www.oarcanjo.net\/site\/#organization","name":"Par\u00f3quia S\u00e3o Miguel Arcanjo","url":"https:\/\/www.oarcanjo.net\/site\/","logo":{"@type":"ImageObject","inLanguage":"pt-BR","@id":"https:\/\/www.oarcanjo.net\/site\/#\/schema\/logo\/image\/","url":"https:\/\/www.oarcanjo.net\/site\/wp-content\/uploads\/LogoOArcanjo.png","contentUrl":"https:\/\/www.oarcanjo.net\/site\/wp-content\/uploads\/LogoOArcanjo.png","width":319,"height":99,"caption":"Par\u00f3quia S\u00e3o Miguel Arcanjo"},"image":{"@id":"https:\/\/www.oarcanjo.net\/site\/#\/schema\/logo\/image\/"},"sameAs":["https:\/\/www.facebook.com\/OArcanjoNoAr\/"]},{"@type":"Person","@id":"https:\/\/www.oarcanjo.net\/site\/#\/schema\/person\/f7870e710d8c8c30673de3a0ac2e451d","name":"carlos"}]}},"publishpress_future_action":{"enabled":false,"date":"2026-05-08 23:16:42","action":"category","newStatus":"draft","terms":[],"taxonomy":"category"},"publishpress_future_workflow_manual_trigger":{"enabledWorkflows":[]},"_links":{"self":[{"href":"https:\/\/www.oarcanjo.net\/site\/wp-json\/wp\/v2\/posts\/13938"}],"collection":[{"href":"https:\/\/www.oarcanjo.net\/site\/wp-json\/wp\/v2\/posts"}],"about":[{"href":"https:\/\/www.oarcanjo.net\/site\/wp-json\/wp\/v2\/types\/post"}],"author":[{"embeddable":true,"href":"https:\/\/www.oarcanjo.net\/site\/wp-json\/wp\/v2\/users\/10"}],"replies":[{"embeddable":true,"href":"https:\/\/www.oarcanjo.net\/site\/wp-json\/wp\/v2\/comments?post=13938"}],"version-history":[{"count":0,"href":"https:\/\/www.oarcanjo.net\/site\/wp-json\/wp\/v2\/posts\/13938\/revisions"}],"wp:attachment":[{"href":"https:\/\/www.oarcanjo.net\/site\/wp-json\/wp\/v2\/media?parent=13938"}],"wp:term":[{"taxonomy":"category","embeddable":true,"href":"https:\/\/www.oarcanjo.net\/site\/wp-json\/wp\/v2\/categories?post=13938"},{"taxonomy":"post_tag","embeddable":true,"href":"https:\/\/www.oarcanjo.net\/site\/wp-json\/wp\/v2\/tags?post=13938"}],"curies":[{"name":"wp","href":"https:\/\/api.w.org\/{rel}","templated":true}]}}