
{"id":13948,"date":"2011-04-20T08:55:01","date_gmt":"2011-04-20T11:55:01","guid":{"rendered":"http:\/\/www.oarcanjo.net\/site\/?p=13948"},"modified":"2011-04-20T08:55:01","modified_gmt":"2011-04-20T11:55:01","slug":"padre-julio-lancelotti-26-anos-de-sacerdocio","status":"publish","type":"post","link":"https:\/\/www.oarcanjo.net\/site\/padre-julio-lancelotti-26-anos-de-sacerdocio\/","title":{"rendered":"Padre Julio Lancelotti &#8211; 26 anos de Sacerd\u00f3cio"},"content":{"rendered":"<p>26 anos de Sacerd\u00f3cio. Neste dia 20\/04 comemoramos os 26 anos de sacerd\u00f3cio do Padre Julio Lancelotti. O carinho da comunidade que caminha junto. Trazemos aqui tr\u00eas momento do Domingo de Ramos, na Igreja S\u00e3o Miguel Arcanjo e na Capela S\u00e3o Judas Tadeu.<\/p>\n<p>Parab\u00e9ns Padre Julio.\u00a0<\/p>\n<p><a href=\"http:\/\/www.oarcanjo.net\/site\/wp-content\/uploads\/26-anos-de-sacerd\u00f3cio1.jpg\"><img loading=\"lazy\" decoding=\"async\" class=\"alignright size-medium wp-image-13949\" title=\"26 anos de sacerd\u00f3cio1\" src=\"http:\/\/www.oarcanjo.net\/site\/wp-content\/uploads\/26-anos-de-sacerd\u00f3cio1-300x200.jpg\" alt=\"\" width=\"300\" height=\"200\" srcset=\"https:\/\/www.oarcanjo.net\/site\/wp-content\/uploads\/26-anos-de-sacerd\u00f3cio1-300x200.jpg 300w, https:\/\/www.oarcanjo.net\/site\/wp-content\/uploads\/26-anos-de-sacerd\u00f3cio1.jpg 645w\" sizes=\"(max-width: 300px) 100vw, 300px\" \/><\/a><\/p>\n<p><a href=\"http:\/\/www.oarcanjo.net\/site\/wp-content\/uploads\/26-anos-de-sacerd\u00f3cio2.jpg\"><img loading=\"lazy\" decoding=\"async\" class=\"alignright size-medium wp-image-13950\" title=\"26 anos de sacerd\u00f3cio2\" src=\"http:\/\/www.oarcanjo.net\/site\/wp-content\/uploads\/26-anos-de-sacerd\u00f3cio2-300x200.jpg\" alt=\"\" width=\"300\" height=\"200\" srcset=\"https:\/\/www.oarcanjo.net\/site\/wp-content\/uploads\/26-anos-de-sacerd\u00f3cio2-300x200.jpg 300w, https:\/\/www.oarcanjo.net\/site\/wp-content\/uploads\/26-anos-de-sacerd\u00f3cio2.jpg 645w\" sizes=\"(max-width: 300px) 100vw, 300px\" \/><\/a><a href=\"http:\/\/www.oarcanjo.net\/site\/wp-content\/uploads\/26-anos-de-sacerd\u00f3cio3.jpg\"><img loading=\"lazy\" decoding=\"async\" class=\"alignright size-medium wp-image-13951\" title=\"26 anos de sacerd\u00f3cio3\" src=\"http:\/\/www.oarcanjo.net\/site\/wp-content\/uploads\/26-anos-de-sacerd\u00f3cio3-300x198.jpg\" alt=\"\" width=\"300\" height=\"198\" srcset=\"https:\/\/www.oarcanjo.net\/site\/wp-content\/uploads\/26-anos-de-sacerd\u00f3cio3-300x198.jpg 300w, https:\/\/www.oarcanjo.net\/site\/wp-content\/uploads\/26-anos-de-sacerd\u00f3cio3.jpg 645w\" sizes=\"(max-width: 300px) 100vw, 300px\" \/><\/a><\/p>\n<div id=\"themify_builder_content-13948\" data-postid=\"13948\" class=\"themify_builder_content themify_builder_content-13948 themify_builder themify_builder_front\">\n\t<\/div>\n<!-- \/themify_builder_content -->","protected":false},"excerpt":{"rendered":"<p>26 anos de Sacerd\u00f3cio. Neste dia 20\/04 comemoramos os 26 anos de sacerd\u00f3cio do Padre Julio Lancelotti. O carinho da comunidade que caminha junto. Trazemos aqui tr\u00eas momento do Domingo de Ramos, na Igreja S\u00e3o Miguel Arcanjo e na Capela S\u00e3o Judas Tadeu. Parab\u00e9ns Padre Julio.\u00a0<\/p>\n","protected":false},"author":10,"featured_media":0,"comment_status":"open","ping_status":"open","sticky":false,"template":"","format":"standard","meta":{"ngg_post_thumbnail":0,"footnotes":""},"categories":[8,7],"tags":[],"yoast_head":"<!-- This site is optimized with the Yoast SEO plugin v23.5 - https:\/\/yoast.com\/wordpress\/plugins\/seo\/ -->\n<title>Padre Julio Lancelotti - 26 anos de Sacerd\u00f3cio - O Arcanjo no ar<\/title>\n<meta name=\"robots\" content=\"index, follow, max-snippet:-1, max-image-preview:large, max-video-preview:-1\" \/>\n<link rel=\"canonical\" href=\"https:\/\/www.oarcanjo.net\/site\/padre-julio-lancelotti-26-anos-de-sacerdocio\/\" \/>\n<meta property=\"og:locale\" content=\"pt_BR\" \/>\n<meta property=\"og:type\" content=\"article\" \/>\n<meta property=\"og:title\" content=\"Padre Julio Lancelotti - 26 anos de Sacerd\u00f3cio - O Arcanjo no ar\" \/>\n<meta property=\"og:description\" content=\"26 anos de Sacerd\u00f3cio. Neste dia 20\/04 comemoramos os 26 anos de sacerd\u00f3cio do Padre Julio Lancelotti. O carinho da comunidade que caminha junto. Trazemos aqui tr\u00eas momento do Domingo de Ramos, na Igreja S\u00e3o Miguel Arcanjo e na Capela S\u00e3o Judas Tadeu. Parab\u00e9ns Padre Julio.\u00a0\" \/>\n<meta property=\"og:url\" content=\"https:\/\/www.oarcanjo.net\/site\/padre-julio-lancelotti-26-anos-de-sacerdocio\/\" \/>\n<meta property=\"og:site_name\" content=\"O Arcanjo no ar\" \/>\n<meta property=\"article:publisher\" content=\"https:\/\/www.facebook.com\/OArcanjoNoAr\/\" \/>\n<meta property=\"article:published_time\" content=\"2011-04-20T11:55:01+00:00\" \/>\n<meta property=\"og:image\" content=\"https:\/\/www.oarcanjo.net\/site\/wp-content\/uploads\/logo-o-arcanjo-no-ar-facebook.png\" \/>\n\t<meta property=\"og:image:width\" content=\"300\" \/>\n\t<meta property=\"og:image:height\" content=\"300\" \/>\n\t<meta property=\"og:image:type\" content=\"image\/png\" \/>\n<meta name=\"author\" content=\"carlos\" \/>\n<meta name=\"twitter:card\" content=\"summary_large_image\" \/>\n<meta name=\"twitter:label1\" content=\"Escrito por\" \/>\n\t<meta name=\"twitter:data1\" content=\"carlos\" \/>\n<script type=\"application\/ld+json\" class=\"yoast-schema-graph\">{\"@context\":\"https:\/\/schema.org\",\"@graph\":[{\"@type\":\"Article\",\"@id\":\"https:\/\/www.oarcanjo.net\/site\/padre-julio-lancelotti-26-anos-de-sacerdocio\/#article\",\"isPartOf\":{\"@id\":\"https:\/\/www.oarcanjo.net\/site\/padre-julio-lancelotti-26-anos-de-sacerdocio\/\"},\"author\":{\"name\":\"carlos\",\"@id\":\"https:\/\/www.oarcanjo.net\/site\/#\/schema\/person\/f7870e710d8c8c30673de3a0ac2e451d\"},\"headline\":\"Padre Julio Lancelotti &#8211; 26 anos de Sacerd\u00f3cio\",\"datePublished\":\"2011-04-20T11:55:01+00:00\",\"dateModified\":\"2011-04-20T11:55:01+00:00\",\"mainEntityOfPage\":{\"@id\":\"https:\/\/www.oarcanjo.net\/site\/padre-julio-lancelotti-26-anos-de-sacerdocio\/\"},\"wordCount\":57,\"commentCount\":14,\"publisher\":{\"@id\":\"https:\/\/www.oarcanjo.net\/site\/#organization\"},\"articleSection\":[\"Not\u00edcias\",\"Rosto da comunidade\"],\"inLanguage\":\"pt-BR\",\"potentialAction\":[{\"@type\":\"CommentAction\",\"name\":\"Comment\",\"target\":[\"https:\/\/www.oarcanjo.net\/site\/padre-julio-lancelotti-26-anos-de-sacerdocio\/#respond\"]}]},{\"@type\":\"WebPage\",\"@id\":\"https:\/\/www.oarcanjo.net\/site\/padre-julio-lancelotti-26-anos-de-sacerdocio\/\",\"url\":\"https:\/\/www.oarcanjo.net\/site\/padre-julio-lancelotti-26-anos-de-sacerdocio\/\",\"name\":\"Padre Julio Lancelotti - 26 anos de Sacerd\u00f3cio - O Arcanjo no ar\",\"isPartOf\":{\"@id\":\"https:\/\/www.oarcanjo.net\/site\/#website\"},\"datePublished\":\"2011-04-20T11:55:01+00:00\",\"dateModified\":\"2011-04-20T11:55:01+00:00\",\"breadcrumb\":{\"@id\":\"https:\/\/www.oarcanjo.net\/site\/padre-julio-lancelotti-26-anos-de-sacerdocio\/#breadcrumb\"},\"inLanguage\":\"pt-BR\",\"potentialAction\":[{\"@type\":\"ReadAction\",\"target\":[\"https:\/\/www.oarcanjo.net\/site\/padre-julio-lancelotti-26-anos-de-sacerdocio\/\"]}]},{\"@type\":\"BreadcrumbList\",\"@id\":\"https:\/\/www.oarcanjo.net\/site\/padre-julio-lancelotti-26-anos-de-sacerdocio\/#breadcrumb\",\"itemListElement\":[{\"@type\":\"ListItem\",\"position\":1,\"name\":\"In\u00edcio\",\"item\":\"https:\/\/www.oarcanjo.net\/site\/\"},{\"@type\":\"ListItem\",\"position\":2,\"name\":\"Padre Julio Lancelotti &#8211; 26 anos de Sacerd\u00f3cio\"}]},{\"@type\":\"WebSite\",\"@id\":\"https:\/\/www.oarcanjo.net\/site\/#website\",\"url\":\"https:\/\/www.oarcanjo.net\/site\/\",\"name\":\"O Arcanjo no ar\",\"description\":\"Site da Par\u00f3quia S\u00e3o Miguel Arcanjo (Arquidiocese de SP)\",\"publisher\":{\"@id\":\"https:\/\/www.oarcanjo.net\/site\/#organization\"},\"potentialAction\":[{\"@type\":\"SearchAction\",\"target\":{\"@type\":\"EntryPoint\",\"urlTemplate\":\"https:\/\/www.oarcanjo.net\/site\/?s={search_term_string}\"},\"query-input\":{\"@type\":\"PropertyValueSpecification\",\"valueRequired\":true,\"valueName\":\"search_term_string\"}}],\"inLanguage\":\"pt-BR\"},{\"@type\":\"Organization\",\"@id\":\"https:\/\/www.oarcanjo.net\/site\/#organization\",\"name\":\"Par\u00f3quia S\u00e3o Miguel Arcanjo\",\"url\":\"https:\/\/www.oarcanjo.net\/site\/\",\"logo\":{\"@type\":\"ImageObject\",\"inLanguage\":\"pt-BR\",\"@id\":\"https:\/\/www.oarcanjo.net\/site\/#\/schema\/logo\/image\/\",\"url\":\"https:\/\/www.oarcanjo.net\/site\/wp-content\/uploads\/LogoOArcanjo.png\",\"contentUrl\":\"https:\/\/www.oarcanjo.net\/site\/wp-content\/uploads\/LogoOArcanjo.png\",\"width\":319,\"height\":99,\"caption\":\"Par\u00f3quia S\u00e3o Miguel Arcanjo\"},\"image\":{\"@id\":\"https:\/\/www.oarcanjo.net\/site\/#\/schema\/logo\/image\/\"},\"sameAs\":[\"https:\/\/www.facebook.com\/OArcanjoNoAr\/\"]},{\"@type\":\"Person\",\"@id\":\"https:\/\/www.oarcanjo.net\/site\/#\/schema\/person\/f7870e710d8c8c30673de3a0ac2e451d\",\"name\":\"carlos\"}]}<\/script>\n<!-- \/ Yoast SEO plugin. -->","yoast_head_json":{"title":"Padre Julio Lancelotti - 26 anos de Sacerd\u00f3cio - O Arcanjo no ar","robots":{"index":"index","follow":"follow","max-snippet":"max-snippet:-1","max-image-preview":"max-image-preview:large","max-video-preview":"max-video-preview:-1"},"canonical":"https:\/\/www.oarcanjo.net\/site\/padre-julio-lancelotti-26-anos-de-sacerdocio\/","og_locale":"pt_BR","og_type":"article","og_title":"Padre Julio Lancelotti - 26 anos de Sacerd\u00f3cio - O Arcanjo no ar","og_description":"26 anos de Sacerd\u00f3cio. Neste dia 20\/04 comemoramos os 26 anos de sacerd\u00f3cio do Padre Julio Lancelotti. O carinho da comunidade que caminha junto. Trazemos aqui tr\u00eas momento do Domingo de Ramos, na Igreja S\u00e3o Miguel Arcanjo e na Capela S\u00e3o Judas Tadeu. Parab\u00e9ns Padre Julio.\u00a0","og_url":"https:\/\/www.oarcanjo.net\/site\/padre-julio-lancelotti-26-anos-de-sacerdocio\/","og_site_name":"O Arcanjo no ar","article_publisher":"https:\/\/www.facebook.com\/OArcanjoNoAr\/","article_published_time":"2011-04-20T11:55:01+00:00","og_image":[{"width":300,"height":300,"url":"https:\/\/www.oarcanjo.net\/site\/wp-content\/uploads\/logo-o-arcanjo-no-ar-facebook.png","type":"image\/png"}],"author":"carlos","twitter_card":"summary_large_image","twitter_misc":{"Escrito por":"carlos"},"schema":{"@context":"https:\/\/schema.org","@graph":[{"@type":"Article","@id":"https:\/\/www.oarcanjo.net\/site\/padre-julio-lancelotti-26-anos-de-sacerdocio\/#article","isPartOf":{"@id":"https:\/\/www.oarcanjo.net\/site\/padre-julio-lancelotti-26-anos-de-sacerdocio\/"},"author":{"name":"carlos","@id":"https:\/\/www.oarcanjo.net\/site\/#\/schema\/person\/f7870e710d8c8c30673de3a0ac2e451d"},"headline":"Padre Julio Lancelotti &#8211; 26 anos de Sacerd\u00f3cio","datePublished":"2011-04-20T11:55:01+00:00","dateModified":"2011-04-20T11:55:01+00:00","mainEntityOfPage":{"@id":"https:\/\/www.oarcanjo.net\/site\/padre-julio-lancelotti-26-anos-de-sacerdocio\/"},"wordCount":57,"commentCount":14,"publisher":{"@id":"https:\/\/www.oarcanjo.net\/site\/#organization"},"articleSection":["Not\u00edcias","Rosto da comunidade"],"inLanguage":"pt-BR","potentialAction":[{"@type":"CommentAction","name":"Comment","target":["https:\/\/www.oarcanjo.net\/site\/padre-julio-lancelotti-26-anos-de-sacerdocio\/#respond"]}]},{"@type":"WebPage","@id":"https:\/\/www.oarcanjo.net\/site\/padre-julio-lancelotti-26-anos-de-sacerdocio\/","url":"https:\/\/www.oarcanjo.net\/site\/padre-julio-lancelotti-26-anos-de-sacerdocio\/","name":"Padre Julio Lancelotti - 26 anos de Sacerd\u00f3cio - O Arcanjo no ar","isPartOf":{"@id":"https:\/\/www.oarcanjo.net\/site\/#website"},"datePublished":"2011-04-20T11:55:01+00:00","dateModified":"2011-04-20T11:55:01+00:00","breadcrumb":{"@id":"https:\/\/www.oarcanjo.net\/site\/padre-julio-lancelotti-26-anos-de-sacerdocio\/#breadcrumb"},"inLanguage":"pt-BR","potentialAction":[{"@type":"ReadAction","target":["https:\/\/www.oarcanjo.net\/site\/padre-julio-lancelotti-26-anos-de-sacerdocio\/"]}]},{"@type":"BreadcrumbList","@id":"https:\/\/www.oarcanjo.net\/site\/padre-julio-lancelotti-26-anos-de-sacerdocio\/#breadcrumb","itemListElement":[{"@type":"ListItem","position":1,"name":"In\u00edcio","item":"https:\/\/www.oarcanjo.net\/site\/"},{"@type":"ListItem","position":2,"name":"Padre Julio Lancelotti &#8211; 26 anos de Sacerd\u00f3cio"}]},{"@type":"WebSite","@id":"https:\/\/www.oarcanjo.net\/site\/#website","url":"https:\/\/www.oarcanjo.net\/site\/","name":"O Arcanjo no ar","description":"Site da Par\u00f3quia S\u00e3o Miguel Arcanjo (Arquidiocese de SP)","publisher":{"@id":"https:\/\/www.oarcanjo.net\/site\/#organization"},"potentialAction":[{"@type":"SearchAction","target":{"@type":"EntryPoint","urlTemplate":"https:\/\/www.oarcanjo.net\/site\/?s={search_term_string}"},"query-input":{"@type":"PropertyValueSpecification","valueRequired":true,"valueName":"search_term_string"}}],"inLanguage":"pt-BR"},{"@type":"Organization","@id":"https:\/\/www.oarcanjo.net\/site\/#organization","name":"Par\u00f3quia S\u00e3o Miguel Arcanjo","url":"https:\/\/www.oarcanjo.net\/site\/","logo":{"@type":"ImageObject","inLanguage":"pt-BR","@id":"https:\/\/www.oarcanjo.net\/site\/#\/schema\/logo\/image\/","url":"https:\/\/www.oarcanjo.net\/site\/wp-content\/uploads\/LogoOArcanjo.png","contentUrl":"https:\/\/www.oarcanjo.net\/site\/wp-content\/uploads\/LogoOArcanjo.png","width":319,"height":99,"caption":"Par\u00f3quia S\u00e3o Miguel Arcanjo"},"image":{"@id":"https:\/\/www.oarcanjo.net\/site\/#\/schema\/logo\/image\/"},"sameAs":["https:\/\/www.facebook.com\/OArcanjoNoAr\/"]},{"@type":"Person","@id":"https:\/\/www.oarcanjo.net\/site\/#\/schema\/person\/f7870e710d8c8c30673de3a0ac2e451d","name":"carlos"}]}},"publishpress_future_action":{"enabled":false,"date":"2026-05-09 00:34:44","action":"category","newStatus":"draft","terms":[],"taxonomy":"category"},"publishpress_future_workflow_manual_trigger":{"enabledWorkflows":[]},"_links":{"self":[{"href":"https:\/\/www.oarcanjo.net\/site\/wp-json\/wp\/v2\/posts\/13948"}],"collection":[{"href":"https:\/\/www.oarcanjo.net\/site\/wp-json\/wp\/v2\/posts"}],"about":[{"href":"https:\/\/www.oarcanjo.net\/site\/wp-json\/wp\/v2\/types\/post"}],"author":[{"embeddable":true,"href":"https:\/\/www.oarcanjo.net\/site\/wp-json\/wp\/v2\/users\/10"}],"replies":[{"embeddable":true,"href":"https:\/\/www.oarcanjo.net\/site\/wp-json\/wp\/v2\/comments?post=13948"}],"version-history":[{"count":0,"href":"https:\/\/www.oarcanjo.net\/site\/wp-json\/wp\/v2\/posts\/13948\/revisions"}],"wp:attachment":[{"href":"https:\/\/www.oarcanjo.net\/site\/wp-json\/wp\/v2\/media?parent=13948"}],"wp:term":[{"taxonomy":"category","embeddable":true,"href":"https:\/\/www.oarcanjo.net\/site\/wp-json\/wp\/v2\/categories?post=13948"},{"taxonomy":"post_tag","embeddable":true,"href":"https:\/\/www.oarcanjo.net\/site\/wp-json\/wp\/v2\/tags?post=13948"}],"curies":[{"name":"wp","href":"https:\/\/api.w.org\/{rel}","templated":true}]}}