
{"id":1395,"date":"2009-01-11T13:41:37","date_gmt":"2009-01-11T15:41:37","guid":{"rendered":"http:\/\/www.oarcanjo.net\/site\/?p=1395"},"modified":"2009-01-11T13:43:02","modified_gmt":"2009-01-11T15:43:02","slug":"entrevista-especial-com-marcelo-barros","status":"publish","type":"post","link":"https:\/\/www.oarcanjo.net\/site\/entrevista-especial-com-marcelo-barros\/","title":{"rendered":"Entrevista especial com Marcelo Barros"},"content":{"rendered":"<p><em>Reproduzimos abaixo a entrevista com o te\u00f3logo Marcelo Barros, feita pelo Instituto Humanitas Unisinos e publicada na <a href=\"http:\/\/www.adital.com.br\" target=\"_blank\">Ag\u00eancia Adital<\/a>. O entrevistado fala do F\u00f3rum Mundial de Teologia e Liberta\u00e7\u00e3o, comenta os desafios ecol\u00f3gicos e cita como &#8220;exemplo e testemunho de espiritualidade liberadora&#8221; o trabalho do Pe. J\u00falio Lancellotti.<\/em><\/p>\n<hr \/>\n<p>Adital &#8211; Relacionar a quest\u00e3o do pluralismo cultural e religioso \u00e0 ecologia \u00e9 um dos desafios que a teologia enfrenta hoje. Para colaborar nessa discuss\u00e3o, o te\u00f3logo e monge beneditino Marcelo Barros participar\u00e1 do III F\u00f3rum Mundial de Teologia e Liberta\u00e7\u00e3o, que ocorre em Bel\u00e9m, no Par\u00e1, nos pr\u00f3ximos dias 21 a 25 de janeiro. Seu desejo \u00e9 &#8220;aprofundar a f\u00e9 e o projeto divino a partir da realidade dos povos empobrecidos e dos atuais problemas do mundo&#8221;. Nesse sentido, a responsabilidade da Teologia, segundo ele, \u00e9 denunciar. <\/p>\n<p>Nesta entrevista especial, concedida por e-mail \u00e0 IHU On-Line, Barros afirma que, &#8220;para uma nova rela\u00e7\u00e3o de respeito e de comunh\u00e3o do ser humano com a natureza, n\u00e3o basta boa vontade ou ideologia ecol\u00f3gica&#8221;. Para ele, um caminho novo s\u00f3 ser\u00e1 poss\u00edvel se os governos perceberem que &#8220;o capitalismo \u00e9, por ess\u00eancia, depredador&#8221; e que n\u00e3o existe um desenvolvimento sustent\u00e1vel dentro dele. E tamb\u00e9m critica o atual governo, especialmente o PAC, por ainda n\u00e3o ter rompido com a l\u00f3gica do capitalismo no que se refere \u00e0s quest\u00f5es ambientais.<\/p>\n<p>Marcelo Barros \u00e9 monge beneditino e biblista. Membro da Associa\u00e7\u00e3o Ecum\u00eanica dos Te\u00f3logos do Terceiro Mundo (ASETT), \u00e9 autor de 32 livros, entre os quais o rec\u00e9m-lan\u00e7ado &#8220;O Amor fecunda o Universo &#8211; Ecologia e espiritualidade&#8221; (Editora Agir, 2009), em coautoria de Frei Betto.<\/p>\n<p>Confira a entrevista:<\/p>\n<p>IHU On-Line &#8211; Quais s\u00e3o os principais desafios e possibilidades que a Teologia da Liberta\u00e7\u00e3o enfrenta hoje?<\/p>\n<p>Marcelo Barros &#8211; Um importante desafio continua sendo aprofundar a f\u00e9 e o projeto divino a partir da realidade dos povos empobrecidos e dos atuais problemas do mundo. A Teologia da Liberta\u00e7\u00e3o se desenvolveu nas d\u00e9cadas de 70 e 80 a partir da inser\u00e7\u00e3o dos crist\u00e3os nos processos sociais latino-americanos (sandinistas na Nicar\u00e1gua, FSMN em El Salvador, Crist\u00e3os para o Socialismo na Argentina e no Chile, CEBs e movimentos populares no Brasil, e assim por diante). Hoje, existe um processo de transforma\u00e7\u00f5es sociais em curso em v\u00e1rios pa\u00edses da Am\u00e9rica Latina. Na Venezuela, fala-se em revolu\u00e7\u00e3o socialista bolivariana; no Equador, em uma sociedade cidad\u00e3; na Bol\u00edvia, em uma revolu\u00e7\u00e3o a partir da valoriza\u00e7\u00e3o das culturas ind\u00edgenas. Onde est\u00e1 nisso tudo a Teologia da Liberta\u00e7\u00e3o? <\/p>\n<p>Outro importante desafio atual \u00e9 reelaborar a Teologia da Liberta\u00e7\u00e3o a partir da realidade diversa de um mundo pluralista e da responsabilidade das diversas religi\u00f5es e tradi\u00e7\u00f5es espirituais de contribuir com a paz, a justi\u00e7a e o cuidado com a cria\u00e7\u00e3o. <\/p>\n<p>IHU On-Line &#8211; Pode esbo\u00e7ar alguns pontos que v\u00e3o ser debatidos no F\u00f3rum, especialmente em sua confer\u00eancia?<\/p>\n<p>Marcelo Barros &#8211; N\u00e3o terei propriamente uma confer\u00eancia no F\u00f3rum. Penso que coordenarei uma oficina entre as muitas nas quais os participantes do F\u00f3rum de Teologia se dividir\u00e3o, e essa oficina ter\u00e1 como tema &#8220;O Pluralismo Cultural e Religioso e o Desafio Ecol\u00f3gico&#8221;. Ali apresentarei o novo livro que est\u00e1 saindo de autoria minha e do Frei Betto: &#8220;O Amor fecunda o Universo &#8211; Ecologia e Espiritualidade&#8221;. <\/p>\n<p>IHU On-Line &#8211; Quais s\u00e3o as articula\u00e7\u00f5es da teologia hoje? Existem debates teol\u00f3gicos com a sociedade civil em n\u00edvel nacional ou latino-americano?<\/p>\n<p>Marcelo Barros &#8211; Para haver pesquisa teol\u00f3gica, \u00e9 necess\u00e1rio respirar-se um clima de liberdade e de di\u00e1logo respeitoso nas Igrejas e no mundo. Em v\u00e1rios pa\u00edses da Am\u00e9rica Latina, a teologia \u00edndia est\u00e1 presente no processo que, a partir das comunidades \u00edndias, repensa a organiza\u00e7\u00e3o social e pol\u00edtica da sociedade e do mundo de forma a respeitar a diversidade, a interculturalidade e assim por diante. No Brasil, o fato do F\u00f3rum Social Mundial ter escolhido como tema a Amaz\u00f4nia e o 3\u00ba F\u00f3rum Mundial de Teologia e Liberta\u00e7\u00e3o ter tamb\u00e9m assumido o tema da Ecologia conduz, nessa dire\u00e7\u00e3o, os debates mais atuais. <\/p>\n<p>IHU On-Line &#8211; Dados de 2005, indicam que a contamina\u00e7\u00e3o das \u00e1guas no Brasil aumentou cinco vezes desde 1995, e que, desde 2000, o pa\u00eds foi respons\u00e1vel por cerca de 74% da \u00e1rea desmatada na Am\u00e9rica do Sul. Ao mesmo tempo, muito se critica os desafios ecol\u00f3gicos. Mas por onde se pode iniciar uma proposta mais articulada quando ainda se v\u00ea pouco apoio do governo? Por onde iniciar uma reflex\u00e3o que ajude a uma mudan\u00e7a de mentalidade social e at\u00e9 religiosa com rela\u00e7\u00e3o \u00e0 natureza?<\/p>\n<p>Marcelo Barros &#8211; Para uma nova rela\u00e7\u00e3o de respeito e de comunh\u00e3o do ser humano com a natureza, n\u00e3o basta boa vontade ou ideologia ecol\u00f3gica. Enquanto os governos n\u00e3o perceberem que o capitalismo \u00e9, por ess\u00eancia, depredador, e que n\u00e3o existe verdadeiramente um &#8220;desenvolvimento sustent\u00e1vel&#8221; dentro desse sistema, n\u00e3o temos possibilidade de um caminho novo. Est\u00e3o a\u00ed os projetos de hidroel\u00e9tricas na Amaz\u00f4nia e do desvio das \u00e1guas e a constru\u00e7\u00e3o dos canais do S\u00e3o Francisco para provar. N\u00e3o \u00e9 apenas com PAC que o governo cuida dessa quest\u00e3o. Romper com a l\u00f3gica desse sistema \u00e9 fundamental. N\u00e3o podemos continuar aceitando que, entre uma estrada e um matinho, fiquemos com o desenvolvimento. <\/p>\n<p>A responsabilidade da teologia nesse contexto \u00e9 denunciar (alguns te\u00f3logos se pronunciaram com muita propriedade e clareza quando a ministra Marina Silva se sentiu obrigada a pedir demiss\u00e3o do minist\u00e9rio do Meio Ambiente). Al\u00e9m disso, temos de favorecer, desde o in\u00edcio, o processo de uma nova educa\u00e7\u00e3o nas escolas, nas Igrejas e em todos os setores da sociedade. \u00c9 por meio de uma nova educa\u00e7\u00e3o que poderemos mudar isso. <\/p>\n<p>IHU On-Line &#8211; Em que pontos a teologia e a ecologia convergem atualmente? Como a teologia pode ajudar a responder aos &#8220;gemidos da cria\u00e7\u00e3o&#8221;?<\/p>\n<p>Marcelo Barros &#8211; Para responder aos &#8220;gemidos da cria\u00e7\u00e3o&#8221;, temos antes de ser capazes de &#8220;escut\u00e1-los&#8221; e compreend\u00ea-los em sua natureza complexa e suas causas.<\/p>\n<p>A teologia eco-feminista, que associa a trag\u00e9dia que ocorre com a Terra \u00e0 opress\u00e3o infligida durante s\u00e9culos \u00e0 mulher, une a ecologia social (igualdade homem-mulher) \u00e0 Ecologia ambiental. E a Teologia Pluralista da Liberta\u00e7\u00e3o procura resgatar e revalorizar as antigas express\u00f5es espirituais das culturas ind\u00edgenas e negras que adoram a divindade nas suas manifesta\u00e7\u00f5es na terra, na \u00e1gua e em todos os elementos da natureza.<\/p>\n<p>IHU On-Line &#8211; A partir da figura de Cristo, que guia e orienta tantas denomina\u00e7\u00f5es crist\u00e3s no mundo, como entender a ecologia? Qual foi a rela\u00e7\u00e3o dele com a cria\u00e7\u00e3o e como ele nos ensina a conviver com os demais seres n\u00e3o-humanos?<\/p>\n<p>Marcelo Barros &#8211; Quando o quarto evangelho diz: &#8220;A Palavra de Deus se fez Carne&#8221;, podemos compreender que todo o universo, com a imensidade da sua &#8220;comunidade da vida&#8221;, n\u00e3o somente se torna uma esp\u00e9cie de pres\u00e9pio permanente para a manifesta\u00e7\u00e3o humana de Deus, na pessoa de Jesus Cristo, mas tamb\u00e9m \u00e9 assumida mesmo pela encarna\u00e7\u00e3o como uma esp\u00e9cie de extens\u00e3o do corpo do Cristo. Os evangelhos e cartas, escritos tantos anos depois, n\u00e3o tinham nenhuma preocupa\u00e7\u00e3o de falar em ecologia ou de aprofundar o que Jesus poderia nos dizer sobre isso. S\u00e3o testemunhos de como ele nos manifestou o projeto divino que os evangelhos chamam de &#8220;reino de Deus&#8221;.<\/p>\n<p>Diversas par\u00e1bolas do evangelho e diversas palavras de Jesus nos mostram que a comunh\u00e3o com a natureza \u00e9 fundamental como caminho de intimidade com Deus. \u00c9 assim que, no serm\u00e3o da montanha, ele nos convida a &#8220;olhar as aves do c\u00e9u e os l\u00edrios do campo&#8221; (Mateus 6, 27-28), para aprender deles a simplicidade e a viver no essencial, preocupa\u00e7\u00e3o, hoje, t\u00e3o atual com o desafio de uma sociedade que n\u00e3o \u00e9 sustent\u00e1vel e n\u00e3o pode mais manter o mesmo ritmo de crescimento de antes. Ele nos estimula a construir a casa sobre a rocha e a abrir os olhos aos sinais do reino presentes em torno a n\u00f3s no mundo. Hoje, todo o universo parece crucificado com Cristo (n\u00e3o s\u00e3o mais somente, como dizia Jon Sobrino, &#8220;os povos crucificados&#8221;). \u00c9 preciso crer na ressurrei\u00e7\u00e3o e ser testemunhas disso. Eu procuro desenvolver uma teologia ecol\u00f3gica da eucaristia: a ceia da partilha e da comunh\u00e3o na qual a presen\u00e7a de Cristo se d\u00e1 atrav\u00e9s dos elementos b\u00e1sicos da vida e da natureza.<\/p>\n<p>Hoje, cada vez mais aumenta o n\u00famero das pessoas que levantam a quest\u00e3o dos direitos dos animais e a necessidade da nossa sociedade mudar totalmente a forma como os animais s\u00e3o tratados como objeto para o consumo e maltratados imensamente para engordar mais r\u00e1pido e para ser sacrificados com mais lucro. Quem aprofunda uma espiritualidade ecol\u00f3gica come\u00e7a a pensar em um vegetarianismo de paz e n\u00e3o-viol\u00eancia com as outras esp\u00e9cies animais. <\/p>\n<p>IHU On-Line &#8211; O que seria uma espiritualidade libertadora? Que grupos e\/ou experi\u00eancias voc\u00ea pode salientar nesse sentido?<\/p>\n<p>Marcelo Barros &#8211; Se a espiritualidade significa &#8220;deixar-se conduzir pelo Esp\u00edrito&#8221;, a experi\u00eancia de muitos de n\u00f3s \u00e9 que podemos vivenciar isso na pr\u00e1tica da solidariedade. Desde 1978, assessoro e acompanho a Pastoral da Terra. Tenho de confessar que, poucas vezes, vivi experi\u00eancias verdadeiramente m\u00edsticas, quase de \u00eaxtase, como quando acompanhei uma ou outra comunidade de lavradores sem-terra a ocupar um terreno incultivado. Cantando e orando pela madrugada, eu me senti plenamente refazendo o \u00caxodo b\u00edblico e pude experimentar a presen\u00e7a divina junto \u00e0quele povo.<\/p>\n<p>\u00c9 verdade que vivo isso tamb\u00e9m quando participo de algum culto afro-brasileiro no Candombl\u00e9. Todo dia, procuro encontrar essa intimidade com Deus no sacramento e posso dizer que a encontro na escurid\u00e3o e sobriedade da f\u00e9, Mas, no outro e no diferente, parece que ele se excede e grita para n\u00f3s sua presen\u00e7a e seu amor. Todos os grupos que vivem a solidariedade como express\u00e3o de f\u00e9 vivem uma espiritualidade libertadora.<\/p>\n<p>Para mim, s\u00e3o exemplos e testemunhas de espiritualidade libertadora, o padre J\u00falio Lancelotti em S\u00e3o Paulo (ele, as irm\u00e3s beneditinas e equipe) no trabalho com o povo da rua e com as crian\u00e7as que t\u00eam Aids. Continuo vibrando com o testemunho prof\u00e9tico de irm\u00e3os como Dom Pedro Casald\u00e1liga, Dom Tom\u00e1s Baldu\u00edno e outros pastores que n\u00e3o descansam na sua profecia. E devo dizer com sinceridade que o MST, mesmo sendo um movimento leigo e que n\u00e3o tem nenhuma op\u00e7\u00e3o religiosa, sempre me toca pela for\u00e7a espiritual que sinto neles, em cada contato e em cada evento do qual participo.<\/p>\n<div id=\"themify_builder_content-1395\" data-postid=\"1395\" class=\"themify_builder_content themify_builder_content-1395 themify_builder themify_builder_front\">\n\t<\/div>\n<!-- \/themify_builder_content -->","protected":false},"excerpt":{"rendered":"<p>Reproduzimos abaixo a entrevista com o te\u00f3logo Marcelo Barros, feita pelo Instituto Humanitas Unisinos e publicada na Ag\u00eancia Adital. O entrevistado fala do F\u00f3rum Mundial de Teologia e Liberta\u00e7\u00e3o, comenta os desafios ecol\u00f3gicos e cita como &#8220;exemplo e testemunho de espiritualidade liberadora&#8221; o trabalho do Pe. J\u00falio Lancellotti. Adital &#8211; Relacionar a quest\u00e3o do pluralismo [&hellip;]<\/p>\n","protected":false},"author":5,"featured_media":0,"comment_status":"open","ping_status":"open","sticky":false,"template":"","format":"standard","meta":{"ngg_post_thumbnail":0,"footnotes":""},"categories":[8],"tags":[104,77,3205],"yoast_head":"<!-- This site is optimized with the Yoast SEO plugin v23.5 - https:\/\/yoast.com\/wordpress\/plugins\/seo\/ -->\n<title>Entrevista especial com Marcelo Barros - O Arcanjo no ar<\/title>\n<meta name=\"robots\" content=\"index, follow, max-snippet:-1, max-image-preview:large, max-video-preview:-1\" \/>\n<link rel=\"canonical\" href=\"https:\/\/www.oarcanjo.net\/site\/entrevista-especial-com-marcelo-barros\/\" \/>\n<meta property=\"og:locale\" content=\"pt_BR\" \/>\n<meta property=\"og:type\" content=\"article\" \/>\n<meta property=\"og:title\" content=\"Entrevista especial com Marcelo Barros - O Arcanjo no ar\" \/>\n<meta property=\"og:description\" content=\"Reproduzimos abaixo a entrevista com o te\u00f3logo Marcelo Barros, feita pelo Instituto Humanitas Unisinos e publicada na Ag\u00eancia Adital. O entrevistado fala do F\u00f3rum Mundial de Teologia e Liberta\u00e7\u00e3o, comenta os desafios ecol\u00f3gicos e cita como &#8220;exemplo e testemunho de espiritualidade liberadora&#8221; o trabalho do Pe. J\u00falio Lancellotti. Adital &#8211; Relacionar a quest\u00e3o do pluralismo [&hellip;]\" \/>\n<meta property=\"og:url\" content=\"https:\/\/www.oarcanjo.net\/site\/entrevista-especial-com-marcelo-barros\/\" \/>\n<meta property=\"og:site_name\" content=\"O Arcanjo no ar\" \/>\n<meta property=\"article:publisher\" content=\"https:\/\/www.facebook.com\/OArcanjoNoAr\/\" \/>\n<meta property=\"article:published_time\" content=\"2009-01-11T15:41:37+00:00\" \/>\n<meta property=\"article:modified_time\" content=\"2009-01-11T15:43:02+00:00\" \/>\n<meta property=\"og:image\" content=\"https:\/\/www.oarcanjo.net\/site\/wp-content\/uploads\/logo-o-arcanjo-no-ar-facebook.png\" \/>\n\t<meta property=\"og:image:width\" content=\"300\" \/>\n\t<meta property=\"og:image:height\" content=\"300\" \/>\n\t<meta property=\"og:image:type\" content=\"image\/png\" \/>\n<meta name=\"author\" content=\"editor\" \/>\n<meta name=\"twitter:card\" content=\"summary_large_image\" \/>\n<meta name=\"twitter:label1\" content=\"Escrito por\" \/>\n\t<meta name=\"twitter:data1\" content=\"editor\" \/>\n\t<meta name=\"twitter:label2\" content=\"Est. tempo de leitura\" \/>\n\t<meta name=\"twitter:data2\" content=\"9 minutos\" \/>\n<script type=\"application\/ld+json\" class=\"yoast-schema-graph\">{\"@context\":\"https:\/\/schema.org\",\"@graph\":[{\"@type\":\"Article\",\"@id\":\"https:\/\/www.oarcanjo.net\/site\/entrevista-especial-com-marcelo-barros\/#article\",\"isPartOf\":{\"@id\":\"https:\/\/www.oarcanjo.net\/site\/entrevista-especial-com-marcelo-barros\/\"},\"author\":{\"name\":\"editor\",\"@id\":\"https:\/\/www.oarcanjo.net\/site\/#\/schema\/person\/f7024d007863202483a31326673a0838\"},\"headline\":\"Entrevista especial com Marcelo Barros\",\"datePublished\":\"2009-01-11T15:41:37+00:00\",\"dateModified\":\"2009-01-11T15:43:02+00:00\",\"mainEntityOfPage\":{\"@id\":\"https:\/\/www.oarcanjo.net\/site\/entrevista-especial-com-marcelo-barros\/\"},\"wordCount\":1873,\"commentCount\":0,\"publisher\":{\"@id\":\"https:\/\/www.oarcanjo.net\/site\/#organization\"},\"keywords\":[\"ecologia\",\"teologia\",\"Testemunhos\"],\"articleSection\":[\"Not\u00edcias\"],\"inLanguage\":\"pt-BR\",\"potentialAction\":[{\"@type\":\"CommentAction\",\"name\":\"Comment\",\"target\":[\"https:\/\/www.oarcanjo.net\/site\/entrevista-especial-com-marcelo-barros\/#respond\"]}]},{\"@type\":\"WebPage\",\"@id\":\"https:\/\/www.oarcanjo.net\/site\/entrevista-especial-com-marcelo-barros\/\",\"url\":\"https:\/\/www.oarcanjo.net\/site\/entrevista-especial-com-marcelo-barros\/\",\"name\":\"Entrevista especial com Marcelo Barros - O Arcanjo no ar\",\"isPartOf\":{\"@id\":\"https:\/\/www.oarcanjo.net\/site\/#website\"},\"datePublished\":\"2009-01-11T15:41:37+00:00\",\"dateModified\":\"2009-01-11T15:43:02+00:00\",\"breadcrumb\":{\"@id\":\"https:\/\/www.oarcanjo.net\/site\/entrevista-especial-com-marcelo-barros\/#breadcrumb\"},\"inLanguage\":\"pt-BR\",\"potentialAction\":[{\"@type\":\"ReadAction\",\"target\":[\"https:\/\/www.oarcanjo.net\/site\/entrevista-especial-com-marcelo-barros\/\"]}]},{\"@type\":\"BreadcrumbList\",\"@id\":\"https:\/\/www.oarcanjo.net\/site\/entrevista-especial-com-marcelo-barros\/#breadcrumb\",\"itemListElement\":[{\"@type\":\"ListItem\",\"position\":1,\"name\":\"In\u00edcio\",\"item\":\"https:\/\/www.oarcanjo.net\/site\/\"},{\"@type\":\"ListItem\",\"position\":2,\"name\":\"Entrevista especial com Marcelo Barros\"}]},{\"@type\":\"WebSite\",\"@id\":\"https:\/\/www.oarcanjo.net\/site\/#website\",\"url\":\"https:\/\/www.oarcanjo.net\/site\/\",\"name\":\"O Arcanjo no ar\",\"description\":\"Site da Par\u00f3quia S\u00e3o Miguel Arcanjo (Arquidiocese de SP)\",\"publisher\":{\"@id\":\"https:\/\/www.oarcanjo.net\/site\/#organization\"},\"potentialAction\":[{\"@type\":\"SearchAction\",\"target\":{\"@type\":\"EntryPoint\",\"urlTemplate\":\"https:\/\/www.oarcanjo.net\/site\/?s={search_term_string}\"},\"query-input\":{\"@type\":\"PropertyValueSpecification\",\"valueRequired\":true,\"valueName\":\"search_term_string\"}}],\"inLanguage\":\"pt-BR\"},{\"@type\":\"Organization\",\"@id\":\"https:\/\/www.oarcanjo.net\/site\/#organization\",\"name\":\"Par\u00f3quia S\u00e3o Miguel Arcanjo\",\"url\":\"https:\/\/www.oarcanjo.net\/site\/\",\"logo\":{\"@type\":\"ImageObject\",\"inLanguage\":\"pt-BR\",\"@id\":\"https:\/\/www.oarcanjo.net\/site\/#\/schema\/logo\/image\/\",\"url\":\"https:\/\/www.oarcanjo.net\/site\/wp-content\/uploads\/LogoOArcanjo.png\",\"contentUrl\":\"https:\/\/www.oarcanjo.net\/site\/wp-content\/uploads\/LogoOArcanjo.png\",\"width\":319,\"height\":99,\"caption\":\"Par\u00f3quia S\u00e3o Miguel Arcanjo\"},\"image\":{\"@id\":\"https:\/\/www.oarcanjo.net\/site\/#\/schema\/logo\/image\/\"},\"sameAs\":[\"https:\/\/www.facebook.com\/OArcanjoNoAr\/\"]},{\"@type\":\"Person\",\"@id\":\"https:\/\/www.oarcanjo.net\/site\/#\/schema\/person\/f7024d007863202483a31326673a0838\",\"name\":\"editor\",\"sameAs\":[\"http:\/\/www.oarcanjo.net\"]}]}<\/script>\n<!-- \/ Yoast SEO plugin. -->","yoast_head_json":{"title":"Entrevista especial com Marcelo Barros - O Arcanjo no ar","robots":{"index":"index","follow":"follow","max-snippet":"max-snippet:-1","max-image-preview":"max-image-preview:large","max-video-preview":"max-video-preview:-1"},"canonical":"https:\/\/www.oarcanjo.net\/site\/entrevista-especial-com-marcelo-barros\/","og_locale":"pt_BR","og_type":"article","og_title":"Entrevista especial com Marcelo Barros - O Arcanjo no ar","og_description":"Reproduzimos abaixo a entrevista com o te\u00f3logo Marcelo Barros, feita pelo Instituto Humanitas Unisinos e publicada na Ag\u00eancia Adital. O entrevistado fala do F\u00f3rum Mundial de Teologia e Liberta\u00e7\u00e3o, comenta os desafios ecol\u00f3gicos e cita como &#8220;exemplo e testemunho de espiritualidade liberadora&#8221; o trabalho do Pe. J\u00falio Lancellotti. Adital &#8211; Relacionar a quest\u00e3o do pluralismo [&hellip;]","og_url":"https:\/\/www.oarcanjo.net\/site\/entrevista-especial-com-marcelo-barros\/","og_site_name":"O Arcanjo no ar","article_publisher":"https:\/\/www.facebook.com\/OArcanjoNoAr\/","article_published_time":"2009-01-11T15:41:37+00:00","article_modified_time":"2009-01-11T15:43:02+00:00","og_image":[{"width":300,"height":300,"url":"https:\/\/www.oarcanjo.net\/site\/wp-content\/uploads\/logo-o-arcanjo-no-ar-facebook.png","type":"image\/png"}],"author":"editor","twitter_card":"summary_large_image","twitter_misc":{"Escrito por":"editor","Est. tempo de leitura":"9 minutos"},"schema":{"@context":"https:\/\/schema.org","@graph":[{"@type":"Article","@id":"https:\/\/www.oarcanjo.net\/site\/entrevista-especial-com-marcelo-barros\/#article","isPartOf":{"@id":"https:\/\/www.oarcanjo.net\/site\/entrevista-especial-com-marcelo-barros\/"},"author":{"name":"editor","@id":"https:\/\/www.oarcanjo.net\/site\/#\/schema\/person\/f7024d007863202483a31326673a0838"},"headline":"Entrevista especial com Marcelo Barros","datePublished":"2009-01-11T15:41:37+00:00","dateModified":"2009-01-11T15:43:02+00:00","mainEntityOfPage":{"@id":"https:\/\/www.oarcanjo.net\/site\/entrevista-especial-com-marcelo-barros\/"},"wordCount":1873,"commentCount":0,"publisher":{"@id":"https:\/\/www.oarcanjo.net\/site\/#organization"},"keywords":["ecologia","teologia","Testemunhos"],"articleSection":["Not\u00edcias"],"inLanguage":"pt-BR","potentialAction":[{"@type":"CommentAction","name":"Comment","target":["https:\/\/www.oarcanjo.net\/site\/entrevista-especial-com-marcelo-barros\/#respond"]}]},{"@type":"WebPage","@id":"https:\/\/www.oarcanjo.net\/site\/entrevista-especial-com-marcelo-barros\/","url":"https:\/\/www.oarcanjo.net\/site\/entrevista-especial-com-marcelo-barros\/","name":"Entrevista especial com Marcelo Barros - O Arcanjo no ar","isPartOf":{"@id":"https:\/\/www.oarcanjo.net\/site\/#website"},"datePublished":"2009-01-11T15:41:37+00:00","dateModified":"2009-01-11T15:43:02+00:00","breadcrumb":{"@id":"https:\/\/www.oarcanjo.net\/site\/entrevista-especial-com-marcelo-barros\/#breadcrumb"},"inLanguage":"pt-BR","potentialAction":[{"@type":"ReadAction","target":["https:\/\/www.oarcanjo.net\/site\/entrevista-especial-com-marcelo-barros\/"]}]},{"@type":"BreadcrumbList","@id":"https:\/\/www.oarcanjo.net\/site\/entrevista-especial-com-marcelo-barros\/#breadcrumb","itemListElement":[{"@type":"ListItem","position":1,"name":"In\u00edcio","item":"https:\/\/www.oarcanjo.net\/site\/"},{"@type":"ListItem","position":2,"name":"Entrevista especial com Marcelo Barros"}]},{"@type":"WebSite","@id":"https:\/\/www.oarcanjo.net\/site\/#website","url":"https:\/\/www.oarcanjo.net\/site\/","name":"O Arcanjo no ar","description":"Site da Par\u00f3quia S\u00e3o Miguel Arcanjo (Arquidiocese de SP)","publisher":{"@id":"https:\/\/www.oarcanjo.net\/site\/#organization"},"potentialAction":[{"@type":"SearchAction","target":{"@type":"EntryPoint","urlTemplate":"https:\/\/www.oarcanjo.net\/site\/?s={search_term_string}"},"query-input":{"@type":"PropertyValueSpecification","valueRequired":true,"valueName":"search_term_string"}}],"inLanguage":"pt-BR"},{"@type":"Organization","@id":"https:\/\/www.oarcanjo.net\/site\/#organization","name":"Par\u00f3quia S\u00e3o Miguel Arcanjo","url":"https:\/\/www.oarcanjo.net\/site\/","logo":{"@type":"ImageObject","inLanguage":"pt-BR","@id":"https:\/\/www.oarcanjo.net\/site\/#\/schema\/logo\/image\/","url":"https:\/\/www.oarcanjo.net\/site\/wp-content\/uploads\/LogoOArcanjo.png","contentUrl":"https:\/\/www.oarcanjo.net\/site\/wp-content\/uploads\/LogoOArcanjo.png","width":319,"height":99,"caption":"Par\u00f3quia S\u00e3o Miguel Arcanjo"},"image":{"@id":"https:\/\/www.oarcanjo.net\/site\/#\/schema\/logo\/image\/"},"sameAs":["https:\/\/www.facebook.com\/OArcanjoNoAr\/"]},{"@type":"Person","@id":"https:\/\/www.oarcanjo.net\/site\/#\/schema\/person\/f7024d007863202483a31326673a0838","name":"editor","sameAs":["http:\/\/www.oarcanjo.net"]}]}},"publishpress_future_action":{"enabled":false,"date":"2026-05-08 18:06:59","action":"category","newStatus":"draft","terms":[],"taxonomy":"category"},"publishpress_future_workflow_manual_trigger":{"enabledWorkflows":[]},"_links":{"self":[{"href":"https:\/\/www.oarcanjo.net\/site\/wp-json\/wp\/v2\/posts\/1395"}],"collection":[{"href":"https:\/\/www.oarcanjo.net\/site\/wp-json\/wp\/v2\/posts"}],"about":[{"href":"https:\/\/www.oarcanjo.net\/site\/wp-json\/wp\/v2\/types\/post"}],"author":[{"embeddable":true,"href":"https:\/\/www.oarcanjo.net\/site\/wp-json\/wp\/v2\/users\/5"}],"replies":[{"embeddable":true,"href":"https:\/\/www.oarcanjo.net\/site\/wp-json\/wp\/v2\/comments?post=1395"}],"version-history":[{"count":0,"href":"https:\/\/www.oarcanjo.net\/site\/wp-json\/wp\/v2\/posts\/1395\/revisions"}],"wp:attachment":[{"href":"https:\/\/www.oarcanjo.net\/site\/wp-json\/wp\/v2\/media?parent=1395"}],"wp:term":[{"taxonomy":"category","embeddable":true,"href":"https:\/\/www.oarcanjo.net\/site\/wp-json\/wp\/v2\/categories?post=1395"},{"taxonomy":"post_tag","embeddable":true,"href":"https:\/\/www.oarcanjo.net\/site\/wp-json\/wp\/v2\/tags?post=1395"}],"curies":[{"name":"wp","href":"https:\/\/api.w.org\/{rel}","templated":true}]}}