
{"id":13955,"date":"2011-04-21T10:24:20","date_gmt":"2011-04-21T13:24:20","guid":{"rendered":"http:\/\/www.oarcanjo.net\/site\/?p=13955"},"modified":"2011-04-21T10:24:20","modified_gmt":"2011-04-21T13:24:20","slug":"o-duelo-entre-a-vida-e-morte","status":"publish","type":"post","link":"https:\/\/www.oarcanjo.net\/site\/o-duelo-entre-a-vida-e-morte\/","title":{"rendered":"O duelo entre a vida e morte"},"content":{"rendered":"<p>Leonardo Boff<\/p>\n<p>Num dos mais belos hinos da liturgia crist\u00e3 da P\u00e1scoa, que nos vem do s\u00e9culo XIII, se canta que &#8220;a vida e a morte travaram um duelo; o Senhor da vida foi morto mas eis que agora reina vivo\u201d. \u00c9 o sentido crist\u00e3o da P\u00e1scoa: a invers\u00e3o dos termos do embate. O que parecia derrota era, na verdade, uma estrat\u00e9gia para vencer o vencedor, quer dizer a morte. Por isso, a grama n\u00e3o cresceu sobre a sepultura de Jesus. Ressuscitado, garantiu a supremacia da vida.<\/p>\n<p>A mensagem vem do campo religioso que se inscreve no humano mais profundo, mas seu significado n\u00e3o se restringe a ele. Ganha uma relev\u00e2ncia universal, especialmente, nos dias atuais, em que se trava f\u00edsica e realmente um duelo entre a vida e a morte. Esse duelo se realiza em todas as frentes e tem como campo de batalha o planeta inteiro, envolvendo toda a comunidade de vida e toda a humanidade.<\/p>\n<p>Isso ocorre porque, tardiamente, nos estamos dando conta de que o estilo de vida que escolhemos nos \u00faltimos s\u00e9culos, implica uma verdadeira guerra total contra a Terra. No af\u00e3 de buscar riqueza, aumentar o consumo indiscriminado (63% do PIB norte-americano \u00e9 constitu\u00eddo pelo consumo que se transformou numa real cultura consumista) est\u00e3o sendo pilhados todos os recursos e servi\u00e7os poss\u00edveis da M\u00e3e Terra.<\/p>\n<p>Nos \u00faltimos tempos, cresceu a consci\u00eancia coletiva de que se est\u00e1 travando um verdadeiro duelo entre os mecanismo naturais da vida e os mecanismos artificiais de morte deslanchados por nosso sistema de habitar, produzir, consumir e tratar os dejetos. As primeiras v\u00edtimas desta guerra total s\u00e3o os pr\u00f3prios seres humanos. Grande parte vive com insufici\u00eancia de meios de vida, favelizada e superexplorada em sua for\u00e7a de trabalho. O que de sofrimento, frustra\u00e7\u00e3o e humilha\u00e7\u00e3o ai se esconde \u00e9 inenarr\u00e1vel. Vivemos tempos de nova barb\u00e1rie, denunciada por v\u00e1rios pensadores mundiais, como recentemente por Tsvetan Todorov em seu livro O medo dos b\u00e1rbaros (2008). Estas realidades que realmente contam porque nos fazem humanos ou cru\u00e9is, n\u00e3o entram nos calculos dos lucros de nenhuma empresa e n\u00e3o s\u00e3o considerados pelo PIB dos pa\u00edses, \u00e0 exce\u00e7\u00e3o do But\u00e3o que estabeleceu o Indice de Felicidade Interna de seu povo. As outras v\u00edtimas s\u00e3o todos os ecossistemas, a biodiversidade e o planeta Terra como um todo.<\/p>\n<p>Recentemente, o pr\u00eamio Nobel em economia, Paul Krugmann, revelava que 400 fam\u00edlias norte-americanas detinham sozinhas mais renda que 46% da popula\u00e7\u00e3o trabalhadora estadunidense. Esta riqueza n\u00e3o cai do c\u00e9u. \u00c9 feita atrav\u00e9s de estrat\u00e9gias de acumula\u00e7\u00e3o que incluem trapa\u00e7as, superespecula\u00e7\u00e3o financeira e roubo puro e simples do fruto do trabalho de milh\u00f5es.<\/p>\n<p>Para o sistema vigente e devemos diz\u00ea-lo com todas as letras, a acumula\u00e7\u00e3o ilimitada de ganhos \u00e9 tida como intelig\u00eancia, a rapinagem de recursos p\u00fablicos e naturais como destreza, a fraude como habilidade, a corrup\u00e7\u00e3o como sagacidade e a explora\u00e7\u00e3o desenfreada como sabedoria gerencial. \u00c9 o triunfo da morte. Ser\u00e1 que nesse duelo ela levar\u00e1 a melhor?<\/p>\n<p>O que podemos dizer com toda a certeza que nessa guerra n\u00e3o temos nenhuma chance de ganhar da Terra. Ela existiu sem n\u00f3s e pode continuar sem n\u00f3s. N\u00f3s sim precisamos dela. O sistema dentro do qual vivemos \u00e9 de uma espantosa irracionalidade, pr\u00f3pria de seres realmente dementes.<\/p>\n<p>Analistas da pegada ecol\u00f3gica global da Terra, devido \u00e0 conjun\u00e7\u00e3o das muitas crises existentes, nos advertem que poderemos conhecer, para tempos n\u00e3o muito distantes, trag\u00e9dias ecol\u00f3gico-humanit\u00e1rias de extrema gravidade.<\/p>\n<p>\u00c9 neste contexto sombrio que cabe atualizar e escutar a mensagem da P\u00e1scoa. Possivelmente n\u00e3o escaparemos de uma dolorosa sexta-feira santa. Mas depois vir\u00e1 a ressurrei\u00e7\u00e3o. A Terra e a Humanidade ainda viver\u00e3o.<\/p>\n<div id=\"themify_builder_content-13955\" data-postid=\"13955\" class=\"themify_builder_content themify_builder_content-13955 themify_builder themify_builder_front\">\n\t<\/div>\n<!-- \/themify_builder_content -->","protected":false},"excerpt":{"rendered":"<p>Leonardo Boff Num dos mais belos hinos da liturgia crist\u00e3 da P\u00e1scoa, que nos vem do s\u00e9culo XIII, se canta que &#8220;a vida e a morte travaram um duelo; o Senhor da vida foi morto mas eis que agora reina vivo\u201d. \u00c9 o sentido crist\u00e3o da P\u00e1scoa: a invers\u00e3o dos termos do embate. O que [&hellip;]<\/p>\n","protected":false},"author":5,"featured_media":0,"comment_status":"open","ping_status":"open","sticky":false,"template":"","format":"standard","meta":{"ngg_post_thumbnail":0,"footnotes":""},"categories":[9],"tags":[104,242,1873,470],"yoast_head":"<!-- This site is optimized with the Yoast SEO plugin v23.5 - https:\/\/yoast.com\/wordpress\/plugins\/seo\/ -->\n<title>O duelo entre a vida e morte - O Arcanjo no ar<\/title>\n<meta name=\"robots\" content=\"index, follow, max-snippet:-1, max-image-preview:large, max-video-preview:-1\" \/>\n<link rel=\"canonical\" href=\"https:\/\/www.oarcanjo.net\/site\/o-duelo-entre-a-vida-e-morte\/\" \/>\n<meta property=\"og:locale\" content=\"pt_BR\" \/>\n<meta property=\"og:type\" content=\"article\" \/>\n<meta property=\"og:title\" content=\"O duelo entre a vida e morte - O Arcanjo no ar\" \/>\n<meta property=\"og:description\" content=\"Leonardo Boff Num dos mais belos hinos da liturgia crist\u00e3 da P\u00e1scoa, que nos vem do s\u00e9culo XIII, se canta que &#8220;a vida e a morte travaram um duelo; o Senhor da vida foi morto mas eis que agora reina vivo\u201d. \u00c9 o sentido crist\u00e3o da P\u00e1scoa: a invers\u00e3o dos termos do embate. O que [&hellip;]\" \/>\n<meta property=\"og:url\" content=\"https:\/\/www.oarcanjo.net\/site\/o-duelo-entre-a-vida-e-morte\/\" \/>\n<meta property=\"og:site_name\" content=\"O Arcanjo no ar\" \/>\n<meta property=\"article:publisher\" content=\"https:\/\/www.facebook.com\/OArcanjoNoAr\/\" \/>\n<meta property=\"article:published_time\" content=\"2011-04-21T13:24:20+00:00\" \/>\n<meta property=\"og:image\" content=\"https:\/\/www.oarcanjo.net\/site\/wp-content\/uploads\/logo-o-arcanjo-no-ar-facebook.png\" \/>\n\t<meta property=\"og:image:width\" content=\"300\" \/>\n\t<meta property=\"og:image:height\" content=\"300\" \/>\n\t<meta property=\"og:image:type\" content=\"image\/png\" \/>\n<meta name=\"author\" content=\"editor\" \/>\n<meta name=\"twitter:card\" content=\"summary_large_image\" \/>\n<meta name=\"twitter:label1\" content=\"Escrito por\" \/>\n\t<meta name=\"twitter:data1\" content=\"editor\" \/>\n\t<meta name=\"twitter:label2\" content=\"Est. tempo de leitura\" \/>\n\t<meta name=\"twitter:data2\" content=\"3 minutos\" \/>\n<script type=\"application\/ld+json\" class=\"yoast-schema-graph\">{\"@context\":\"https:\/\/schema.org\",\"@graph\":[{\"@type\":\"Article\",\"@id\":\"https:\/\/www.oarcanjo.net\/site\/o-duelo-entre-a-vida-e-morte\/#article\",\"isPartOf\":{\"@id\":\"https:\/\/www.oarcanjo.net\/site\/o-duelo-entre-a-vida-e-morte\/\"},\"author\":{\"name\":\"editor\",\"@id\":\"https:\/\/www.oarcanjo.net\/site\/#\/schema\/person\/f7024d007863202483a31326673a0838\"},\"headline\":\"O duelo entre a vida e morte\",\"datePublished\":\"2011-04-21T13:24:20+00:00\",\"dateModified\":\"2011-04-21T13:24:20+00:00\",\"mainEntityOfPage\":{\"@id\":\"https:\/\/www.oarcanjo.net\/site\/o-duelo-entre-a-vida-e-morte\/\"},\"wordCount\":662,\"commentCount\":0,\"publisher\":{\"@id\":\"https:\/\/www.oarcanjo.net\/site\/#organization\"},\"keywords\":[\"ecologia\",\"P\u00e1scoa\",\"preserva\u00e7\u00e3o ambiental\",\"sustentabilidade\"],\"articleSection\":[\"Reflex\u00f5es\"],\"inLanguage\":\"pt-BR\",\"potentialAction\":[{\"@type\":\"CommentAction\",\"name\":\"Comment\",\"target\":[\"https:\/\/www.oarcanjo.net\/site\/o-duelo-entre-a-vida-e-morte\/#respond\"]}]},{\"@type\":\"WebPage\",\"@id\":\"https:\/\/www.oarcanjo.net\/site\/o-duelo-entre-a-vida-e-morte\/\",\"url\":\"https:\/\/www.oarcanjo.net\/site\/o-duelo-entre-a-vida-e-morte\/\",\"name\":\"O duelo entre a vida e morte - O Arcanjo no ar\",\"isPartOf\":{\"@id\":\"https:\/\/www.oarcanjo.net\/site\/#website\"},\"datePublished\":\"2011-04-21T13:24:20+00:00\",\"dateModified\":\"2011-04-21T13:24:20+00:00\",\"breadcrumb\":{\"@id\":\"https:\/\/www.oarcanjo.net\/site\/o-duelo-entre-a-vida-e-morte\/#breadcrumb\"},\"inLanguage\":\"pt-BR\",\"potentialAction\":[{\"@type\":\"ReadAction\",\"target\":[\"https:\/\/www.oarcanjo.net\/site\/o-duelo-entre-a-vida-e-morte\/\"]}]},{\"@type\":\"BreadcrumbList\",\"@id\":\"https:\/\/www.oarcanjo.net\/site\/o-duelo-entre-a-vida-e-morte\/#breadcrumb\",\"itemListElement\":[{\"@type\":\"ListItem\",\"position\":1,\"name\":\"In\u00edcio\",\"item\":\"https:\/\/www.oarcanjo.net\/site\/\"},{\"@type\":\"ListItem\",\"position\":2,\"name\":\"O duelo entre a vida e morte\"}]},{\"@type\":\"WebSite\",\"@id\":\"https:\/\/www.oarcanjo.net\/site\/#website\",\"url\":\"https:\/\/www.oarcanjo.net\/site\/\",\"name\":\"O Arcanjo no ar\",\"description\":\"Site da Par\u00f3quia S\u00e3o Miguel Arcanjo (Arquidiocese de SP)\",\"publisher\":{\"@id\":\"https:\/\/www.oarcanjo.net\/site\/#organization\"},\"potentialAction\":[{\"@type\":\"SearchAction\",\"target\":{\"@type\":\"EntryPoint\",\"urlTemplate\":\"https:\/\/www.oarcanjo.net\/site\/?s={search_term_string}\"},\"query-input\":{\"@type\":\"PropertyValueSpecification\",\"valueRequired\":true,\"valueName\":\"search_term_string\"}}],\"inLanguage\":\"pt-BR\"},{\"@type\":\"Organization\",\"@id\":\"https:\/\/www.oarcanjo.net\/site\/#organization\",\"name\":\"Par\u00f3quia S\u00e3o Miguel Arcanjo\",\"url\":\"https:\/\/www.oarcanjo.net\/site\/\",\"logo\":{\"@type\":\"ImageObject\",\"inLanguage\":\"pt-BR\",\"@id\":\"https:\/\/www.oarcanjo.net\/site\/#\/schema\/logo\/image\/\",\"url\":\"https:\/\/www.oarcanjo.net\/site\/wp-content\/uploads\/LogoOArcanjo.png\",\"contentUrl\":\"https:\/\/www.oarcanjo.net\/site\/wp-content\/uploads\/LogoOArcanjo.png\",\"width\":319,\"height\":99,\"caption\":\"Par\u00f3quia S\u00e3o Miguel Arcanjo\"},\"image\":{\"@id\":\"https:\/\/www.oarcanjo.net\/site\/#\/schema\/logo\/image\/\"},\"sameAs\":[\"https:\/\/www.facebook.com\/OArcanjoNoAr\/\"]},{\"@type\":\"Person\",\"@id\":\"https:\/\/www.oarcanjo.net\/site\/#\/schema\/person\/f7024d007863202483a31326673a0838\",\"name\":\"editor\",\"sameAs\":[\"http:\/\/www.oarcanjo.net\"]}]}<\/script>\n<!-- \/ Yoast SEO plugin. -->","yoast_head_json":{"title":"O duelo entre a vida e morte - O Arcanjo no ar","robots":{"index":"index","follow":"follow","max-snippet":"max-snippet:-1","max-image-preview":"max-image-preview:large","max-video-preview":"max-video-preview:-1"},"canonical":"https:\/\/www.oarcanjo.net\/site\/o-duelo-entre-a-vida-e-morte\/","og_locale":"pt_BR","og_type":"article","og_title":"O duelo entre a vida e morte - O Arcanjo no ar","og_description":"Leonardo Boff Num dos mais belos hinos da liturgia crist\u00e3 da P\u00e1scoa, que nos vem do s\u00e9culo XIII, se canta que &#8220;a vida e a morte travaram um duelo; o Senhor da vida foi morto mas eis que agora reina vivo\u201d. \u00c9 o sentido crist\u00e3o da P\u00e1scoa: a invers\u00e3o dos termos do embate. O que [&hellip;]","og_url":"https:\/\/www.oarcanjo.net\/site\/o-duelo-entre-a-vida-e-morte\/","og_site_name":"O Arcanjo no ar","article_publisher":"https:\/\/www.facebook.com\/OArcanjoNoAr\/","article_published_time":"2011-04-21T13:24:20+00:00","og_image":[{"width":300,"height":300,"url":"https:\/\/www.oarcanjo.net\/site\/wp-content\/uploads\/logo-o-arcanjo-no-ar-facebook.png","type":"image\/png"}],"author":"editor","twitter_card":"summary_large_image","twitter_misc":{"Escrito por":"editor","Est. tempo de leitura":"3 minutos"},"schema":{"@context":"https:\/\/schema.org","@graph":[{"@type":"Article","@id":"https:\/\/www.oarcanjo.net\/site\/o-duelo-entre-a-vida-e-morte\/#article","isPartOf":{"@id":"https:\/\/www.oarcanjo.net\/site\/o-duelo-entre-a-vida-e-morte\/"},"author":{"name":"editor","@id":"https:\/\/www.oarcanjo.net\/site\/#\/schema\/person\/f7024d007863202483a31326673a0838"},"headline":"O duelo entre a vida e morte","datePublished":"2011-04-21T13:24:20+00:00","dateModified":"2011-04-21T13:24:20+00:00","mainEntityOfPage":{"@id":"https:\/\/www.oarcanjo.net\/site\/o-duelo-entre-a-vida-e-morte\/"},"wordCount":662,"commentCount":0,"publisher":{"@id":"https:\/\/www.oarcanjo.net\/site\/#organization"},"keywords":["ecologia","P\u00e1scoa","preserva\u00e7\u00e3o ambiental","sustentabilidade"],"articleSection":["Reflex\u00f5es"],"inLanguage":"pt-BR","potentialAction":[{"@type":"CommentAction","name":"Comment","target":["https:\/\/www.oarcanjo.net\/site\/o-duelo-entre-a-vida-e-morte\/#respond"]}]},{"@type":"WebPage","@id":"https:\/\/www.oarcanjo.net\/site\/o-duelo-entre-a-vida-e-morte\/","url":"https:\/\/www.oarcanjo.net\/site\/o-duelo-entre-a-vida-e-morte\/","name":"O duelo entre a vida e morte - O Arcanjo no ar","isPartOf":{"@id":"https:\/\/www.oarcanjo.net\/site\/#website"},"datePublished":"2011-04-21T13:24:20+00:00","dateModified":"2011-04-21T13:24:20+00:00","breadcrumb":{"@id":"https:\/\/www.oarcanjo.net\/site\/o-duelo-entre-a-vida-e-morte\/#breadcrumb"},"inLanguage":"pt-BR","potentialAction":[{"@type":"ReadAction","target":["https:\/\/www.oarcanjo.net\/site\/o-duelo-entre-a-vida-e-morte\/"]}]},{"@type":"BreadcrumbList","@id":"https:\/\/www.oarcanjo.net\/site\/o-duelo-entre-a-vida-e-morte\/#breadcrumb","itemListElement":[{"@type":"ListItem","position":1,"name":"In\u00edcio","item":"https:\/\/www.oarcanjo.net\/site\/"},{"@type":"ListItem","position":2,"name":"O duelo entre a vida e morte"}]},{"@type":"WebSite","@id":"https:\/\/www.oarcanjo.net\/site\/#website","url":"https:\/\/www.oarcanjo.net\/site\/","name":"O Arcanjo no ar","description":"Site da Par\u00f3quia S\u00e3o Miguel Arcanjo (Arquidiocese de SP)","publisher":{"@id":"https:\/\/www.oarcanjo.net\/site\/#organization"},"potentialAction":[{"@type":"SearchAction","target":{"@type":"EntryPoint","urlTemplate":"https:\/\/www.oarcanjo.net\/site\/?s={search_term_string}"},"query-input":{"@type":"PropertyValueSpecification","valueRequired":true,"valueName":"search_term_string"}}],"inLanguage":"pt-BR"},{"@type":"Organization","@id":"https:\/\/www.oarcanjo.net\/site\/#organization","name":"Par\u00f3quia S\u00e3o Miguel Arcanjo","url":"https:\/\/www.oarcanjo.net\/site\/","logo":{"@type":"ImageObject","inLanguage":"pt-BR","@id":"https:\/\/www.oarcanjo.net\/site\/#\/schema\/logo\/image\/","url":"https:\/\/www.oarcanjo.net\/site\/wp-content\/uploads\/LogoOArcanjo.png","contentUrl":"https:\/\/www.oarcanjo.net\/site\/wp-content\/uploads\/LogoOArcanjo.png","width":319,"height":99,"caption":"Par\u00f3quia S\u00e3o Miguel Arcanjo"},"image":{"@id":"https:\/\/www.oarcanjo.net\/site\/#\/schema\/logo\/image\/"},"sameAs":["https:\/\/www.facebook.com\/OArcanjoNoAr\/"]},{"@type":"Person","@id":"https:\/\/www.oarcanjo.net\/site\/#\/schema\/person\/f7024d007863202483a31326673a0838","name":"editor","sameAs":["http:\/\/www.oarcanjo.net"]}]}},"publishpress_future_action":{"enabled":false,"date":"2026-05-10 06:23:57","action":"category","newStatus":"draft","terms":[],"taxonomy":"category"},"publishpress_future_workflow_manual_trigger":{"enabledWorkflows":[]},"_links":{"self":[{"href":"https:\/\/www.oarcanjo.net\/site\/wp-json\/wp\/v2\/posts\/13955"}],"collection":[{"href":"https:\/\/www.oarcanjo.net\/site\/wp-json\/wp\/v2\/posts"}],"about":[{"href":"https:\/\/www.oarcanjo.net\/site\/wp-json\/wp\/v2\/types\/post"}],"author":[{"embeddable":true,"href":"https:\/\/www.oarcanjo.net\/site\/wp-json\/wp\/v2\/users\/5"}],"replies":[{"embeddable":true,"href":"https:\/\/www.oarcanjo.net\/site\/wp-json\/wp\/v2\/comments?post=13955"}],"version-history":[{"count":0,"href":"https:\/\/www.oarcanjo.net\/site\/wp-json\/wp\/v2\/posts\/13955\/revisions"}],"wp:attachment":[{"href":"https:\/\/www.oarcanjo.net\/site\/wp-json\/wp\/v2\/media?parent=13955"}],"wp:term":[{"taxonomy":"category","embeddable":true,"href":"https:\/\/www.oarcanjo.net\/site\/wp-json\/wp\/v2\/categories?post=13955"},{"taxonomy":"post_tag","embeddable":true,"href":"https:\/\/www.oarcanjo.net\/site\/wp-json\/wp\/v2\/tags?post=13955"}],"curies":[{"name":"wp","href":"https:\/\/api.w.org\/{rel}","templated":true}]}}