
{"id":13966,"date":"2011-04-21T12:28:12","date_gmt":"2011-04-21T15:28:12","guid":{"rendered":"http:\/\/www.oarcanjo.net\/site\/?p=13966"},"modified":"2011-04-21T12:31:37","modified_gmt":"2011-04-21T15:31:37","slug":"triduo-pascal-a-nossa-pascoa-quinta-feira-santa","status":"publish","type":"post","link":"https:\/\/www.oarcanjo.net\/site\/triduo-pascal-a-nossa-pascoa-quinta-feira-santa\/","title":{"rendered":"Tr\u00edduo Pascal &#8211; a nossa P\u00e1scoa &#8211; Quinta-feira Santa"},"content":{"rendered":"<p><strong>Ceia do Senhor<\/strong><\/p>\n<p>\u00c9 considerada v\u00e9spera da Sexta-Feira Santa.<\/p>\n<p>Jesus, seguindo o costume de seus irm\u00e3os judeus, celebrava todos os anos a P\u00e1scoa em mem\u00f3ria dos acontecimentos do \u00caxodo. \u00c0s v\u00e9speras de ser entregue e condenado \u00e0 morte, Jesus celebrou a P\u00e1scoa com um sentido pr\u00f3prio a partir de sua morte na cruz. Sua morte \u00e9 P\u00e1scoa: mostra a interven\u00e7\u00e3o do Pai que salva a humanidade pelo amor de seu Filho, amor este levado \u00e0s \u00faltimas consequ\u00eancias. &#8220;Deus amou tanto o mundo, que deu o seu Filho \u00fanico, para que todo o que nele crer n\u00e3o pere\u00e7a, mas tenha a vida eterna&#8221; (Jo 3,16). Antecipadamente, ele celebrou em forma de ceia pascal o que iria acontecer no calv\u00e1rio no dia seguinte.<\/p>\n<p>Ele tomou o p\u00e3o e o vinho celebrados na P\u00e1scoa e aplicou-os a si mesmo. Nessa ceia, \u00e9 costume bendizer a Deus sobre o p\u00e3o sem fermento que \u00e9 partido e distribu\u00eddo; Jesus viu nesse gesto o sacrif\u00edcio do seu corpo imolado na cruz e dado como alimento. Nela, toma-se vinho e come-se o cordeiro sacrificado, cujo sangue selou a primeira alian\u00e7a entre Deus e o povo e tamb\u00e9m poupou da morte os primog\u00eanitos. Jesus \u00e9 o novo cordeiro que tira o pecado do mundo, seu sangue redentor derramado na cruz perdoa todo pecado.<\/p>\n<p>Ao celebrar pela \u00faltima vez a P\u00e1scoa judaica com seus ap\u00f3stolos, Jesus institui o memorial de sua P\u00e1scoa (Paix\u00e3o, Morte e Ressurei\u00e7\u00e3o), a Eucaristia como o sacramento por excel\u00eancia, que expressa o significado de sua entrega como cumprimento do projeto do Reino de Deus. Na \u00faltima ceia h\u00e1 uma antecipa\u00e7\u00e3o celebrativa, sacramental, do sacrif\u00edcio de expia\u00e7\u00e3o do pecado que acontece na cruz. Essa \u00e9 a celebra\u00e7\u00e3o sacramental nova, memorial do novo \u00eaxodo pascal de Cristo.<\/p>\n<p>Sua entrega consciente \u00e0queles que podiam mat\u00e1-lo significou o enfrentamento do mal deste mundo pelo Filho de Deus. Jesus combate o mal pela raiz e ensina-nos que o amor deve ser levado \u00e0s \u00faltimas consequ\u00eancias: &#8220;Antes da festa da P\u00e1scoa, sabendo Jesus que chegara a sua hora de passar deste mundo para o Pai, tendo amado os seus que estavam no mundo, amou-os at\u00e9 o fim&#8221; (Jo 13,1).<\/p>\n<p><strong>Lava-p\u00e9s<\/strong><\/p>\n<p>O gesto do lava-p\u00e9s est\u00e1 muito presente na sociedade no tempo de Jesus, visto que se andava a p\u00e9. O primeiro gesto de acolhida numa casa era oferecer \u00e1gua para lavar os p\u00e9s. O estranho \u00e9 ver Jesus lavando os p\u00e9s. Dessa forma, o gesto se reveste do valor da humildade, do servi\u00e7o, do despojamento. Porque o comum era que um servi\u00e7al o realizasse.<\/p>\n<p>Jesus, o Filho de Deus encarnado, entende sua vida e sua miss\u00e3o como servi\u00e7o de amor \u00e0 humanidade. Ele se doa inteiramente. &#8220;Se eu, o Senhor e Mestre, vos lavei os p\u00e9s, tamb\u00e9m v\u00f3s deveis lavar os p\u00e9s uns aos outros. Dei-vos o exemplo, para que fa\u00e7ais assim como eu fiz para v\u00f3s&#8221; (Jo 13,14-15). Assim, o Reino de Cristo s\u00f3 pode ser recebido e instaurado com o servi\u00e7o de amor. E a entrega da sua vida na cruz ser\u00e1 o cume desta entrega, da sua vida colocada a servi\u00e7o da humanidade. Assim, os tr\u00eas elementos se orientam mutuamente: o sacrif\u00edcio na cruz, o servi\u00e7o e a humildade de lavar os p\u00e9s, e o p\u00e3o partido. Isto \u00e9 Eucaristia.<\/p>\n<p><strong>Celebra\u00e7\u00e3o lit\u00fargica<\/strong><\/p>\n<p>Ritos iniciais<br \/>\nLiturgia da Palavra<br \/>\n<strong>1\u00aa leitura: <\/strong>Ex 12,1-8.11-14 &#8211; Primeira P\u00e1scoa<br \/>\n<strong>Sl 115 &#8211; <\/strong>O c\u00e1lice por n\u00f3s aben\u00e7oado<br \/>\n<strong>2\u00aa leitura: <\/strong>1Cor 11,23-26 &#8211; O que eu recebi vos transmiti<br \/>\n<strong>Evangelho: <\/strong>Jo 13,1-15 &#8211; Lave-p\u00e9s<br \/>\nLava-p\u00e9s<br \/>\nLiturgia Eucar\u00edstica<br \/>\nTranslada\u00e7\u00e3o do Sant\u00edssimo Sacramento<\/p>\n<p><a title=\"P\u00e1gina do produto na livraria virtual Paulinas\" href=\"http:\/\/www.paulinas.org.br\/loja\/DetalheProduto.aspx?idProduto=9354\" target=\"_blank\"><img decoding=\"async\" src=\"http:\/\/www.paulinas.org.br\/loja\/img\/produto\/147125.gif\" alt=\"\" \/><\/a><strong><br \/><em><a title=\"P\u00e1gina do produto na livraria virtual Paulinas\" href=\"http:\/\/www.paulinas.org.br\/loja\/DetalheProduto.aspx?idProduto=9354\" target=\"_blank\">Tr\u00edduo Pascal &#8211; a nossa P\u00e1scoa<\/a><\/em><\/strong><\/p>\n<p><strong><em>Paulinas<\/em><\/strong><\/p>\n<div id=\"themify_builder_content-13966\" data-postid=\"13966\" class=\"themify_builder_content themify_builder_content-13966 themify_builder themify_builder_front\">\n\t<\/div>\n<!-- \/themify_builder_content -->","protected":false},"excerpt":{"rendered":"<p>Ceia do Senhor \u00c9 considerada v\u00e9spera da Sexta-Feira Santa. Jesus, seguindo o costume de seus irm\u00e3os judeus, celebrava todos os anos a P\u00e1scoa em mem\u00f3ria dos acontecimentos do \u00caxodo. \u00c0s v\u00e9speras de ser entregue e condenado \u00e0 morte, Jesus celebrou a P\u00e1scoa com um sentido pr\u00f3prio a partir de sua morte na cruz. Sua morte [&hellip;]<\/p>\n","protected":false},"author":5,"featured_media":0,"comment_status":"open","ping_status":"open","sticky":false,"template":"","format":"standard","meta":{"ngg_post_thumbnail":0,"footnotes":""},"categories":[109,1780],"tags":[296,1877,1524,242,227,799,1876,3211,1541],"yoast_head":"<!-- This site is optimized with the Yoast SEO plugin v23.5 - https:\/\/yoast.com\/wordpress\/plugins\/seo\/ -->\n<title>Tr\u00edduo Pascal - a nossa P\u00e1scoa - Quinta-feira Santa - O Arcanjo no ar<\/title>\n<meta name=\"robots\" content=\"index, follow, max-snippet:-1, max-image-preview:large, max-video-preview:-1\" \/>\n<link rel=\"canonical\" href=\"https:\/\/www.oarcanjo.net\/site\/triduo-pascal-a-nossa-pascoa-quinta-feira-santa\/\" \/>\n<meta property=\"og:locale\" content=\"pt_BR\" \/>\n<meta property=\"og:type\" content=\"article\" \/>\n<meta property=\"og:title\" content=\"Tr\u00edduo Pascal - a nossa P\u00e1scoa - Quinta-feira Santa - O Arcanjo no ar\" \/>\n<meta property=\"og:description\" content=\"Ceia do Senhor \u00c9 considerada v\u00e9spera da Sexta-Feira Santa. Jesus, seguindo o costume de seus irm\u00e3os judeus, celebrava todos os anos a P\u00e1scoa em mem\u00f3ria dos acontecimentos do \u00caxodo. \u00c0s v\u00e9speras de ser entregue e condenado \u00e0 morte, Jesus celebrou a P\u00e1scoa com um sentido pr\u00f3prio a partir de sua morte na cruz. Sua morte [&hellip;]\" \/>\n<meta property=\"og:url\" content=\"https:\/\/www.oarcanjo.net\/site\/triduo-pascal-a-nossa-pascoa-quinta-feira-santa\/\" \/>\n<meta property=\"og:site_name\" content=\"O Arcanjo no ar\" \/>\n<meta property=\"article:publisher\" content=\"https:\/\/www.facebook.com\/OArcanjoNoAr\/\" \/>\n<meta property=\"article:published_time\" content=\"2011-04-21T15:28:12+00:00\" \/>\n<meta property=\"article:modified_time\" content=\"2011-04-21T15:31:37+00:00\" \/>\n<meta property=\"og:image\" content=\"http:\/\/www.paulinas.org.br\/loja\/img\/produto\/147125.gif\" \/>\n<meta name=\"author\" content=\"editor\" \/>\n<meta name=\"twitter:card\" content=\"summary_large_image\" \/>\n<meta name=\"twitter:label1\" content=\"Escrito por\" \/>\n\t<meta name=\"twitter:data1\" content=\"editor\" \/>\n\t<meta name=\"twitter:label2\" content=\"Est. tempo de leitura\" \/>\n\t<meta name=\"twitter:data2\" content=\"3 minutos\" \/>\n<script type=\"application\/ld+json\" class=\"yoast-schema-graph\">{\"@context\":\"https:\/\/schema.org\",\"@graph\":[{\"@type\":\"Article\",\"@id\":\"https:\/\/www.oarcanjo.net\/site\/triduo-pascal-a-nossa-pascoa-quinta-feira-santa\/#article\",\"isPartOf\":{\"@id\":\"https:\/\/www.oarcanjo.net\/site\/triduo-pascal-a-nossa-pascoa-quinta-feira-santa\/\"},\"author\":{\"name\":\"editor\",\"@id\":\"https:\/\/www.oarcanjo.net\/site\/#\/schema\/person\/f7024d007863202483a31326673a0838\"},\"headline\":\"Tr\u00edduo Pascal &#8211; a nossa P\u00e1scoa &#8211; Quinta-feira Santa\",\"datePublished\":\"2011-04-21T15:28:12+00:00\",\"dateModified\":\"2011-04-21T15:31:37+00:00\",\"mainEntityOfPage\":{\"@id\":\"https:\/\/www.oarcanjo.net\/site\/triduo-pascal-a-nossa-pascoa-quinta-feira-santa\/\"},\"wordCount\":659,\"commentCount\":0,\"publisher\":{\"@id\":\"https:\/\/www.oarcanjo.net\/site\/#organization\"},\"image\":{\"@id\":\"https:\/\/www.oarcanjo.net\/site\/triduo-pascal-a-nossa-pascoa-quinta-feira-santa\/#primaryimage\"},\"thumbnailUrl\":\"http:\/\/www.paulinas.org.br\/loja\/img\/produto\/147125.gif\",\"keywords\":[\"\u00eaxodo\",\"humildade\",\"lavap\u00e9s\",\"P\u00e1scoa\",\"Quaresma\",\"servi\u00e7o\",\"servir\",\"Tempos Lit\u00fargicos\",\"Tr\u00edduo Pascal\"],\"articleSection\":[\"Liturgia\",\"Tempos Lit\u00fargicos\"],\"inLanguage\":\"pt-BR\",\"potentialAction\":[{\"@type\":\"CommentAction\",\"name\":\"Comment\",\"target\":[\"https:\/\/www.oarcanjo.net\/site\/triduo-pascal-a-nossa-pascoa-quinta-feira-santa\/#respond\"]}]},{\"@type\":\"WebPage\",\"@id\":\"https:\/\/www.oarcanjo.net\/site\/triduo-pascal-a-nossa-pascoa-quinta-feira-santa\/\",\"url\":\"https:\/\/www.oarcanjo.net\/site\/triduo-pascal-a-nossa-pascoa-quinta-feira-santa\/\",\"name\":\"Tr\u00edduo Pascal - a nossa P\u00e1scoa - Quinta-feira Santa - O Arcanjo no ar\",\"isPartOf\":{\"@id\":\"https:\/\/www.oarcanjo.net\/site\/#website\"},\"primaryImageOfPage\":{\"@id\":\"https:\/\/www.oarcanjo.net\/site\/triduo-pascal-a-nossa-pascoa-quinta-feira-santa\/#primaryimage\"},\"image\":{\"@id\":\"https:\/\/www.oarcanjo.net\/site\/triduo-pascal-a-nossa-pascoa-quinta-feira-santa\/#primaryimage\"},\"thumbnailUrl\":\"http:\/\/www.paulinas.org.br\/loja\/img\/produto\/147125.gif\",\"datePublished\":\"2011-04-21T15:28:12+00:00\",\"dateModified\":\"2011-04-21T15:31:37+00:00\",\"breadcrumb\":{\"@id\":\"https:\/\/www.oarcanjo.net\/site\/triduo-pascal-a-nossa-pascoa-quinta-feira-santa\/#breadcrumb\"},\"inLanguage\":\"pt-BR\",\"potentialAction\":[{\"@type\":\"ReadAction\",\"target\":[\"https:\/\/www.oarcanjo.net\/site\/triduo-pascal-a-nossa-pascoa-quinta-feira-santa\/\"]}]},{\"@type\":\"ImageObject\",\"inLanguage\":\"pt-BR\",\"@id\":\"https:\/\/www.oarcanjo.net\/site\/triduo-pascal-a-nossa-pascoa-quinta-feira-santa\/#primaryimage\",\"url\":\"http:\/\/www.paulinas.org.br\/loja\/img\/produto\/147125.gif\",\"contentUrl\":\"http:\/\/www.paulinas.org.br\/loja\/img\/produto\/147125.gif\"},{\"@type\":\"BreadcrumbList\",\"@id\":\"https:\/\/www.oarcanjo.net\/site\/triduo-pascal-a-nossa-pascoa-quinta-feira-santa\/#breadcrumb\",\"itemListElement\":[{\"@type\":\"ListItem\",\"position\":1,\"name\":\"In\u00edcio\",\"item\":\"https:\/\/www.oarcanjo.net\/site\/\"},{\"@type\":\"ListItem\",\"position\":2,\"name\":\"Tr\u00edduo Pascal &#8211; a nossa P\u00e1scoa &#8211; Quinta-feira Santa\"}]},{\"@type\":\"WebSite\",\"@id\":\"https:\/\/www.oarcanjo.net\/site\/#website\",\"url\":\"https:\/\/www.oarcanjo.net\/site\/\",\"name\":\"O Arcanjo no ar\",\"description\":\"Site da Par\u00f3quia S\u00e3o Miguel Arcanjo (Arquidiocese de SP)\",\"publisher\":{\"@id\":\"https:\/\/www.oarcanjo.net\/site\/#organization\"},\"potentialAction\":[{\"@type\":\"SearchAction\",\"target\":{\"@type\":\"EntryPoint\",\"urlTemplate\":\"https:\/\/www.oarcanjo.net\/site\/?s={search_term_string}\"},\"query-input\":{\"@type\":\"PropertyValueSpecification\",\"valueRequired\":true,\"valueName\":\"search_term_string\"}}],\"inLanguage\":\"pt-BR\"},{\"@type\":\"Organization\",\"@id\":\"https:\/\/www.oarcanjo.net\/site\/#organization\",\"name\":\"Par\u00f3quia S\u00e3o Miguel Arcanjo\",\"url\":\"https:\/\/www.oarcanjo.net\/site\/\",\"logo\":{\"@type\":\"ImageObject\",\"inLanguage\":\"pt-BR\",\"@id\":\"https:\/\/www.oarcanjo.net\/site\/#\/schema\/logo\/image\/\",\"url\":\"https:\/\/www.oarcanjo.net\/site\/wp-content\/uploads\/LogoOArcanjo.png\",\"contentUrl\":\"https:\/\/www.oarcanjo.net\/site\/wp-content\/uploads\/LogoOArcanjo.png\",\"width\":319,\"height\":99,\"caption\":\"Par\u00f3quia S\u00e3o Miguel Arcanjo\"},\"image\":{\"@id\":\"https:\/\/www.oarcanjo.net\/site\/#\/schema\/logo\/image\/\"},\"sameAs\":[\"https:\/\/www.facebook.com\/OArcanjoNoAr\/\"]},{\"@type\":\"Person\",\"@id\":\"https:\/\/www.oarcanjo.net\/site\/#\/schema\/person\/f7024d007863202483a31326673a0838\",\"name\":\"editor\",\"sameAs\":[\"http:\/\/www.oarcanjo.net\"]}]}<\/script>\n<!-- \/ Yoast SEO plugin. -->","yoast_head_json":{"title":"Tr\u00edduo Pascal - a nossa P\u00e1scoa - Quinta-feira Santa - O Arcanjo no ar","robots":{"index":"index","follow":"follow","max-snippet":"max-snippet:-1","max-image-preview":"max-image-preview:large","max-video-preview":"max-video-preview:-1"},"canonical":"https:\/\/www.oarcanjo.net\/site\/triduo-pascal-a-nossa-pascoa-quinta-feira-santa\/","og_locale":"pt_BR","og_type":"article","og_title":"Tr\u00edduo Pascal - a nossa P\u00e1scoa - Quinta-feira Santa - O Arcanjo no ar","og_description":"Ceia do Senhor \u00c9 considerada v\u00e9spera da Sexta-Feira Santa. Jesus, seguindo o costume de seus irm\u00e3os judeus, celebrava todos os anos a P\u00e1scoa em mem\u00f3ria dos acontecimentos do \u00caxodo. \u00c0s v\u00e9speras de ser entregue e condenado \u00e0 morte, Jesus celebrou a P\u00e1scoa com um sentido pr\u00f3prio a partir de sua morte na cruz. Sua morte [&hellip;]","og_url":"https:\/\/www.oarcanjo.net\/site\/triduo-pascal-a-nossa-pascoa-quinta-feira-santa\/","og_site_name":"O Arcanjo no ar","article_publisher":"https:\/\/www.facebook.com\/OArcanjoNoAr\/","article_published_time":"2011-04-21T15:28:12+00:00","article_modified_time":"2011-04-21T15:31:37+00:00","og_image":[{"url":"http:\/\/www.paulinas.org.br\/loja\/img\/produto\/147125.gif"}],"author":"editor","twitter_card":"summary_large_image","twitter_misc":{"Escrito por":"editor","Est. tempo de leitura":"3 minutos"},"schema":{"@context":"https:\/\/schema.org","@graph":[{"@type":"Article","@id":"https:\/\/www.oarcanjo.net\/site\/triduo-pascal-a-nossa-pascoa-quinta-feira-santa\/#article","isPartOf":{"@id":"https:\/\/www.oarcanjo.net\/site\/triduo-pascal-a-nossa-pascoa-quinta-feira-santa\/"},"author":{"name":"editor","@id":"https:\/\/www.oarcanjo.net\/site\/#\/schema\/person\/f7024d007863202483a31326673a0838"},"headline":"Tr\u00edduo Pascal &#8211; a nossa P\u00e1scoa &#8211; Quinta-feira Santa","datePublished":"2011-04-21T15:28:12+00:00","dateModified":"2011-04-21T15:31:37+00:00","mainEntityOfPage":{"@id":"https:\/\/www.oarcanjo.net\/site\/triduo-pascal-a-nossa-pascoa-quinta-feira-santa\/"},"wordCount":659,"commentCount":0,"publisher":{"@id":"https:\/\/www.oarcanjo.net\/site\/#organization"},"image":{"@id":"https:\/\/www.oarcanjo.net\/site\/triduo-pascal-a-nossa-pascoa-quinta-feira-santa\/#primaryimage"},"thumbnailUrl":"http:\/\/www.paulinas.org.br\/loja\/img\/produto\/147125.gif","keywords":["\u00eaxodo","humildade","lavap\u00e9s","P\u00e1scoa","Quaresma","servi\u00e7o","servir","Tempos Lit\u00fargicos","Tr\u00edduo Pascal"],"articleSection":["Liturgia","Tempos Lit\u00fargicos"],"inLanguage":"pt-BR","potentialAction":[{"@type":"CommentAction","name":"Comment","target":["https:\/\/www.oarcanjo.net\/site\/triduo-pascal-a-nossa-pascoa-quinta-feira-santa\/#respond"]}]},{"@type":"WebPage","@id":"https:\/\/www.oarcanjo.net\/site\/triduo-pascal-a-nossa-pascoa-quinta-feira-santa\/","url":"https:\/\/www.oarcanjo.net\/site\/triduo-pascal-a-nossa-pascoa-quinta-feira-santa\/","name":"Tr\u00edduo Pascal - a nossa P\u00e1scoa - Quinta-feira Santa - O Arcanjo no ar","isPartOf":{"@id":"https:\/\/www.oarcanjo.net\/site\/#website"},"primaryImageOfPage":{"@id":"https:\/\/www.oarcanjo.net\/site\/triduo-pascal-a-nossa-pascoa-quinta-feira-santa\/#primaryimage"},"image":{"@id":"https:\/\/www.oarcanjo.net\/site\/triduo-pascal-a-nossa-pascoa-quinta-feira-santa\/#primaryimage"},"thumbnailUrl":"http:\/\/www.paulinas.org.br\/loja\/img\/produto\/147125.gif","datePublished":"2011-04-21T15:28:12+00:00","dateModified":"2011-04-21T15:31:37+00:00","breadcrumb":{"@id":"https:\/\/www.oarcanjo.net\/site\/triduo-pascal-a-nossa-pascoa-quinta-feira-santa\/#breadcrumb"},"inLanguage":"pt-BR","potentialAction":[{"@type":"ReadAction","target":["https:\/\/www.oarcanjo.net\/site\/triduo-pascal-a-nossa-pascoa-quinta-feira-santa\/"]}]},{"@type":"ImageObject","inLanguage":"pt-BR","@id":"https:\/\/www.oarcanjo.net\/site\/triduo-pascal-a-nossa-pascoa-quinta-feira-santa\/#primaryimage","url":"http:\/\/www.paulinas.org.br\/loja\/img\/produto\/147125.gif","contentUrl":"http:\/\/www.paulinas.org.br\/loja\/img\/produto\/147125.gif"},{"@type":"BreadcrumbList","@id":"https:\/\/www.oarcanjo.net\/site\/triduo-pascal-a-nossa-pascoa-quinta-feira-santa\/#breadcrumb","itemListElement":[{"@type":"ListItem","position":1,"name":"In\u00edcio","item":"https:\/\/www.oarcanjo.net\/site\/"},{"@type":"ListItem","position":2,"name":"Tr\u00edduo Pascal &#8211; a nossa P\u00e1scoa &#8211; Quinta-feira Santa"}]},{"@type":"WebSite","@id":"https:\/\/www.oarcanjo.net\/site\/#website","url":"https:\/\/www.oarcanjo.net\/site\/","name":"O Arcanjo no ar","description":"Site da Par\u00f3quia S\u00e3o Miguel Arcanjo (Arquidiocese de SP)","publisher":{"@id":"https:\/\/www.oarcanjo.net\/site\/#organization"},"potentialAction":[{"@type":"SearchAction","target":{"@type":"EntryPoint","urlTemplate":"https:\/\/www.oarcanjo.net\/site\/?s={search_term_string}"},"query-input":{"@type":"PropertyValueSpecification","valueRequired":true,"valueName":"search_term_string"}}],"inLanguage":"pt-BR"},{"@type":"Organization","@id":"https:\/\/www.oarcanjo.net\/site\/#organization","name":"Par\u00f3quia S\u00e3o Miguel Arcanjo","url":"https:\/\/www.oarcanjo.net\/site\/","logo":{"@type":"ImageObject","inLanguage":"pt-BR","@id":"https:\/\/www.oarcanjo.net\/site\/#\/schema\/logo\/image\/","url":"https:\/\/www.oarcanjo.net\/site\/wp-content\/uploads\/LogoOArcanjo.png","contentUrl":"https:\/\/www.oarcanjo.net\/site\/wp-content\/uploads\/LogoOArcanjo.png","width":319,"height":99,"caption":"Par\u00f3quia S\u00e3o Miguel Arcanjo"},"image":{"@id":"https:\/\/www.oarcanjo.net\/site\/#\/schema\/logo\/image\/"},"sameAs":["https:\/\/www.facebook.com\/OArcanjoNoAr\/"]},{"@type":"Person","@id":"https:\/\/www.oarcanjo.net\/site\/#\/schema\/person\/f7024d007863202483a31326673a0838","name":"editor","sameAs":["http:\/\/www.oarcanjo.net"]}]}},"publishpress_future_action":{"enabled":false,"date":"2026-05-08 23:22:19","action":"category","newStatus":"draft","terms":[],"taxonomy":"category"},"publishpress_future_workflow_manual_trigger":{"enabledWorkflows":[]},"_links":{"self":[{"href":"https:\/\/www.oarcanjo.net\/site\/wp-json\/wp\/v2\/posts\/13966"}],"collection":[{"href":"https:\/\/www.oarcanjo.net\/site\/wp-json\/wp\/v2\/posts"}],"about":[{"href":"https:\/\/www.oarcanjo.net\/site\/wp-json\/wp\/v2\/types\/post"}],"author":[{"embeddable":true,"href":"https:\/\/www.oarcanjo.net\/site\/wp-json\/wp\/v2\/users\/5"}],"replies":[{"embeddable":true,"href":"https:\/\/www.oarcanjo.net\/site\/wp-json\/wp\/v2\/comments?post=13966"}],"version-history":[{"count":0,"href":"https:\/\/www.oarcanjo.net\/site\/wp-json\/wp\/v2\/posts\/13966\/revisions"}],"wp:attachment":[{"href":"https:\/\/www.oarcanjo.net\/site\/wp-json\/wp\/v2\/media?parent=13966"}],"wp:term":[{"taxonomy":"category","embeddable":true,"href":"https:\/\/www.oarcanjo.net\/site\/wp-json\/wp\/v2\/categories?post=13966"},{"taxonomy":"post_tag","embeddable":true,"href":"https:\/\/www.oarcanjo.net\/site\/wp-json\/wp\/v2\/tags?post=13966"}],"curies":[{"name":"wp","href":"https:\/\/api.w.org\/{rel}","templated":true}]}}