
{"id":13969,"date":"2011-04-20T23:20:49","date_gmt":"2011-04-21T02:20:49","guid":{"rendered":"http:\/\/www.oarcanjo.net\/site\/?p=13969"},"modified":"2011-04-21T11:29:39","modified_gmt":"2011-04-21T14:29:39","slug":"liberdade-de-expressao","status":"publish","type":"post","link":"https:\/\/www.oarcanjo.net\/site\/liberdade-de-expressao\/","title":{"rendered":"Liberdade de Express\u00e3o"},"content":{"rendered":"<p>Luiza Erundina<\/p>\n<p>A C\u00e2mara dos Deputados lan\u00e7a a \u201cFrente Parlamentar pela Liberdade de Express\u00e3o e o Direito \u00e0 Comunica\u00e7\u00e3o com Participa\u00e7\u00e3o Popular\u201d. \u00c9 uma iniciativa de parlamentares, em parceria com entidades da sociedade civil, e visa a promover a\u00e7\u00f5es que assegurem o direito \u00e0 liberdade de express\u00e3o e o direito \u00e0 comunica\u00e7\u00e3o.<\/p>\n<p>O direito \u00e0 liberdade de express\u00e3o, previsto no artigo 19 da Declara\u00e7\u00e3o Universal dos Direitos Humanos e nos artigos 5\u00ba e 220 da Constitui\u00e7\u00e3o Federal, enfrenta hoje dois tipos de obst\u00e1culos que demonstram a necessidade e justificam a cria\u00e7\u00e3o desta Frente.<\/p>\n<p>O primeiro est\u00e1 em a\u00e7\u00f5es de \u00f3rg\u00e3os do poder p\u00fablico e de entes privados que cerceiam o exerc\u00edcio dessa liberdade pelos cidad\u00e3os e cidad\u00e3s brasileiros. \u00c9 preciso, pois, que se criem mecanismos permanentes para denunciar e combater tais a\u00e7\u00f5es.<\/p>\n<p>O segundo obst\u00e1culo diz respeito \u00e0 falta de regula\u00e7\u00e3o do nosso sistema de comunica\u00e7\u00e3o e de pol\u00edticas p\u00fablicas que promovam e garantam a liberdade de express\u00e3o e o direito \u00e0 comunica\u00e7\u00e3o.<\/p>\n<p>Atualmente, as condi\u00e7\u00f5es para o exerc\u00edcio dessa liberdade e o respeito a esse direito s\u00e3o muito desiguais, visto que os canais de m\u00eddia, elementos indispens\u00e1veis \u00e0 efetiva\u00e7\u00e3o desse direito, est\u00e3o concentrados nas m\u00e3os de poucos grupos, cuja pr\u00e1tica imp\u00f5e limites \u00e0 liberdade de express\u00e3o em nosso pa\u00eds, al\u00e9m de ser fortemente marcada pela preval\u00eancia de interesses privados em detrimento do interesse p\u00fablico.<\/p>\n<p>Assim, n\u00e3o basta denunciar e combater a\u00e7\u00f5es que atentem contra a liberdade de express\u00e3o; \u00e9 preciso tamb\u00e9m propiciar meios para que todos os cidad\u00e3os e cidad\u00e3s brasileiros tenham plenas condi\u00e7\u00f5es de exerc\u00ea-la.<\/p>\n<p>Enquanto houver limita\u00e7\u00f5es ou dificuldades de natureza econ\u00f4mica, cultural, social, t\u00e9cnica e pol\u00edtica para o exerc\u00edcio desse direito, \u00e9 dever do Estado desenvolver a\u00e7\u00f5es no sentido de garantir que o maior n\u00famero poss\u00edvel de cidad\u00e3os possa produzir, disseminar e acessar informa\u00e7\u00f5es e cultura.<\/p>\n<p>Ademais, a promo\u00e7\u00e3o dos direitos \u00e0 liberdade de express\u00e3o e \u00e0 comunica\u00e7\u00e3o \u00e9 condi\u00e7\u00e3o para o pleno exerc\u00edcio da democracia em qualquer pa\u00eds. Sendo os meios de comunica\u00e7\u00e3o os principais instrumentos de circula\u00e7\u00e3o de ideias e valores, espa\u00e7o de consumo de informa\u00e7\u00e3o e cultura pelos cidad\u00e3os (\u00e3s), devem ent\u00e3o refletir a pluralidade e a diversidade da sociedade, pr\u00e9-requisito da verdadeira democracia.<\/p>\n<p>A referida Frente Parlamentar conta com a ades\u00e3o de significativo n\u00famero de parlamentares das diferentes bancadas partid\u00e1rias da C\u00e2mara dos Deputados, al\u00e9m de uma quantidade expressiva de entidades sociais.<\/p>\n<p>Prop\u00f5e-se a atuar com vistas \u00e0 democratiza\u00e7\u00e3o dos meios de comunica\u00e7\u00e3o, observando os princ\u00edpios de complementaridade, indivisibilidade, interdepend\u00eancia e n\u00e3o hierarquiza\u00e7\u00e3o dos direitos humanos.<\/p>\n<p>Enfim, constituir-se-\u00e1 como um instrumento do poder legislativo e da sociedade brasileira no sentido de garantir e ampliar os direitos \u00e0 liberdade de express\u00e3o e \u00e0 comunica\u00e7\u00e3o e para o fortalecimento da democracia.<\/p>\n<div id=\"themify_builder_content-13969\" data-postid=\"13969\" class=\"themify_builder_content themify_builder_content-13969 themify_builder themify_builder_front\">\n\t<\/div>\n<!-- \/themify_builder_content -->","protected":false},"excerpt":{"rendered":"<p>Artigo da deputada Luiza Erundina, coordenadora da Frente Parlamentar pela Liberdade de Express\u00e3o e o Direito \u00e0 Comunica\u00e7\u00e3o, explica a import\u00e2ncia da iniciativa para garantir o fortalecimento da democracia<\/p>\n","protected":false},"author":5,"featured_media":0,"comment_status":"open","ping_status":"open","sticky":false,"template":"","format":"standard","meta":{"ngg_post_thumbnail":0,"footnotes":""},"categories":[9],"tags":[1874,43,1875],"yoast_head":"<!-- This site is optimized with the Yoast SEO plugin v23.5 - https:\/\/yoast.com\/wordpress\/plugins\/seo\/ -->\n<title>Liberdade de Express\u00e3o - O Arcanjo no ar<\/title>\n<meta name=\"robots\" content=\"index, follow, max-snippet:-1, max-image-preview:large, max-video-preview:-1\" \/>\n<link rel=\"canonical\" href=\"https:\/\/www.oarcanjo.net\/site\/liberdade-de-expressao\/\" \/>\n<meta property=\"og:locale\" content=\"pt_BR\" \/>\n<meta property=\"og:type\" content=\"article\" \/>\n<meta property=\"og:title\" content=\"Liberdade de Express\u00e3o - O Arcanjo no ar\" \/>\n<meta property=\"og:description\" content=\"Artigo da deputada Luiza Erundina, coordenadora da Frente Parlamentar pela Liberdade de Express\u00e3o e o Direito \u00e0 Comunica\u00e7\u00e3o, explica a import\u00e2ncia da iniciativa para garantir o fortalecimento da democracia\" \/>\n<meta property=\"og:url\" content=\"https:\/\/www.oarcanjo.net\/site\/liberdade-de-expressao\/\" \/>\n<meta property=\"og:site_name\" content=\"O Arcanjo no ar\" \/>\n<meta property=\"article:publisher\" content=\"https:\/\/www.facebook.com\/OArcanjoNoAr\/\" \/>\n<meta property=\"article:published_time\" content=\"2011-04-21T02:20:49+00:00\" \/>\n<meta property=\"article:modified_time\" content=\"2011-04-21T14:29:39+00:00\" \/>\n<meta property=\"og:image\" content=\"https:\/\/www.oarcanjo.net\/site\/wp-content\/uploads\/logo-o-arcanjo-no-ar-facebook.png\" \/>\n\t<meta property=\"og:image:width\" content=\"300\" \/>\n\t<meta property=\"og:image:height\" content=\"300\" \/>\n\t<meta property=\"og:image:type\" content=\"image\/png\" \/>\n<meta name=\"author\" content=\"editor\" \/>\n<meta name=\"twitter:card\" content=\"summary_large_image\" \/>\n<meta name=\"twitter:label1\" content=\"Escrito por\" \/>\n\t<meta name=\"twitter:data1\" content=\"editor\" \/>\n\t<meta name=\"twitter:label2\" content=\"Est. tempo de leitura\" \/>\n\t<meta name=\"twitter:data2\" content=\"3 minutos\" \/>\n<script type=\"application\/ld+json\" class=\"yoast-schema-graph\">{\"@context\":\"https:\/\/schema.org\",\"@graph\":[{\"@type\":\"Article\",\"@id\":\"https:\/\/www.oarcanjo.net\/site\/liberdade-de-expressao\/#article\",\"isPartOf\":{\"@id\":\"https:\/\/www.oarcanjo.net\/site\/liberdade-de-expressao\/\"},\"author\":{\"name\":\"editor\",\"@id\":\"https:\/\/www.oarcanjo.net\/site\/#\/schema\/person\/f7024d007863202483a31326673a0838\"},\"headline\":\"Liberdade de Express\u00e3o\",\"datePublished\":\"2011-04-21T02:20:49+00:00\",\"dateModified\":\"2011-04-21T14:29:39+00:00\",\"mainEntityOfPage\":{\"@id\":\"https:\/\/www.oarcanjo.net\/site\/liberdade-de-expressao\/\"},\"wordCount\":517,\"commentCount\":0,\"publisher\":{\"@id\":\"https:\/\/www.oarcanjo.net\/site\/#organization\"},\"keywords\":[\"direito \u00e0 comunica\u00e7\u00e3o\",\"direitos humanos\",\"Frentecom\"],\"articleSection\":[\"Reflex\u00f5es\"],\"inLanguage\":\"pt-BR\",\"potentialAction\":[{\"@type\":\"CommentAction\",\"name\":\"Comment\",\"target\":[\"https:\/\/www.oarcanjo.net\/site\/liberdade-de-expressao\/#respond\"]}]},{\"@type\":\"WebPage\",\"@id\":\"https:\/\/www.oarcanjo.net\/site\/liberdade-de-expressao\/\",\"url\":\"https:\/\/www.oarcanjo.net\/site\/liberdade-de-expressao\/\",\"name\":\"Liberdade de Express\u00e3o - O Arcanjo no ar\",\"isPartOf\":{\"@id\":\"https:\/\/www.oarcanjo.net\/site\/#website\"},\"datePublished\":\"2011-04-21T02:20:49+00:00\",\"dateModified\":\"2011-04-21T14:29:39+00:00\",\"breadcrumb\":{\"@id\":\"https:\/\/www.oarcanjo.net\/site\/liberdade-de-expressao\/#breadcrumb\"},\"inLanguage\":\"pt-BR\",\"potentialAction\":[{\"@type\":\"ReadAction\",\"target\":[\"https:\/\/www.oarcanjo.net\/site\/liberdade-de-expressao\/\"]}]},{\"@type\":\"BreadcrumbList\",\"@id\":\"https:\/\/www.oarcanjo.net\/site\/liberdade-de-expressao\/#breadcrumb\",\"itemListElement\":[{\"@type\":\"ListItem\",\"position\":1,\"name\":\"In\u00edcio\",\"item\":\"https:\/\/www.oarcanjo.net\/site\/\"},{\"@type\":\"ListItem\",\"position\":2,\"name\":\"Liberdade de Express\u00e3o\"}]},{\"@type\":\"WebSite\",\"@id\":\"https:\/\/www.oarcanjo.net\/site\/#website\",\"url\":\"https:\/\/www.oarcanjo.net\/site\/\",\"name\":\"O Arcanjo no ar\",\"description\":\"Site da Par\u00f3quia S\u00e3o Miguel Arcanjo (Arquidiocese de SP)\",\"publisher\":{\"@id\":\"https:\/\/www.oarcanjo.net\/site\/#organization\"},\"potentialAction\":[{\"@type\":\"SearchAction\",\"target\":{\"@type\":\"EntryPoint\",\"urlTemplate\":\"https:\/\/www.oarcanjo.net\/site\/?s={search_term_string}\"},\"query-input\":{\"@type\":\"PropertyValueSpecification\",\"valueRequired\":true,\"valueName\":\"search_term_string\"}}],\"inLanguage\":\"pt-BR\"},{\"@type\":\"Organization\",\"@id\":\"https:\/\/www.oarcanjo.net\/site\/#organization\",\"name\":\"Par\u00f3quia S\u00e3o Miguel Arcanjo\",\"url\":\"https:\/\/www.oarcanjo.net\/site\/\",\"logo\":{\"@type\":\"ImageObject\",\"inLanguage\":\"pt-BR\",\"@id\":\"https:\/\/www.oarcanjo.net\/site\/#\/schema\/logo\/image\/\",\"url\":\"https:\/\/www.oarcanjo.net\/site\/wp-content\/uploads\/LogoOArcanjo.png\",\"contentUrl\":\"https:\/\/www.oarcanjo.net\/site\/wp-content\/uploads\/LogoOArcanjo.png\",\"width\":319,\"height\":99,\"caption\":\"Par\u00f3quia S\u00e3o Miguel Arcanjo\"},\"image\":{\"@id\":\"https:\/\/www.oarcanjo.net\/site\/#\/schema\/logo\/image\/\"},\"sameAs\":[\"https:\/\/www.facebook.com\/OArcanjoNoAr\/\"]},{\"@type\":\"Person\",\"@id\":\"https:\/\/www.oarcanjo.net\/site\/#\/schema\/person\/f7024d007863202483a31326673a0838\",\"name\":\"editor\",\"sameAs\":[\"http:\/\/www.oarcanjo.net\"]}]}<\/script>\n<!-- \/ Yoast SEO plugin. -->","yoast_head_json":{"title":"Liberdade de Express\u00e3o - O Arcanjo no ar","robots":{"index":"index","follow":"follow","max-snippet":"max-snippet:-1","max-image-preview":"max-image-preview:large","max-video-preview":"max-video-preview:-1"},"canonical":"https:\/\/www.oarcanjo.net\/site\/liberdade-de-expressao\/","og_locale":"pt_BR","og_type":"article","og_title":"Liberdade de Express\u00e3o - O Arcanjo no ar","og_description":"Artigo da deputada Luiza Erundina, coordenadora da Frente Parlamentar pela Liberdade de Express\u00e3o e o Direito \u00e0 Comunica\u00e7\u00e3o, explica a import\u00e2ncia da iniciativa para garantir o fortalecimento da democracia","og_url":"https:\/\/www.oarcanjo.net\/site\/liberdade-de-expressao\/","og_site_name":"O Arcanjo no ar","article_publisher":"https:\/\/www.facebook.com\/OArcanjoNoAr\/","article_published_time":"2011-04-21T02:20:49+00:00","article_modified_time":"2011-04-21T14:29:39+00:00","og_image":[{"width":300,"height":300,"url":"https:\/\/www.oarcanjo.net\/site\/wp-content\/uploads\/logo-o-arcanjo-no-ar-facebook.png","type":"image\/png"}],"author":"editor","twitter_card":"summary_large_image","twitter_misc":{"Escrito por":"editor","Est. tempo de leitura":"3 minutos"},"schema":{"@context":"https:\/\/schema.org","@graph":[{"@type":"Article","@id":"https:\/\/www.oarcanjo.net\/site\/liberdade-de-expressao\/#article","isPartOf":{"@id":"https:\/\/www.oarcanjo.net\/site\/liberdade-de-expressao\/"},"author":{"name":"editor","@id":"https:\/\/www.oarcanjo.net\/site\/#\/schema\/person\/f7024d007863202483a31326673a0838"},"headline":"Liberdade de Express\u00e3o","datePublished":"2011-04-21T02:20:49+00:00","dateModified":"2011-04-21T14:29:39+00:00","mainEntityOfPage":{"@id":"https:\/\/www.oarcanjo.net\/site\/liberdade-de-expressao\/"},"wordCount":517,"commentCount":0,"publisher":{"@id":"https:\/\/www.oarcanjo.net\/site\/#organization"},"keywords":["direito \u00e0 comunica\u00e7\u00e3o","direitos humanos","Frentecom"],"articleSection":["Reflex\u00f5es"],"inLanguage":"pt-BR","potentialAction":[{"@type":"CommentAction","name":"Comment","target":["https:\/\/www.oarcanjo.net\/site\/liberdade-de-expressao\/#respond"]}]},{"@type":"WebPage","@id":"https:\/\/www.oarcanjo.net\/site\/liberdade-de-expressao\/","url":"https:\/\/www.oarcanjo.net\/site\/liberdade-de-expressao\/","name":"Liberdade de Express\u00e3o - O Arcanjo no ar","isPartOf":{"@id":"https:\/\/www.oarcanjo.net\/site\/#website"},"datePublished":"2011-04-21T02:20:49+00:00","dateModified":"2011-04-21T14:29:39+00:00","breadcrumb":{"@id":"https:\/\/www.oarcanjo.net\/site\/liberdade-de-expressao\/#breadcrumb"},"inLanguage":"pt-BR","potentialAction":[{"@type":"ReadAction","target":["https:\/\/www.oarcanjo.net\/site\/liberdade-de-expressao\/"]}]},{"@type":"BreadcrumbList","@id":"https:\/\/www.oarcanjo.net\/site\/liberdade-de-expressao\/#breadcrumb","itemListElement":[{"@type":"ListItem","position":1,"name":"In\u00edcio","item":"https:\/\/www.oarcanjo.net\/site\/"},{"@type":"ListItem","position":2,"name":"Liberdade de Express\u00e3o"}]},{"@type":"WebSite","@id":"https:\/\/www.oarcanjo.net\/site\/#website","url":"https:\/\/www.oarcanjo.net\/site\/","name":"O Arcanjo no ar","description":"Site da Par\u00f3quia S\u00e3o Miguel Arcanjo (Arquidiocese de SP)","publisher":{"@id":"https:\/\/www.oarcanjo.net\/site\/#organization"},"potentialAction":[{"@type":"SearchAction","target":{"@type":"EntryPoint","urlTemplate":"https:\/\/www.oarcanjo.net\/site\/?s={search_term_string}"},"query-input":{"@type":"PropertyValueSpecification","valueRequired":true,"valueName":"search_term_string"}}],"inLanguage":"pt-BR"},{"@type":"Organization","@id":"https:\/\/www.oarcanjo.net\/site\/#organization","name":"Par\u00f3quia S\u00e3o Miguel Arcanjo","url":"https:\/\/www.oarcanjo.net\/site\/","logo":{"@type":"ImageObject","inLanguage":"pt-BR","@id":"https:\/\/www.oarcanjo.net\/site\/#\/schema\/logo\/image\/","url":"https:\/\/www.oarcanjo.net\/site\/wp-content\/uploads\/LogoOArcanjo.png","contentUrl":"https:\/\/www.oarcanjo.net\/site\/wp-content\/uploads\/LogoOArcanjo.png","width":319,"height":99,"caption":"Par\u00f3quia S\u00e3o Miguel Arcanjo"},"image":{"@id":"https:\/\/www.oarcanjo.net\/site\/#\/schema\/logo\/image\/"},"sameAs":["https:\/\/www.facebook.com\/OArcanjoNoAr\/"]},{"@type":"Person","@id":"https:\/\/www.oarcanjo.net\/site\/#\/schema\/person\/f7024d007863202483a31326673a0838","name":"editor","sameAs":["http:\/\/www.oarcanjo.net"]}]}},"publishpress_future_action":{"enabled":false,"date":"2026-05-10 06:15:58","action":"category","newStatus":"draft","terms":[],"taxonomy":"category"},"publishpress_future_workflow_manual_trigger":{"enabledWorkflows":[]},"_links":{"self":[{"href":"https:\/\/www.oarcanjo.net\/site\/wp-json\/wp\/v2\/posts\/13969"}],"collection":[{"href":"https:\/\/www.oarcanjo.net\/site\/wp-json\/wp\/v2\/posts"}],"about":[{"href":"https:\/\/www.oarcanjo.net\/site\/wp-json\/wp\/v2\/types\/post"}],"author":[{"embeddable":true,"href":"https:\/\/www.oarcanjo.net\/site\/wp-json\/wp\/v2\/users\/5"}],"replies":[{"embeddable":true,"href":"https:\/\/www.oarcanjo.net\/site\/wp-json\/wp\/v2\/comments?post=13969"}],"version-history":[{"count":0,"href":"https:\/\/www.oarcanjo.net\/site\/wp-json\/wp\/v2\/posts\/13969\/revisions"}],"wp:attachment":[{"href":"https:\/\/www.oarcanjo.net\/site\/wp-json\/wp\/v2\/media?parent=13969"}],"wp:term":[{"taxonomy":"category","embeddable":true,"href":"https:\/\/www.oarcanjo.net\/site\/wp-json\/wp\/v2\/categories?post=13969"},{"taxonomy":"post_tag","embeddable":true,"href":"https:\/\/www.oarcanjo.net\/site\/wp-json\/wp\/v2\/tags?post=13969"}],"curies":[{"name":"wp","href":"https:\/\/api.w.org\/{rel}","templated":true}]}}