
{"id":13984,"date":"2011-04-21T13:19:18","date_gmt":"2011-04-21T16:19:18","guid":{"rendered":"http:\/\/www.oarcanjo.net\/site\/?p=13984"},"modified":"2011-04-21T13:29:32","modified_gmt":"2011-04-21T16:29:32","slug":"triduo-pascal-nossa-pascoa-sexta-feira-da-paixao-do-senhor","status":"publish","type":"post","link":"https:\/\/www.oarcanjo.net\/site\/triduo-pascal-nossa-pascoa-sexta-feira-da-paixao-do-senhor\/","title":{"rendered":"Tr\u00edduo Pascal &#8211; nossa P\u00e1scoa &#8211; Sexta-feira da Paix\u00e3o do Senhor"},"content":{"rendered":"<p>Na Sexta-feira Santa, dia de jejum e abstin\u00eancia de carne, tem lugar a celebra\u00e7\u00e3o da Paix\u00e3o do Senhor. Acontece \u00e0s tr\u00eas horas da tarde, hora em que Jesus morreu.<\/p>\n<p>O evangelista Jo\u00e3o identifica a morte de Jesus num tempo diferente de Mateus, Lucas e Marcos. Ele faz coincidir a morte de Jesus quando eram sacrificados os cordeiros, ainda em prepara\u00e7\u00e3o para a celebra\u00e7\u00e3o da P\u00e1scoa. Tal como o cordeiro sacrificado na P\u00e1scoa dos judeus, Jesus \u00e9 o novo cordeiro, cujo sangue derramado nos redime e tira o pecado do mundo.<\/p>\n<p>A cruz n\u00e3o surgiu repentinamente na vida de Jesus de Nazar\u00e9. Ela foi consequ\u00eancia de uma op\u00e7\u00e3o radical pelo Pai e pelo Reino. Na fidelidade ao Pai, Jesus \u00e9 fiel tamb\u00e9m aos pobres e aos pecadores, os quais o Pai ama e quer resgatar. Jesus n\u00e3o hesitou em defender os oprimidos. Condenou o poder e a riqueza constru\u00eddos \u00e0 custa da opress\u00e3o, assim como as desigualdades sociais, as discrimina\u00e7\u00f5es, as leis injustas que favoreciam apenas uma pequena parcela da sociedade. N\u00e3o aceitou a hipocrisia e o uso da religi\u00e3o em proveito pr\u00f3prio. Anunciou o Reino de justi\u00e7a, amor e paz, pois todos s\u00e3o iguais perante Deus, com os mesmos deveres e direitos. Essa maneira de agir acabou levando-o a ser condenado.<\/p>\n<p>A sabedoria da raz\u00e3o humana por\u00e9m n\u00e3o \u00e9 suficiente para explicitar a experi\u00eancia crist\u00e3 da cruz. O seguimento exige a ren\u00fancia dos interesses pessoas que n\u00e3o estejam sintonizados com o projeto do Reino. Tomar a cruz e seguir o caminho do Mestre \u00e9 enveredar pelo caminho do servi\u00e7o na doa\u00e7\u00e3o total, at\u00e9 a entrega da pr\u00f3pria vida motivada pelo amor, a exemplo do Mestre. Sendo a vida o maior dom de Deus, se for colocada a servi\u00e7o do Reino, jamais poder\u00e1 ser perdida.<\/p>\n<p><strong>Liturgia da Palavra<\/strong><\/p>\n<p><strong>1\u00aa leitura: <\/strong>Is 52,13-53,12. O quarto canto do Servo Sofredor j\u00e1 \u00e9 um profecia do mist\u00e9rio da P\u00e1scoa. \u00c9 a nova significa\u00e7\u00e3o do sofrimento, assumido como \u00a0salva\u00e7\u00e3o para justificar as mutid\u00f5es, e no qual se entrev\u00ea a glorifica\u00e7\u00e3o final do servo fiel.<br \/>\n<strong>Sl 30 &#8211; <\/strong>Eu me entrego em tuas m\u00e3os.<br \/>\n<strong>2\u00aa leitura: <\/strong>Hb 4,14-16; 5,7-9. Cristo, o sumo e eterno sacerdote, aprendeu a obedi\u00eancia pelo sofrimento, era o \u00fanico capaz de compartilhar as nossas fraquezas e libertar-nos para sempre.<br \/>\n<strong>Evangelho: <\/strong>Jo 18,1-19,42. Paix\u00e3o do Senhor. O Servo do Senhor tornou-se realmente o \u00fanico sacerdote a oferecer-se a si mesmo ao Pai.<br \/>\nA <em>ora\u00e7\u00e3o universal<\/em> ou <em>dos fi\u00e9is <\/em>\u00e9 proclamada de forma solene e completa.<\/p>\n<p><strong>Adora\u00e7\u00e3o da cruz<\/strong><\/p>\n<p>A cruz velada \u00e9 levada ao altar, acompanhada por dois ministros com velas acesas. O sacerdote, de p\u00e9 diante do altar, vai descobrindo-a cantando a ant\u00edfona <em>Eis o lenho da cruz&#8230;<\/em> Todos respondem: <em>Vinde adoremos.<\/em> Todos permanecem um momento adorando em sil\u00eancio, de joelhos. Depois, os fi\u00e9is se aproximam em prociss\u00e3o e beijam a cruz.<\/p>\n<p><strong>Comunh\u00e3o<\/strong><\/p>\n<p>Neste dia, n\u00e3o se celebra a Eucaristia; apenas se distribui o p\u00e3o sagrado na missa vespertina anterior. Todos se retiram em sil\u00eancio.<\/p>\n<p><a title=\"P\u00e1gina do produto na livraria virtual Paulinas\" href=\"http:\/\/www.paulinas.org.br\/loja\/DetalheProduto.aspx?idProduto=9354\" target=\"_blank\"><img decoding=\"async\" src=\"http:\/\/www.paulinas.org.br\/loja\/img\/produto\/147125.gif\" alt=\"\" \/><\/a><strong><br \/>\n<em><a title=\"P\u00e1gina do produto na livraria virtual Paulinas\" href=\"http:\/\/www.paulinas.org.br\/loja\/DetalheProduto.aspx?idProduto=9354\" target=\"_blank\">Tr\u00edduo Pascal &#8211; a nossa P\u00e1scoa<\/a><\/em><\/strong><\/p>\n<p><strong><em>Paulinas<\/em><\/strong><\/p>\n<div id=\"themify_builder_content-13984\" data-postid=\"13984\" class=\"themify_builder_content themify_builder_content-13984 themify_builder themify_builder_front\">\n\t<\/div>\n<!-- \/themify_builder_content -->","protected":false},"excerpt":{"rendered":"<p>Na Sexta-feira Santa, dia de jejum e abstin\u00eancia de carne, tem lugar a celebra\u00e7\u00e3o da Paix\u00e3o do Senhor. Acontece \u00e0s tr\u00eas horas da tarde, hora em que Jesus morreu. O evangelista Jo\u00e3o identifica a morte de Jesus num tempo diferente de Mateus, Lucas e Marcos. Ele faz coincidir a morte de Jesus quando eram sacrificados [&hellip;]<\/p>\n","protected":false},"author":5,"featured_media":0,"comment_status":"open","ping_status":"open","sticky":false,"template":"","format":"standard","meta":{"ngg_post_thumbnail":0,"footnotes":""},"categories":[109,1780],"tags":[242,227,3211,1541],"yoast_head":"<!-- This site is optimized with the Yoast SEO plugin v23.5 - https:\/\/yoast.com\/wordpress\/plugins\/seo\/ -->\n<title>Tr\u00edduo Pascal - nossa P\u00e1scoa - Sexta-feira da Paix\u00e3o do Senhor - O Arcanjo no ar<\/title>\n<meta name=\"robots\" content=\"index, follow, max-snippet:-1, max-image-preview:large, max-video-preview:-1\" \/>\n<link rel=\"canonical\" href=\"https:\/\/www.oarcanjo.net\/site\/triduo-pascal-nossa-pascoa-sexta-feira-da-paixao-do-senhor\/\" \/>\n<meta property=\"og:locale\" content=\"pt_BR\" \/>\n<meta property=\"og:type\" content=\"article\" \/>\n<meta property=\"og:title\" content=\"Tr\u00edduo Pascal - nossa P\u00e1scoa - Sexta-feira da Paix\u00e3o do Senhor - O Arcanjo no ar\" \/>\n<meta property=\"og:description\" content=\"Na Sexta-feira Santa, dia de jejum e abstin\u00eancia de carne, tem lugar a celebra\u00e7\u00e3o da Paix\u00e3o do Senhor. Acontece \u00e0s tr\u00eas horas da tarde, hora em que Jesus morreu. O evangelista Jo\u00e3o identifica a morte de Jesus num tempo diferente de Mateus, Lucas e Marcos. Ele faz coincidir a morte de Jesus quando eram sacrificados [&hellip;]\" \/>\n<meta property=\"og:url\" content=\"https:\/\/www.oarcanjo.net\/site\/triduo-pascal-nossa-pascoa-sexta-feira-da-paixao-do-senhor\/\" \/>\n<meta property=\"og:site_name\" content=\"O Arcanjo no ar\" \/>\n<meta property=\"article:publisher\" content=\"https:\/\/www.facebook.com\/OArcanjoNoAr\/\" \/>\n<meta property=\"article:published_time\" content=\"2011-04-21T16:19:18+00:00\" \/>\n<meta property=\"article:modified_time\" content=\"2011-04-21T16:29:32+00:00\" \/>\n<meta property=\"og:image\" content=\"http:\/\/www.paulinas.org.br\/loja\/img\/produto\/147125.gif\" \/>\n<meta name=\"author\" content=\"editor\" \/>\n<meta name=\"twitter:card\" content=\"summary_large_image\" \/>\n<meta name=\"twitter:label1\" content=\"Escrito por\" \/>\n\t<meta name=\"twitter:data1\" content=\"editor\" \/>\n\t<meta name=\"twitter:label2\" content=\"Est. tempo de leitura\" \/>\n\t<meta name=\"twitter:data2\" content=\"3 minutos\" \/>\n<script type=\"application\/ld+json\" class=\"yoast-schema-graph\">{\"@context\":\"https:\/\/schema.org\",\"@graph\":[{\"@type\":\"Article\",\"@id\":\"https:\/\/www.oarcanjo.net\/site\/triduo-pascal-nossa-pascoa-sexta-feira-da-paixao-do-senhor\/#article\",\"isPartOf\":{\"@id\":\"https:\/\/www.oarcanjo.net\/site\/triduo-pascal-nossa-pascoa-sexta-feira-da-paixao-do-senhor\/\"},\"author\":{\"name\":\"editor\",\"@id\":\"https:\/\/www.oarcanjo.net\/site\/#\/schema\/person\/f7024d007863202483a31326673a0838\"},\"headline\":\"Tr\u00edduo Pascal &#8211; nossa P\u00e1scoa &#8211; Sexta-feira da Paix\u00e3o do Senhor\",\"datePublished\":\"2011-04-21T16:19:18+00:00\",\"dateModified\":\"2011-04-21T16:29:32+00:00\",\"mainEntityOfPage\":{\"@id\":\"https:\/\/www.oarcanjo.net\/site\/triduo-pascal-nossa-pascoa-sexta-feira-da-paixao-do-senhor\/\"},\"wordCount\":556,\"commentCount\":0,\"publisher\":{\"@id\":\"https:\/\/www.oarcanjo.net\/site\/#organization\"},\"image\":{\"@id\":\"https:\/\/www.oarcanjo.net\/site\/triduo-pascal-nossa-pascoa-sexta-feira-da-paixao-do-senhor\/#primaryimage\"},\"thumbnailUrl\":\"http:\/\/www.paulinas.org.br\/loja\/img\/produto\/147125.gif\",\"keywords\":[\"P\u00e1scoa\",\"Quaresma\",\"Tempos Lit\u00fargicos\",\"Tr\u00edduo Pascal\"],\"articleSection\":[\"Liturgia\",\"Tempos Lit\u00fargicos\"],\"inLanguage\":\"pt-BR\",\"potentialAction\":[{\"@type\":\"CommentAction\",\"name\":\"Comment\",\"target\":[\"https:\/\/www.oarcanjo.net\/site\/triduo-pascal-nossa-pascoa-sexta-feira-da-paixao-do-senhor\/#respond\"]}]},{\"@type\":\"WebPage\",\"@id\":\"https:\/\/www.oarcanjo.net\/site\/triduo-pascal-nossa-pascoa-sexta-feira-da-paixao-do-senhor\/\",\"url\":\"https:\/\/www.oarcanjo.net\/site\/triduo-pascal-nossa-pascoa-sexta-feira-da-paixao-do-senhor\/\",\"name\":\"Tr\u00edduo Pascal - nossa P\u00e1scoa - Sexta-feira da Paix\u00e3o do Senhor - O Arcanjo no ar\",\"isPartOf\":{\"@id\":\"https:\/\/www.oarcanjo.net\/site\/#website\"},\"primaryImageOfPage\":{\"@id\":\"https:\/\/www.oarcanjo.net\/site\/triduo-pascal-nossa-pascoa-sexta-feira-da-paixao-do-senhor\/#primaryimage\"},\"image\":{\"@id\":\"https:\/\/www.oarcanjo.net\/site\/triduo-pascal-nossa-pascoa-sexta-feira-da-paixao-do-senhor\/#primaryimage\"},\"thumbnailUrl\":\"http:\/\/www.paulinas.org.br\/loja\/img\/produto\/147125.gif\",\"datePublished\":\"2011-04-21T16:19:18+00:00\",\"dateModified\":\"2011-04-21T16:29:32+00:00\",\"breadcrumb\":{\"@id\":\"https:\/\/www.oarcanjo.net\/site\/triduo-pascal-nossa-pascoa-sexta-feira-da-paixao-do-senhor\/#breadcrumb\"},\"inLanguage\":\"pt-BR\",\"potentialAction\":[{\"@type\":\"ReadAction\",\"target\":[\"https:\/\/www.oarcanjo.net\/site\/triduo-pascal-nossa-pascoa-sexta-feira-da-paixao-do-senhor\/\"]}]},{\"@type\":\"ImageObject\",\"inLanguage\":\"pt-BR\",\"@id\":\"https:\/\/www.oarcanjo.net\/site\/triduo-pascal-nossa-pascoa-sexta-feira-da-paixao-do-senhor\/#primaryimage\",\"url\":\"http:\/\/www.paulinas.org.br\/loja\/img\/produto\/147125.gif\",\"contentUrl\":\"http:\/\/www.paulinas.org.br\/loja\/img\/produto\/147125.gif\"},{\"@type\":\"BreadcrumbList\",\"@id\":\"https:\/\/www.oarcanjo.net\/site\/triduo-pascal-nossa-pascoa-sexta-feira-da-paixao-do-senhor\/#breadcrumb\",\"itemListElement\":[{\"@type\":\"ListItem\",\"position\":1,\"name\":\"In\u00edcio\",\"item\":\"https:\/\/www.oarcanjo.net\/site\/\"},{\"@type\":\"ListItem\",\"position\":2,\"name\":\"Tr\u00edduo Pascal &#8211; nossa P\u00e1scoa &#8211; Sexta-feira da Paix\u00e3o do Senhor\"}]},{\"@type\":\"WebSite\",\"@id\":\"https:\/\/www.oarcanjo.net\/site\/#website\",\"url\":\"https:\/\/www.oarcanjo.net\/site\/\",\"name\":\"O Arcanjo no ar\",\"description\":\"Site da Par\u00f3quia S\u00e3o Miguel Arcanjo (Arquidiocese de SP)\",\"publisher\":{\"@id\":\"https:\/\/www.oarcanjo.net\/site\/#organization\"},\"potentialAction\":[{\"@type\":\"SearchAction\",\"target\":{\"@type\":\"EntryPoint\",\"urlTemplate\":\"https:\/\/www.oarcanjo.net\/site\/?s={search_term_string}\"},\"query-input\":{\"@type\":\"PropertyValueSpecification\",\"valueRequired\":true,\"valueName\":\"search_term_string\"}}],\"inLanguage\":\"pt-BR\"},{\"@type\":\"Organization\",\"@id\":\"https:\/\/www.oarcanjo.net\/site\/#organization\",\"name\":\"Par\u00f3quia S\u00e3o Miguel Arcanjo\",\"url\":\"https:\/\/www.oarcanjo.net\/site\/\",\"logo\":{\"@type\":\"ImageObject\",\"inLanguage\":\"pt-BR\",\"@id\":\"https:\/\/www.oarcanjo.net\/site\/#\/schema\/logo\/image\/\",\"url\":\"https:\/\/www.oarcanjo.net\/site\/wp-content\/uploads\/LogoOArcanjo.png\",\"contentUrl\":\"https:\/\/www.oarcanjo.net\/site\/wp-content\/uploads\/LogoOArcanjo.png\",\"width\":319,\"height\":99,\"caption\":\"Par\u00f3quia S\u00e3o Miguel Arcanjo\"},\"image\":{\"@id\":\"https:\/\/www.oarcanjo.net\/site\/#\/schema\/logo\/image\/\"},\"sameAs\":[\"https:\/\/www.facebook.com\/OArcanjoNoAr\/\"]},{\"@type\":\"Person\",\"@id\":\"https:\/\/www.oarcanjo.net\/site\/#\/schema\/person\/f7024d007863202483a31326673a0838\",\"name\":\"editor\",\"sameAs\":[\"http:\/\/www.oarcanjo.net\"]}]}<\/script>\n<!-- \/ Yoast SEO plugin. -->","yoast_head_json":{"title":"Tr\u00edduo Pascal - nossa P\u00e1scoa - Sexta-feira da Paix\u00e3o do Senhor - O Arcanjo no ar","robots":{"index":"index","follow":"follow","max-snippet":"max-snippet:-1","max-image-preview":"max-image-preview:large","max-video-preview":"max-video-preview:-1"},"canonical":"https:\/\/www.oarcanjo.net\/site\/triduo-pascal-nossa-pascoa-sexta-feira-da-paixao-do-senhor\/","og_locale":"pt_BR","og_type":"article","og_title":"Tr\u00edduo Pascal - nossa P\u00e1scoa - Sexta-feira da Paix\u00e3o do Senhor - O Arcanjo no ar","og_description":"Na Sexta-feira Santa, dia de jejum e abstin\u00eancia de carne, tem lugar a celebra\u00e7\u00e3o da Paix\u00e3o do Senhor. Acontece \u00e0s tr\u00eas horas da tarde, hora em que Jesus morreu. O evangelista Jo\u00e3o identifica a morte de Jesus num tempo diferente de Mateus, Lucas e Marcos. Ele faz coincidir a morte de Jesus quando eram sacrificados [&hellip;]","og_url":"https:\/\/www.oarcanjo.net\/site\/triduo-pascal-nossa-pascoa-sexta-feira-da-paixao-do-senhor\/","og_site_name":"O Arcanjo no ar","article_publisher":"https:\/\/www.facebook.com\/OArcanjoNoAr\/","article_published_time":"2011-04-21T16:19:18+00:00","article_modified_time":"2011-04-21T16:29:32+00:00","og_image":[{"url":"http:\/\/www.paulinas.org.br\/loja\/img\/produto\/147125.gif"}],"author":"editor","twitter_card":"summary_large_image","twitter_misc":{"Escrito por":"editor","Est. tempo de leitura":"3 minutos"},"schema":{"@context":"https:\/\/schema.org","@graph":[{"@type":"Article","@id":"https:\/\/www.oarcanjo.net\/site\/triduo-pascal-nossa-pascoa-sexta-feira-da-paixao-do-senhor\/#article","isPartOf":{"@id":"https:\/\/www.oarcanjo.net\/site\/triduo-pascal-nossa-pascoa-sexta-feira-da-paixao-do-senhor\/"},"author":{"name":"editor","@id":"https:\/\/www.oarcanjo.net\/site\/#\/schema\/person\/f7024d007863202483a31326673a0838"},"headline":"Tr\u00edduo Pascal &#8211; nossa P\u00e1scoa &#8211; Sexta-feira da Paix\u00e3o do Senhor","datePublished":"2011-04-21T16:19:18+00:00","dateModified":"2011-04-21T16:29:32+00:00","mainEntityOfPage":{"@id":"https:\/\/www.oarcanjo.net\/site\/triduo-pascal-nossa-pascoa-sexta-feira-da-paixao-do-senhor\/"},"wordCount":556,"commentCount":0,"publisher":{"@id":"https:\/\/www.oarcanjo.net\/site\/#organization"},"image":{"@id":"https:\/\/www.oarcanjo.net\/site\/triduo-pascal-nossa-pascoa-sexta-feira-da-paixao-do-senhor\/#primaryimage"},"thumbnailUrl":"http:\/\/www.paulinas.org.br\/loja\/img\/produto\/147125.gif","keywords":["P\u00e1scoa","Quaresma","Tempos Lit\u00fargicos","Tr\u00edduo Pascal"],"articleSection":["Liturgia","Tempos Lit\u00fargicos"],"inLanguage":"pt-BR","potentialAction":[{"@type":"CommentAction","name":"Comment","target":["https:\/\/www.oarcanjo.net\/site\/triduo-pascal-nossa-pascoa-sexta-feira-da-paixao-do-senhor\/#respond"]}]},{"@type":"WebPage","@id":"https:\/\/www.oarcanjo.net\/site\/triduo-pascal-nossa-pascoa-sexta-feira-da-paixao-do-senhor\/","url":"https:\/\/www.oarcanjo.net\/site\/triduo-pascal-nossa-pascoa-sexta-feira-da-paixao-do-senhor\/","name":"Tr\u00edduo Pascal - nossa P\u00e1scoa - Sexta-feira da Paix\u00e3o do Senhor - O Arcanjo no ar","isPartOf":{"@id":"https:\/\/www.oarcanjo.net\/site\/#website"},"primaryImageOfPage":{"@id":"https:\/\/www.oarcanjo.net\/site\/triduo-pascal-nossa-pascoa-sexta-feira-da-paixao-do-senhor\/#primaryimage"},"image":{"@id":"https:\/\/www.oarcanjo.net\/site\/triduo-pascal-nossa-pascoa-sexta-feira-da-paixao-do-senhor\/#primaryimage"},"thumbnailUrl":"http:\/\/www.paulinas.org.br\/loja\/img\/produto\/147125.gif","datePublished":"2011-04-21T16:19:18+00:00","dateModified":"2011-04-21T16:29:32+00:00","breadcrumb":{"@id":"https:\/\/www.oarcanjo.net\/site\/triduo-pascal-nossa-pascoa-sexta-feira-da-paixao-do-senhor\/#breadcrumb"},"inLanguage":"pt-BR","potentialAction":[{"@type":"ReadAction","target":["https:\/\/www.oarcanjo.net\/site\/triduo-pascal-nossa-pascoa-sexta-feira-da-paixao-do-senhor\/"]}]},{"@type":"ImageObject","inLanguage":"pt-BR","@id":"https:\/\/www.oarcanjo.net\/site\/triduo-pascal-nossa-pascoa-sexta-feira-da-paixao-do-senhor\/#primaryimage","url":"http:\/\/www.paulinas.org.br\/loja\/img\/produto\/147125.gif","contentUrl":"http:\/\/www.paulinas.org.br\/loja\/img\/produto\/147125.gif"},{"@type":"BreadcrumbList","@id":"https:\/\/www.oarcanjo.net\/site\/triduo-pascal-nossa-pascoa-sexta-feira-da-paixao-do-senhor\/#breadcrumb","itemListElement":[{"@type":"ListItem","position":1,"name":"In\u00edcio","item":"https:\/\/www.oarcanjo.net\/site\/"},{"@type":"ListItem","position":2,"name":"Tr\u00edduo Pascal &#8211; nossa P\u00e1scoa &#8211; Sexta-feira da Paix\u00e3o do Senhor"}]},{"@type":"WebSite","@id":"https:\/\/www.oarcanjo.net\/site\/#website","url":"https:\/\/www.oarcanjo.net\/site\/","name":"O Arcanjo no ar","description":"Site da Par\u00f3quia S\u00e3o Miguel Arcanjo (Arquidiocese de SP)","publisher":{"@id":"https:\/\/www.oarcanjo.net\/site\/#organization"},"potentialAction":[{"@type":"SearchAction","target":{"@type":"EntryPoint","urlTemplate":"https:\/\/www.oarcanjo.net\/site\/?s={search_term_string}"},"query-input":{"@type":"PropertyValueSpecification","valueRequired":true,"valueName":"search_term_string"}}],"inLanguage":"pt-BR"},{"@type":"Organization","@id":"https:\/\/www.oarcanjo.net\/site\/#organization","name":"Par\u00f3quia S\u00e3o Miguel Arcanjo","url":"https:\/\/www.oarcanjo.net\/site\/","logo":{"@type":"ImageObject","inLanguage":"pt-BR","@id":"https:\/\/www.oarcanjo.net\/site\/#\/schema\/logo\/image\/","url":"https:\/\/www.oarcanjo.net\/site\/wp-content\/uploads\/LogoOArcanjo.png","contentUrl":"https:\/\/www.oarcanjo.net\/site\/wp-content\/uploads\/LogoOArcanjo.png","width":319,"height":99,"caption":"Par\u00f3quia S\u00e3o Miguel Arcanjo"},"image":{"@id":"https:\/\/www.oarcanjo.net\/site\/#\/schema\/logo\/image\/"},"sameAs":["https:\/\/www.facebook.com\/OArcanjoNoAr\/"]},{"@type":"Person","@id":"https:\/\/www.oarcanjo.net\/site\/#\/schema\/person\/f7024d007863202483a31326673a0838","name":"editor","sameAs":["http:\/\/www.oarcanjo.net"]}]}},"publishpress_future_action":{"enabled":false,"date":"2026-05-08 23:18:06","action":"category","newStatus":"draft","terms":[],"taxonomy":"category"},"publishpress_future_workflow_manual_trigger":{"enabledWorkflows":[]},"_links":{"self":[{"href":"https:\/\/www.oarcanjo.net\/site\/wp-json\/wp\/v2\/posts\/13984"}],"collection":[{"href":"https:\/\/www.oarcanjo.net\/site\/wp-json\/wp\/v2\/posts"}],"about":[{"href":"https:\/\/www.oarcanjo.net\/site\/wp-json\/wp\/v2\/types\/post"}],"author":[{"embeddable":true,"href":"https:\/\/www.oarcanjo.net\/site\/wp-json\/wp\/v2\/users\/5"}],"replies":[{"embeddable":true,"href":"https:\/\/www.oarcanjo.net\/site\/wp-json\/wp\/v2\/comments?post=13984"}],"version-history":[{"count":0,"href":"https:\/\/www.oarcanjo.net\/site\/wp-json\/wp\/v2\/posts\/13984\/revisions"}],"wp:attachment":[{"href":"https:\/\/www.oarcanjo.net\/site\/wp-json\/wp\/v2\/media?parent=13984"}],"wp:term":[{"taxonomy":"category","embeddable":true,"href":"https:\/\/www.oarcanjo.net\/site\/wp-json\/wp\/v2\/categories?post=13984"},{"taxonomy":"post_tag","embeddable":true,"href":"https:\/\/www.oarcanjo.net\/site\/wp-json\/wp\/v2\/tags?post=13984"}],"curies":[{"name":"wp","href":"https:\/\/api.w.org\/{rel}","templated":true}]}}