
{"id":13994,"date":"2011-04-23T01:37:17","date_gmt":"2011-04-23T04:37:17","guid":{"rendered":"http:\/\/www.oarcanjo.net\/site\/?p=13994"},"modified":"2011-04-24T04:45:56","modified_gmt":"2011-04-24T07:45:56","slug":"triduo-pascal-a-nossa-pascoa-sabado-santo","status":"publish","type":"post","link":"https:\/\/www.oarcanjo.net\/site\/triduo-pascal-a-nossa-pascoa-sabado-santo\/","title":{"rendered":"Tr\u00edduo Pascal &#8211; a nossa P\u00e1scoa &#8211; S\u00e1bado Santo"},"content":{"rendered":"<p><strong>S\u00e1bado Santo<\/strong><\/p>\n<p>A Vig\u00edlia Pascal, &#8220;m\u00e3e de todas as santas vig\u00edlias&#8221;, celebrada no S\u00e1bado Santo, deve realizar-se\u00a0\u00e0 noite, de tal modo que comece depois\u00a0do anoitecer ou termine antes da aurora\u00a0do domingo. \u00c9 a celebra\u00e7\u00e3o mais importante do ano lit\u00fargico. Nela se comemora a Ressurrei\u00e7\u00e3o de Jesus, com os sinais do fogo, da palavra, da \u00e1gua, do p\u00e3o e do vinho.<\/p>\n<p>A Ressurrei\u00e7\u00e3o \u00e9 um acontecimento que est\u00e1 no centro da experi\u00eancia religiosa que Jesus Cristo fez de Deus. Ela, o cume do caminho feito por Jesus Cristo, \u00e9 o mist\u00e9rio da f\u00e9 crist\u00e3: sua Encarna\u00e7\u00e3o (o divino humanizado e o humano divinizado), sua Vida (seus gestos e palavras), sua Paix\u00e3o (tudo aquilo que diz respeito a seu sofrimento) e sua Crucifix\u00e3o (morte violenta na cruz). Com a Ressurrei\u00e7\u00e3o, esses mist\u00e9rios se esclarecem, e os seguidores de Jesus Cristo descobrem quem ele \u00e9, qual \u00e9 sua miss\u00e3o e qual \u00e9 seu futuro.<\/p>\n<p>A Ressurrei\u00e7\u00e3o ilumina e d\u00e1 sentido ao presente, pois a luz do Ressuscitado dissipa as d\u00favidas e incertezas da morte e a sensa\u00e7\u00e3o de que tudo est\u00e1 perdido, ou de que a Crucifix\u00e3o foi o fim de tudo. Mas a Ressurrei\u00e7\u00e3o projeta luz tamb\u00e9m sobre o futuro, pois o Ressuscitado inaugura um tempo novo de esperan\u00e7a, em um mundo mais de acordo com os des\u00edgnios de Deus Pai.<\/p>\n<p>&#8220;A Ressurrei\u00e7\u00e3o constitui antes de mais nasa a confirma\u00e7\u00e3o de tudo o que o pr\u00f3prio Cristo fez e ensinou&#8221;. Ao ressuscitar, Cristo deu a prova definitiva, que havia prometido, de sua autoridade divina. A Ressurrei\u00e7\u00e3o do Crucificado demonstou que ele era verdadeiramente o Filho de Deus e Deus mesmo (EU SOU).<\/p>\n<p>H\u00e1 um duplo aspecto no Mist\u00e9rio Pascal: por sua Morte Jesus nos liberta do pecado, por sua Ressurrei\u00e7\u00e3o ele nos abre as portas de uma nova vida. Essa \u00e9 primeiramente a justifica\u00e7\u00e3o que nos restitui a gra\u00e7a de Deus, &#8216;a fim de que, como Cristo foi ressuscitado dentre os mortos pela gl\u00f3ria do Pai, assim tamb\u00e9m n\u00f3s vivamos vida nova&#8217; (Rm 6,4). Esta consiste na vit\u00f3ria sobre a morte do pecado e na nova participa\u00e7\u00e3o na gra\u00e7a.<\/p>\n<p>O pr\u00f3prio Cristo ressuscitado \u00e9 princ\u00edpio e fonte de nossa Ressurrei\u00e7\u00e3o futura: &#8216;Cristo ressuscitou dos mortos, prim\u00edcias dos que adormecem [&#8230;]; assim como todos morreram em Ad\u00e3o, em Cristo todos receber\u00e3o a vida&#8217; (1Cor 15,20-22). Na expectativa dessa realiza\u00e7\u00e3o, Cristo ressuscitado vive no cora\u00e7\u00e3o de seus fi\u00e9is. Nele, os crist\u00e3os &#8216;experimentaram [&#8230;] as for\u00e7as do mundo que \u00e1 de vir&#8217; (Hb 6,5) e suas vidas s\u00e3o atra\u00eddas por Cristo \u00a0ao seio da vida divina, &#8216;a fim de que n\u00e3o vivam mais para si mesmos, mas aquele que morreu e ressiscitou por eles (2Cor 5,19)&#8221; (cf. Catecismo da Igreja Cat\u00f3lica, nn. 651-655).<\/p>\n<p><strong>Celebra\u00e7\u00e3o da Luz<\/strong><\/p>\n<p>A celebra\u00e7\u00e3o come\u00e7a com a ben\u00e7\u00e3o do fogo nova fora da igreja. A comunidade se re\u00fane em redor da fogueira, sinal de Jesus, nossa luz. O coment\u00e1rio antes da b\u00ean\u00e7\u00e3o do fogo bem expressa o sentido do rito: &#8220;Nesta noite santa, em que Nosso Senhor Jesus Cristo passou da morte \u00e0 Vida , a Igreja \u00a0convida os seus filhos dispersos por toda a terra a se reunirem em vig\u00edlia e ora\u00e7\u00e3o. Se comemorarmos a P\u00e1scoa do Senhor ouvindo sua palavra e celebrando seus mist\u00e9rios, podemos ter a firme esperan\u00e7a de participar do seu triunfo sobre a morte e de sua vida em Deus.&#8221;<\/p>\n<p>Cristo \u00e9 a luz do mundo. Por isto, \u00e9 aceso o grande c\u00edrio pascal, e nele s\u00e3o colocados os cinco gr\u00e3os de incenso lembrando as cinco chagas do cruxificado. Nele est\u00e1 gravado o ano em curso em que a P\u00e1scoa \u00e9 rememorada \u00a0como salva\u00e7\u00e3o atual para todos os que creem. Aquele que preside acende o c\u00edrio na fogueira e depois toda a assembleia acende suas velas no c\u00edrio. Ele canta: &#8220;A luz de Cristo&#8221;. A luz entra vitoriosa na igreja ainda \u00e0s escuras, depois se entoa a proclama\u00e7\u00e3o da P\u00e1scoa, e todas as luzes s\u00e3o acesas, pois Cristo, nossa luz, venceu as trevas da morte com seu sacrif\u00edcio na cruz.<\/p>\n<p><strong>Liturgia da Palavra<\/strong><\/p>\n<p>Prop\u00f5em-se sete leituras do Primeiro Testamento, que recordam as maravilhas de Deus na hist\u00f3ria da salva\u00e7\u00e3o, e duas do Segundo Testamento, a saber, a leitura de Paulo aos Romanos sobre o Batismo crist\u00e3o como sacramento da Ressurrei\u00e7\u00e3o de Cristo e o an\u00fancio da Ressurrei\u00e7\u00e3o no Evangelho de Jo\u00e3o. Por raz\u00f5es pastorais, podem-se reduzir a tr\u00eas as leituras do Primeiro Testamento, tendo-se, por\u00e9m, em conta que a leitura da Palavra de Deus \u00e9 o principal elemento desta Vig\u00edlia. A leitura da travessia do Mar Vermelho (cf. Ex 14) nunca pode ser omitida.<\/p>\n<p>A ordem das leituras reproduz o dinamismo da mesma revela\u00e7\u00e3o: come\u00e7a com a cria\u00e7\u00e3o e continua com o sacrif\u00edcio de Isaac e com a passagem do Mar Vermelho; daqui se passa aos profetas, que exortam \u00e0 fidelidade da Alian\u00e7a e anunciam a Nova Alian\u00e7a. Assim revelam o pensamento de Deus sobre a salva\u00e7\u00e3o hist\u00f3rica da P\u00e1scoa antiga e nova. A liturgia da Vig\u00edlia ressalta a passagem das leituras do Antigo Testamento para as do Novo: para significar este <em>tr\u00e2nsito<\/em>, antes da proclama\u00e7\u00e3o da Carta aos Romanos, acendem-se as velas do altar, entoa-se o Gl\u00f3ria, tocam-se os sinos. Antes do Evangelho, entoa-se solenemente o Aleluia.<\/p>\n<p><strong>Liturgia Batismal<\/strong><\/p>\n<p>Nesta Vig\u00edlia \u00e9 preparada a \u00e1gua batismal, pois celebramos a inicia\u00e7\u00e3o crist\u00e3 dos adultos nesta noite. \u00c9 cantada a ladainha de todos os santos. Estes s\u00e3o exemplos de vida crist\u00e3 e intercedem junto a Deus por n\u00f3s e pelos eleitos, a fim de que tenhamos for\u00e7a para viver nosso Batismo. Depois, os eleitos adultos s\u00e3o batizados e confirmados. Tamb\u00e9m os fi\u00e9is renovam seus compromissos batismais e s\u00e3o aspergidos com \u00e1gua.<\/p>\n<p><strong>Liturgia Eucar\u00edstica<\/strong><\/p>\n<p>Os adultos que foram batizados apresentam as oferendas e recebem a Eucaristia pela primeira vez. O crucificado ressuscitou e passou a ser uma presen\u00e7a sacramentalmente viva na comunidade por meio da Eucaristia, que \u00e9 o cume desta celebra\u00e7\u00e3o. Tudo converge para ela e s\u00f3 ela a cont\u00e9m inteiramente. A nova P\u00e1scoa \u00e9 eucar\u00edstica. Esta noite \u00e9 por excel\u00eancia a noite do sacramento pascal. A Eucaristia \u00e9 o memorial da P\u00e1scoa de Cristo e a antecipa\u00e7\u00e3o daquela do c\u00e9u. Por ela a Igreja participa da novidade pascal de Jesus ressuscitado.<\/p>\n<p>&nbsp;<\/p>\n<p><a title=\"P\u00e1gina do produto na livraria virtual Paulinas\" href=\"http:\/\/www.paulinas.org.br\/loja\/DetalheProduto.aspx?idProduto=9354\" target=\"_blank\"><img decoding=\"async\" src=\"http:\/\/www.paulinas.org.br\/loja\/img\/produto\/147125.gif\" alt=\"\" \/><\/a><strong><br \/>\n<em><a title=\"P\u00e1gina do produto na livraria virtual Paulinas\" href=\"http:\/\/www.paulinas.org.br\/loja\/DetalheProduto.aspx?idProduto=9354\" target=\"_blank\">Tr\u00edduo Pascal &#8211; a nossa P\u00e1scoa<\/a><\/em><\/strong><\/p>\n<p><strong><em>Paulinas<\/em><\/strong><\/p>\n<div id=\"themify_builder_content-13994\" data-postid=\"13994\" class=\"themify_builder_content themify_builder_content-13994 themify_builder themify_builder_front\">\n\t<\/div>\n<!-- \/themify_builder_content -->","protected":false},"excerpt":{"rendered":"<p>S\u00e1bado Santo A Vig\u00edlia Pascal, &#8220;m\u00e3e de todas as santas vig\u00edlias&#8221;, celebrada no S\u00e1bado Santo, deve realizar-se\u00a0\u00e0 noite, de tal modo que comece depois\u00a0do anoitecer ou termine antes da aurora\u00a0do domingo. \u00c9 a celebra\u00e7\u00e3o mais importante do ano lit\u00fargico. Nela se comemora a Ressurrei\u00e7\u00e3o de Jesus, com os sinais do fogo, da palavra, da \u00e1gua, [&hellip;]<\/p>\n","protected":false},"author":5,"featured_media":0,"comment_status":"open","ping_status":"open","sticky":false,"template":"","format":"standard","meta":{"ngg_post_thumbnail":0,"footnotes":""},"categories":[109,1780],"tags":[242,227,3211,1541],"yoast_head":"<!-- This site is optimized with the Yoast SEO plugin v23.5 - https:\/\/yoast.com\/wordpress\/plugins\/seo\/ -->\n<title>Tr\u00edduo Pascal - a nossa P\u00e1scoa - S\u00e1bado Santo - O Arcanjo no ar<\/title>\n<meta name=\"robots\" content=\"index, follow, max-snippet:-1, max-image-preview:large, max-video-preview:-1\" \/>\n<link rel=\"canonical\" href=\"https:\/\/www.oarcanjo.net\/site\/triduo-pascal-a-nossa-pascoa-sabado-santo\/\" \/>\n<meta property=\"og:locale\" content=\"pt_BR\" \/>\n<meta property=\"og:type\" content=\"article\" \/>\n<meta property=\"og:title\" content=\"Tr\u00edduo Pascal - a nossa P\u00e1scoa - S\u00e1bado Santo - O Arcanjo no ar\" \/>\n<meta property=\"og:description\" content=\"S\u00e1bado Santo A Vig\u00edlia Pascal, &#8220;m\u00e3e de todas as santas vig\u00edlias&#8221;, celebrada no S\u00e1bado Santo, deve realizar-se\u00a0\u00e0 noite, de tal modo que comece depois\u00a0do anoitecer ou termine antes da aurora\u00a0do domingo. \u00c9 a celebra\u00e7\u00e3o mais importante do ano lit\u00fargico. Nela se comemora a Ressurrei\u00e7\u00e3o de Jesus, com os sinais do fogo, da palavra, da \u00e1gua, [&hellip;]\" \/>\n<meta property=\"og:url\" content=\"https:\/\/www.oarcanjo.net\/site\/triduo-pascal-a-nossa-pascoa-sabado-santo\/\" \/>\n<meta property=\"og:site_name\" content=\"O Arcanjo no ar\" \/>\n<meta property=\"article:publisher\" content=\"https:\/\/www.facebook.com\/OArcanjoNoAr\/\" \/>\n<meta property=\"article:published_time\" content=\"2011-04-23T04:37:17+00:00\" \/>\n<meta property=\"article:modified_time\" content=\"2011-04-24T07:45:56+00:00\" \/>\n<meta property=\"og:image\" content=\"http:\/\/www.paulinas.org.br\/loja\/img\/produto\/147125.gif\" \/>\n<meta name=\"author\" content=\"editor\" \/>\n<meta name=\"twitter:card\" content=\"summary_large_image\" \/>\n<meta name=\"twitter:label1\" content=\"Escrito por\" \/>\n\t<meta name=\"twitter:data1\" content=\"editor\" \/>\n\t<meta name=\"twitter:label2\" content=\"Est. tempo de leitura\" \/>\n\t<meta name=\"twitter:data2\" content=\"6 minutos\" \/>\n<script type=\"application\/ld+json\" class=\"yoast-schema-graph\">{\"@context\":\"https:\/\/schema.org\",\"@graph\":[{\"@type\":\"Article\",\"@id\":\"https:\/\/www.oarcanjo.net\/site\/triduo-pascal-a-nossa-pascoa-sabado-santo\/#article\",\"isPartOf\":{\"@id\":\"https:\/\/www.oarcanjo.net\/site\/triduo-pascal-a-nossa-pascoa-sabado-santo\/\"},\"author\":{\"name\":\"editor\",\"@id\":\"https:\/\/www.oarcanjo.net\/site\/#\/schema\/person\/f7024d007863202483a31326673a0838\"},\"headline\":\"Tr\u00edduo Pascal &#8211; a nossa P\u00e1scoa &#8211; S\u00e1bado Santo\",\"datePublished\":\"2011-04-23T04:37:17+00:00\",\"dateModified\":\"2011-04-24T07:45:56+00:00\",\"mainEntityOfPage\":{\"@id\":\"https:\/\/www.oarcanjo.net\/site\/triduo-pascal-a-nossa-pascoa-sabado-santo\/\"},\"wordCount\":1144,\"commentCount\":0,\"publisher\":{\"@id\":\"https:\/\/www.oarcanjo.net\/site\/#organization\"},\"image\":{\"@id\":\"https:\/\/www.oarcanjo.net\/site\/triduo-pascal-a-nossa-pascoa-sabado-santo\/#primaryimage\"},\"thumbnailUrl\":\"http:\/\/www.paulinas.org.br\/loja\/img\/produto\/147125.gif\",\"keywords\":[\"P\u00e1scoa\",\"Quaresma\",\"Tempos Lit\u00fargicos\",\"Tr\u00edduo Pascal\"],\"articleSection\":[\"Liturgia\",\"Tempos Lit\u00fargicos\"],\"inLanguage\":\"pt-BR\",\"potentialAction\":[{\"@type\":\"CommentAction\",\"name\":\"Comment\",\"target\":[\"https:\/\/www.oarcanjo.net\/site\/triduo-pascal-a-nossa-pascoa-sabado-santo\/#respond\"]}]},{\"@type\":\"WebPage\",\"@id\":\"https:\/\/www.oarcanjo.net\/site\/triduo-pascal-a-nossa-pascoa-sabado-santo\/\",\"url\":\"https:\/\/www.oarcanjo.net\/site\/triduo-pascal-a-nossa-pascoa-sabado-santo\/\",\"name\":\"Tr\u00edduo Pascal - a nossa P\u00e1scoa - S\u00e1bado Santo - O Arcanjo no ar\",\"isPartOf\":{\"@id\":\"https:\/\/www.oarcanjo.net\/site\/#website\"},\"primaryImageOfPage\":{\"@id\":\"https:\/\/www.oarcanjo.net\/site\/triduo-pascal-a-nossa-pascoa-sabado-santo\/#primaryimage\"},\"image\":{\"@id\":\"https:\/\/www.oarcanjo.net\/site\/triduo-pascal-a-nossa-pascoa-sabado-santo\/#primaryimage\"},\"thumbnailUrl\":\"http:\/\/www.paulinas.org.br\/loja\/img\/produto\/147125.gif\",\"datePublished\":\"2011-04-23T04:37:17+00:00\",\"dateModified\":\"2011-04-24T07:45:56+00:00\",\"breadcrumb\":{\"@id\":\"https:\/\/www.oarcanjo.net\/site\/triduo-pascal-a-nossa-pascoa-sabado-santo\/#breadcrumb\"},\"inLanguage\":\"pt-BR\",\"potentialAction\":[{\"@type\":\"ReadAction\",\"target\":[\"https:\/\/www.oarcanjo.net\/site\/triduo-pascal-a-nossa-pascoa-sabado-santo\/\"]}]},{\"@type\":\"ImageObject\",\"inLanguage\":\"pt-BR\",\"@id\":\"https:\/\/www.oarcanjo.net\/site\/triduo-pascal-a-nossa-pascoa-sabado-santo\/#primaryimage\",\"url\":\"http:\/\/www.paulinas.org.br\/loja\/img\/produto\/147125.gif\",\"contentUrl\":\"http:\/\/www.paulinas.org.br\/loja\/img\/produto\/147125.gif\"},{\"@type\":\"BreadcrumbList\",\"@id\":\"https:\/\/www.oarcanjo.net\/site\/triduo-pascal-a-nossa-pascoa-sabado-santo\/#breadcrumb\",\"itemListElement\":[{\"@type\":\"ListItem\",\"position\":1,\"name\":\"In\u00edcio\",\"item\":\"https:\/\/www.oarcanjo.net\/site\/\"},{\"@type\":\"ListItem\",\"position\":2,\"name\":\"Tr\u00edduo Pascal &#8211; a nossa P\u00e1scoa &#8211; S\u00e1bado Santo\"}]},{\"@type\":\"WebSite\",\"@id\":\"https:\/\/www.oarcanjo.net\/site\/#website\",\"url\":\"https:\/\/www.oarcanjo.net\/site\/\",\"name\":\"O Arcanjo no ar\",\"description\":\"Site da Par\u00f3quia S\u00e3o Miguel Arcanjo (Arquidiocese de SP)\",\"publisher\":{\"@id\":\"https:\/\/www.oarcanjo.net\/site\/#organization\"},\"potentialAction\":[{\"@type\":\"SearchAction\",\"target\":{\"@type\":\"EntryPoint\",\"urlTemplate\":\"https:\/\/www.oarcanjo.net\/site\/?s={search_term_string}\"},\"query-input\":{\"@type\":\"PropertyValueSpecification\",\"valueRequired\":true,\"valueName\":\"search_term_string\"}}],\"inLanguage\":\"pt-BR\"},{\"@type\":\"Organization\",\"@id\":\"https:\/\/www.oarcanjo.net\/site\/#organization\",\"name\":\"Par\u00f3quia S\u00e3o Miguel Arcanjo\",\"url\":\"https:\/\/www.oarcanjo.net\/site\/\",\"logo\":{\"@type\":\"ImageObject\",\"inLanguage\":\"pt-BR\",\"@id\":\"https:\/\/www.oarcanjo.net\/site\/#\/schema\/logo\/image\/\",\"url\":\"https:\/\/www.oarcanjo.net\/site\/wp-content\/uploads\/LogoOArcanjo.png\",\"contentUrl\":\"https:\/\/www.oarcanjo.net\/site\/wp-content\/uploads\/LogoOArcanjo.png\",\"width\":319,\"height\":99,\"caption\":\"Par\u00f3quia S\u00e3o Miguel Arcanjo\"},\"image\":{\"@id\":\"https:\/\/www.oarcanjo.net\/site\/#\/schema\/logo\/image\/\"},\"sameAs\":[\"https:\/\/www.facebook.com\/OArcanjoNoAr\/\"]},{\"@type\":\"Person\",\"@id\":\"https:\/\/www.oarcanjo.net\/site\/#\/schema\/person\/f7024d007863202483a31326673a0838\",\"name\":\"editor\",\"sameAs\":[\"http:\/\/www.oarcanjo.net\"]}]}<\/script>\n<!-- \/ Yoast SEO plugin. -->","yoast_head_json":{"title":"Tr\u00edduo Pascal - a nossa P\u00e1scoa - S\u00e1bado Santo - O Arcanjo no ar","robots":{"index":"index","follow":"follow","max-snippet":"max-snippet:-1","max-image-preview":"max-image-preview:large","max-video-preview":"max-video-preview:-1"},"canonical":"https:\/\/www.oarcanjo.net\/site\/triduo-pascal-a-nossa-pascoa-sabado-santo\/","og_locale":"pt_BR","og_type":"article","og_title":"Tr\u00edduo Pascal - a nossa P\u00e1scoa - S\u00e1bado Santo - O Arcanjo no ar","og_description":"S\u00e1bado Santo A Vig\u00edlia Pascal, &#8220;m\u00e3e de todas as santas vig\u00edlias&#8221;, celebrada no S\u00e1bado Santo, deve realizar-se\u00a0\u00e0 noite, de tal modo que comece depois\u00a0do anoitecer ou termine antes da aurora\u00a0do domingo. \u00c9 a celebra\u00e7\u00e3o mais importante do ano lit\u00fargico. Nela se comemora a Ressurrei\u00e7\u00e3o de Jesus, com os sinais do fogo, da palavra, da \u00e1gua, [&hellip;]","og_url":"https:\/\/www.oarcanjo.net\/site\/triduo-pascal-a-nossa-pascoa-sabado-santo\/","og_site_name":"O Arcanjo no ar","article_publisher":"https:\/\/www.facebook.com\/OArcanjoNoAr\/","article_published_time":"2011-04-23T04:37:17+00:00","article_modified_time":"2011-04-24T07:45:56+00:00","og_image":[{"url":"http:\/\/www.paulinas.org.br\/loja\/img\/produto\/147125.gif"}],"author":"editor","twitter_card":"summary_large_image","twitter_misc":{"Escrito por":"editor","Est. tempo de leitura":"6 minutos"},"schema":{"@context":"https:\/\/schema.org","@graph":[{"@type":"Article","@id":"https:\/\/www.oarcanjo.net\/site\/triduo-pascal-a-nossa-pascoa-sabado-santo\/#article","isPartOf":{"@id":"https:\/\/www.oarcanjo.net\/site\/triduo-pascal-a-nossa-pascoa-sabado-santo\/"},"author":{"name":"editor","@id":"https:\/\/www.oarcanjo.net\/site\/#\/schema\/person\/f7024d007863202483a31326673a0838"},"headline":"Tr\u00edduo Pascal &#8211; a nossa P\u00e1scoa &#8211; S\u00e1bado Santo","datePublished":"2011-04-23T04:37:17+00:00","dateModified":"2011-04-24T07:45:56+00:00","mainEntityOfPage":{"@id":"https:\/\/www.oarcanjo.net\/site\/triduo-pascal-a-nossa-pascoa-sabado-santo\/"},"wordCount":1144,"commentCount":0,"publisher":{"@id":"https:\/\/www.oarcanjo.net\/site\/#organization"},"image":{"@id":"https:\/\/www.oarcanjo.net\/site\/triduo-pascal-a-nossa-pascoa-sabado-santo\/#primaryimage"},"thumbnailUrl":"http:\/\/www.paulinas.org.br\/loja\/img\/produto\/147125.gif","keywords":["P\u00e1scoa","Quaresma","Tempos Lit\u00fargicos","Tr\u00edduo Pascal"],"articleSection":["Liturgia","Tempos Lit\u00fargicos"],"inLanguage":"pt-BR","potentialAction":[{"@type":"CommentAction","name":"Comment","target":["https:\/\/www.oarcanjo.net\/site\/triduo-pascal-a-nossa-pascoa-sabado-santo\/#respond"]}]},{"@type":"WebPage","@id":"https:\/\/www.oarcanjo.net\/site\/triduo-pascal-a-nossa-pascoa-sabado-santo\/","url":"https:\/\/www.oarcanjo.net\/site\/triduo-pascal-a-nossa-pascoa-sabado-santo\/","name":"Tr\u00edduo Pascal - a nossa P\u00e1scoa - S\u00e1bado Santo - O Arcanjo no ar","isPartOf":{"@id":"https:\/\/www.oarcanjo.net\/site\/#website"},"primaryImageOfPage":{"@id":"https:\/\/www.oarcanjo.net\/site\/triduo-pascal-a-nossa-pascoa-sabado-santo\/#primaryimage"},"image":{"@id":"https:\/\/www.oarcanjo.net\/site\/triduo-pascal-a-nossa-pascoa-sabado-santo\/#primaryimage"},"thumbnailUrl":"http:\/\/www.paulinas.org.br\/loja\/img\/produto\/147125.gif","datePublished":"2011-04-23T04:37:17+00:00","dateModified":"2011-04-24T07:45:56+00:00","breadcrumb":{"@id":"https:\/\/www.oarcanjo.net\/site\/triduo-pascal-a-nossa-pascoa-sabado-santo\/#breadcrumb"},"inLanguage":"pt-BR","potentialAction":[{"@type":"ReadAction","target":["https:\/\/www.oarcanjo.net\/site\/triduo-pascal-a-nossa-pascoa-sabado-santo\/"]}]},{"@type":"ImageObject","inLanguage":"pt-BR","@id":"https:\/\/www.oarcanjo.net\/site\/triduo-pascal-a-nossa-pascoa-sabado-santo\/#primaryimage","url":"http:\/\/www.paulinas.org.br\/loja\/img\/produto\/147125.gif","contentUrl":"http:\/\/www.paulinas.org.br\/loja\/img\/produto\/147125.gif"},{"@type":"BreadcrumbList","@id":"https:\/\/www.oarcanjo.net\/site\/triduo-pascal-a-nossa-pascoa-sabado-santo\/#breadcrumb","itemListElement":[{"@type":"ListItem","position":1,"name":"In\u00edcio","item":"https:\/\/www.oarcanjo.net\/site\/"},{"@type":"ListItem","position":2,"name":"Tr\u00edduo Pascal &#8211; a nossa P\u00e1scoa &#8211; S\u00e1bado Santo"}]},{"@type":"WebSite","@id":"https:\/\/www.oarcanjo.net\/site\/#website","url":"https:\/\/www.oarcanjo.net\/site\/","name":"O Arcanjo no ar","description":"Site da Par\u00f3quia S\u00e3o Miguel Arcanjo (Arquidiocese de SP)","publisher":{"@id":"https:\/\/www.oarcanjo.net\/site\/#organization"},"potentialAction":[{"@type":"SearchAction","target":{"@type":"EntryPoint","urlTemplate":"https:\/\/www.oarcanjo.net\/site\/?s={search_term_string}"},"query-input":{"@type":"PropertyValueSpecification","valueRequired":true,"valueName":"search_term_string"}}],"inLanguage":"pt-BR"},{"@type":"Organization","@id":"https:\/\/www.oarcanjo.net\/site\/#organization","name":"Par\u00f3quia S\u00e3o Miguel Arcanjo","url":"https:\/\/www.oarcanjo.net\/site\/","logo":{"@type":"ImageObject","inLanguage":"pt-BR","@id":"https:\/\/www.oarcanjo.net\/site\/#\/schema\/logo\/image\/","url":"https:\/\/www.oarcanjo.net\/site\/wp-content\/uploads\/LogoOArcanjo.png","contentUrl":"https:\/\/www.oarcanjo.net\/site\/wp-content\/uploads\/LogoOArcanjo.png","width":319,"height":99,"caption":"Par\u00f3quia S\u00e3o Miguel Arcanjo"},"image":{"@id":"https:\/\/www.oarcanjo.net\/site\/#\/schema\/logo\/image\/"},"sameAs":["https:\/\/www.facebook.com\/OArcanjoNoAr\/"]},{"@type":"Person","@id":"https:\/\/www.oarcanjo.net\/site\/#\/schema\/person\/f7024d007863202483a31326673a0838","name":"editor","sameAs":["http:\/\/www.oarcanjo.net"]}]}},"publishpress_future_action":{"enabled":false,"date":"2026-05-08 23:09:50","action":"category","newStatus":"draft","terms":[],"taxonomy":"category"},"publishpress_future_workflow_manual_trigger":{"enabledWorkflows":[]},"_links":{"self":[{"href":"https:\/\/www.oarcanjo.net\/site\/wp-json\/wp\/v2\/posts\/13994"}],"collection":[{"href":"https:\/\/www.oarcanjo.net\/site\/wp-json\/wp\/v2\/posts"}],"about":[{"href":"https:\/\/www.oarcanjo.net\/site\/wp-json\/wp\/v2\/types\/post"}],"author":[{"embeddable":true,"href":"https:\/\/www.oarcanjo.net\/site\/wp-json\/wp\/v2\/users\/5"}],"replies":[{"embeddable":true,"href":"https:\/\/www.oarcanjo.net\/site\/wp-json\/wp\/v2\/comments?post=13994"}],"version-history":[{"count":0,"href":"https:\/\/www.oarcanjo.net\/site\/wp-json\/wp\/v2\/posts\/13994\/revisions"}],"wp:attachment":[{"href":"https:\/\/www.oarcanjo.net\/site\/wp-json\/wp\/v2\/media?parent=13994"}],"wp:term":[{"taxonomy":"category","embeddable":true,"href":"https:\/\/www.oarcanjo.net\/site\/wp-json\/wp\/v2\/categories?post=13994"},{"taxonomy":"post_tag","embeddable":true,"href":"https:\/\/www.oarcanjo.net\/site\/wp-json\/wp\/v2\/tags?post=13994"}],"curies":[{"name":"wp","href":"https:\/\/api.w.org\/{rel}","templated":true}]}}