
{"id":14007,"date":"2011-04-21T15:04:23","date_gmt":"2011-04-21T18:04:23","guid":{"rendered":"http:\/\/www.oarcanjo.net\/site\/?p=14007"},"modified":"2011-04-21T15:04:23","modified_gmt":"2011-04-21T18:04:23","slug":"pascoa-sintonia-e-coerencia","status":"publish","type":"post","link":"https:\/\/www.oarcanjo.net\/site\/pascoa-sintonia-e-coerencia\/","title":{"rendered":"P\u00e1scoa: sintonia e coer\u00eancia"},"content":{"rendered":"<p>D. Dem\u00e9trio Valentini<\/p>\n<p>A celebra\u00e7\u00e3o da P\u00e1scoa tem resson\u00e2ncias muito antigas. A pr\u00f3pria data \u00e9 indicada pelo calend\u00e1rio lunar dos judeus, que determinava a P\u00e1scoa para o primeiro s\u00e1bado ap\u00f3s a lua cheia do m\u00eas de &#8220;nisan\u201d, que corresponde, aproximadamente, ao nosso m\u00eas de abril. No caso deste ano, a lua cheia caindo no domingo dia 17, a p\u00e1scoa fica para o s\u00e1bado dia 23.<\/p>\n<p>A Campanha da Fraternidade sobre a vida no planeta evoca o contexto que deu origem \u00e0 celebra\u00e7\u00e3o pascal. Os primeiros ritos pascais eram ligados \u00e0 celebra\u00e7\u00e3o da vit\u00f3ria da vida sobre a morte, expressa pela exuber\u00e2ncia da primavera, em que a vida retoma vigor, ap\u00f3s os rigores do inverno que parecem sufoc\u00e1-la.<\/p>\n<p>A p\u00e1scoa recebeu depois uma conota\u00e7\u00e3o hist\u00f3rica bem definida, com a sa\u00edda do povo hebreu do Egito. Ela foi claramente marcada pelo contexto pascal. A partir da\u00ed, o povo hebreu assumiu a p\u00e1scoa como express\u00e3o de sua identidade, e como recorda\u00e7\u00e3o de sua passagem da escravid\u00e3o para a liberdade.<\/p>\n<p>Como sabemos, neste contexto hist\u00f3rico Jesus inseriu a celebra\u00e7\u00e3o de sua mem\u00f3ria, integrando ao mesmo o rito antigo da festa judaica no novo significado que a p\u00e1scoa passava a ter, a partir de sua morte e ressurrei\u00e7\u00e3o.<\/p>\n<p>Cabe aos crist\u00e3os recolherem este significado profundo, que \u00e9 inesgot\u00e1vel na sua potencialidade de inserir no mist\u00e9rio pascal de Cristo todas as dimens\u00f5es da vida humana.<\/p>\n<p>Mas o contexto da Campanha da Fraternidade deste ano nos sugere a integra\u00e7\u00e3o fecunda que \u00e9 poss\u00edvel fazer, das tr\u00eas dimens\u00f5es da p\u00e1scoa. A come\u00e7ar pela dimens\u00e3o c\u00f3smica, que foi acentuada pelas reflex\u00f5es feitas em torno da vida em nosso planeta.<\/p>\n<p>Somos chamados a cultivar uma espiritualidade que poder\u00edamos chamar de ecol\u00f3gica, captando as mensagens que o universo nos transmite, com sua maravilhosa harmonia.<\/p>\n<p>De fato, a Campanha nos ajudou a perceber a estreita liga\u00e7\u00e3o de nossa vida humana com a natureza. Ela n\u00e3o se limita a garantir o ambiente favor\u00e1vel \u00e0 nossa exist\u00eancia. Somos parte da natureza. Em decorr\u00eancia disto, podemos identificar nossa situa\u00e7\u00e3o privilegiada, que nos permite situar-nos com perspectivas transcendentes \u00e0 natureza, e assumir conscientemente nossa condi\u00e7\u00e3o humana.<\/p>\n<p>O gesto de Cristo, de moldurar seu testamento no contexto da celebra\u00e7\u00e3o hist\u00f3rica da p\u00e1scoa judaica, nos d\u00e1 um profundo ensinamento, de quanto \u00e9 importante colocar-nos na din\u00e2mica da hist\u00f3ria humana, se queremos inserir-nos dentro dela, e fazer parte da trajet\u00f3ria verdadeira da epop\u00e9ia humana.<\/p>\n<p>Assim fica claro o recado da p\u00e1scoa deste ano. Ela nos convida a sermos pessoas integradas, seja no contexto da natureza, como na trama da hist\u00f3ria, e tamb\u00e9m na coer\u00eancia da f\u00e9 que abra\u00e7amos.<\/p>\n<p>As tr\u00eas dimens\u00f5es s\u00e3o indispens\u00e1veis, e se fortalecem mutuamente. Cabe a cada pessoa escolher as motiva\u00e7\u00f5es que melhor podem acionar a integra\u00e7\u00e3o das diferentes dimens\u00f5es.<\/p>\n<p>Mas \u00e9 ineg\u00e1vel que a figura de Cristo serve de exemplo perfeito de integra\u00e7\u00e3o vital. Mais que ningu\u00e9m, sabia captar os encantos da natureza, de onde tirava suas belas par\u00e1bolas. Ele conhecia profundamente a hist\u00f3ria do seu povo, e sabia expressar o significado dos seus epis\u00f3dios. E sobretudo, soube dar um significado novo aos ritos antigos, colocando neles os s\u00edmbolos da entrega de sua vida por amor a toda a humanidade.<\/p>\n<p>A p\u00e1scoa \u00e9 um convite para a integra\u00e7\u00e3o de nossa vida no grande concerto do universo, na caminhada da hist\u00f3ria humana, e no testamento sempre renovado do mist\u00e9rio de Cristo.<\/p>\n<div id=\"themify_builder_content-14007\" data-postid=\"14007\" class=\"themify_builder_content themify_builder_content-14007 themify_builder themify_builder_front\">\n\t<\/div>\n<!-- \/themify_builder_content -->","protected":false},"excerpt":{"rendered":"<p>D. Dem\u00e9trio Valentini A celebra\u00e7\u00e3o da P\u00e1scoa tem resson\u00e2ncias muito antigas. A pr\u00f3pria data \u00e9 indicada pelo calend\u00e1rio lunar dos judeus, que determinava a P\u00e1scoa para o primeiro s\u00e1bado ap\u00f3s a lua cheia do m\u00eas de &#8220;nisan\u201d, que corresponde, aproximadamente, ao nosso m\u00eas de abril. No caso deste ano, a lua cheia caindo no domingo [&hellip;]<\/p>\n","protected":false},"author":5,"featured_media":0,"comment_status":"open","ping_status":"open","sticky":false,"template":"","format":"standard","meta":{"ngg_post_thumbnail":0,"footnotes":""},"categories":[9],"tags":[229,90,242],"yoast_head":"<!-- This site is optimized with the Yoast SEO plugin v23.5 - https:\/\/yoast.com\/wordpress\/plugins\/seo\/ -->\n<title>P\u00e1scoa: sintonia e coer\u00eancia - O Arcanjo no ar<\/title>\n<meta name=\"robots\" content=\"index, follow, max-snippet:-1, max-image-preview:large, max-video-preview:-1\" \/>\n<link rel=\"canonical\" href=\"https:\/\/www.oarcanjo.net\/site\/pascoa-sintonia-e-coerencia\/\" \/>\n<meta property=\"og:locale\" content=\"pt_BR\" \/>\n<meta property=\"og:type\" content=\"article\" \/>\n<meta property=\"og:title\" content=\"P\u00e1scoa: sintonia e coer\u00eancia - O Arcanjo no ar\" \/>\n<meta property=\"og:description\" content=\"D. Dem\u00e9trio Valentini A celebra\u00e7\u00e3o da P\u00e1scoa tem resson\u00e2ncias muito antigas. A pr\u00f3pria data \u00e9 indicada pelo calend\u00e1rio lunar dos judeus, que determinava a P\u00e1scoa para o primeiro s\u00e1bado ap\u00f3s a lua cheia do m\u00eas de &#8220;nisan\u201d, que corresponde, aproximadamente, ao nosso m\u00eas de abril. No caso deste ano, a lua cheia caindo no domingo [&hellip;]\" \/>\n<meta property=\"og:url\" content=\"https:\/\/www.oarcanjo.net\/site\/pascoa-sintonia-e-coerencia\/\" \/>\n<meta property=\"og:site_name\" content=\"O Arcanjo no ar\" \/>\n<meta property=\"article:publisher\" content=\"https:\/\/www.facebook.com\/OArcanjoNoAr\/\" \/>\n<meta property=\"article:published_time\" content=\"2011-04-21T18:04:23+00:00\" \/>\n<meta property=\"og:image\" content=\"https:\/\/www.oarcanjo.net\/site\/wp-content\/uploads\/logo-o-arcanjo-no-ar-facebook.png\" \/>\n\t<meta property=\"og:image:width\" content=\"300\" \/>\n\t<meta property=\"og:image:height\" content=\"300\" \/>\n\t<meta property=\"og:image:type\" content=\"image\/png\" \/>\n<meta name=\"author\" content=\"editor\" \/>\n<meta name=\"twitter:card\" content=\"summary_large_image\" \/>\n<meta name=\"twitter:label1\" content=\"Escrito por\" \/>\n\t<meta name=\"twitter:data1\" content=\"editor\" \/>\n\t<meta name=\"twitter:label2\" content=\"Est. tempo de leitura\" \/>\n\t<meta name=\"twitter:data2\" content=\"3 minutos\" \/>\n<script type=\"application\/ld+json\" class=\"yoast-schema-graph\">{\"@context\":\"https:\/\/schema.org\",\"@graph\":[{\"@type\":\"Article\",\"@id\":\"https:\/\/www.oarcanjo.net\/site\/pascoa-sintonia-e-coerencia\/#article\",\"isPartOf\":{\"@id\":\"https:\/\/www.oarcanjo.net\/site\/pascoa-sintonia-e-coerencia\/\"},\"author\":{\"name\":\"editor\",\"@id\":\"https:\/\/www.oarcanjo.net\/site\/#\/schema\/person\/f7024d007863202483a31326673a0838\"},\"headline\":\"P\u00e1scoa: sintonia e coer\u00eancia\",\"datePublished\":\"2011-04-21T18:04:23+00:00\",\"dateModified\":\"2011-04-21T18:04:23+00:00\",\"mainEntityOfPage\":{\"@id\":\"https:\/\/www.oarcanjo.net\/site\/pascoa-sintonia-e-coerencia\/\"},\"wordCount\":633,\"commentCount\":0,\"publisher\":{\"@id\":\"https:\/\/www.oarcanjo.net\/site\/#organization\"},\"keywords\":[\"Campanha da Fraternidade\",\"C\u00e1ritas\",\"P\u00e1scoa\"],\"articleSection\":[\"Reflex\u00f5es\"],\"inLanguage\":\"pt-BR\",\"potentialAction\":[{\"@type\":\"CommentAction\",\"name\":\"Comment\",\"target\":[\"https:\/\/www.oarcanjo.net\/site\/pascoa-sintonia-e-coerencia\/#respond\"]}]},{\"@type\":\"WebPage\",\"@id\":\"https:\/\/www.oarcanjo.net\/site\/pascoa-sintonia-e-coerencia\/\",\"url\":\"https:\/\/www.oarcanjo.net\/site\/pascoa-sintonia-e-coerencia\/\",\"name\":\"P\u00e1scoa: sintonia e coer\u00eancia - O Arcanjo no ar\",\"isPartOf\":{\"@id\":\"https:\/\/www.oarcanjo.net\/site\/#website\"},\"datePublished\":\"2011-04-21T18:04:23+00:00\",\"dateModified\":\"2011-04-21T18:04:23+00:00\",\"breadcrumb\":{\"@id\":\"https:\/\/www.oarcanjo.net\/site\/pascoa-sintonia-e-coerencia\/#breadcrumb\"},\"inLanguage\":\"pt-BR\",\"potentialAction\":[{\"@type\":\"ReadAction\",\"target\":[\"https:\/\/www.oarcanjo.net\/site\/pascoa-sintonia-e-coerencia\/\"]}]},{\"@type\":\"BreadcrumbList\",\"@id\":\"https:\/\/www.oarcanjo.net\/site\/pascoa-sintonia-e-coerencia\/#breadcrumb\",\"itemListElement\":[{\"@type\":\"ListItem\",\"position\":1,\"name\":\"In\u00edcio\",\"item\":\"https:\/\/www.oarcanjo.net\/site\/\"},{\"@type\":\"ListItem\",\"position\":2,\"name\":\"P\u00e1scoa: sintonia e coer\u00eancia\"}]},{\"@type\":\"WebSite\",\"@id\":\"https:\/\/www.oarcanjo.net\/site\/#website\",\"url\":\"https:\/\/www.oarcanjo.net\/site\/\",\"name\":\"O Arcanjo no ar\",\"description\":\"Site da Par\u00f3quia S\u00e3o Miguel Arcanjo (Arquidiocese de SP)\",\"publisher\":{\"@id\":\"https:\/\/www.oarcanjo.net\/site\/#organization\"},\"potentialAction\":[{\"@type\":\"SearchAction\",\"target\":{\"@type\":\"EntryPoint\",\"urlTemplate\":\"https:\/\/www.oarcanjo.net\/site\/?s={search_term_string}\"},\"query-input\":{\"@type\":\"PropertyValueSpecification\",\"valueRequired\":true,\"valueName\":\"search_term_string\"}}],\"inLanguage\":\"pt-BR\"},{\"@type\":\"Organization\",\"@id\":\"https:\/\/www.oarcanjo.net\/site\/#organization\",\"name\":\"Par\u00f3quia S\u00e3o Miguel Arcanjo\",\"url\":\"https:\/\/www.oarcanjo.net\/site\/\",\"logo\":{\"@type\":\"ImageObject\",\"inLanguage\":\"pt-BR\",\"@id\":\"https:\/\/www.oarcanjo.net\/site\/#\/schema\/logo\/image\/\",\"url\":\"https:\/\/www.oarcanjo.net\/site\/wp-content\/uploads\/LogoOArcanjo.png\",\"contentUrl\":\"https:\/\/www.oarcanjo.net\/site\/wp-content\/uploads\/LogoOArcanjo.png\",\"width\":319,\"height\":99,\"caption\":\"Par\u00f3quia S\u00e3o Miguel Arcanjo\"},\"image\":{\"@id\":\"https:\/\/www.oarcanjo.net\/site\/#\/schema\/logo\/image\/\"},\"sameAs\":[\"https:\/\/www.facebook.com\/OArcanjoNoAr\/\"]},{\"@type\":\"Person\",\"@id\":\"https:\/\/www.oarcanjo.net\/site\/#\/schema\/person\/f7024d007863202483a31326673a0838\",\"name\":\"editor\",\"sameAs\":[\"http:\/\/www.oarcanjo.net\"]}]}<\/script>\n<!-- \/ Yoast SEO plugin. -->","yoast_head_json":{"title":"P\u00e1scoa: sintonia e coer\u00eancia - O Arcanjo no ar","robots":{"index":"index","follow":"follow","max-snippet":"max-snippet:-1","max-image-preview":"max-image-preview:large","max-video-preview":"max-video-preview:-1"},"canonical":"https:\/\/www.oarcanjo.net\/site\/pascoa-sintonia-e-coerencia\/","og_locale":"pt_BR","og_type":"article","og_title":"P\u00e1scoa: sintonia e coer\u00eancia - O Arcanjo no ar","og_description":"D. Dem\u00e9trio Valentini A celebra\u00e7\u00e3o da P\u00e1scoa tem resson\u00e2ncias muito antigas. A pr\u00f3pria data \u00e9 indicada pelo calend\u00e1rio lunar dos judeus, que determinava a P\u00e1scoa para o primeiro s\u00e1bado ap\u00f3s a lua cheia do m\u00eas de &#8220;nisan\u201d, que corresponde, aproximadamente, ao nosso m\u00eas de abril. No caso deste ano, a lua cheia caindo no domingo [&hellip;]","og_url":"https:\/\/www.oarcanjo.net\/site\/pascoa-sintonia-e-coerencia\/","og_site_name":"O Arcanjo no ar","article_publisher":"https:\/\/www.facebook.com\/OArcanjoNoAr\/","article_published_time":"2011-04-21T18:04:23+00:00","og_image":[{"width":300,"height":300,"url":"https:\/\/www.oarcanjo.net\/site\/wp-content\/uploads\/logo-o-arcanjo-no-ar-facebook.png","type":"image\/png"}],"author":"editor","twitter_card":"summary_large_image","twitter_misc":{"Escrito por":"editor","Est. tempo de leitura":"3 minutos"},"schema":{"@context":"https:\/\/schema.org","@graph":[{"@type":"Article","@id":"https:\/\/www.oarcanjo.net\/site\/pascoa-sintonia-e-coerencia\/#article","isPartOf":{"@id":"https:\/\/www.oarcanjo.net\/site\/pascoa-sintonia-e-coerencia\/"},"author":{"name":"editor","@id":"https:\/\/www.oarcanjo.net\/site\/#\/schema\/person\/f7024d007863202483a31326673a0838"},"headline":"P\u00e1scoa: sintonia e coer\u00eancia","datePublished":"2011-04-21T18:04:23+00:00","dateModified":"2011-04-21T18:04:23+00:00","mainEntityOfPage":{"@id":"https:\/\/www.oarcanjo.net\/site\/pascoa-sintonia-e-coerencia\/"},"wordCount":633,"commentCount":0,"publisher":{"@id":"https:\/\/www.oarcanjo.net\/site\/#organization"},"keywords":["Campanha da Fraternidade","C\u00e1ritas","P\u00e1scoa"],"articleSection":["Reflex\u00f5es"],"inLanguage":"pt-BR","potentialAction":[{"@type":"CommentAction","name":"Comment","target":["https:\/\/www.oarcanjo.net\/site\/pascoa-sintonia-e-coerencia\/#respond"]}]},{"@type":"WebPage","@id":"https:\/\/www.oarcanjo.net\/site\/pascoa-sintonia-e-coerencia\/","url":"https:\/\/www.oarcanjo.net\/site\/pascoa-sintonia-e-coerencia\/","name":"P\u00e1scoa: sintonia e coer\u00eancia - O Arcanjo no ar","isPartOf":{"@id":"https:\/\/www.oarcanjo.net\/site\/#website"},"datePublished":"2011-04-21T18:04:23+00:00","dateModified":"2011-04-21T18:04:23+00:00","breadcrumb":{"@id":"https:\/\/www.oarcanjo.net\/site\/pascoa-sintonia-e-coerencia\/#breadcrumb"},"inLanguage":"pt-BR","potentialAction":[{"@type":"ReadAction","target":["https:\/\/www.oarcanjo.net\/site\/pascoa-sintonia-e-coerencia\/"]}]},{"@type":"BreadcrumbList","@id":"https:\/\/www.oarcanjo.net\/site\/pascoa-sintonia-e-coerencia\/#breadcrumb","itemListElement":[{"@type":"ListItem","position":1,"name":"In\u00edcio","item":"https:\/\/www.oarcanjo.net\/site\/"},{"@type":"ListItem","position":2,"name":"P\u00e1scoa: sintonia e coer\u00eancia"}]},{"@type":"WebSite","@id":"https:\/\/www.oarcanjo.net\/site\/#website","url":"https:\/\/www.oarcanjo.net\/site\/","name":"O Arcanjo no ar","description":"Site da Par\u00f3quia S\u00e3o Miguel Arcanjo (Arquidiocese de SP)","publisher":{"@id":"https:\/\/www.oarcanjo.net\/site\/#organization"},"potentialAction":[{"@type":"SearchAction","target":{"@type":"EntryPoint","urlTemplate":"https:\/\/www.oarcanjo.net\/site\/?s={search_term_string}"},"query-input":{"@type":"PropertyValueSpecification","valueRequired":true,"valueName":"search_term_string"}}],"inLanguage":"pt-BR"},{"@type":"Organization","@id":"https:\/\/www.oarcanjo.net\/site\/#organization","name":"Par\u00f3quia S\u00e3o Miguel Arcanjo","url":"https:\/\/www.oarcanjo.net\/site\/","logo":{"@type":"ImageObject","inLanguage":"pt-BR","@id":"https:\/\/www.oarcanjo.net\/site\/#\/schema\/logo\/image\/","url":"https:\/\/www.oarcanjo.net\/site\/wp-content\/uploads\/LogoOArcanjo.png","contentUrl":"https:\/\/www.oarcanjo.net\/site\/wp-content\/uploads\/LogoOArcanjo.png","width":319,"height":99,"caption":"Par\u00f3quia S\u00e3o Miguel Arcanjo"},"image":{"@id":"https:\/\/www.oarcanjo.net\/site\/#\/schema\/logo\/image\/"},"sameAs":["https:\/\/www.facebook.com\/OArcanjoNoAr\/"]},{"@type":"Person","@id":"https:\/\/www.oarcanjo.net\/site\/#\/schema\/person\/f7024d007863202483a31326673a0838","name":"editor","sameAs":["http:\/\/www.oarcanjo.net"]}]}},"publishpress_future_action":{"enabled":false,"date":"2026-05-10 05:10:55","action":"category","newStatus":"draft","terms":[],"taxonomy":"category"},"publishpress_future_workflow_manual_trigger":{"enabledWorkflows":[]},"_links":{"self":[{"href":"https:\/\/www.oarcanjo.net\/site\/wp-json\/wp\/v2\/posts\/14007"}],"collection":[{"href":"https:\/\/www.oarcanjo.net\/site\/wp-json\/wp\/v2\/posts"}],"about":[{"href":"https:\/\/www.oarcanjo.net\/site\/wp-json\/wp\/v2\/types\/post"}],"author":[{"embeddable":true,"href":"https:\/\/www.oarcanjo.net\/site\/wp-json\/wp\/v2\/users\/5"}],"replies":[{"embeddable":true,"href":"https:\/\/www.oarcanjo.net\/site\/wp-json\/wp\/v2\/comments?post=14007"}],"version-history":[{"count":0,"href":"https:\/\/www.oarcanjo.net\/site\/wp-json\/wp\/v2\/posts\/14007\/revisions"}],"wp:attachment":[{"href":"https:\/\/www.oarcanjo.net\/site\/wp-json\/wp\/v2\/media?parent=14007"}],"wp:term":[{"taxonomy":"category","embeddable":true,"href":"https:\/\/www.oarcanjo.net\/site\/wp-json\/wp\/v2\/categories?post=14007"},{"taxonomy":"post_tag","embeddable":true,"href":"https:\/\/www.oarcanjo.net\/site\/wp-json\/wp\/v2\/tags?post=14007"}],"curies":[{"name":"wp","href":"https:\/\/api.w.org\/{rel}","templated":true}]}}