
{"id":14009,"date":"2011-04-19T21:05:51","date_gmt":"2011-04-20T00:05:51","guid":{"rendered":"http:\/\/www.oarcanjo.net\/site\/?p=14009"},"modified":"2011-04-21T15:07:08","modified_gmt":"2011-04-21T18:07:08","slug":"dom-helder-forca-e-habilidade","status":"publish","type":"post","link":"https:\/\/www.oarcanjo.net\/site\/dom-helder-forca-e-habilidade\/","title":{"rendered":"Dom H\u00e9lder, for\u00e7a e habilidade"},"content":{"rendered":"<p>Pe. Geovane Saraiva<\/p>\n<p>Dom Helder Pessoa C\u00e2mara, por sua simplicidade, humilde e estatura franzina, nos faz lembrar o jumentinho que Jesus escolheu para montar, na sua entrada em Jerusal\u00e9m, animal sem aparente beleza, mas de uma import\u00e2ncia, for\u00e7a e resist\u00eancia extraordin\u00e1ria (cf. Mt 21, 2-8). O pastor dos empobrecidos foi assim, no seu temperamento e na sua aud\u00e1cia sem limites, isto acontecia quando tinha que defender seus pontos de vistas, com um profundo desejo, usando de todos os meios poss\u00edveis, para que a Igreja se engajasse na causa dos empobrecidos, que fosse mais servidora e mais fiel a vontade daquele que a instaurou e menos \u201csenhora e rica\u201d.<\/p>\n<p>Falamos de uma criatura humana extremamente habilidosa e com uma desenvoltura, que se tornou o mais influente bispo brasileiro no Conc\u00edlio Vaticano II (1962-1965), a ponto de decisivamente contribuir para que a Igreja, no nosso continente latino americano, nos anos que se seguia, fizesse a sua \u201cop\u00e7\u00e3o prof\u00e9tica e preferencial pelos pobres\u201d.<\/p>\n<p>Segundo o grande te\u00f3logo Jos\u00e9 Comblin, falecido recentemente, aos 88 anos, que conviveu muito de perto com o querido arcebispo de Olinda e Recife, dizia: \u201cEle era um articulador de primeira grandeza, com no\u00e7\u00e3o de que, \u00e0s vezes, sua influ\u00eancia seria maior se ficasse calado e n\u00e3o se manifestasse\u201d. Muitas vezes os pr\u00f3prios colegas ignoravam de onde vinham as excelentes propostas contribui\u00e7\u00f5es que estavam votando, narra Jos\u00e9 Combiln.<\/p>\n<p>J\u00e1 bem antes do Conc\u00edlio, as v\u00e9speras da inaugura\u00e7\u00e3o de Bras\u00edlia, Juscelino Kubitschek chamou Dom Helder e o convidou para ser o prefeito da nova capital federal, sendo insistente. Afirmou que tinha o parecer favor\u00e1vel de todos os l\u00edderes partid\u00e1rios, depois de consult\u00e1-los. Dom Helder recusou polidamente, dizendo: \u201cHoje, senhor presidente, eu estou aqui, frente a frente, debatendo com o senhor pontos de vista com absoluta liberdade e sem condionamentos de qualquer ordem. No dia em que me incorporar ao seu grupo de comando, dentro das injun\u00e7\u00f5es concretas das pr\u00e1ticas pol\u00edticas, eu estarei amarrado, balan\u00e7ando a cabe\u00e7a para concordar com o que o senhor disser, deixando de lhe trazer a colabora\u00e7\u00e3o original e independente da Igreja. Eu quero ter sempre um canal de di\u00e1logo livre e respeitoso com o Estado para cobrar o seu dever. Quero faz\u00ea-lo em nome de Deus e do povo. Quero ser a boca dos que n\u00e3o t\u00eam vez nem voz\u201d.<\/p>\n<p>Compreendemos a for\u00e7a e a habilidade de Dom Helder, a partir daquilo que \u00e9 belo e maravilhoso no poeta ou escritor, ao externar o que tem dentro de si: suas fantasias e suas ideias. Aquilo que ele tem na mente e no cora\u00e7\u00e3o, releva-a e manifesta-a. Assim, tamb\u00e9m, foi o que aconteceu com os autores sagrados, ao redigirem as Sagradas Escrituras. H\u00e1 tanta coisa bonita e surpreendente, muitas vezes, com tanto exagero, que se tem a impress\u00e3o de se ir al\u00e9m do sagrado.<\/p>\n<p>No \u00faltimo vers\u00edculo do Evangelho de S\u00e3o Jo\u00e3o o autor sagrado afirma que o que Jesus realizou, neste mundo, \u00e9 bel\u00edssimo e maravilhoso e, se tudo fosse escrito, livro algum caberia. O milagre da multiplica\u00e7\u00e3o dos p\u00e3es (Mt 14, 13-21), finda dizendo: Os que comeram dos cinco p\u00e3es e dos dois peixes eram cinco mil homens sem contar mulheres e crian\u00e7as. Estudiosos e especialistas da Palavra de Deus, sem negar, evidentemente, a divindade do Filho de Deus, acham um exagero, para aquele tempo, o grande n\u00famero de pessoas.<\/p>\n<p>Deus fez o homem com uma imagina\u00e7\u00e3o f\u00e9rtil e criadora, chamando-o para participar da sua natureza divina. A\u00ed est\u00e1 sua grandeza. A terra tornou-se pequena para caber a criatura humana, grandiosa na sua capacidade de imaginar e realizar, em todos os sentidos.<\/p>\n<p>Padre Manfredo Oliveira, cearense de Limoeiro do Norte, grande figura humana e um dos maiores fil\u00f3sofos da atualidade, na sua mente dadivosa, foi extremamente feliz, ao afirmar que Dom Helder n\u00e3o cabia dentro da Igreja. Certamente ele quis enaltecer sua for\u00e7a imaginadora, talentos, sensibilidade e a intelig\u00eancia privilegiada do pastor dos empobrecidos, que habilidade soube perceber todas as novidades e desafios do s\u00e9culo XX e coloc\u00e1-los no seu cora\u00e7\u00e3o, procurando dar-lhes uma resposta.<\/p>\n<p>J\u00e1 o Cardeal Alo\u00edsio Lorscheider falava de Dom Helder, assim: \u201cFoi um corifeu, com uma vis\u00e3o de futuro e com grande influ\u00eancia, muito respeitado e inquieto como uma barata tonta: Sua tribuna foi sua sabedoria em agir e articular nos bastidores, com uma orat\u00f3ria vibrante e com gestos rasgados que sensibilizavam e arrebatavam as multid\u00f5es.<\/p>\n<p>Tudo isso ele realizava, numa atitude de ora\u00e7\u00e3o e na fidelidade ao Pai, no seu amor acendrado \u00e0 Igreja. Ele mesmo dizia: Abandonar a Igreja seria o mesmo que abandonar o seu pr\u00f3prio corpo.  Por isso devemos acolher tudo o que se disse e o que, ainda, ir\u00e3o dizer deste homem t\u00e3o amado por Deus. Ele, por tudo que fez na sua for\u00e7a e habilidade invenc\u00edvel, \u00e9 grande demais! De fato, a Igreja \u00e9 pequena para caber Dom Helder.<\/p>\n<p>&nbsp;<\/p>\n<div id=\"themify_builder_content-14009\" data-postid=\"14009\" class=\"themify_builder_content themify_builder_content-14009 themify_builder themify_builder_front\">\n\t<\/div>\n<!-- \/themify_builder_content -->","protected":false},"excerpt":{"rendered":"<p>Pe. Geovane Saraiva Dom Helder Pessoa C\u00e2mara, por sua simplicidade, humilde e estatura franzina, nos faz lembrar o jumentinho que Jesus escolheu para montar, na sua entrada em Jerusal\u00e9m, animal sem aparente beleza, mas de uma import\u00e2ncia, for\u00e7a e resist\u00eancia extraordin\u00e1ria (cf. Mt 21, 2-8). O pastor dos empobrecidos foi assim, no seu temperamento e [&hellip;]<\/p>\n","protected":false},"author":5,"featured_media":0,"comment_status":"open","ping_status":"open","sticky":false,"template":"","format":"standard","meta":{"ngg_post_thumbnail":0,"footnotes":""},"categories":[192],"tags":[505,302,425,187],"yoast_head":"<!-- This site is optimized with the Yoast SEO plugin v23.5 - https:\/\/yoast.com\/wordpress\/plugins\/seo\/ -->\n<title>Dom H\u00e9lder, for\u00e7a e habilidade - O Arcanjo no ar<\/title>\n<meta name=\"robots\" content=\"index, follow, max-snippet:-1, max-image-preview:large, max-video-preview:-1\" \/>\n<link rel=\"canonical\" href=\"https:\/\/www.oarcanjo.net\/site\/dom-helder-forca-e-habilidade\/\" \/>\n<meta property=\"og:locale\" content=\"pt_BR\" \/>\n<meta property=\"og:type\" content=\"article\" \/>\n<meta property=\"og:title\" content=\"Dom H\u00e9lder, for\u00e7a e habilidade - O Arcanjo no ar\" \/>\n<meta property=\"og:description\" content=\"Pe. Geovane Saraiva Dom Helder Pessoa C\u00e2mara, por sua simplicidade, humilde e estatura franzina, nos faz lembrar o jumentinho que Jesus escolheu para montar, na sua entrada em Jerusal\u00e9m, animal sem aparente beleza, mas de uma import\u00e2ncia, for\u00e7a e resist\u00eancia extraordin\u00e1ria (cf. Mt 21, 2-8). O pastor dos empobrecidos foi assim, no seu temperamento e [&hellip;]\" \/>\n<meta property=\"og:url\" content=\"https:\/\/www.oarcanjo.net\/site\/dom-helder-forca-e-habilidade\/\" \/>\n<meta property=\"og:site_name\" content=\"O Arcanjo no ar\" \/>\n<meta property=\"article:publisher\" content=\"https:\/\/www.facebook.com\/OArcanjoNoAr\/\" \/>\n<meta property=\"article:published_time\" content=\"2011-04-20T00:05:51+00:00\" \/>\n<meta property=\"article:modified_time\" content=\"2011-04-21T18:07:08+00:00\" \/>\n<meta property=\"og:image\" content=\"https:\/\/www.oarcanjo.net\/site\/wp-content\/uploads\/logo-o-arcanjo-no-ar-facebook.png\" \/>\n\t<meta property=\"og:image:width\" content=\"300\" \/>\n\t<meta property=\"og:image:height\" content=\"300\" \/>\n\t<meta property=\"og:image:type\" content=\"image\/png\" \/>\n<meta name=\"author\" content=\"editor\" \/>\n<meta name=\"twitter:card\" content=\"summary_large_image\" \/>\n<meta name=\"twitter:label1\" content=\"Escrito por\" \/>\n\t<meta name=\"twitter:data1\" content=\"editor\" \/>\n\t<meta name=\"twitter:label2\" content=\"Est. tempo de leitura\" \/>\n\t<meta name=\"twitter:data2\" content=\"4 minutos\" \/>\n<script type=\"application\/ld+json\" class=\"yoast-schema-graph\">{\"@context\":\"https:\/\/schema.org\",\"@graph\":[{\"@type\":\"Article\",\"@id\":\"https:\/\/www.oarcanjo.net\/site\/dom-helder-forca-e-habilidade\/#article\",\"isPartOf\":{\"@id\":\"https:\/\/www.oarcanjo.net\/site\/dom-helder-forca-e-habilidade\/\"},\"author\":{\"name\":\"editor\",\"@id\":\"https:\/\/www.oarcanjo.net\/site\/#\/schema\/person\/f7024d007863202483a31326673a0838\"},\"headline\":\"Dom H\u00e9lder, for\u00e7a e habilidade\",\"datePublished\":\"2011-04-20T00:05:51+00:00\",\"dateModified\":\"2011-04-21T18:07:08+00:00\",\"mainEntityOfPage\":{\"@id\":\"https:\/\/www.oarcanjo.net\/site\/dom-helder-forca-e-habilidade\/\"},\"wordCount\":872,\"commentCount\":0,\"publisher\":{\"@id\":\"https:\/\/www.oarcanjo.net\/site\/#organization\"},\"keywords\":[\"Conc\u00edlio Vaticano II\",\"Helder Camara\",\"Jerusal\u00e9m\",\"profeta\"],\"articleSection\":[\"D. Helder C\u00e2mara\"],\"inLanguage\":\"pt-BR\",\"potentialAction\":[{\"@type\":\"CommentAction\",\"name\":\"Comment\",\"target\":[\"https:\/\/www.oarcanjo.net\/site\/dom-helder-forca-e-habilidade\/#respond\"]}]},{\"@type\":\"WebPage\",\"@id\":\"https:\/\/www.oarcanjo.net\/site\/dom-helder-forca-e-habilidade\/\",\"url\":\"https:\/\/www.oarcanjo.net\/site\/dom-helder-forca-e-habilidade\/\",\"name\":\"Dom H\u00e9lder, for\u00e7a e habilidade - O Arcanjo no ar\",\"isPartOf\":{\"@id\":\"https:\/\/www.oarcanjo.net\/site\/#website\"},\"datePublished\":\"2011-04-20T00:05:51+00:00\",\"dateModified\":\"2011-04-21T18:07:08+00:00\",\"breadcrumb\":{\"@id\":\"https:\/\/www.oarcanjo.net\/site\/dom-helder-forca-e-habilidade\/#breadcrumb\"},\"inLanguage\":\"pt-BR\",\"potentialAction\":[{\"@type\":\"ReadAction\",\"target\":[\"https:\/\/www.oarcanjo.net\/site\/dom-helder-forca-e-habilidade\/\"]}]},{\"@type\":\"BreadcrumbList\",\"@id\":\"https:\/\/www.oarcanjo.net\/site\/dom-helder-forca-e-habilidade\/#breadcrumb\",\"itemListElement\":[{\"@type\":\"ListItem\",\"position\":1,\"name\":\"In\u00edcio\",\"item\":\"https:\/\/www.oarcanjo.net\/site\/\"},{\"@type\":\"ListItem\",\"position\":2,\"name\":\"Dom H\u00e9lder, for\u00e7a e habilidade\"}]},{\"@type\":\"WebSite\",\"@id\":\"https:\/\/www.oarcanjo.net\/site\/#website\",\"url\":\"https:\/\/www.oarcanjo.net\/site\/\",\"name\":\"O Arcanjo no ar\",\"description\":\"Site da Par\u00f3quia S\u00e3o Miguel Arcanjo (Arquidiocese de SP)\",\"publisher\":{\"@id\":\"https:\/\/www.oarcanjo.net\/site\/#organization\"},\"potentialAction\":[{\"@type\":\"SearchAction\",\"target\":{\"@type\":\"EntryPoint\",\"urlTemplate\":\"https:\/\/www.oarcanjo.net\/site\/?s={search_term_string}\"},\"query-input\":{\"@type\":\"PropertyValueSpecification\",\"valueRequired\":true,\"valueName\":\"search_term_string\"}}],\"inLanguage\":\"pt-BR\"},{\"@type\":\"Organization\",\"@id\":\"https:\/\/www.oarcanjo.net\/site\/#organization\",\"name\":\"Par\u00f3quia S\u00e3o Miguel Arcanjo\",\"url\":\"https:\/\/www.oarcanjo.net\/site\/\",\"logo\":{\"@type\":\"ImageObject\",\"inLanguage\":\"pt-BR\",\"@id\":\"https:\/\/www.oarcanjo.net\/site\/#\/schema\/logo\/image\/\",\"url\":\"https:\/\/www.oarcanjo.net\/site\/wp-content\/uploads\/LogoOArcanjo.png\",\"contentUrl\":\"https:\/\/www.oarcanjo.net\/site\/wp-content\/uploads\/LogoOArcanjo.png\",\"width\":319,\"height\":99,\"caption\":\"Par\u00f3quia S\u00e3o Miguel Arcanjo\"},\"image\":{\"@id\":\"https:\/\/www.oarcanjo.net\/site\/#\/schema\/logo\/image\/\"},\"sameAs\":[\"https:\/\/www.facebook.com\/OArcanjoNoAr\/\"]},{\"@type\":\"Person\",\"@id\":\"https:\/\/www.oarcanjo.net\/site\/#\/schema\/person\/f7024d007863202483a31326673a0838\",\"name\":\"editor\",\"sameAs\":[\"http:\/\/www.oarcanjo.net\"]}]}<\/script>\n<!-- \/ Yoast SEO plugin. -->","yoast_head_json":{"title":"Dom H\u00e9lder, for\u00e7a e habilidade - O Arcanjo no ar","robots":{"index":"index","follow":"follow","max-snippet":"max-snippet:-1","max-image-preview":"max-image-preview:large","max-video-preview":"max-video-preview:-1"},"canonical":"https:\/\/www.oarcanjo.net\/site\/dom-helder-forca-e-habilidade\/","og_locale":"pt_BR","og_type":"article","og_title":"Dom H\u00e9lder, for\u00e7a e habilidade - O Arcanjo no ar","og_description":"Pe. Geovane Saraiva Dom Helder Pessoa C\u00e2mara, por sua simplicidade, humilde e estatura franzina, nos faz lembrar o jumentinho que Jesus escolheu para montar, na sua entrada em Jerusal\u00e9m, animal sem aparente beleza, mas de uma import\u00e2ncia, for\u00e7a e resist\u00eancia extraordin\u00e1ria (cf. Mt 21, 2-8). O pastor dos empobrecidos foi assim, no seu temperamento e [&hellip;]","og_url":"https:\/\/www.oarcanjo.net\/site\/dom-helder-forca-e-habilidade\/","og_site_name":"O Arcanjo no ar","article_publisher":"https:\/\/www.facebook.com\/OArcanjoNoAr\/","article_published_time":"2011-04-20T00:05:51+00:00","article_modified_time":"2011-04-21T18:07:08+00:00","og_image":[{"width":300,"height":300,"url":"https:\/\/www.oarcanjo.net\/site\/wp-content\/uploads\/logo-o-arcanjo-no-ar-facebook.png","type":"image\/png"}],"author":"editor","twitter_card":"summary_large_image","twitter_misc":{"Escrito por":"editor","Est. tempo de leitura":"4 minutos"},"schema":{"@context":"https:\/\/schema.org","@graph":[{"@type":"Article","@id":"https:\/\/www.oarcanjo.net\/site\/dom-helder-forca-e-habilidade\/#article","isPartOf":{"@id":"https:\/\/www.oarcanjo.net\/site\/dom-helder-forca-e-habilidade\/"},"author":{"name":"editor","@id":"https:\/\/www.oarcanjo.net\/site\/#\/schema\/person\/f7024d007863202483a31326673a0838"},"headline":"Dom H\u00e9lder, for\u00e7a e habilidade","datePublished":"2011-04-20T00:05:51+00:00","dateModified":"2011-04-21T18:07:08+00:00","mainEntityOfPage":{"@id":"https:\/\/www.oarcanjo.net\/site\/dom-helder-forca-e-habilidade\/"},"wordCount":872,"commentCount":0,"publisher":{"@id":"https:\/\/www.oarcanjo.net\/site\/#organization"},"keywords":["Conc\u00edlio Vaticano II","Helder Camara","Jerusal\u00e9m","profeta"],"articleSection":["D. Helder C\u00e2mara"],"inLanguage":"pt-BR","potentialAction":[{"@type":"CommentAction","name":"Comment","target":["https:\/\/www.oarcanjo.net\/site\/dom-helder-forca-e-habilidade\/#respond"]}]},{"@type":"WebPage","@id":"https:\/\/www.oarcanjo.net\/site\/dom-helder-forca-e-habilidade\/","url":"https:\/\/www.oarcanjo.net\/site\/dom-helder-forca-e-habilidade\/","name":"Dom H\u00e9lder, for\u00e7a e habilidade - O Arcanjo no ar","isPartOf":{"@id":"https:\/\/www.oarcanjo.net\/site\/#website"},"datePublished":"2011-04-20T00:05:51+00:00","dateModified":"2011-04-21T18:07:08+00:00","breadcrumb":{"@id":"https:\/\/www.oarcanjo.net\/site\/dom-helder-forca-e-habilidade\/#breadcrumb"},"inLanguage":"pt-BR","potentialAction":[{"@type":"ReadAction","target":["https:\/\/www.oarcanjo.net\/site\/dom-helder-forca-e-habilidade\/"]}]},{"@type":"BreadcrumbList","@id":"https:\/\/www.oarcanjo.net\/site\/dom-helder-forca-e-habilidade\/#breadcrumb","itemListElement":[{"@type":"ListItem","position":1,"name":"In\u00edcio","item":"https:\/\/www.oarcanjo.net\/site\/"},{"@type":"ListItem","position":2,"name":"Dom H\u00e9lder, for\u00e7a e habilidade"}]},{"@type":"WebSite","@id":"https:\/\/www.oarcanjo.net\/site\/#website","url":"https:\/\/www.oarcanjo.net\/site\/","name":"O Arcanjo no ar","description":"Site da Par\u00f3quia S\u00e3o Miguel Arcanjo (Arquidiocese de SP)","publisher":{"@id":"https:\/\/www.oarcanjo.net\/site\/#organization"},"potentialAction":[{"@type":"SearchAction","target":{"@type":"EntryPoint","urlTemplate":"https:\/\/www.oarcanjo.net\/site\/?s={search_term_string}"},"query-input":{"@type":"PropertyValueSpecification","valueRequired":true,"valueName":"search_term_string"}}],"inLanguage":"pt-BR"},{"@type":"Organization","@id":"https:\/\/www.oarcanjo.net\/site\/#organization","name":"Par\u00f3quia S\u00e3o Miguel Arcanjo","url":"https:\/\/www.oarcanjo.net\/site\/","logo":{"@type":"ImageObject","inLanguage":"pt-BR","@id":"https:\/\/www.oarcanjo.net\/site\/#\/schema\/logo\/image\/","url":"https:\/\/www.oarcanjo.net\/site\/wp-content\/uploads\/LogoOArcanjo.png","contentUrl":"https:\/\/www.oarcanjo.net\/site\/wp-content\/uploads\/LogoOArcanjo.png","width":319,"height":99,"caption":"Par\u00f3quia S\u00e3o Miguel Arcanjo"},"image":{"@id":"https:\/\/www.oarcanjo.net\/site\/#\/schema\/logo\/image\/"},"sameAs":["https:\/\/www.facebook.com\/OArcanjoNoAr\/"]},{"@type":"Person","@id":"https:\/\/www.oarcanjo.net\/site\/#\/schema\/person\/f7024d007863202483a31326673a0838","name":"editor","sameAs":["http:\/\/www.oarcanjo.net"]}]}},"publishpress_future_action":{"enabled":false,"date":"2026-05-09 01:19:02","action":"category","newStatus":"draft","terms":[],"taxonomy":"category"},"publishpress_future_workflow_manual_trigger":{"enabledWorkflows":[]},"_links":{"self":[{"href":"https:\/\/www.oarcanjo.net\/site\/wp-json\/wp\/v2\/posts\/14009"}],"collection":[{"href":"https:\/\/www.oarcanjo.net\/site\/wp-json\/wp\/v2\/posts"}],"about":[{"href":"https:\/\/www.oarcanjo.net\/site\/wp-json\/wp\/v2\/types\/post"}],"author":[{"embeddable":true,"href":"https:\/\/www.oarcanjo.net\/site\/wp-json\/wp\/v2\/users\/5"}],"replies":[{"embeddable":true,"href":"https:\/\/www.oarcanjo.net\/site\/wp-json\/wp\/v2\/comments?post=14009"}],"version-history":[{"count":0,"href":"https:\/\/www.oarcanjo.net\/site\/wp-json\/wp\/v2\/posts\/14009\/revisions"}],"wp:attachment":[{"href":"https:\/\/www.oarcanjo.net\/site\/wp-json\/wp\/v2\/media?parent=14009"}],"wp:term":[{"taxonomy":"category","embeddable":true,"href":"https:\/\/www.oarcanjo.net\/site\/wp-json\/wp\/v2\/categories?post=14009"},{"taxonomy":"post_tag","embeddable":true,"href":"https:\/\/www.oarcanjo.net\/site\/wp-json\/wp\/v2\/tags?post=14009"}],"curies":[{"name":"wp","href":"https:\/\/api.w.org\/{rel}","templated":true}]}}