
{"id":14016,"date":"2011-04-22T10:41:43","date_gmt":"2011-04-22T13:41:43","guid":{"rendered":"http:\/\/www.oarcanjo.net\/site\/?p=14016"},"modified":"2011-04-22T15:27:39","modified_gmt":"2011-04-22T18:27:39","slug":"missa-do-lava-pes-eucaristia-e-adoracao-na-igreja-sao-miguel-arcanjo","status":"publish","type":"post","link":"https:\/\/www.oarcanjo.net\/site\/missa-do-lava-pes-eucaristia-e-adoracao-na-igreja-sao-miguel-arcanjo\/","title":{"rendered":"Missa do Lava-P\u00e9s, Eucaristia e Adora\u00e7\u00e3o na Igreja S\u00e3o Miguel Arcanjo"},"content":{"rendered":"<p>Nessa missa da institui\u00e7\u00e3o da Eucaristia, toda a simbologia do servir. Iniciado o Tr\u00edduo Pascal, celebramos a ceia em que Jesus se entregou ao sacramento do P\u00e3o e do Vinho, repetindo o gesto de lavar os nossos p\u00e9s.<\/p>\n<p>Na aclama\u00e7\u00e3o ao santo Evangelho \u00a0cantamos:<\/p>\n<p><em>Eu vos dou um novo mandamento: \u201cque vos amei uns aos outros, assim como eu vos amei\u201d, diz o Senhor.<\/em><\/p>\n<p>Assista abaixo \u00e0 homilia do Pe. J\u00falio:<\/p>\n<p><iframe loading=\"lazy\" title=\"YouTube video player\" width=\"560\" height=\"349\" src=\"http:\/\/www.youtube.com\/embed\/FPSsd20pRDE?rel=0\" frameborder=\"0\" allowfullscreen><\/iframe><\/p>\n<p>Num gesto simples, o Padre J\u00falio Lancellotti lavou os p\u00e9s daqueles que cuidam da organiza\u00e7\u00e3o e\u00a0da limpeza da igreja e da capela da Universidade S\u00e3o Judas Tadeu, bem como daqueles\u00a0que se preocupam com a ecologia e tamb\u00e9m dos novos moradores do bairro. O gesto \u00e9 servir, sem qualquer distin\u00e7\u00e3o.<\/p>\n<p>Depois da comunh\u00e3o, todos acompanharam Jesus eucar\u00edstico at\u00e9 o Altar da Reposi\u00e7\u00e3o. A prociss\u00e3o realizada nos colocou em clima de vig\u00edlia e adora\u00e7\u00e3o, que vai perdurar at\u00e9 a proclama\u00e7\u00e3o da P\u00e1scoa, na alegria da ressurrei\u00e7\u00e3o.<\/p>\n<p>Na vig\u00edlia, ora\u00e7\u00f5es, cantos, sil\u00eancio e tamb\u00e9m o Ter\u00e7o. A reflex\u00e3o da entrega de Jesus para nos salvar. No final, o canto:<\/p>\n<p><em>\u201cDurante a ceia, antes de enfrentar a Cruz, quis ficar com seus amigos para ser a sua luz. Como alimento, o Sagrado Cora\u00e7\u00e3o entre n\u00f3s ficou presente neste vinho e neste p\u00e3o.\u201d<\/em><\/p>\n<p>Fotos por Carlos Alberto Beatriz<\/p>\nngg_shortcode_0_placeholder\n<div id=\"themify_builder_content-14016\" data-postid=\"14016\" class=\"themify_builder_content themify_builder_content-14016 themify_builder themify_builder_front\">\n\t<\/div>\n<!-- \/themify_builder_content -->","protected":false},"excerpt":{"rendered":"<p>Nessa missa da institui\u00e7\u00e3o da Eucaristia, toda a simbologia do servir. Iniciado o Tr\u00edduo Pascal, celebramos a ceia em que Jesus se entregou ao sacramento do P\u00e3o e do Vinho, repetindo o gesto de lavar os nossos p\u00e9s. Na aclama\u00e7\u00e3o ao santo Evangelho \u00a0cantamos: Eu vos dou um novo mandamento: \u201cque vos amei uns aos [&hellip;]<\/p>\n","protected":false},"author":10,"featured_media":0,"comment_status":"open","ping_status":"open","sticky":false,"template":"","format":"standard","meta":{"ngg_post_thumbnail":0,"footnotes":""},"categories":[475,8,7],"tags":[1878,460],"yoast_head":"<!-- This site is optimized with the Yoast SEO plugin v23.5 - https:\/\/yoast.com\/wordpress\/plugins\/seo\/ -->\n<title>Missa do Lava-P\u00e9s, Eucaristia e Adora\u00e7\u00e3o na Igreja S\u00e3o Miguel Arcanjo - O Arcanjo no ar<\/title>\n<meta name=\"robots\" content=\"index, follow, max-snippet:-1, max-image-preview:large, max-video-preview:-1\" \/>\n<link rel=\"canonical\" href=\"https:\/\/www.oarcanjo.net\/site\/missa-do-lava-pes-eucaristia-e-adoracao-na-igreja-sao-miguel-arcanjo\/\" \/>\n<meta property=\"og:locale\" content=\"pt_BR\" \/>\n<meta property=\"og:type\" content=\"article\" \/>\n<meta property=\"og:title\" content=\"Missa do Lava-P\u00e9s, Eucaristia e Adora\u00e7\u00e3o na Igreja S\u00e3o Miguel Arcanjo - O Arcanjo no ar\" \/>\n<meta property=\"og:description\" content=\"Nessa missa da institui\u00e7\u00e3o da Eucaristia, toda a simbologia do servir. Iniciado o Tr\u00edduo Pascal, celebramos a ceia em que Jesus se entregou ao sacramento do P\u00e3o e do Vinho, repetindo o gesto de lavar os nossos p\u00e9s. Na aclama\u00e7\u00e3o ao santo Evangelho \u00a0cantamos: Eu vos dou um novo mandamento: \u201cque vos amei uns aos [&hellip;]\" \/>\n<meta property=\"og:url\" content=\"https:\/\/www.oarcanjo.net\/site\/missa-do-lava-pes-eucaristia-e-adoracao-na-igreja-sao-miguel-arcanjo\/\" \/>\n<meta property=\"og:site_name\" content=\"O Arcanjo no ar\" \/>\n<meta property=\"article:publisher\" content=\"https:\/\/www.facebook.com\/OArcanjoNoAr\/\" \/>\n<meta property=\"article:published_time\" content=\"2011-04-22T13:41:43+00:00\" \/>\n<meta property=\"article:modified_time\" content=\"2011-04-22T18:27:39+00:00\" \/>\n<meta property=\"og:image\" content=\"https:\/\/www.oarcanjo.net\/site\/wp-content\/uploads\/logo-o-arcanjo-no-ar-facebook.png\" \/>\n\t<meta property=\"og:image:width\" content=\"300\" \/>\n\t<meta property=\"og:image:height\" content=\"300\" \/>\n\t<meta property=\"og:image:type\" content=\"image\/png\" \/>\n<meta name=\"author\" content=\"carlos\" \/>\n<meta name=\"twitter:card\" content=\"summary_large_image\" \/>\n<meta name=\"twitter:label1\" content=\"Escrito por\" \/>\n\t<meta name=\"twitter:data1\" content=\"carlos\" \/>\n\t<meta name=\"twitter:label2\" content=\"Est. tempo de leitura\" \/>\n\t<meta name=\"twitter:data2\" content=\"1 minuto\" \/>\n<script type=\"application\/ld+json\" class=\"yoast-schema-graph\">{\"@context\":\"https:\/\/schema.org\",\"@graph\":[{\"@type\":\"Article\",\"@id\":\"https:\/\/www.oarcanjo.net\/site\/missa-do-lava-pes-eucaristia-e-adoracao-na-igreja-sao-miguel-arcanjo\/#article\",\"isPartOf\":{\"@id\":\"https:\/\/www.oarcanjo.net\/site\/missa-do-lava-pes-eucaristia-e-adoracao-na-igreja-sao-miguel-arcanjo\/\"},\"author\":{\"name\":\"carlos\",\"@id\":\"https:\/\/www.oarcanjo.net\/site\/#\/schema\/person\/f7870e710d8c8c30673de3a0ac2e451d\"},\"headline\":\"Missa do Lava-P\u00e9s, Eucaristia e Adora\u00e7\u00e3o na Igreja S\u00e3o Miguel Arcanjo\",\"datePublished\":\"2011-04-22T13:41:43+00:00\",\"dateModified\":\"2011-04-22T18:27:39+00:00\",\"mainEntityOfPage\":{\"@id\":\"https:\/\/www.oarcanjo.net\/site\/missa-do-lava-pes-eucaristia-e-adoracao-na-igreja-sao-miguel-arcanjo\/\"},\"wordCount\":260,\"commentCount\":0,\"publisher\":{\"@id\":\"https:\/\/www.oarcanjo.net\/site\/#organization\"},\"keywords\":[\"eurcaristia\",\"lava-p\u00e9s\"],\"articleSection\":[\"Homilias\",\"Not\u00edcias\",\"Rosto da comunidade\"],\"inLanguage\":\"pt-BR\",\"potentialAction\":[{\"@type\":\"CommentAction\",\"name\":\"Comment\",\"target\":[\"https:\/\/www.oarcanjo.net\/site\/missa-do-lava-pes-eucaristia-e-adoracao-na-igreja-sao-miguel-arcanjo\/#respond\"]}]},{\"@type\":\"WebPage\",\"@id\":\"https:\/\/www.oarcanjo.net\/site\/missa-do-lava-pes-eucaristia-e-adoracao-na-igreja-sao-miguel-arcanjo\/\",\"url\":\"https:\/\/www.oarcanjo.net\/site\/missa-do-lava-pes-eucaristia-e-adoracao-na-igreja-sao-miguel-arcanjo\/\",\"name\":\"Missa do Lava-P\u00e9s, Eucaristia e Adora\u00e7\u00e3o na Igreja S\u00e3o Miguel Arcanjo - O Arcanjo no ar\",\"isPartOf\":{\"@id\":\"https:\/\/www.oarcanjo.net\/site\/#website\"},\"datePublished\":\"2011-04-22T13:41:43+00:00\",\"dateModified\":\"2011-04-22T18:27:39+00:00\",\"breadcrumb\":{\"@id\":\"https:\/\/www.oarcanjo.net\/site\/missa-do-lava-pes-eucaristia-e-adoracao-na-igreja-sao-miguel-arcanjo\/#breadcrumb\"},\"inLanguage\":\"pt-BR\",\"potentialAction\":[{\"@type\":\"ReadAction\",\"target\":[\"https:\/\/www.oarcanjo.net\/site\/missa-do-lava-pes-eucaristia-e-adoracao-na-igreja-sao-miguel-arcanjo\/\"]}]},{\"@type\":\"BreadcrumbList\",\"@id\":\"https:\/\/www.oarcanjo.net\/site\/missa-do-lava-pes-eucaristia-e-adoracao-na-igreja-sao-miguel-arcanjo\/#breadcrumb\",\"itemListElement\":[{\"@type\":\"ListItem\",\"position\":1,\"name\":\"In\u00edcio\",\"item\":\"https:\/\/www.oarcanjo.net\/site\/\"},{\"@type\":\"ListItem\",\"position\":2,\"name\":\"Missa do Lava-P\u00e9s, Eucaristia e Adora\u00e7\u00e3o na Igreja S\u00e3o Miguel Arcanjo\"}]},{\"@type\":\"WebSite\",\"@id\":\"https:\/\/www.oarcanjo.net\/site\/#website\",\"url\":\"https:\/\/www.oarcanjo.net\/site\/\",\"name\":\"O Arcanjo no ar\",\"description\":\"Site da Par\u00f3quia S\u00e3o Miguel Arcanjo (Arquidiocese de SP)\",\"publisher\":{\"@id\":\"https:\/\/www.oarcanjo.net\/site\/#organization\"},\"potentialAction\":[{\"@type\":\"SearchAction\",\"target\":{\"@type\":\"EntryPoint\",\"urlTemplate\":\"https:\/\/www.oarcanjo.net\/site\/?s={search_term_string}\"},\"query-input\":{\"@type\":\"PropertyValueSpecification\",\"valueRequired\":true,\"valueName\":\"search_term_string\"}}],\"inLanguage\":\"pt-BR\"},{\"@type\":\"Organization\",\"@id\":\"https:\/\/www.oarcanjo.net\/site\/#organization\",\"name\":\"Par\u00f3quia S\u00e3o Miguel Arcanjo\",\"url\":\"https:\/\/www.oarcanjo.net\/site\/\",\"logo\":{\"@type\":\"ImageObject\",\"inLanguage\":\"pt-BR\",\"@id\":\"https:\/\/www.oarcanjo.net\/site\/#\/schema\/logo\/image\/\",\"url\":\"https:\/\/www.oarcanjo.net\/site\/wp-content\/uploads\/LogoOArcanjo.png\",\"contentUrl\":\"https:\/\/www.oarcanjo.net\/site\/wp-content\/uploads\/LogoOArcanjo.png\",\"width\":319,\"height\":99,\"caption\":\"Par\u00f3quia S\u00e3o Miguel Arcanjo\"},\"image\":{\"@id\":\"https:\/\/www.oarcanjo.net\/site\/#\/schema\/logo\/image\/\"},\"sameAs\":[\"https:\/\/www.facebook.com\/OArcanjoNoAr\/\"]},{\"@type\":\"Person\",\"@id\":\"https:\/\/www.oarcanjo.net\/site\/#\/schema\/person\/f7870e710d8c8c30673de3a0ac2e451d\",\"name\":\"carlos\"}]}<\/script>\n<!-- \/ Yoast SEO plugin. -->","yoast_head_json":{"title":"Missa do Lava-P\u00e9s, Eucaristia e Adora\u00e7\u00e3o na Igreja S\u00e3o Miguel Arcanjo - O Arcanjo no ar","robots":{"index":"index","follow":"follow","max-snippet":"max-snippet:-1","max-image-preview":"max-image-preview:large","max-video-preview":"max-video-preview:-1"},"canonical":"https:\/\/www.oarcanjo.net\/site\/missa-do-lava-pes-eucaristia-e-adoracao-na-igreja-sao-miguel-arcanjo\/","og_locale":"pt_BR","og_type":"article","og_title":"Missa do Lava-P\u00e9s, Eucaristia e Adora\u00e7\u00e3o na Igreja S\u00e3o Miguel Arcanjo - O Arcanjo no ar","og_description":"Nessa missa da institui\u00e7\u00e3o da Eucaristia, toda a simbologia do servir. Iniciado o Tr\u00edduo Pascal, celebramos a ceia em que Jesus se entregou ao sacramento do P\u00e3o e do Vinho, repetindo o gesto de lavar os nossos p\u00e9s. Na aclama\u00e7\u00e3o ao santo Evangelho \u00a0cantamos: Eu vos dou um novo mandamento: \u201cque vos amei uns aos [&hellip;]","og_url":"https:\/\/www.oarcanjo.net\/site\/missa-do-lava-pes-eucaristia-e-adoracao-na-igreja-sao-miguel-arcanjo\/","og_site_name":"O Arcanjo no ar","article_publisher":"https:\/\/www.facebook.com\/OArcanjoNoAr\/","article_published_time":"2011-04-22T13:41:43+00:00","article_modified_time":"2011-04-22T18:27:39+00:00","og_image":[{"width":300,"height":300,"url":"https:\/\/www.oarcanjo.net\/site\/wp-content\/uploads\/logo-o-arcanjo-no-ar-facebook.png","type":"image\/png"}],"author":"carlos","twitter_card":"summary_large_image","twitter_misc":{"Escrito por":"carlos","Est. tempo de leitura":"1 minuto"},"schema":{"@context":"https:\/\/schema.org","@graph":[{"@type":"Article","@id":"https:\/\/www.oarcanjo.net\/site\/missa-do-lava-pes-eucaristia-e-adoracao-na-igreja-sao-miguel-arcanjo\/#article","isPartOf":{"@id":"https:\/\/www.oarcanjo.net\/site\/missa-do-lava-pes-eucaristia-e-adoracao-na-igreja-sao-miguel-arcanjo\/"},"author":{"name":"carlos","@id":"https:\/\/www.oarcanjo.net\/site\/#\/schema\/person\/f7870e710d8c8c30673de3a0ac2e451d"},"headline":"Missa do Lava-P\u00e9s, Eucaristia e Adora\u00e7\u00e3o na Igreja S\u00e3o Miguel Arcanjo","datePublished":"2011-04-22T13:41:43+00:00","dateModified":"2011-04-22T18:27:39+00:00","mainEntityOfPage":{"@id":"https:\/\/www.oarcanjo.net\/site\/missa-do-lava-pes-eucaristia-e-adoracao-na-igreja-sao-miguel-arcanjo\/"},"wordCount":260,"commentCount":0,"publisher":{"@id":"https:\/\/www.oarcanjo.net\/site\/#organization"},"keywords":["eurcaristia","lava-p\u00e9s"],"articleSection":["Homilias","Not\u00edcias","Rosto da comunidade"],"inLanguage":"pt-BR","potentialAction":[{"@type":"CommentAction","name":"Comment","target":["https:\/\/www.oarcanjo.net\/site\/missa-do-lava-pes-eucaristia-e-adoracao-na-igreja-sao-miguel-arcanjo\/#respond"]}]},{"@type":"WebPage","@id":"https:\/\/www.oarcanjo.net\/site\/missa-do-lava-pes-eucaristia-e-adoracao-na-igreja-sao-miguel-arcanjo\/","url":"https:\/\/www.oarcanjo.net\/site\/missa-do-lava-pes-eucaristia-e-adoracao-na-igreja-sao-miguel-arcanjo\/","name":"Missa do Lava-P\u00e9s, Eucaristia e Adora\u00e7\u00e3o na Igreja S\u00e3o Miguel Arcanjo - O Arcanjo no ar","isPartOf":{"@id":"https:\/\/www.oarcanjo.net\/site\/#website"},"datePublished":"2011-04-22T13:41:43+00:00","dateModified":"2011-04-22T18:27:39+00:00","breadcrumb":{"@id":"https:\/\/www.oarcanjo.net\/site\/missa-do-lava-pes-eucaristia-e-adoracao-na-igreja-sao-miguel-arcanjo\/#breadcrumb"},"inLanguage":"pt-BR","potentialAction":[{"@type":"ReadAction","target":["https:\/\/www.oarcanjo.net\/site\/missa-do-lava-pes-eucaristia-e-adoracao-na-igreja-sao-miguel-arcanjo\/"]}]},{"@type":"BreadcrumbList","@id":"https:\/\/www.oarcanjo.net\/site\/missa-do-lava-pes-eucaristia-e-adoracao-na-igreja-sao-miguel-arcanjo\/#breadcrumb","itemListElement":[{"@type":"ListItem","position":1,"name":"In\u00edcio","item":"https:\/\/www.oarcanjo.net\/site\/"},{"@type":"ListItem","position":2,"name":"Missa do Lava-P\u00e9s, Eucaristia e Adora\u00e7\u00e3o na Igreja S\u00e3o Miguel Arcanjo"}]},{"@type":"WebSite","@id":"https:\/\/www.oarcanjo.net\/site\/#website","url":"https:\/\/www.oarcanjo.net\/site\/","name":"O Arcanjo no ar","description":"Site da Par\u00f3quia S\u00e3o Miguel Arcanjo (Arquidiocese de SP)","publisher":{"@id":"https:\/\/www.oarcanjo.net\/site\/#organization"},"potentialAction":[{"@type":"SearchAction","target":{"@type":"EntryPoint","urlTemplate":"https:\/\/www.oarcanjo.net\/site\/?s={search_term_string}"},"query-input":{"@type":"PropertyValueSpecification","valueRequired":true,"valueName":"search_term_string"}}],"inLanguage":"pt-BR"},{"@type":"Organization","@id":"https:\/\/www.oarcanjo.net\/site\/#organization","name":"Par\u00f3quia S\u00e3o Miguel Arcanjo","url":"https:\/\/www.oarcanjo.net\/site\/","logo":{"@type":"ImageObject","inLanguage":"pt-BR","@id":"https:\/\/www.oarcanjo.net\/site\/#\/schema\/logo\/image\/","url":"https:\/\/www.oarcanjo.net\/site\/wp-content\/uploads\/LogoOArcanjo.png","contentUrl":"https:\/\/www.oarcanjo.net\/site\/wp-content\/uploads\/LogoOArcanjo.png","width":319,"height":99,"caption":"Par\u00f3quia S\u00e3o Miguel Arcanjo"},"image":{"@id":"https:\/\/www.oarcanjo.net\/site\/#\/schema\/logo\/image\/"},"sameAs":["https:\/\/www.facebook.com\/OArcanjoNoAr\/"]},{"@type":"Person","@id":"https:\/\/www.oarcanjo.net\/site\/#\/schema\/person\/f7870e710d8c8c30673de3a0ac2e451d","name":"carlos"}]}},"publishpress_future_action":{"enabled":false,"date":"2026-05-09 03:41:24","action":"category","newStatus":"draft","terms":[],"taxonomy":"category"},"publishpress_future_workflow_manual_trigger":{"enabledWorkflows":[]},"_links":{"self":[{"href":"https:\/\/www.oarcanjo.net\/site\/wp-json\/wp\/v2\/posts\/14016"}],"collection":[{"href":"https:\/\/www.oarcanjo.net\/site\/wp-json\/wp\/v2\/posts"}],"about":[{"href":"https:\/\/www.oarcanjo.net\/site\/wp-json\/wp\/v2\/types\/post"}],"author":[{"embeddable":true,"href":"https:\/\/www.oarcanjo.net\/site\/wp-json\/wp\/v2\/users\/10"}],"replies":[{"embeddable":true,"href":"https:\/\/www.oarcanjo.net\/site\/wp-json\/wp\/v2\/comments?post=14016"}],"version-history":[{"count":0,"href":"https:\/\/www.oarcanjo.net\/site\/wp-json\/wp\/v2\/posts\/14016\/revisions"}],"wp:attachment":[{"href":"https:\/\/www.oarcanjo.net\/site\/wp-json\/wp\/v2\/media?parent=14016"}],"wp:term":[{"taxonomy":"category","embeddable":true,"href":"https:\/\/www.oarcanjo.net\/site\/wp-json\/wp\/v2\/categories?post=14016"},{"taxonomy":"post_tag","embeddable":true,"href":"https:\/\/www.oarcanjo.net\/site\/wp-json\/wp\/v2\/tags?post=14016"}],"curies":[{"name":"wp","href":"https:\/\/api.w.org\/{rel}","templated":true}]}}