
{"id":14019,"date":"2011-04-22T10:10:25","date_gmt":"2011-04-22T13:10:25","guid":{"rendered":"http:\/\/www.oarcanjo.net\/site\/?p=14019"},"modified":"2011-04-22T15:43:45","modified_gmt":"2011-04-22T18:43:45","slug":"paroquia-sao-miguel-arcanjo-faz-51-anos","status":"publish","type":"post","link":"https:\/\/www.oarcanjo.net\/site\/paroquia-sao-miguel-arcanjo-faz-51-anos\/","title":{"rendered":"Par\u00f3quia S\u00e3o Miguel Arcanjo faz 51 anos"},"content":{"rendered":"<p>No dia 21 de abril comemoramos 51 anos da institui\u00e7\u00e3o da Par\u00f3quia S\u00e3o Miguel Arcanjo, aqui na Mooca, zona leste de S\u00e3o Paulo. Come\u00e7ou como uma Capela, por iniciativa da fam\u00edlia Aliano,\u00a0passando em 1960 \u00e0 condi\u00e7\u00e3o de Par\u00f3quia e \u00a0constituindo uma Comunidade expressiva dentro da Arquidiocese de S\u00e3o Paulo.<\/p>\n<p>Recordar aqui as pessoas e padres que passaram, ensejaria muitas linhas a serem publicadas. Est\u00e3o no nosso cora\u00e7\u00e3o (para lembrar alguns momentos dessa caminhada, visite a <a href=\"http:\/\/www.oarcanjo.net\/site\/index.php\/rosto\/comunidade-sao-miguel-arcanjo-50-anos-de-caminhada\/\">p\u00e1gina com fotos da nossa hist\u00f3ria<\/a>)<\/p>\n<p>As duas frases fortes que est\u00e3o estampadas na Igreja: \u201cAqui se entra para amar a Deus\u201d\u00a0 e \u201c Daqui se sai para amar o pr\u00f3ximo\u201d.<\/p>\n<p>Parab\u00e9ns a toda Comunidade S\u00e3o Miguel Arcanjo pelos 51 anos da Par\u00f3quia!<\/p>\n<p>Fotos por Carlos Alberto Beatriz e Wanderley Oliveira<\/p>\n<p><a href=\"http:\/\/www.oarcanjo.net\/site\/wp-content\/uploads\/51-anos1.jpg\"><img loading=\"lazy\" decoding=\"async\" class=\"size-medium wp-image-14020 alignleft\" title=\"51 anos1\" src=\"http:\/\/www.oarcanjo.net\/site\/wp-content\/uploads\/51-anos1-300x225.jpg\" alt=\"\" width=\"300\" height=\"225\" srcset=\"https:\/\/www.oarcanjo.net\/site\/wp-content\/uploads\/51-anos1-300x225.jpg 300w, https:\/\/www.oarcanjo.net\/site\/wp-content\/uploads\/51-anos1.jpg 573w\" sizes=\"(max-width: 300px) 100vw, 300px\" \/><\/a><\/p>\n<p style=\"text-align: justify;\"><a href=\"http:\/\/www.oarcanjo.net\/site\/wp-content\/uploads\/51-anos2.jpg\"><img loading=\"lazy\" decoding=\"async\" class=\"alignleft size-medium wp-image-14021\" title=\"51 anos2\" src=\"http:\/\/www.oarcanjo.net\/site\/wp-content\/uploads\/51-anos2-300x200.jpg\" alt=\"\" width=\"300\" height=\"200\" srcset=\"https:\/\/www.oarcanjo.net\/site\/wp-content\/uploads\/51-anos2-300x200.jpg 300w, https:\/\/www.oarcanjo.net\/site\/wp-content\/uploads\/51-anos2.jpg 645w\" sizes=\"(max-width: 300px) 100vw, 300px\" \/><\/a><\/p>\n<p style=\"text-align: justify;\"><a href=\"http:\/\/www.oarcanjo.net\/site\/wp-content\/uploads\/51-anos3.jpg\"><img loading=\"lazy\" decoding=\"async\" class=\"alignright size-medium wp-image-14022\" title=\"51 anos3\" src=\"http:\/\/www.oarcanjo.net\/site\/wp-content\/uploads\/51-anos3-300x200.jpg\" alt=\"\" width=\"300\" height=\"200\" srcset=\"https:\/\/www.oarcanjo.net\/site\/wp-content\/uploads\/51-anos3-300x200.jpg 300w, https:\/\/www.oarcanjo.net\/site\/wp-content\/uploads\/51-anos3.jpg 645w\" sizes=\"(max-width: 300px) 100vw, 300px\" \/><\/a><\/p>\n<p style=\"text-align: justify;\"><a href=\"http:\/\/www.oarcanjo.net\/site\/wp-content\/uploads\/51-anos4.jpg\"><img loading=\"lazy\" decoding=\"async\" class=\"aligncenter size-medium wp-image-14023\" title=\"51 anos4\" src=\"http:\/\/www.oarcanjo.net\/site\/wp-content\/uploads\/51-anos4-300x200.jpg\" alt=\"\" width=\"300\" height=\"200\" srcset=\"https:\/\/www.oarcanjo.net\/site\/wp-content\/uploads\/51-anos4-300x200.jpg 300w, https:\/\/www.oarcanjo.net\/site\/wp-content\/uploads\/51-anos4.jpg 645w\" sizes=\"(max-width: 300px) 100vw, 300px\" \/><\/a><\/p>\n<p style=\"text-align: justify;\"><a href=\"http:\/\/www.oarcanjo.net\/site\/wp-content\/uploads\/51-anos51.jpg\"><img loading=\"lazy\" decoding=\"async\" class=\"alignleft size-medium wp-image-14025\" title=\"51 anos5\" src=\"http:\/\/www.oarcanjo.net\/site\/wp-content\/uploads\/51-anos51-300x216.jpg\" alt=\"\" width=\"300\" height=\"216\" srcset=\"https:\/\/www.oarcanjo.net\/site\/wp-content\/uploads\/51-anos51-300x216.jpg 300w, https:\/\/www.oarcanjo.net\/site\/wp-content\/uploads\/51-anos51.jpg 598w\" sizes=\"(max-width: 300px) 100vw, 300px\" \/><\/a><\/p>\n<div id=\"themify_builder_content-14019\" data-postid=\"14019\" class=\"themify_builder_content themify_builder_content-14019 themify_builder themify_builder_front\">\n\t<\/div>\n<!-- \/themify_builder_content -->","protected":false},"excerpt":{"rendered":"<p>No dia 21 de abril comemoramos 51 anos da institui\u00e7\u00e3o da Par\u00f3quia S\u00e3o Miguel Arcanjo, aqui na Mooca, zona leste de S\u00e3o Paulo. Come\u00e7ou como uma Capela, por iniciativa da fam\u00edlia Aliano,\u00a0passando em 1960 \u00e0 condi\u00e7\u00e3o de Par\u00f3quia e \u00a0constituindo uma Comunidade expressiva dentro da Arquidiocese de S\u00e3o Paulo. Recordar aqui as pessoas e padres [&hellip;]<\/p>\n","protected":false},"author":10,"featured_media":0,"comment_status":"open","ping_status":"open","sticky":false,"template":"","format":"standard","meta":{"ngg_post_thumbnail":0,"footnotes":""},"categories":[8],"tags":[129,10],"yoast_head":"<!-- This site is optimized with the Yoast SEO plugin v23.5 - https:\/\/yoast.com\/wordpress\/plugins\/seo\/ -->\n<title>Par\u00f3quia S\u00e3o Miguel Arcanjo faz 51 anos - O Arcanjo no ar<\/title>\n<meta name=\"robots\" content=\"index, follow, max-snippet:-1, max-image-preview:large, max-video-preview:-1\" \/>\n<link rel=\"canonical\" href=\"https:\/\/www.oarcanjo.net\/site\/paroquia-sao-miguel-arcanjo-faz-51-anos\/\" \/>\n<meta property=\"og:locale\" content=\"pt_BR\" \/>\n<meta property=\"og:type\" content=\"article\" \/>\n<meta property=\"og:title\" content=\"Par\u00f3quia S\u00e3o Miguel Arcanjo faz 51 anos - O Arcanjo no ar\" \/>\n<meta property=\"og:description\" content=\"No dia 21 de abril comemoramos 51 anos da institui\u00e7\u00e3o da Par\u00f3quia S\u00e3o Miguel Arcanjo, aqui na Mooca, zona leste de S\u00e3o Paulo. Come\u00e7ou como uma Capela, por iniciativa da fam\u00edlia Aliano,\u00a0passando em 1960 \u00e0 condi\u00e7\u00e3o de Par\u00f3quia e \u00a0constituindo uma Comunidade expressiva dentro da Arquidiocese de S\u00e3o Paulo. Recordar aqui as pessoas e padres [&hellip;]\" \/>\n<meta property=\"og:url\" content=\"https:\/\/www.oarcanjo.net\/site\/paroquia-sao-miguel-arcanjo-faz-51-anos\/\" \/>\n<meta property=\"og:site_name\" content=\"O Arcanjo no ar\" \/>\n<meta property=\"article:publisher\" content=\"https:\/\/www.facebook.com\/OArcanjoNoAr\/\" \/>\n<meta property=\"article:published_time\" content=\"2011-04-22T13:10:25+00:00\" \/>\n<meta property=\"article:modified_time\" content=\"2011-04-22T18:43:45+00:00\" \/>\n<meta property=\"og:image\" content=\"http:\/\/www.oarcanjo.net\/site\/wp-content\/uploads\/51-anos1-300x225.jpg\" \/>\n<meta name=\"author\" content=\"carlos\" \/>\n<meta name=\"twitter:card\" content=\"summary_large_image\" \/>\n<meta name=\"twitter:label1\" content=\"Escrito por\" \/>\n\t<meta name=\"twitter:data1\" content=\"carlos\" \/>\n\t<meta name=\"twitter:label2\" content=\"Est. tempo de leitura\" \/>\n\t<meta name=\"twitter:data2\" content=\"1 minuto\" \/>\n<script type=\"application\/ld+json\" class=\"yoast-schema-graph\">{\"@context\":\"https:\/\/schema.org\",\"@graph\":[{\"@type\":\"Article\",\"@id\":\"https:\/\/www.oarcanjo.net\/site\/paroquia-sao-miguel-arcanjo-faz-51-anos\/#article\",\"isPartOf\":{\"@id\":\"https:\/\/www.oarcanjo.net\/site\/paroquia-sao-miguel-arcanjo-faz-51-anos\/\"},\"author\":{\"name\":\"carlos\",\"@id\":\"https:\/\/www.oarcanjo.net\/site\/#\/schema\/person\/f7870e710d8c8c30673de3a0ac2e451d\"},\"headline\":\"Par\u00f3quia S\u00e3o Miguel Arcanjo faz 51 anos\",\"datePublished\":\"2011-04-22T13:10:25+00:00\",\"dateModified\":\"2011-04-22T18:43:45+00:00\",\"mainEntityOfPage\":{\"@id\":\"https:\/\/www.oarcanjo.net\/site\/paroquia-sao-miguel-arcanjo-faz-51-anos\/\"},\"wordCount\":147,\"commentCount\":0,\"publisher\":{\"@id\":\"https:\/\/www.oarcanjo.net\/site\/#organization\"},\"image\":{\"@id\":\"https:\/\/www.oarcanjo.net\/site\/paroquia-sao-miguel-arcanjo-faz-51-anos\/#primaryimage\"},\"thumbnailUrl\":\"http:\/\/www.oarcanjo.net\/site\/wp-content\/uploads\/51-anos1-300x225.jpg\",\"keywords\":[\"anivers\u00e1rio\",\"S\u00e3o Miguel Arcanjo\"],\"articleSection\":[\"Not\u00edcias\"],\"inLanguage\":\"pt-BR\",\"potentialAction\":[{\"@type\":\"CommentAction\",\"name\":\"Comment\",\"target\":[\"https:\/\/www.oarcanjo.net\/site\/paroquia-sao-miguel-arcanjo-faz-51-anos\/#respond\"]}]},{\"@type\":\"WebPage\",\"@id\":\"https:\/\/www.oarcanjo.net\/site\/paroquia-sao-miguel-arcanjo-faz-51-anos\/\",\"url\":\"https:\/\/www.oarcanjo.net\/site\/paroquia-sao-miguel-arcanjo-faz-51-anos\/\",\"name\":\"Par\u00f3quia S\u00e3o Miguel Arcanjo faz 51 anos - O Arcanjo no ar\",\"isPartOf\":{\"@id\":\"https:\/\/www.oarcanjo.net\/site\/#website\"},\"primaryImageOfPage\":{\"@id\":\"https:\/\/www.oarcanjo.net\/site\/paroquia-sao-miguel-arcanjo-faz-51-anos\/#primaryimage\"},\"image\":{\"@id\":\"https:\/\/www.oarcanjo.net\/site\/paroquia-sao-miguel-arcanjo-faz-51-anos\/#primaryimage\"},\"thumbnailUrl\":\"http:\/\/www.oarcanjo.net\/site\/wp-content\/uploads\/51-anos1-300x225.jpg\",\"datePublished\":\"2011-04-22T13:10:25+00:00\",\"dateModified\":\"2011-04-22T18:43:45+00:00\",\"breadcrumb\":{\"@id\":\"https:\/\/www.oarcanjo.net\/site\/paroquia-sao-miguel-arcanjo-faz-51-anos\/#breadcrumb\"},\"inLanguage\":\"pt-BR\",\"potentialAction\":[{\"@type\":\"ReadAction\",\"target\":[\"https:\/\/www.oarcanjo.net\/site\/paroquia-sao-miguel-arcanjo-faz-51-anos\/\"]}]},{\"@type\":\"ImageObject\",\"inLanguage\":\"pt-BR\",\"@id\":\"https:\/\/www.oarcanjo.net\/site\/paroquia-sao-miguel-arcanjo-faz-51-anos\/#primaryimage\",\"url\":\"https:\/\/www.oarcanjo.net\/site\/wp-content\/uploads\/51-anos1.jpg\",\"contentUrl\":\"https:\/\/www.oarcanjo.net\/site\/wp-content\/uploads\/51-anos1.jpg\",\"width\":\"573\",\"height\":\"431\"},{\"@type\":\"BreadcrumbList\",\"@id\":\"https:\/\/www.oarcanjo.net\/site\/paroquia-sao-miguel-arcanjo-faz-51-anos\/#breadcrumb\",\"itemListElement\":[{\"@type\":\"ListItem\",\"position\":1,\"name\":\"In\u00edcio\",\"item\":\"https:\/\/www.oarcanjo.net\/site\/\"},{\"@type\":\"ListItem\",\"position\":2,\"name\":\"Par\u00f3quia S\u00e3o Miguel Arcanjo faz 51 anos\"}]},{\"@type\":\"WebSite\",\"@id\":\"https:\/\/www.oarcanjo.net\/site\/#website\",\"url\":\"https:\/\/www.oarcanjo.net\/site\/\",\"name\":\"O Arcanjo no ar\",\"description\":\"Site da Par\u00f3quia S\u00e3o Miguel Arcanjo (Arquidiocese de SP)\",\"publisher\":{\"@id\":\"https:\/\/www.oarcanjo.net\/site\/#organization\"},\"potentialAction\":[{\"@type\":\"SearchAction\",\"target\":{\"@type\":\"EntryPoint\",\"urlTemplate\":\"https:\/\/www.oarcanjo.net\/site\/?s={search_term_string}\"},\"query-input\":{\"@type\":\"PropertyValueSpecification\",\"valueRequired\":true,\"valueName\":\"search_term_string\"}}],\"inLanguage\":\"pt-BR\"},{\"@type\":\"Organization\",\"@id\":\"https:\/\/www.oarcanjo.net\/site\/#organization\",\"name\":\"Par\u00f3quia S\u00e3o Miguel Arcanjo\",\"url\":\"https:\/\/www.oarcanjo.net\/site\/\",\"logo\":{\"@type\":\"ImageObject\",\"inLanguage\":\"pt-BR\",\"@id\":\"https:\/\/www.oarcanjo.net\/site\/#\/schema\/logo\/image\/\",\"url\":\"https:\/\/www.oarcanjo.net\/site\/wp-content\/uploads\/LogoOArcanjo.png\",\"contentUrl\":\"https:\/\/www.oarcanjo.net\/site\/wp-content\/uploads\/LogoOArcanjo.png\",\"width\":319,\"height\":99,\"caption\":\"Par\u00f3quia S\u00e3o Miguel Arcanjo\"},\"image\":{\"@id\":\"https:\/\/www.oarcanjo.net\/site\/#\/schema\/logo\/image\/\"},\"sameAs\":[\"https:\/\/www.facebook.com\/OArcanjoNoAr\/\"]},{\"@type\":\"Person\",\"@id\":\"https:\/\/www.oarcanjo.net\/site\/#\/schema\/person\/f7870e710d8c8c30673de3a0ac2e451d\",\"name\":\"carlos\"}]}<\/script>\n<!-- \/ Yoast SEO plugin. -->","yoast_head_json":{"title":"Par\u00f3quia S\u00e3o Miguel Arcanjo faz 51 anos - O Arcanjo no ar","robots":{"index":"index","follow":"follow","max-snippet":"max-snippet:-1","max-image-preview":"max-image-preview:large","max-video-preview":"max-video-preview:-1"},"canonical":"https:\/\/www.oarcanjo.net\/site\/paroquia-sao-miguel-arcanjo-faz-51-anos\/","og_locale":"pt_BR","og_type":"article","og_title":"Par\u00f3quia S\u00e3o Miguel Arcanjo faz 51 anos - O Arcanjo no ar","og_description":"No dia 21 de abril comemoramos 51 anos da institui\u00e7\u00e3o da Par\u00f3quia S\u00e3o Miguel Arcanjo, aqui na Mooca, zona leste de S\u00e3o Paulo. Come\u00e7ou como uma Capela, por iniciativa da fam\u00edlia Aliano,\u00a0passando em 1960 \u00e0 condi\u00e7\u00e3o de Par\u00f3quia e \u00a0constituindo uma Comunidade expressiva dentro da Arquidiocese de S\u00e3o Paulo. Recordar aqui as pessoas e padres [&hellip;]","og_url":"https:\/\/www.oarcanjo.net\/site\/paroquia-sao-miguel-arcanjo-faz-51-anos\/","og_site_name":"O Arcanjo no ar","article_publisher":"https:\/\/www.facebook.com\/OArcanjoNoAr\/","article_published_time":"2011-04-22T13:10:25+00:00","article_modified_time":"2011-04-22T18:43:45+00:00","og_image":[{"url":"http:\/\/www.oarcanjo.net\/site\/wp-content\/uploads\/51-anos1-300x225.jpg"}],"author":"carlos","twitter_card":"summary_large_image","twitter_misc":{"Escrito por":"carlos","Est. tempo de leitura":"1 minuto"},"schema":{"@context":"https:\/\/schema.org","@graph":[{"@type":"Article","@id":"https:\/\/www.oarcanjo.net\/site\/paroquia-sao-miguel-arcanjo-faz-51-anos\/#article","isPartOf":{"@id":"https:\/\/www.oarcanjo.net\/site\/paroquia-sao-miguel-arcanjo-faz-51-anos\/"},"author":{"name":"carlos","@id":"https:\/\/www.oarcanjo.net\/site\/#\/schema\/person\/f7870e710d8c8c30673de3a0ac2e451d"},"headline":"Par\u00f3quia S\u00e3o Miguel Arcanjo faz 51 anos","datePublished":"2011-04-22T13:10:25+00:00","dateModified":"2011-04-22T18:43:45+00:00","mainEntityOfPage":{"@id":"https:\/\/www.oarcanjo.net\/site\/paroquia-sao-miguel-arcanjo-faz-51-anos\/"},"wordCount":147,"commentCount":0,"publisher":{"@id":"https:\/\/www.oarcanjo.net\/site\/#organization"},"image":{"@id":"https:\/\/www.oarcanjo.net\/site\/paroquia-sao-miguel-arcanjo-faz-51-anos\/#primaryimage"},"thumbnailUrl":"http:\/\/www.oarcanjo.net\/site\/wp-content\/uploads\/51-anos1-300x225.jpg","keywords":["anivers\u00e1rio","S\u00e3o Miguel Arcanjo"],"articleSection":["Not\u00edcias"],"inLanguage":"pt-BR","potentialAction":[{"@type":"CommentAction","name":"Comment","target":["https:\/\/www.oarcanjo.net\/site\/paroquia-sao-miguel-arcanjo-faz-51-anos\/#respond"]}]},{"@type":"WebPage","@id":"https:\/\/www.oarcanjo.net\/site\/paroquia-sao-miguel-arcanjo-faz-51-anos\/","url":"https:\/\/www.oarcanjo.net\/site\/paroquia-sao-miguel-arcanjo-faz-51-anos\/","name":"Par\u00f3quia S\u00e3o Miguel Arcanjo faz 51 anos - O Arcanjo no ar","isPartOf":{"@id":"https:\/\/www.oarcanjo.net\/site\/#website"},"primaryImageOfPage":{"@id":"https:\/\/www.oarcanjo.net\/site\/paroquia-sao-miguel-arcanjo-faz-51-anos\/#primaryimage"},"image":{"@id":"https:\/\/www.oarcanjo.net\/site\/paroquia-sao-miguel-arcanjo-faz-51-anos\/#primaryimage"},"thumbnailUrl":"http:\/\/www.oarcanjo.net\/site\/wp-content\/uploads\/51-anos1-300x225.jpg","datePublished":"2011-04-22T13:10:25+00:00","dateModified":"2011-04-22T18:43:45+00:00","breadcrumb":{"@id":"https:\/\/www.oarcanjo.net\/site\/paroquia-sao-miguel-arcanjo-faz-51-anos\/#breadcrumb"},"inLanguage":"pt-BR","potentialAction":[{"@type":"ReadAction","target":["https:\/\/www.oarcanjo.net\/site\/paroquia-sao-miguel-arcanjo-faz-51-anos\/"]}]},{"@type":"ImageObject","inLanguage":"pt-BR","@id":"https:\/\/www.oarcanjo.net\/site\/paroquia-sao-miguel-arcanjo-faz-51-anos\/#primaryimage","url":"https:\/\/www.oarcanjo.net\/site\/wp-content\/uploads\/51-anos1.jpg","contentUrl":"https:\/\/www.oarcanjo.net\/site\/wp-content\/uploads\/51-anos1.jpg","width":"573","height":"431"},{"@type":"BreadcrumbList","@id":"https:\/\/www.oarcanjo.net\/site\/paroquia-sao-miguel-arcanjo-faz-51-anos\/#breadcrumb","itemListElement":[{"@type":"ListItem","position":1,"name":"In\u00edcio","item":"https:\/\/www.oarcanjo.net\/site\/"},{"@type":"ListItem","position":2,"name":"Par\u00f3quia S\u00e3o Miguel Arcanjo faz 51 anos"}]},{"@type":"WebSite","@id":"https:\/\/www.oarcanjo.net\/site\/#website","url":"https:\/\/www.oarcanjo.net\/site\/","name":"O Arcanjo no ar","description":"Site da Par\u00f3quia S\u00e3o Miguel Arcanjo (Arquidiocese de SP)","publisher":{"@id":"https:\/\/www.oarcanjo.net\/site\/#organization"},"potentialAction":[{"@type":"SearchAction","target":{"@type":"EntryPoint","urlTemplate":"https:\/\/www.oarcanjo.net\/site\/?s={search_term_string}"},"query-input":{"@type":"PropertyValueSpecification","valueRequired":true,"valueName":"search_term_string"}}],"inLanguage":"pt-BR"},{"@type":"Organization","@id":"https:\/\/www.oarcanjo.net\/site\/#organization","name":"Par\u00f3quia S\u00e3o Miguel Arcanjo","url":"https:\/\/www.oarcanjo.net\/site\/","logo":{"@type":"ImageObject","inLanguage":"pt-BR","@id":"https:\/\/www.oarcanjo.net\/site\/#\/schema\/logo\/image\/","url":"https:\/\/www.oarcanjo.net\/site\/wp-content\/uploads\/LogoOArcanjo.png","contentUrl":"https:\/\/www.oarcanjo.net\/site\/wp-content\/uploads\/LogoOArcanjo.png","width":319,"height":99,"caption":"Par\u00f3quia S\u00e3o Miguel Arcanjo"},"image":{"@id":"https:\/\/www.oarcanjo.net\/site\/#\/schema\/logo\/image\/"},"sameAs":["https:\/\/www.facebook.com\/OArcanjoNoAr\/"]},{"@type":"Person","@id":"https:\/\/www.oarcanjo.net\/site\/#\/schema\/person\/f7870e710d8c8c30673de3a0ac2e451d","name":"carlos"}]}},"publishpress_future_action":{"enabled":false,"date":"2026-05-09 05:01:16","action":"category","newStatus":"draft","terms":[],"taxonomy":"category"},"publishpress_future_workflow_manual_trigger":{"enabledWorkflows":[]},"_links":{"self":[{"href":"https:\/\/www.oarcanjo.net\/site\/wp-json\/wp\/v2\/posts\/14019"}],"collection":[{"href":"https:\/\/www.oarcanjo.net\/site\/wp-json\/wp\/v2\/posts"}],"about":[{"href":"https:\/\/www.oarcanjo.net\/site\/wp-json\/wp\/v2\/types\/post"}],"author":[{"embeddable":true,"href":"https:\/\/www.oarcanjo.net\/site\/wp-json\/wp\/v2\/users\/10"}],"replies":[{"embeddable":true,"href":"https:\/\/www.oarcanjo.net\/site\/wp-json\/wp\/v2\/comments?post=14019"}],"version-history":[{"count":0,"href":"https:\/\/www.oarcanjo.net\/site\/wp-json\/wp\/v2\/posts\/14019\/revisions"}],"wp:attachment":[{"href":"https:\/\/www.oarcanjo.net\/site\/wp-json\/wp\/v2\/media?parent=14019"}],"wp:term":[{"taxonomy":"category","embeddable":true,"href":"https:\/\/www.oarcanjo.net\/site\/wp-json\/wp\/v2\/categories?post=14019"},{"taxonomy":"post_tag","embeddable":true,"href":"https:\/\/www.oarcanjo.net\/site\/wp-json\/wp\/v2\/tags?post=14019"}],"curies":[{"name":"wp","href":"https:\/\/api.w.org\/{rel}","templated":true}]}}