
{"id":14090,"date":"2011-04-24T03:45:09","date_gmt":"2011-04-24T06:45:09","guid":{"rendered":"http:\/\/www.oarcanjo.net\/site\/?p=14090"},"modified":"2011-04-24T04:45:28","modified_gmt":"2011-04-24T07:45:28","slug":"triduo-pascal-a-nossa-pascoa-domingo-da-ressurreicao","status":"publish","type":"post","link":"https:\/\/www.oarcanjo.net\/site\/triduo-pascal-a-nossa-pascoa-domingo-da-ressurreicao\/","title":{"rendered":"Tr\u00edduo Pascal &#8211; a nossa P\u00e1scoa &#8211; Domingo da Ressurrei\u00e7\u00e3o"},"content":{"rendered":"<p>A liturgia da missa do dia, cujos textos das leituras s\u00e3o sempre os mesmos em todos os tr\u00eas ciclos anuais de leituras, \u00e9 repassada de emo\u00e7\u00e3o e alegria pela ressurrei\u00e7\u00e3o do Senhor.<\/p>\n<p><strong>1\u00aa leitura: <\/strong>At 10,34a.37-43 &#8211; Pedro d\u00e1 testemunho do mist\u00e9rio pascal de Cristo.<\/p>\n<p><strong>Sl 117<\/strong> &#8211; Celebrai o Senhor, porque ele \u00e9 bom.<\/p>\n<p><strong>2\u00aa\u00a0leitura:<\/strong> Cl 3,1-4 ou 1Cor 5,6b-8. Em ambos os textos, somos convidados a tirar as consequ\u00eancias morais da participa\u00e7\u00e3o na Morte e Ressurrei\u00e7\u00e3o de Cristo.<\/p>\n<p><strong>Evangelho:<\/strong> Jo 20,1-9 &#8211; A surpresa do t\u00famulo vazio (ou \u00e0 tarde: Lc 24,13-35 &#8211; Os disc\u00edpulos de Ema\u00fas)<\/p>\n<p><strong>P\u00e1scoa Semanal<\/strong><\/p>\n<p>O primeiro dia da semana, o da Ressurrei\u00e7\u00e3o, logo no in\u00edcio do Cristianismo, foi aquele em que os crist\u00e3os come\u00e7aram a se encontrar para a celebra\u00e7\u00e3o da ceia. Torno-se o dia Primordial, porque nele celebramos o Mist\u00e9rio Pascal \u00a0de Cristo e da Igreja. Domingo vem da palavra latina dominus, que quer dizer &#8220;Senhor&#8221;. Portanto \u00e9 o dia do Senhor.<\/p>\n<p>&#8220;Eu estarei sempre convosco, at\u00e9 o fim do mundo&#8221; (Mt 28,20). Essa promessa de Cristo continua a ser ouvida pela Igreja. Se o domingo \u00e9 o dia da Ressurrei\u00e7\u00e3o, ele n\u00e3o se reduz \u00e0 recorda\u00e7\u00e3o de um acontecimento passado: \u00e9 a celebra\u00e7\u00e3o da presen\u00e7a viva do Ressuscitado no meio de n\u00f3s. \u00c9 a P\u00e1scoa semanal, que recorda o memorial da presen\u00e7a do Senhor na comunidade. \u00e0 reuni\u00e3o da assembleia dominical est\u00e3o associadas a entrega do Esp\u00edrito Santo, a alegria da Ressurrei\u00e7\u00e3o, o otimismo da vit\u00f3ria sobre a morte, o testemunho nos sofrimentos, o an\u00fancio do Senhor no mundo.<\/p>\n<p>&#8220;A P\u00e1scoa foi inaugurada: agora continua crescendo e desenvolvendo-se em n\u00f3s e por n\u00f3s, sempre com a presen\u00e7a misteriosa do Senhor, sobretudo no domingo [&#8230;]. Casa domingo \u00e9 ao mesmo tempo mem\u00f3ria da P\u00e1scoa inicial e profecia da P\u00e1scoa futura. Em cada domingo atualiza-se a primeira e antecipa-se j\u00e1 sacramentalmente a definitiva, enquanto a comunidade vai caminhando e amadurecendo at\u00e9 o descanso eterno&#8221; (Aldaz\u00e1bal, Jos\u00e9. Domingo, dia do Senhor. In; Borobio, Dionisio (org.). <em>A celebra\u00e7\u00e3o na Igreja.<\/em> S\u00e3o Paulo: Loyola, 1990, p.81).<\/p>\n<p>A Assembleia dominical \u00e9 lugar privilegiado de unidade: ali se celebra o sacramento da unidade, do povo reunido &#8220;pela&#8221; e &#8220;na&#8221; unidade do Pai, do Filho e do Esp\u00edrito Santo. Um domingo sem assembleia eucar\u00edstica n\u00e3o ser\u00e1 um dia do Senhor. \u00c9 o dia da Igreja por excel\u00eancia. &#8220;A assembleia dominical vai-nos educando para uma consi\u00eancia mais viva da Igreja, para um sentido mais profundo de terten\u00e7a, para um compromisso de constru\u00e7\u00e3o da comunidade, que \u00e9 n\u00e3o uma realidade j\u00e1 conquistada mas sim um processo de amadurecimento a partir da convocat\u00f3ria de Cristo e de anima\u00e7\u00e3o do Esp\u00edrito (ibidi, p.82).<\/p>\n<p>A Eucaristia dominical nos re\u00fane como a fam\u00edlia dos filhos de Deus na casa do Pai; marca no crist\u00e3, um estilo de vida pessoal e comunit\u00e1rio. Oferece-nos a ocasi\u00e3o \u00a0de renovar a gra\u00e7a batismal e de cultivar as atitudes de otimismo, alegria e confian\u00e7a na miseric\u00f3rdia do Pai. Ela nos d\u00e1 o Esp\u00edrito de santidade para vivermos numa rela\u00e7\u00e3o de intensa comunh\u00e3o e proximidade. Os crist\u00e3os s\u00e3o convocados pelo Senhor e por seu esp\u00edrito para alimentar e discernir sua vida diante da Palavra proclamada e do sacrif\u00edcio de Cristo.<\/p>\n<div id=\"themify_builder_content-14090\" data-postid=\"14090\" class=\"themify_builder_content themify_builder_content-14090 themify_builder themify_builder_front\">\n\t<\/div>\n<!-- \/themify_builder_content -->","protected":false},"excerpt":{"rendered":"<p>A liturgia da missa do dia, cujos textos das leituras s\u00e3o sempre os mesmos em todos os tr\u00eas ciclos anuais de leituras, \u00e9 repassada de emo\u00e7\u00e3o e alegria pela ressurrei\u00e7\u00e3o do Senhor. 1\u00aa leitura: At 10,34a.37-43 &#8211; Pedro d\u00e1 testemunho do mist\u00e9rio pascal de Cristo. Sl 117 &#8211; Celebrai o Senhor, porque ele \u00e9 bom. [&hellip;]<\/p>\n","protected":false},"author":5,"featured_media":0,"comment_status":"open","ping_status":"open","sticky":false,"template":"","format":"standard","meta":{"ngg_post_thumbnail":0,"footnotes":""},"categories":[3,109,1780],"tags":[242,227,3211,1541],"yoast_head":"<!-- This site is optimized with the Yoast SEO plugin v23.5 - https:\/\/yoast.com\/wordpress\/plugins\/seo\/ -->\n<title>Tr\u00edduo Pascal - a nossa P\u00e1scoa - Domingo da Ressurrei\u00e7\u00e3o - O Arcanjo no ar<\/title>\n<meta name=\"robots\" content=\"index, follow, max-snippet:-1, max-image-preview:large, max-video-preview:-1\" \/>\n<link rel=\"canonical\" href=\"https:\/\/www.oarcanjo.net\/site\/triduo-pascal-a-nossa-pascoa-domingo-da-ressurreicao\/\" \/>\n<meta property=\"og:locale\" content=\"pt_BR\" \/>\n<meta property=\"og:type\" content=\"article\" \/>\n<meta property=\"og:title\" content=\"Tr\u00edduo Pascal - a nossa P\u00e1scoa - Domingo da Ressurrei\u00e7\u00e3o - O Arcanjo no ar\" \/>\n<meta property=\"og:description\" content=\"A liturgia da missa do dia, cujos textos das leituras s\u00e3o sempre os mesmos em todos os tr\u00eas ciclos anuais de leituras, \u00e9 repassada de emo\u00e7\u00e3o e alegria pela ressurrei\u00e7\u00e3o do Senhor. 1\u00aa leitura: At 10,34a.37-43 &#8211; Pedro d\u00e1 testemunho do mist\u00e9rio pascal de Cristo. Sl 117 &#8211; Celebrai o Senhor, porque ele \u00e9 bom. [&hellip;]\" \/>\n<meta property=\"og:url\" content=\"https:\/\/www.oarcanjo.net\/site\/triduo-pascal-a-nossa-pascoa-domingo-da-ressurreicao\/\" \/>\n<meta property=\"og:site_name\" content=\"O Arcanjo no ar\" \/>\n<meta property=\"article:publisher\" content=\"https:\/\/www.facebook.com\/OArcanjoNoAr\/\" \/>\n<meta property=\"article:published_time\" content=\"2011-04-24T06:45:09+00:00\" \/>\n<meta property=\"article:modified_time\" content=\"2011-04-24T07:45:28+00:00\" \/>\n<meta property=\"og:image\" content=\"https:\/\/www.oarcanjo.net\/site\/wp-content\/uploads\/logo-o-arcanjo-no-ar-facebook.png\" \/>\n\t<meta property=\"og:image:width\" content=\"300\" \/>\n\t<meta property=\"og:image:height\" content=\"300\" \/>\n\t<meta property=\"og:image:type\" content=\"image\/png\" \/>\n<meta name=\"author\" content=\"editor\" \/>\n<meta name=\"twitter:card\" content=\"summary_large_image\" \/>\n<meta name=\"twitter:label1\" content=\"Escrito por\" \/>\n\t<meta name=\"twitter:data1\" content=\"editor\" \/>\n\t<meta name=\"twitter:label2\" content=\"Est. tempo de leitura\" \/>\n\t<meta name=\"twitter:data2\" content=\"3 minutos\" \/>\n<script type=\"application\/ld+json\" class=\"yoast-schema-graph\">{\"@context\":\"https:\/\/schema.org\",\"@graph\":[{\"@type\":\"Article\",\"@id\":\"https:\/\/www.oarcanjo.net\/site\/triduo-pascal-a-nossa-pascoa-domingo-da-ressurreicao\/#article\",\"isPartOf\":{\"@id\":\"https:\/\/www.oarcanjo.net\/site\/triduo-pascal-a-nossa-pascoa-domingo-da-ressurreicao\/\"},\"author\":{\"name\":\"editor\",\"@id\":\"https:\/\/www.oarcanjo.net\/site\/#\/schema\/person\/f7024d007863202483a31326673a0838\"},\"headline\":\"Tr\u00edduo Pascal &#8211; a nossa P\u00e1scoa &#8211; Domingo da Ressurrei\u00e7\u00e3o\",\"datePublished\":\"2011-04-24T06:45:09+00:00\",\"dateModified\":\"2011-04-24T07:45:28+00:00\",\"mainEntityOfPage\":{\"@id\":\"https:\/\/www.oarcanjo.net\/site\/triduo-pascal-a-nossa-pascoa-domingo-da-ressurreicao\/\"},\"wordCount\":592,\"commentCount\":0,\"publisher\":{\"@id\":\"https:\/\/www.oarcanjo.net\/site\/#organization\"},\"keywords\":[\"P\u00e1scoa\",\"Quaresma\",\"Tempos Lit\u00fargicos\",\"Tr\u00edduo Pascal\"],\"articleSection\":[\"Destaques\",\"Liturgia\",\"Tempos Lit\u00fargicos\"],\"inLanguage\":\"pt-BR\",\"potentialAction\":[{\"@type\":\"CommentAction\",\"name\":\"Comment\",\"target\":[\"https:\/\/www.oarcanjo.net\/site\/triduo-pascal-a-nossa-pascoa-domingo-da-ressurreicao\/#respond\"]}]},{\"@type\":\"WebPage\",\"@id\":\"https:\/\/www.oarcanjo.net\/site\/triduo-pascal-a-nossa-pascoa-domingo-da-ressurreicao\/\",\"url\":\"https:\/\/www.oarcanjo.net\/site\/triduo-pascal-a-nossa-pascoa-domingo-da-ressurreicao\/\",\"name\":\"Tr\u00edduo Pascal - a nossa P\u00e1scoa - Domingo da Ressurrei\u00e7\u00e3o - O Arcanjo no ar\",\"isPartOf\":{\"@id\":\"https:\/\/www.oarcanjo.net\/site\/#website\"},\"datePublished\":\"2011-04-24T06:45:09+00:00\",\"dateModified\":\"2011-04-24T07:45:28+00:00\",\"breadcrumb\":{\"@id\":\"https:\/\/www.oarcanjo.net\/site\/triduo-pascal-a-nossa-pascoa-domingo-da-ressurreicao\/#breadcrumb\"},\"inLanguage\":\"pt-BR\",\"potentialAction\":[{\"@type\":\"ReadAction\",\"target\":[\"https:\/\/www.oarcanjo.net\/site\/triduo-pascal-a-nossa-pascoa-domingo-da-ressurreicao\/\"]}]},{\"@type\":\"BreadcrumbList\",\"@id\":\"https:\/\/www.oarcanjo.net\/site\/triduo-pascal-a-nossa-pascoa-domingo-da-ressurreicao\/#breadcrumb\",\"itemListElement\":[{\"@type\":\"ListItem\",\"position\":1,\"name\":\"In\u00edcio\",\"item\":\"https:\/\/www.oarcanjo.net\/site\/\"},{\"@type\":\"ListItem\",\"position\":2,\"name\":\"Tr\u00edduo Pascal &#8211; a nossa P\u00e1scoa &#8211; Domingo da Ressurrei\u00e7\u00e3o\"}]},{\"@type\":\"WebSite\",\"@id\":\"https:\/\/www.oarcanjo.net\/site\/#website\",\"url\":\"https:\/\/www.oarcanjo.net\/site\/\",\"name\":\"O Arcanjo no ar\",\"description\":\"Site da Par\u00f3quia S\u00e3o Miguel Arcanjo (Arquidiocese de SP)\",\"publisher\":{\"@id\":\"https:\/\/www.oarcanjo.net\/site\/#organization\"},\"potentialAction\":[{\"@type\":\"SearchAction\",\"target\":{\"@type\":\"EntryPoint\",\"urlTemplate\":\"https:\/\/www.oarcanjo.net\/site\/?s={search_term_string}\"},\"query-input\":{\"@type\":\"PropertyValueSpecification\",\"valueRequired\":true,\"valueName\":\"search_term_string\"}}],\"inLanguage\":\"pt-BR\"},{\"@type\":\"Organization\",\"@id\":\"https:\/\/www.oarcanjo.net\/site\/#organization\",\"name\":\"Par\u00f3quia S\u00e3o Miguel Arcanjo\",\"url\":\"https:\/\/www.oarcanjo.net\/site\/\",\"logo\":{\"@type\":\"ImageObject\",\"inLanguage\":\"pt-BR\",\"@id\":\"https:\/\/www.oarcanjo.net\/site\/#\/schema\/logo\/image\/\",\"url\":\"https:\/\/www.oarcanjo.net\/site\/wp-content\/uploads\/LogoOArcanjo.png\",\"contentUrl\":\"https:\/\/www.oarcanjo.net\/site\/wp-content\/uploads\/LogoOArcanjo.png\",\"width\":319,\"height\":99,\"caption\":\"Par\u00f3quia S\u00e3o Miguel Arcanjo\"},\"image\":{\"@id\":\"https:\/\/www.oarcanjo.net\/site\/#\/schema\/logo\/image\/\"},\"sameAs\":[\"https:\/\/www.facebook.com\/OArcanjoNoAr\/\"]},{\"@type\":\"Person\",\"@id\":\"https:\/\/www.oarcanjo.net\/site\/#\/schema\/person\/f7024d007863202483a31326673a0838\",\"name\":\"editor\",\"sameAs\":[\"http:\/\/www.oarcanjo.net\"]}]}<\/script>\n<!-- \/ Yoast SEO plugin. -->","yoast_head_json":{"title":"Tr\u00edduo Pascal - a nossa P\u00e1scoa - Domingo da Ressurrei\u00e7\u00e3o - O Arcanjo no ar","robots":{"index":"index","follow":"follow","max-snippet":"max-snippet:-1","max-image-preview":"max-image-preview:large","max-video-preview":"max-video-preview:-1"},"canonical":"https:\/\/www.oarcanjo.net\/site\/triduo-pascal-a-nossa-pascoa-domingo-da-ressurreicao\/","og_locale":"pt_BR","og_type":"article","og_title":"Tr\u00edduo Pascal - a nossa P\u00e1scoa - Domingo da Ressurrei\u00e7\u00e3o - O Arcanjo no ar","og_description":"A liturgia da missa do dia, cujos textos das leituras s\u00e3o sempre os mesmos em todos os tr\u00eas ciclos anuais de leituras, \u00e9 repassada de emo\u00e7\u00e3o e alegria pela ressurrei\u00e7\u00e3o do Senhor. 1\u00aa leitura: At 10,34a.37-43 &#8211; Pedro d\u00e1 testemunho do mist\u00e9rio pascal de Cristo. Sl 117 &#8211; Celebrai o Senhor, porque ele \u00e9 bom. [&hellip;]","og_url":"https:\/\/www.oarcanjo.net\/site\/triduo-pascal-a-nossa-pascoa-domingo-da-ressurreicao\/","og_site_name":"O Arcanjo no ar","article_publisher":"https:\/\/www.facebook.com\/OArcanjoNoAr\/","article_published_time":"2011-04-24T06:45:09+00:00","article_modified_time":"2011-04-24T07:45:28+00:00","og_image":[{"width":300,"height":300,"url":"https:\/\/www.oarcanjo.net\/site\/wp-content\/uploads\/logo-o-arcanjo-no-ar-facebook.png","type":"image\/png"}],"author":"editor","twitter_card":"summary_large_image","twitter_misc":{"Escrito por":"editor","Est. tempo de leitura":"3 minutos"},"schema":{"@context":"https:\/\/schema.org","@graph":[{"@type":"Article","@id":"https:\/\/www.oarcanjo.net\/site\/triduo-pascal-a-nossa-pascoa-domingo-da-ressurreicao\/#article","isPartOf":{"@id":"https:\/\/www.oarcanjo.net\/site\/triduo-pascal-a-nossa-pascoa-domingo-da-ressurreicao\/"},"author":{"name":"editor","@id":"https:\/\/www.oarcanjo.net\/site\/#\/schema\/person\/f7024d007863202483a31326673a0838"},"headline":"Tr\u00edduo Pascal &#8211; a nossa P\u00e1scoa &#8211; Domingo da Ressurrei\u00e7\u00e3o","datePublished":"2011-04-24T06:45:09+00:00","dateModified":"2011-04-24T07:45:28+00:00","mainEntityOfPage":{"@id":"https:\/\/www.oarcanjo.net\/site\/triduo-pascal-a-nossa-pascoa-domingo-da-ressurreicao\/"},"wordCount":592,"commentCount":0,"publisher":{"@id":"https:\/\/www.oarcanjo.net\/site\/#organization"},"keywords":["P\u00e1scoa","Quaresma","Tempos Lit\u00fargicos","Tr\u00edduo Pascal"],"articleSection":["Destaques","Liturgia","Tempos Lit\u00fargicos"],"inLanguage":"pt-BR","potentialAction":[{"@type":"CommentAction","name":"Comment","target":["https:\/\/www.oarcanjo.net\/site\/triduo-pascal-a-nossa-pascoa-domingo-da-ressurreicao\/#respond"]}]},{"@type":"WebPage","@id":"https:\/\/www.oarcanjo.net\/site\/triduo-pascal-a-nossa-pascoa-domingo-da-ressurreicao\/","url":"https:\/\/www.oarcanjo.net\/site\/triduo-pascal-a-nossa-pascoa-domingo-da-ressurreicao\/","name":"Tr\u00edduo Pascal - a nossa P\u00e1scoa - Domingo da Ressurrei\u00e7\u00e3o - O Arcanjo no ar","isPartOf":{"@id":"https:\/\/www.oarcanjo.net\/site\/#website"},"datePublished":"2011-04-24T06:45:09+00:00","dateModified":"2011-04-24T07:45:28+00:00","breadcrumb":{"@id":"https:\/\/www.oarcanjo.net\/site\/triduo-pascal-a-nossa-pascoa-domingo-da-ressurreicao\/#breadcrumb"},"inLanguage":"pt-BR","potentialAction":[{"@type":"ReadAction","target":["https:\/\/www.oarcanjo.net\/site\/triduo-pascal-a-nossa-pascoa-domingo-da-ressurreicao\/"]}]},{"@type":"BreadcrumbList","@id":"https:\/\/www.oarcanjo.net\/site\/triduo-pascal-a-nossa-pascoa-domingo-da-ressurreicao\/#breadcrumb","itemListElement":[{"@type":"ListItem","position":1,"name":"In\u00edcio","item":"https:\/\/www.oarcanjo.net\/site\/"},{"@type":"ListItem","position":2,"name":"Tr\u00edduo Pascal &#8211; a nossa P\u00e1scoa &#8211; Domingo da Ressurrei\u00e7\u00e3o"}]},{"@type":"WebSite","@id":"https:\/\/www.oarcanjo.net\/site\/#website","url":"https:\/\/www.oarcanjo.net\/site\/","name":"O Arcanjo no ar","description":"Site da Par\u00f3quia S\u00e3o Miguel Arcanjo (Arquidiocese de SP)","publisher":{"@id":"https:\/\/www.oarcanjo.net\/site\/#organization"},"potentialAction":[{"@type":"SearchAction","target":{"@type":"EntryPoint","urlTemplate":"https:\/\/www.oarcanjo.net\/site\/?s={search_term_string}"},"query-input":{"@type":"PropertyValueSpecification","valueRequired":true,"valueName":"search_term_string"}}],"inLanguage":"pt-BR"},{"@type":"Organization","@id":"https:\/\/www.oarcanjo.net\/site\/#organization","name":"Par\u00f3quia S\u00e3o Miguel Arcanjo","url":"https:\/\/www.oarcanjo.net\/site\/","logo":{"@type":"ImageObject","inLanguage":"pt-BR","@id":"https:\/\/www.oarcanjo.net\/site\/#\/schema\/logo\/image\/","url":"https:\/\/www.oarcanjo.net\/site\/wp-content\/uploads\/LogoOArcanjo.png","contentUrl":"https:\/\/www.oarcanjo.net\/site\/wp-content\/uploads\/LogoOArcanjo.png","width":319,"height":99,"caption":"Par\u00f3quia S\u00e3o Miguel Arcanjo"},"image":{"@id":"https:\/\/www.oarcanjo.net\/site\/#\/schema\/logo\/image\/"},"sameAs":["https:\/\/www.facebook.com\/OArcanjoNoAr\/"]},{"@type":"Person","@id":"https:\/\/www.oarcanjo.net\/site\/#\/schema\/person\/f7024d007863202483a31326673a0838","name":"editor","sameAs":["http:\/\/www.oarcanjo.net"]}]}},"publishpress_future_action":{"enabled":false,"date":"2026-05-07 06:29:44","action":"category","newStatus":"draft","terms":[],"taxonomy":"category"},"publishpress_future_workflow_manual_trigger":{"enabledWorkflows":[]},"_links":{"self":[{"href":"https:\/\/www.oarcanjo.net\/site\/wp-json\/wp\/v2\/posts\/14090"}],"collection":[{"href":"https:\/\/www.oarcanjo.net\/site\/wp-json\/wp\/v2\/posts"}],"about":[{"href":"https:\/\/www.oarcanjo.net\/site\/wp-json\/wp\/v2\/types\/post"}],"author":[{"embeddable":true,"href":"https:\/\/www.oarcanjo.net\/site\/wp-json\/wp\/v2\/users\/5"}],"replies":[{"embeddable":true,"href":"https:\/\/www.oarcanjo.net\/site\/wp-json\/wp\/v2\/comments?post=14090"}],"version-history":[{"count":0,"href":"https:\/\/www.oarcanjo.net\/site\/wp-json\/wp\/v2\/posts\/14090\/revisions"}],"wp:attachment":[{"href":"https:\/\/www.oarcanjo.net\/site\/wp-json\/wp\/v2\/media?parent=14090"}],"wp:term":[{"taxonomy":"category","embeddable":true,"href":"https:\/\/www.oarcanjo.net\/site\/wp-json\/wp\/v2\/categories?post=14090"},{"taxonomy":"post_tag","embeddable":true,"href":"https:\/\/www.oarcanjo.net\/site\/wp-json\/wp\/v2\/tags?post=14090"}],"curies":[{"name":"wp","href":"https:\/\/api.w.org\/{rel}","templated":true}]}}