
{"id":14104,"date":"2011-04-24T15:05:33","date_gmt":"2011-04-24T18:05:33","guid":{"rendered":"http:\/\/www.oarcanjo.net\/site\/?p=14104"},"modified":"2011-04-24T15:05:33","modified_gmt":"2011-04-24T18:05:33","slug":"e-para-se-pensar","status":"publish","type":"post","link":"https:\/\/www.oarcanjo.net\/site\/e-para-se-pensar\/","title":{"rendered":"\u00c9 para se pensar"},"content":{"rendered":"<p>Este \u00e9 um texto que atrav\u00e9s da met\u00e1fora mostra a realidade do nosso planeta que est\u00e1\u00a0sofrendo pelos erros do homem\u00a0e qual \u00e9 a solu\u00e7\u00e3o para os problemas que est\u00e3o ocorrendo j\u00e1\u00a0algum tempo.\u00a0<\/p>\n<p>&#8221; A floresta \u00a0pegou fogo e os animais fugiram assustados.<\/p>\n<p>\u00a0O macaco, ao notar\u00a0o beija-flor levando \u00e1gua no bico para apagar<\/p>\n<p>o inc\u00eandio, comentou:<\/p>\n<p>&#8211; Ser\u00e1 que voc\u00ea n\u00e3o percebe que n\u00e3o vai adiantar ?<\/p>\n<p>O beija-flor respondeu:<\/p>\n<p>&#8211; Estou fazendo a minha parte.&#8221;<\/p>\n<div id=\"themify_builder_content-14104\" data-postid=\"14104\" class=\"themify_builder_content themify_builder_content-14104 themify_builder themify_builder_front\">\n\t<\/div>\n<!-- \/themify_builder_content -->","protected":false},"excerpt":{"rendered":"<p>Este \u00e9 um texto que atrav\u00e9s da met\u00e1fora mostra a realidade do nosso planeta que est\u00e1\u00a0sofrendo pelos erros do homem\u00a0e qual \u00e9 a solu\u00e7\u00e3o para os problemas que est\u00e3o ocorrendo j\u00e1\u00a0algum tempo.\u00a0 &#8221; A floresta \u00a0pegou fogo e os animais fugiram assustados. \u00a0O macaco, ao notar\u00a0o beija-flor levando \u00e1gua no bico para apagar o inc\u00eandio, [&hellip;]<\/p>\n","protected":false},"author":12,"featured_media":0,"comment_status":"open","ping_status":"open","sticky":false,"template":"","format":"standard","meta":{"ngg_post_thumbnail":0,"footnotes":""},"categories":[395],"tags":[],"yoast_head":"<!-- This site is optimized with the Yoast SEO plugin v23.5 - https:\/\/yoast.com\/wordpress\/plugins\/seo\/ -->\n<title>\u00c9 para se pensar - O Arcanjo no ar<\/title>\n<meta name=\"robots\" content=\"index, follow, max-snippet:-1, max-image-preview:large, max-video-preview:-1\" \/>\n<link rel=\"canonical\" href=\"https:\/\/www.oarcanjo.net\/site\/e-para-se-pensar\/\" \/>\n<meta property=\"og:locale\" content=\"pt_BR\" \/>\n<meta property=\"og:type\" content=\"article\" \/>\n<meta property=\"og:title\" content=\"\u00c9 para se pensar - O Arcanjo no ar\" \/>\n<meta property=\"og:description\" content=\"Este \u00e9 um texto que atrav\u00e9s da met\u00e1fora mostra a realidade do nosso planeta que est\u00e1\u00a0sofrendo pelos erros do homem\u00a0e qual \u00e9 a solu\u00e7\u00e3o para os problemas que est\u00e3o ocorrendo j\u00e1\u00a0algum tempo.\u00a0 &#8221; A floresta \u00a0pegou fogo e os animais fugiram assustados. \u00a0O macaco, ao notar\u00a0o beija-flor levando \u00e1gua no bico para apagar o inc\u00eandio, [&hellip;]\" \/>\n<meta property=\"og:url\" content=\"https:\/\/www.oarcanjo.net\/site\/e-para-se-pensar\/\" \/>\n<meta property=\"og:site_name\" content=\"O Arcanjo no ar\" \/>\n<meta property=\"article:publisher\" content=\"https:\/\/www.facebook.com\/OArcanjoNoAr\/\" \/>\n<meta property=\"article:published_time\" content=\"2011-04-24T18:05:33+00:00\" \/>\n<meta property=\"og:image\" content=\"https:\/\/www.oarcanjo.net\/site\/wp-content\/uploads\/logo-o-arcanjo-no-ar-facebook.png\" \/>\n\t<meta property=\"og:image:width\" content=\"300\" \/>\n\t<meta property=\"og:image:height\" content=\"300\" \/>\n\t<meta property=\"og:image:type\" content=\"image\/png\" \/>\n<meta name=\"author\" content=\"mariana\" \/>\n<meta name=\"twitter:card\" content=\"summary_large_image\" \/>\n<meta name=\"twitter:label1\" content=\"Escrito por\" \/>\n\t<meta name=\"twitter:data1\" content=\"mariana\" \/>\n<script type=\"application\/ld+json\" class=\"yoast-schema-graph\">{\"@context\":\"https:\/\/schema.org\",\"@graph\":[{\"@type\":\"Article\",\"@id\":\"https:\/\/www.oarcanjo.net\/site\/e-para-se-pensar\/#article\",\"isPartOf\":{\"@id\":\"https:\/\/www.oarcanjo.net\/site\/e-para-se-pensar\/\"},\"author\":{\"name\":\"mariana\",\"@id\":\"https:\/\/www.oarcanjo.net\/site\/#\/schema\/person\/e54a5c62347067e278a5d0cf64f6a6e6\"},\"headline\":\"\u00c9 para se pensar\",\"datePublished\":\"2011-04-24T18:05:33+00:00\",\"dateModified\":\"2011-04-24T18:05:33+00:00\",\"mainEntityOfPage\":{\"@id\":\"https:\/\/www.oarcanjo.net\/site\/e-para-se-pensar\/\"},\"wordCount\":86,\"commentCount\":1,\"publisher\":{\"@id\":\"https:\/\/www.oarcanjo.net\/site\/#organization\"},\"articleSection\":[\"Jovens\"],\"inLanguage\":\"pt-BR\",\"potentialAction\":[{\"@type\":\"CommentAction\",\"name\":\"Comment\",\"target\":[\"https:\/\/www.oarcanjo.net\/site\/e-para-se-pensar\/#respond\"]}]},{\"@type\":\"WebPage\",\"@id\":\"https:\/\/www.oarcanjo.net\/site\/e-para-se-pensar\/\",\"url\":\"https:\/\/www.oarcanjo.net\/site\/e-para-se-pensar\/\",\"name\":\"\u00c9 para se pensar - O Arcanjo no ar\",\"isPartOf\":{\"@id\":\"https:\/\/www.oarcanjo.net\/site\/#website\"},\"datePublished\":\"2011-04-24T18:05:33+00:00\",\"dateModified\":\"2011-04-24T18:05:33+00:00\",\"breadcrumb\":{\"@id\":\"https:\/\/www.oarcanjo.net\/site\/e-para-se-pensar\/#breadcrumb\"},\"inLanguage\":\"pt-BR\",\"potentialAction\":[{\"@type\":\"ReadAction\",\"target\":[\"https:\/\/www.oarcanjo.net\/site\/e-para-se-pensar\/\"]}]},{\"@type\":\"BreadcrumbList\",\"@id\":\"https:\/\/www.oarcanjo.net\/site\/e-para-se-pensar\/#breadcrumb\",\"itemListElement\":[{\"@type\":\"ListItem\",\"position\":1,\"name\":\"In\u00edcio\",\"item\":\"https:\/\/www.oarcanjo.net\/site\/\"},{\"@type\":\"ListItem\",\"position\":2,\"name\":\"\u00c9 para se pensar\"}]},{\"@type\":\"WebSite\",\"@id\":\"https:\/\/www.oarcanjo.net\/site\/#website\",\"url\":\"https:\/\/www.oarcanjo.net\/site\/\",\"name\":\"O Arcanjo no ar\",\"description\":\"Site da Par\u00f3quia S\u00e3o Miguel Arcanjo (Arquidiocese de SP)\",\"publisher\":{\"@id\":\"https:\/\/www.oarcanjo.net\/site\/#organization\"},\"potentialAction\":[{\"@type\":\"SearchAction\",\"target\":{\"@type\":\"EntryPoint\",\"urlTemplate\":\"https:\/\/www.oarcanjo.net\/site\/?s={search_term_string}\"},\"query-input\":{\"@type\":\"PropertyValueSpecification\",\"valueRequired\":true,\"valueName\":\"search_term_string\"}}],\"inLanguage\":\"pt-BR\"},{\"@type\":\"Organization\",\"@id\":\"https:\/\/www.oarcanjo.net\/site\/#organization\",\"name\":\"Par\u00f3quia S\u00e3o Miguel Arcanjo\",\"url\":\"https:\/\/www.oarcanjo.net\/site\/\",\"logo\":{\"@type\":\"ImageObject\",\"inLanguage\":\"pt-BR\",\"@id\":\"https:\/\/www.oarcanjo.net\/site\/#\/schema\/logo\/image\/\",\"url\":\"https:\/\/www.oarcanjo.net\/site\/wp-content\/uploads\/LogoOArcanjo.png\",\"contentUrl\":\"https:\/\/www.oarcanjo.net\/site\/wp-content\/uploads\/LogoOArcanjo.png\",\"width\":319,\"height\":99,\"caption\":\"Par\u00f3quia S\u00e3o Miguel Arcanjo\"},\"image\":{\"@id\":\"https:\/\/www.oarcanjo.net\/site\/#\/schema\/logo\/image\/\"},\"sameAs\":[\"https:\/\/www.facebook.com\/OArcanjoNoAr\/\"]},{\"@type\":\"Person\",\"@id\":\"https:\/\/www.oarcanjo.net\/site\/#\/schema\/person\/e54a5c62347067e278a5d0cf64f6a6e6\",\"name\":\"mariana\"}]}<\/script>\n<!-- \/ Yoast SEO plugin. -->","yoast_head_json":{"title":"\u00c9 para se pensar - O Arcanjo no ar","robots":{"index":"index","follow":"follow","max-snippet":"max-snippet:-1","max-image-preview":"max-image-preview:large","max-video-preview":"max-video-preview:-1"},"canonical":"https:\/\/www.oarcanjo.net\/site\/e-para-se-pensar\/","og_locale":"pt_BR","og_type":"article","og_title":"\u00c9 para se pensar - O Arcanjo no ar","og_description":"Este \u00e9 um texto que atrav\u00e9s da met\u00e1fora mostra a realidade do nosso planeta que est\u00e1\u00a0sofrendo pelos erros do homem\u00a0e qual \u00e9 a solu\u00e7\u00e3o para os problemas que est\u00e3o ocorrendo j\u00e1\u00a0algum tempo.\u00a0 &#8221; A floresta \u00a0pegou fogo e os animais fugiram assustados. \u00a0O macaco, ao notar\u00a0o beija-flor levando \u00e1gua no bico para apagar o inc\u00eandio, [&hellip;]","og_url":"https:\/\/www.oarcanjo.net\/site\/e-para-se-pensar\/","og_site_name":"O Arcanjo no ar","article_publisher":"https:\/\/www.facebook.com\/OArcanjoNoAr\/","article_published_time":"2011-04-24T18:05:33+00:00","og_image":[{"width":300,"height":300,"url":"https:\/\/www.oarcanjo.net\/site\/wp-content\/uploads\/logo-o-arcanjo-no-ar-facebook.png","type":"image\/png"}],"author":"mariana","twitter_card":"summary_large_image","twitter_misc":{"Escrito por":"mariana"},"schema":{"@context":"https:\/\/schema.org","@graph":[{"@type":"Article","@id":"https:\/\/www.oarcanjo.net\/site\/e-para-se-pensar\/#article","isPartOf":{"@id":"https:\/\/www.oarcanjo.net\/site\/e-para-se-pensar\/"},"author":{"name":"mariana","@id":"https:\/\/www.oarcanjo.net\/site\/#\/schema\/person\/e54a5c62347067e278a5d0cf64f6a6e6"},"headline":"\u00c9 para se pensar","datePublished":"2011-04-24T18:05:33+00:00","dateModified":"2011-04-24T18:05:33+00:00","mainEntityOfPage":{"@id":"https:\/\/www.oarcanjo.net\/site\/e-para-se-pensar\/"},"wordCount":86,"commentCount":1,"publisher":{"@id":"https:\/\/www.oarcanjo.net\/site\/#organization"},"articleSection":["Jovens"],"inLanguage":"pt-BR","potentialAction":[{"@type":"CommentAction","name":"Comment","target":["https:\/\/www.oarcanjo.net\/site\/e-para-se-pensar\/#respond"]}]},{"@type":"WebPage","@id":"https:\/\/www.oarcanjo.net\/site\/e-para-se-pensar\/","url":"https:\/\/www.oarcanjo.net\/site\/e-para-se-pensar\/","name":"\u00c9 para se pensar - O Arcanjo no ar","isPartOf":{"@id":"https:\/\/www.oarcanjo.net\/site\/#website"},"datePublished":"2011-04-24T18:05:33+00:00","dateModified":"2011-04-24T18:05:33+00:00","breadcrumb":{"@id":"https:\/\/www.oarcanjo.net\/site\/e-para-se-pensar\/#breadcrumb"},"inLanguage":"pt-BR","potentialAction":[{"@type":"ReadAction","target":["https:\/\/www.oarcanjo.net\/site\/e-para-se-pensar\/"]}]},{"@type":"BreadcrumbList","@id":"https:\/\/www.oarcanjo.net\/site\/e-para-se-pensar\/#breadcrumb","itemListElement":[{"@type":"ListItem","position":1,"name":"In\u00edcio","item":"https:\/\/www.oarcanjo.net\/site\/"},{"@type":"ListItem","position":2,"name":"\u00c9 para se pensar"}]},{"@type":"WebSite","@id":"https:\/\/www.oarcanjo.net\/site\/#website","url":"https:\/\/www.oarcanjo.net\/site\/","name":"O Arcanjo no ar","description":"Site da Par\u00f3quia S\u00e3o Miguel Arcanjo (Arquidiocese de SP)","publisher":{"@id":"https:\/\/www.oarcanjo.net\/site\/#organization"},"potentialAction":[{"@type":"SearchAction","target":{"@type":"EntryPoint","urlTemplate":"https:\/\/www.oarcanjo.net\/site\/?s={search_term_string}"},"query-input":{"@type":"PropertyValueSpecification","valueRequired":true,"valueName":"search_term_string"}}],"inLanguage":"pt-BR"},{"@type":"Organization","@id":"https:\/\/www.oarcanjo.net\/site\/#organization","name":"Par\u00f3quia S\u00e3o Miguel Arcanjo","url":"https:\/\/www.oarcanjo.net\/site\/","logo":{"@type":"ImageObject","inLanguage":"pt-BR","@id":"https:\/\/www.oarcanjo.net\/site\/#\/schema\/logo\/image\/","url":"https:\/\/www.oarcanjo.net\/site\/wp-content\/uploads\/LogoOArcanjo.png","contentUrl":"https:\/\/www.oarcanjo.net\/site\/wp-content\/uploads\/LogoOArcanjo.png","width":319,"height":99,"caption":"Par\u00f3quia S\u00e3o Miguel Arcanjo"},"image":{"@id":"https:\/\/www.oarcanjo.net\/site\/#\/schema\/logo\/image\/"},"sameAs":["https:\/\/www.facebook.com\/OArcanjoNoAr\/"]},{"@type":"Person","@id":"https:\/\/www.oarcanjo.net\/site\/#\/schema\/person\/e54a5c62347067e278a5d0cf64f6a6e6","name":"mariana"}]}},"publishpress_future_action":{"enabled":false,"date":"2026-05-07 06:31:24","action":"category","newStatus":"draft","terms":[],"taxonomy":"category"},"publishpress_future_workflow_manual_trigger":{"enabledWorkflows":[]},"_links":{"self":[{"href":"https:\/\/www.oarcanjo.net\/site\/wp-json\/wp\/v2\/posts\/14104"}],"collection":[{"href":"https:\/\/www.oarcanjo.net\/site\/wp-json\/wp\/v2\/posts"}],"about":[{"href":"https:\/\/www.oarcanjo.net\/site\/wp-json\/wp\/v2\/types\/post"}],"author":[{"embeddable":true,"href":"https:\/\/www.oarcanjo.net\/site\/wp-json\/wp\/v2\/users\/12"}],"replies":[{"embeddable":true,"href":"https:\/\/www.oarcanjo.net\/site\/wp-json\/wp\/v2\/comments?post=14104"}],"version-history":[{"count":0,"href":"https:\/\/www.oarcanjo.net\/site\/wp-json\/wp\/v2\/posts\/14104\/revisions"}],"wp:attachment":[{"href":"https:\/\/www.oarcanjo.net\/site\/wp-json\/wp\/v2\/media?parent=14104"}],"wp:term":[{"taxonomy":"category","embeddable":true,"href":"https:\/\/www.oarcanjo.net\/site\/wp-json\/wp\/v2\/categories?post=14104"},{"taxonomy":"post_tag","embeddable":true,"href":"https:\/\/www.oarcanjo.net\/site\/wp-json\/wp\/v2\/tags?post=14104"}],"curies":[{"name":"wp","href":"https:\/\/api.w.org\/{rel}","templated":true}]}}