
{"id":14107,"date":"2011-04-24T22:25:32","date_gmt":"2011-04-25T01:25:32","guid":{"rendered":"http:\/\/www.oarcanjo.net\/site\/?p=14107"},"modified":"2011-05-01T00:47:26","modified_gmt":"2011-05-01T03:47:26","slug":"sexta-feira-santa-dia-que-contemplamos-a-paixao-e-morte-de-cristo","status":"publish","type":"post","link":"https:\/\/www.oarcanjo.net\/site\/sexta-feira-santa-dia-que-contemplamos-a-paixao-e-morte-de-cristo\/","title":{"rendered":"Sexta-feira Santa: dia que contemplamos a Paix\u00e3o e Morte de Cristo."},"content":{"rendered":"<p style=\"text-align: justify;\"><strong>Por Giane B. Silva<\/strong>\u00a0<\/p>\n<p style=\"text-align: justify;\">Nesta sexta-feira Santa, depois de participar do Of\u00edcio, celebra\u00e7\u00e3o que teve in\u00edcio \u00e0s 15h, hor\u00e1rio da morte de Jesus Cristo, a comunidade da Par\u00f3quia S\u00e3o Miguel Arcanjo participou da Prociss\u00e3o com o Cristo Martirizado.<\/p>\n<p style=\"text-align: justify;\">\u00a0Esse ano, a prociss\u00e3o recebeu a presen\u00e7a dos novos moradores da regi\u00e3o, que junto com os moradores antigos, rezaram e percorreram ruas do bairro carregando nos ombros a imagem de Nossa Senhora e o corpo de Jesus martirizado. Foi um momento de grande adora\u00e7\u00e3o e pronunciamento da f\u00e9 cat\u00f3lica.<\/p>\n<p style=\"text-align: justify;\">\u00a0Por diversas vezes, a prociss\u00e3o parou para aben\u00e7oar os novos moradores e para dar a oportunidade de toda a comunidade demonstrar a sua f\u00e9 e o seu amor \u00c0quele que se sacrificou para salvar a todos n\u00f3s. Assim, tamb\u00e9m os moradores antigos da regi\u00e3o e que j\u00e1 n\u00e3o podem acompanhar a prociss\u00e3o, tiveram o seu momento diante da imagem de Cristo e puderam manifestar a sua f\u00e9 e a sua compaix\u00e3o.<\/p>\n<p style=\"text-align: justify;\">\u201cCom Jesus, carregamos a nossa Cruz!\u201d<\/p>\n<p style=\"text-align: justify;\">Essa foi uma das frases muitas vezes repetidas ao longo da prociss\u00e3o.<\/p>\n<p style=\"text-align: justify;\">Que o exemplo de Jesus Cristo nos transforme e nos fa\u00e7a enxergar com os Seus olhos. Que estejamos atentos e tenhamos compaix\u00e3o com o nosso pr\u00f3ximo. Que afastemos de n\u00f3s, toda e qualquer gesto ou a\u00e7\u00e3o que desumanize o outro, que gere viol\u00eancia e que nos fa\u00e7a esquecer do prop\u00f3sito para o qual fomos criados.<\/p>\n<p style=\"text-align: justify;\">Celebrar a paix\u00e3o e morte do Senhor \u00e9 muito mais que um rito ou uma tradi\u00e7\u00e3o. \u00c9 uma oportunidade que nos damos de nos transformar, de sermos pessoas melhores. Homens e mulheres mais justos e mais humanos. \u00a0<\/p>\n<p style=\"text-align: justify;\">Celebrar a morte do Senhor \u00e9 esperar a ressurrei\u00e7\u00e3o, \u00e9 acreditar na vit\u00f3ria da vida!<\/p>\n<p style=\"text-align: justify;\">Fotos por Wanderley Oliveira:<\/p>\n<p style=\"text-align: justify;\">ngg_shortcode_0_placeholder<\/p>\n<div id=\"themify_builder_content-14107\" data-postid=\"14107\" class=\"themify_builder_content themify_builder_content-14107 themify_builder themify_builder_front\">\n\t<\/div>\n<!-- \/themify_builder_content -->","protected":false},"excerpt":{"rendered":"<p>Por Giane B. Silva\u00a0 Nesta sexta-feira Santa, depois de participar do Of\u00edcio, celebra\u00e7\u00e3o que teve in\u00edcio \u00e0s 15h, hor\u00e1rio da morte de Jesus Cristo, a comunidade da Par\u00f3quia S\u00e3o Miguel Arcanjo participou da Prociss\u00e3o com o Cristo Martirizado. \u00a0Esse ano, a prociss\u00e3o recebeu a presen\u00e7a dos novos moradores da regi\u00e3o, que junto com os moradores [&hellip;]<\/p>\n","protected":false},"author":10,"featured_media":0,"comment_status":"open","ping_status":"open","sticky":false,"template":"","format":"standard","meta":{"ngg_post_thumbnail":0,"footnotes":""},"categories":[8,7],"tags":[],"yoast_head":"<!-- This site is optimized with the Yoast SEO plugin v23.5 - https:\/\/yoast.com\/wordpress\/plugins\/seo\/ -->\n<title>Sexta-feira Santa: dia que contemplamos a Paix\u00e3o e Morte de Cristo. - O Arcanjo no ar<\/title>\n<meta name=\"robots\" content=\"index, follow, max-snippet:-1, max-image-preview:large, max-video-preview:-1\" \/>\n<link rel=\"canonical\" href=\"https:\/\/www.oarcanjo.net\/site\/sexta-feira-santa-dia-que-contemplamos-a-paixao-e-morte-de-cristo\/\" \/>\n<meta property=\"og:locale\" content=\"pt_BR\" \/>\n<meta property=\"og:type\" content=\"article\" \/>\n<meta property=\"og:title\" content=\"Sexta-feira Santa: dia que contemplamos a Paix\u00e3o e Morte de Cristo. - O Arcanjo no ar\" \/>\n<meta property=\"og:description\" content=\"Por Giane B. Silva\u00a0 Nesta sexta-feira Santa, depois de participar do Of\u00edcio, celebra\u00e7\u00e3o que teve in\u00edcio \u00e0s 15h, hor\u00e1rio da morte de Jesus Cristo, a comunidade da Par\u00f3quia S\u00e3o Miguel Arcanjo participou da Prociss\u00e3o com o Cristo Martirizado. \u00a0Esse ano, a prociss\u00e3o recebeu a presen\u00e7a dos novos moradores da regi\u00e3o, que junto com os moradores [&hellip;]\" \/>\n<meta property=\"og:url\" content=\"https:\/\/www.oarcanjo.net\/site\/sexta-feira-santa-dia-que-contemplamos-a-paixao-e-morte-de-cristo\/\" \/>\n<meta property=\"og:site_name\" content=\"O Arcanjo no ar\" \/>\n<meta property=\"article:publisher\" content=\"https:\/\/www.facebook.com\/OArcanjoNoAr\/\" \/>\n<meta property=\"article:published_time\" content=\"2011-04-25T01:25:32+00:00\" \/>\n<meta property=\"article:modified_time\" content=\"2011-05-01T03:47:26+00:00\" \/>\n<meta property=\"og:image\" content=\"https:\/\/www.oarcanjo.net\/site\/wp-content\/uploads\/logo-o-arcanjo-no-ar-facebook.png\" \/>\n\t<meta property=\"og:image:width\" content=\"300\" \/>\n\t<meta property=\"og:image:height\" content=\"300\" \/>\n\t<meta property=\"og:image:type\" content=\"image\/png\" \/>\n<meta name=\"author\" content=\"carlos\" \/>\n<meta name=\"twitter:card\" content=\"summary_large_image\" \/>\n<meta name=\"twitter:label1\" content=\"Escrito por\" \/>\n\t<meta name=\"twitter:data1\" content=\"carlos\" \/>\n\t<meta name=\"twitter:label2\" content=\"Est. tempo de leitura\" \/>\n\t<meta name=\"twitter:data2\" content=\"2 minutos\" \/>\n<script type=\"application\/ld+json\" class=\"yoast-schema-graph\">{\"@context\":\"https:\/\/schema.org\",\"@graph\":[{\"@type\":\"Article\",\"@id\":\"https:\/\/www.oarcanjo.net\/site\/sexta-feira-santa-dia-que-contemplamos-a-paixao-e-morte-de-cristo\/#article\",\"isPartOf\":{\"@id\":\"https:\/\/www.oarcanjo.net\/site\/sexta-feira-santa-dia-que-contemplamos-a-paixao-e-morte-de-cristo\/\"},\"author\":{\"name\":\"carlos\",\"@id\":\"https:\/\/www.oarcanjo.net\/site\/#\/schema\/person\/f7870e710d8c8c30673de3a0ac2e451d\"},\"headline\":\"Sexta-feira Santa: dia que contemplamos a Paix\u00e3o e Morte de Cristo.\",\"datePublished\":\"2011-04-25T01:25:32+00:00\",\"dateModified\":\"2011-05-01T03:47:26+00:00\",\"mainEntityOfPage\":{\"@id\":\"https:\/\/www.oarcanjo.net\/site\/sexta-feira-santa-dia-que-contemplamos-a-paixao-e-morte-de-cristo\/\"},\"wordCount\":330,\"commentCount\":2,\"publisher\":{\"@id\":\"https:\/\/www.oarcanjo.net\/site\/#organization\"},\"articleSection\":[\"Not\u00edcias\",\"Rosto da comunidade\"],\"inLanguage\":\"pt-BR\",\"potentialAction\":[{\"@type\":\"CommentAction\",\"name\":\"Comment\",\"target\":[\"https:\/\/www.oarcanjo.net\/site\/sexta-feira-santa-dia-que-contemplamos-a-paixao-e-morte-de-cristo\/#respond\"]}]},{\"@type\":\"WebPage\",\"@id\":\"https:\/\/www.oarcanjo.net\/site\/sexta-feira-santa-dia-que-contemplamos-a-paixao-e-morte-de-cristo\/\",\"url\":\"https:\/\/www.oarcanjo.net\/site\/sexta-feira-santa-dia-que-contemplamos-a-paixao-e-morte-de-cristo\/\",\"name\":\"Sexta-feira Santa: dia que contemplamos a Paix\u00e3o e Morte de Cristo. - O Arcanjo no ar\",\"isPartOf\":{\"@id\":\"https:\/\/www.oarcanjo.net\/site\/#website\"},\"datePublished\":\"2011-04-25T01:25:32+00:00\",\"dateModified\":\"2011-05-01T03:47:26+00:00\",\"breadcrumb\":{\"@id\":\"https:\/\/www.oarcanjo.net\/site\/sexta-feira-santa-dia-que-contemplamos-a-paixao-e-morte-de-cristo\/#breadcrumb\"},\"inLanguage\":\"pt-BR\",\"potentialAction\":[{\"@type\":\"ReadAction\",\"target\":[\"https:\/\/www.oarcanjo.net\/site\/sexta-feira-santa-dia-que-contemplamos-a-paixao-e-morte-de-cristo\/\"]}]},{\"@type\":\"BreadcrumbList\",\"@id\":\"https:\/\/www.oarcanjo.net\/site\/sexta-feira-santa-dia-que-contemplamos-a-paixao-e-morte-de-cristo\/#breadcrumb\",\"itemListElement\":[{\"@type\":\"ListItem\",\"position\":1,\"name\":\"In\u00edcio\",\"item\":\"https:\/\/www.oarcanjo.net\/site\/\"},{\"@type\":\"ListItem\",\"position\":2,\"name\":\"Sexta-feira Santa: dia que contemplamos a Paix\u00e3o e Morte de Cristo.\"}]},{\"@type\":\"WebSite\",\"@id\":\"https:\/\/www.oarcanjo.net\/site\/#website\",\"url\":\"https:\/\/www.oarcanjo.net\/site\/\",\"name\":\"O Arcanjo no ar\",\"description\":\"Site da Par\u00f3quia S\u00e3o Miguel Arcanjo (Arquidiocese de SP)\",\"publisher\":{\"@id\":\"https:\/\/www.oarcanjo.net\/site\/#organization\"},\"potentialAction\":[{\"@type\":\"SearchAction\",\"target\":{\"@type\":\"EntryPoint\",\"urlTemplate\":\"https:\/\/www.oarcanjo.net\/site\/?s={search_term_string}\"},\"query-input\":{\"@type\":\"PropertyValueSpecification\",\"valueRequired\":true,\"valueName\":\"search_term_string\"}}],\"inLanguage\":\"pt-BR\"},{\"@type\":\"Organization\",\"@id\":\"https:\/\/www.oarcanjo.net\/site\/#organization\",\"name\":\"Par\u00f3quia S\u00e3o Miguel Arcanjo\",\"url\":\"https:\/\/www.oarcanjo.net\/site\/\",\"logo\":{\"@type\":\"ImageObject\",\"inLanguage\":\"pt-BR\",\"@id\":\"https:\/\/www.oarcanjo.net\/site\/#\/schema\/logo\/image\/\",\"url\":\"https:\/\/www.oarcanjo.net\/site\/wp-content\/uploads\/LogoOArcanjo.png\",\"contentUrl\":\"https:\/\/www.oarcanjo.net\/site\/wp-content\/uploads\/LogoOArcanjo.png\",\"width\":319,\"height\":99,\"caption\":\"Par\u00f3quia S\u00e3o Miguel Arcanjo\"},\"image\":{\"@id\":\"https:\/\/www.oarcanjo.net\/site\/#\/schema\/logo\/image\/\"},\"sameAs\":[\"https:\/\/www.facebook.com\/OArcanjoNoAr\/\"]},{\"@type\":\"Person\",\"@id\":\"https:\/\/www.oarcanjo.net\/site\/#\/schema\/person\/f7870e710d8c8c30673de3a0ac2e451d\",\"name\":\"carlos\"}]}<\/script>\n<!-- \/ Yoast SEO plugin. -->","yoast_head_json":{"title":"Sexta-feira Santa: dia que contemplamos a Paix\u00e3o e Morte de Cristo. - O Arcanjo no ar","robots":{"index":"index","follow":"follow","max-snippet":"max-snippet:-1","max-image-preview":"max-image-preview:large","max-video-preview":"max-video-preview:-1"},"canonical":"https:\/\/www.oarcanjo.net\/site\/sexta-feira-santa-dia-que-contemplamos-a-paixao-e-morte-de-cristo\/","og_locale":"pt_BR","og_type":"article","og_title":"Sexta-feira Santa: dia que contemplamos a Paix\u00e3o e Morte de Cristo. - O Arcanjo no ar","og_description":"Por Giane B. Silva\u00a0 Nesta sexta-feira Santa, depois de participar do Of\u00edcio, celebra\u00e7\u00e3o que teve in\u00edcio \u00e0s 15h, hor\u00e1rio da morte de Jesus Cristo, a comunidade da Par\u00f3quia S\u00e3o Miguel Arcanjo participou da Prociss\u00e3o com o Cristo Martirizado. \u00a0Esse ano, a prociss\u00e3o recebeu a presen\u00e7a dos novos moradores da regi\u00e3o, que junto com os moradores [&hellip;]","og_url":"https:\/\/www.oarcanjo.net\/site\/sexta-feira-santa-dia-que-contemplamos-a-paixao-e-morte-de-cristo\/","og_site_name":"O Arcanjo no ar","article_publisher":"https:\/\/www.facebook.com\/OArcanjoNoAr\/","article_published_time":"2011-04-25T01:25:32+00:00","article_modified_time":"2011-05-01T03:47:26+00:00","og_image":[{"width":300,"height":300,"url":"https:\/\/www.oarcanjo.net\/site\/wp-content\/uploads\/logo-o-arcanjo-no-ar-facebook.png","type":"image\/png"}],"author":"carlos","twitter_card":"summary_large_image","twitter_misc":{"Escrito por":"carlos","Est. tempo de leitura":"2 minutos"},"schema":{"@context":"https:\/\/schema.org","@graph":[{"@type":"Article","@id":"https:\/\/www.oarcanjo.net\/site\/sexta-feira-santa-dia-que-contemplamos-a-paixao-e-morte-de-cristo\/#article","isPartOf":{"@id":"https:\/\/www.oarcanjo.net\/site\/sexta-feira-santa-dia-que-contemplamos-a-paixao-e-morte-de-cristo\/"},"author":{"name":"carlos","@id":"https:\/\/www.oarcanjo.net\/site\/#\/schema\/person\/f7870e710d8c8c30673de3a0ac2e451d"},"headline":"Sexta-feira Santa: dia que contemplamos a Paix\u00e3o e Morte de Cristo.","datePublished":"2011-04-25T01:25:32+00:00","dateModified":"2011-05-01T03:47:26+00:00","mainEntityOfPage":{"@id":"https:\/\/www.oarcanjo.net\/site\/sexta-feira-santa-dia-que-contemplamos-a-paixao-e-morte-de-cristo\/"},"wordCount":330,"commentCount":2,"publisher":{"@id":"https:\/\/www.oarcanjo.net\/site\/#organization"},"articleSection":["Not\u00edcias","Rosto da comunidade"],"inLanguage":"pt-BR","potentialAction":[{"@type":"CommentAction","name":"Comment","target":["https:\/\/www.oarcanjo.net\/site\/sexta-feira-santa-dia-que-contemplamos-a-paixao-e-morte-de-cristo\/#respond"]}]},{"@type":"WebPage","@id":"https:\/\/www.oarcanjo.net\/site\/sexta-feira-santa-dia-que-contemplamos-a-paixao-e-morte-de-cristo\/","url":"https:\/\/www.oarcanjo.net\/site\/sexta-feira-santa-dia-que-contemplamos-a-paixao-e-morte-de-cristo\/","name":"Sexta-feira Santa: dia que contemplamos a Paix\u00e3o e Morte de Cristo. - O Arcanjo no ar","isPartOf":{"@id":"https:\/\/www.oarcanjo.net\/site\/#website"},"datePublished":"2011-04-25T01:25:32+00:00","dateModified":"2011-05-01T03:47:26+00:00","breadcrumb":{"@id":"https:\/\/www.oarcanjo.net\/site\/sexta-feira-santa-dia-que-contemplamos-a-paixao-e-morte-de-cristo\/#breadcrumb"},"inLanguage":"pt-BR","potentialAction":[{"@type":"ReadAction","target":["https:\/\/www.oarcanjo.net\/site\/sexta-feira-santa-dia-que-contemplamos-a-paixao-e-morte-de-cristo\/"]}]},{"@type":"BreadcrumbList","@id":"https:\/\/www.oarcanjo.net\/site\/sexta-feira-santa-dia-que-contemplamos-a-paixao-e-morte-de-cristo\/#breadcrumb","itemListElement":[{"@type":"ListItem","position":1,"name":"In\u00edcio","item":"https:\/\/www.oarcanjo.net\/site\/"},{"@type":"ListItem","position":2,"name":"Sexta-feira Santa: dia que contemplamos a Paix\u00e3o e Morte de Cristo."}]},{"@type":"WebSite","@id":"https:\/\/www.oarcanjo.net\/site\/#website","url":"https:\/\/www.oarcanjo.net\/site\/","name":"O Arcanjo no ar","description":"Site da Par\u00f3quia S\u00e3o Miguel Arcanjo (Arquidiocese de SP)","publisher":{"@id":"https:\/\/www.oarcanjo.net\/site\/#organization"},"potentialAction":[{"@type":"SearchAction","target":{"@type":"EntryPoint","urlTemplate":"https:\/\/www.oarcanjo.net\/site\/?s={search_term_string}"},"query-input":{"@type":"PropertyValueSpecification","valueRequired":true,"valueName":"search_term_string"}}],"inLanguage":"pt-BR"},{"@type":"Organization","@id":"https:\/\/www.oarcanjo.net\/site\/#organization","name":"Par\u00f3quia S\u00e3o Miguel Arcanjo","url":"https:\/\/www.oarcanjo.net\/site\/","logo":{"@type":"ImageObject","inLanguage":"pt-BR","@id":"https:\/\/www.oarcanjo.net\/site\/#\/schema\/logo\/image\/","url":"https:\/\/www.oarcanjo.net\/site\/wp-content\/uploads\/LogoOArcanjo.png","contentUrl":"https:\/\/www.oarcanjo.net\/site\/wp-content\/uploads\/LogoOArcanjo.png","width":319,"height":99,"caption":"Par\u00f3quia S\u00e3o Miguel Arcanjo"},"image":{"@id":"https:\/\/www.oarcanjo.net\/site\/#\/schema\/logo\/image\/"},"sameAs":["https:\/\/www.facebook.com\/OArcanjoNoAr\/"]},{"@type":"Person","@id":"https:\/\/www.oarcanjo.net\/site\/#\/schema\/person\/f7870e710d8c8c30673de3a0ac2e451d","name":"carlos"}]}},"publishpress_future_action":{"enabled":false,"date":"2026-05-09 02:12:24","action":"category","newStatus":"draft","terms":[],"taxonomy":"category"},"publishpress_future_workflow_manual_trigger":{"enabledWorkflows":[]},"_links":{"self":[{"href":"https:\/\/www.oarcanjo.net\/site\/wp-json\/wp\/v2\/posts\/14107"}],"collection":[{"href":"https:\/\/www.oarcanjo.net\/site\/wp-json\/wp\/v2\/posts"}],"about":[{"href":"https:\/\/www.oarcanjo.net\/site\/wp-json\/wp\/v2\/types\/post"}],"author":[{"embeddable":true,"href":"https:\/\/www.oarcanjo.net\/site\/wp-json\/wp\/v2\/users\/10"}],"replies":[{"embeddable":true,"href":"https:\/\/www.oarcanjo.net\/site\/wp-json\/wp\/v2\/comments?post=14107"}],"version-history":[{"count":0,"href":"https:\/\/www.oarcanjo.net\/site\/wp-json\/wp\/v2\/posts\/14107\/revisions"}],"wp:attachment":[{"href":"https:\/\/www.oarcanjo.net\/site\/wp-json\/wp\/v2\/media?parent=14107"}],"wp:term":[{"taxonomy":"category","embeddable":true,"href":"https:\/\/www.oarcanjo.net\/site\/wp-json\/wp\/v2\/categories?post=14107"},{"taxonomy":"post_tag","embeddable":true,"href":"https:\/\/www.oarcanjo.net\/site\/wp-json\/wp\/v2\/tags?post=14107"}],"curies":[{"name":"wp","href":"https:\/\/api.w.org\/{rel}","templated":true}]}}