
{"id":14112,"date":"2011-04-25T10:00:05","date_gmt":"2011-04-25T13:00:05","guid":{"rendered":"http:\/\/www.oarcanjo.net\/site\/?p=14112"},"modified":"2011-04-25T10:00:05","modified_gmt":"2011-04-25T13:00:05","slug":"entidades-lancam-campanha-por-banda-larga-para-todos","status":"publish","type":"post","link":"https:\/\/www.oarcanjo.net\/site\/entidades-lancam-campanha-por-banda-larga-para-todos\/","title":{"rendered":"Entidades lan\u00e7am campanha por Banda larga para todos"},"content":{"rendered":"<p>A banda larga no Brasil \u00e9 cara, lenta e para poucos, e est\u00e1 na hora de pressionar o poder p\u00fablico e as empresas para essa situa\u00e7\u00e3o mudar. O lan\u00e7amento do Plano Nacional de Banda Larga em 2010 foi um passo importante na tarefa necess\u00e1ria de democratizar o acesso \u00e0 internet, mas \u00e9 insuficiente. O modelo de presta\u00e7\u00e3o do servi\u00e7o no Brasil faz com que as empresas n\u00e3o tenham obriga\u00e7\u00f5es de universaliza\u00e7\u00e3o. Elas oferecem o servi\u00e7o nas \u00e1reas lucrativas e cobram pre\u00e7os impeditivos para a popula\u00e7\u00e3o de baixa renda e de localidades fora dos grandes centros urbanos.<\/p>\n<p>Enquanto isso, prefeituras que tentam ampliar o acesso em seus munic\u00edpios esbarram nos altos custos de conex\u00e3o \u00e0s grandes redes. Provedores sem fins lucrativos que tentam prover o servi\u00e7o s\u00e3o impedidos pela legisla\u00e7\u00e3o. Cidad\u00e3os que compartilham sua conex\u00e3o s\u00e3o multados pela Anatel.<\/p>\n<p>\u00c9 preciso pensar a banda larga como um servi\u00e7o essencial. A internet \u00e9 instrumento de efetiva\u00e7\u00e3o de direitos fundamentais e de desenvolvimento, al\u00e9m de espa\u00e7o da express\u00e3o das diferentes opini\u00f5es e manifesta\u00e7\u00f5es culturais brasileiras por meio da rede.<\/p>\n<p>Neste dia 25, vamos colocar o bloco na rua: juntar blogueiros, ativistas da cultura digital, entidades de defesa do consumidor, sindicatos e centrais sindicais, ONGs, coletivos, usu\u00e1rios com ou sem internet em casa, todos aqueles que acham que o acesso \u00e0 internet deveria ser entendido como um direito fundamental. Nossa proposta \u00e9 unir os cidad\u00e3os e cidad\u00e3s brasileiros em uma vig\u00edlia permanente em defesa do interesse p\u00fablico na implementa\u00e7\u00e3o do Plano Nacional de Banda Larga e da participa\u00e7\u00e3o da sociedade civil nas decis\u00f5es que est\u00e3o sendo tomadas.<\/p>\n<p>O lan\u00e7amento nacional da Campanha <em><strong>Banda Larga \u00e9 um Direito Seu! Uma a\u00e7\u00e3o pela Internet barata, de qualidade e para todos<\/strong><\/em> ser\u00e1 feito em plen\u00e1rias simult\u00e2neas em S\u00e3o Paulo, Rio de Janeiro, Campo Grande, Salvador e Bras\u00edlia, com transmiss\u00e3o pela Internet. O manifesto da campanha, a lista de participantes e o plano de a\u00e7\u00e3o est\u00e3o no site <a title=\"Campanha Banda Larga\" href=\"www.campanhabandalarga.org.br\" target=\"_blank\">www.campanhabandalarga.org.br<\/a>. Participe.<\/p>\n<p><strong>S\u00c3O PAULO (SP)<\/strong> &#8211; 19h<br \/>\nSindicato dos Engenheiros de S\u00e3o Paulo<br \/>\nRua Genebra, 25 \u2013 Centro (travessa da Rua Maria Paula)<\/p>\n<p><strong>RIO DE JANEIRO (RJ)<\/strong><br \/>\n19h: in\u00edcio da atividade plen\u00e1ria<br \/>\n20h30: lan\u00e7amento da campanha<br \/>\nAudit\u00f3rio do SindJor Rio<br \/>\nRua Evaristo da Veiga, 16, 17\u00ba andar<\/p>\n<p><strong>SALVADOR (BA)<\/strong> &#8211; 19h<br \/>\nAudit\u00f3rio 2 da Faculdade de Educa\u00e7\u00e3o da Universidade Federal da Bahia<br \/>\nAvenida Reitor Miguel Calmon s\/n \u2013 Campus Canela<\/p>\n<p><strong>CAMPO GRANDE (MS)<\/strong> &#8211; 19h30<br \/>\nSede da Fetems (Federa\u00e7\u00e3o dos Trabalhadores em Educa\u00e7\u00e3o de Mato Grosso do Sul)<br \/>\nRua 26 de agosto, 2269 &#8211; Bairro Amambai<\/p>\n<p><strong>BRAS\u00cdLIA (DF)<\/strong><br \/>\n20h &#8211; Balaio Caf\u00e9<br \/>\nCLN 201 Norte, Bloco B, lojas 19\/31<\/p>\n<p><iframe loading=\"lazy\" src=\"http:\/\/player.vimeo.com\/video\/12650225?color=f07c00\" width=\"560\" height=\"371\" frameborder=\"0\"><\/iframe><\/p>\n<div id=\"themify_builder_content-14112\" data-postid=\"14112\" class=\"themify_builder_content themify_builder_content-14112 themify_builder themify_builder_front\">\n\t<\/div>\n<!-- \/themify_builder_content -->","protected":false},"excerpt":{"rendered":"<p>A banda larga no Brasil \u00e9 cara, lenta e para poucos, e est\u00e1 na hora de pressionar o poder p\u00fablico e as empresas para essa situa\u00e7\u00e3o mudar. O lan\u00e7amento do Plano Nacional de Banda Larga em 2010 foi um passo importante na tarefa necess\u00e1ria de democratizar o acesso \u00e0 internet, mas \u00e9 insuficiente. O modelo [&hellip;]<\/p>\n","protected":false},"author":5,"featured_media":0,"comment_status":"open","ping_status":"open","sticky":false,"template":"","format":"standard","meta":{"ngg_post_thumbnail":0,"footnotes":""},"categories":[8,280],"tags":[1882,1880,1351,21,1881],"yoast_head":"<!-- This site is optimized with the Yoast SEO plugin v23.5 - https:\/\/yoast.com\/wordpress\/plugins\/seo\/ -->\n<title>Entidades lan\u00e7am campanha por Banda larga para todos - O Arcanjo no ar<\/title>\n<meta name=\"robots\" content=\"index, follow, max-snippet:-1, max-image-preview:large, max-video-preview:-1\" \/>\n<link rel=\"canonical\" href=\"https:\/\/www.oarcanjo.net\/site\/entidades-lancam-campanha-por-banda-larga-para-todos\/\" \/>\n<meta property=\"og:locale\" content=\"pt_BR\" \/>\n<meta property=\"og:type\" content=\"article\" \/>\n<meta property=\"og:title\" content=\"Entidades lan\u00e7am campanha por Banda larga para todos - O Arcanjo no ar\" \/>\n<meta property=\"og:description\" content=\"A banda larga no Brasil \u00e9 cara, lenta e para poucos, e est\u00e1 na hora de pressionar o poder p\u00fablico e as empresas para essa situa\u00e7\u00e3o mudar. O lan\u00e7amento do Plano Nacional de Banda Larga em 2010 foi um passo importante na tarefa necess\u00e1ria de democratizar o acesso \u00e0 internet, mas \u00e9 insuficiente. O modelo [&hellip;]\" \/>\n<meta property=\"og:url\" content=\"https:\/\/www.oarcanjo.net\/site\/entidades-lancam-campanha-por-banda-larga-para-todos\/\" \/>\n<meta property=\"og:site_name\" content=\"O Arcanjo no ar\" \/>\n<meta property=\"article:publisher\" content=\"https:\/\/www.facebook.com\/OArcanjoNoAr\/\" \/>\n<meta property=\"article:published_time\" content=\"2011-04-25T13:00:05+00:00\" \/>\n<meta property=\"og:image\" content=\"https:\/\/www.oarcanjo.net\/site\/wp-content\/uploads\/logo-o-arcanjo-no-ar-facebook.png\" \/>\n\t<meta property=\"og:image:width\" content=\"300\" \/>\n\t<meta property=\"og:image:height\" content=\"300\" \/>\n\t<meta property=\"og:image:type\" content=\"image\/png\" \/>\n<meta name=\"author\" content=\"editor\" \/>\n<meta name=\"twitter:card\" content=\"summary_large_image\" \/>\n<meta name=\"twitter:label1\" content=\"Escrito por\" \/>\n\t<meta name=\"twitter:data1\" content=\"editor\" \/>\n\t<meta name=\"twitter:label2\" content=\"Est. tempo de leitura\" \/>\n\t<meta name=\"twitter:data2\" content=\"2 minutos\" \/>\n<script type=\"application\/ld+json\" class=\"yoast-schema-graph\">{\"@context\":\"https:\/\/schema.org\",\"@graph\":[{\"@type\":\"Article\",\"@id\":\"https:\/\/www.oarcanjo.net\/site\/entidades-lancam-campanha-por-banda-larga-para-todos\/#article\",\"isPartOf\":{\"@id\":\"https:\/\/www.oarcanjo.net\/site\/entidades-lancam-campanha-por-banda-larga-para-todos\/\"},\"author\":{\"name\":\"editor\",\"@id\":\"https:\/\/www.oarcanjo.net\/site\/#\/schema\/person\/f7024d007863202483a31326673a0838\"},\"headline\":\"Entidades lan\u00e7am campanha por Banda larga para todos\",\"datePublished\":\"2011-04-25T13:00:05+00:00\",\"dateModified\":\"2011-04-25T13:00:05+00:00\",\"mainEntityOfPage\":{\"@id\":\"https:\/\/www.oarcanjo.net\/site\/entidades-lancam-campanha-por-banda-larga-para-todos\/\"},\"wordCount\":478,\"commentCount\":0,\"publisher\":{\"@id\":\"https:\/\/www.oarcanjo.net\/site\/#organization\"},\"keywords\":[\"Anatel\",\"Banda larga\",\"democratiza\u00e7\u00e3o da comunica\u00e7\u00e3o\",\"internet\",\"PNBL\"],\"articleSection\":[\"Not\u00edcias\",\"V\u00eddeos\"],\"inLanguage\":\"pt-BR\",\"potentialAction\":[{\"@type\":\"CommentAction\",\"name\":\"Comment\",\"target\":[\"https:\/\/www.oarcanjo.net\/site\/entidades-lancam-campanha-por-banda-larga-para-todos\/#respond\"]}]},{\"@type\":\"WebPage\",\"@id\":\"https:\/\/www.oarcanjo.net\/site\/entidades-lancam-campanha-por-banda-larga-para-todos\/\",\"url\":\"https:\/\/www.oarcanjo.net\/site\/entidades-lancam-campanha-por-banda-larga-para-todos\/\",\"name\":\"Entidades lan\u00e7am campanha por Banda larga para todos - O Arcanjo no ar\",\"isPartOf\":{\"@id\":\"https:\/\/www.oarcanjo.net\/site\/#website\"},\"datePublished\":\"2011-04-25T13:00:05+00:00\",\"dateModified\":\"2011-04-25T13:00:05+00:00\",\"breadcrumb\":{\"@id\":\"https:\/\/www.oarcanjo.net\/site\/entidades-lancam-campanha-por-banda-larga-para-todos\/#breadcrumb\"},\"inLanguage\":\"pt-BR\",\"potentialAction\":[{\"@type\":\"ReadAction\",\"target\":[\"https:\/\/www.oarcanjo.net\/site\/entidades-lancam-campanha-por-banda-larga-para-todos\/\"]}]},{\"@type\":\"BreadcrumbList\",\"@id\":\"https:\/\/www.oarcanjo.net\/site\/entidades-lancam-campanha-por-banda-larga-para-todos\/#breadcrumb\",\"itemListElement\":[{\"@type\":\"ListItem\",\"position\":1,\"name\":\"In\u00edcio\",\"item\":\"https:\/\/www.oarcanjo.net\/site\/\"},{\"@type\":\"ListItem\",\"position\":2,\"name\":\"Entidades lan\u00e7am campanha por Banda larga para todos\"}]},{\"@type\":\"WebSite\",\"@id\":\"https:\/\/www.oarcanjo.net\/site\/#website\",\"url\":\"https:\/\/www.oarcanjo.net\/site\/\",\"name\":\"O Arcanjo no ar\",\"description\":\"Site da Par\u00f3quia S\u00e3o Miguel Arcanjo (Arquidiocese de SP)\",\"publisher\":{\"@id\":\"https:\/\/www.oarcanjo.net\/site\/#organization\"},\"potentialAction\":[{\"@type\":\"SearchAction\",\"target\":{\"@type\":\"EntryPoint\",\"urlTemplate\":\"https:\/\/www.oarcanjo.net\/site\/?s={search_term_string}\"},\"query-input\":{\"@type\":\"PropertyValueSpecification\",\"valueRequired\":true,\"valueName\":\"search_term_string\"}}],\"inLanguage\":\"pt-BR\"},{\"@type\":\"Organization\",\"@id\":\"https:\/\/www.oarcanjo.net\/site\/#organization\",\"name\":\"Par\u00f3quia S\u00e3o Miguel Arcanjo\",\"url\":\"https:\/\/www.oarcanjo.net\/site\/\",\"logo\":{\"@type\":\"ImageObject\",\"inLanguage\":\"pt-BR\",\"@id\":\"https:\/\/www.oarcanjo.net\/site\/#\/schema\/logo\/image\/\",\"url\":\"https:\/\/www.oarcanjo.net\/site\/wp-content\/uploads\/LogoOArcanjo.png\",\"contentUrl\":\"https:\/\/www.oarcanjo.net\/site\/wp-content\/uploads\/LogoOArcanjo.png\",\"width\":319,\"height\":99,\"caption\":\"Par\u00f3quia S\u00e3o Miguel Arcanjo\"},\"image\":{\"@id\":\"https:\/\/www.oarcanjo.net\/site\/#\/schema\/logo\/image\/\"},\"sameAs\":[\"https:\/\/www.facebook.com\/OArcanjoNoAr\/\"]},{\"@type\":\"Person\",\"@id\":\"https:\/\/www.oarcanjo.net\/site\/#\/schema\/person\/f7024d007863202483a31326673a0838\",\"name\":\"editor\",\"sameAs\":[\"http:\/\/www.oarcanjo.net\"]}]}<\/script>\n<!-- \/ Yoast SEO plugin. -->","yoast_head_json":{"title":"Entidades lan\u00e7am campanha por Banda larga para todos - O Arcanjo no ar","robots":{"index":"index","follow":"follow","max-snippet":"max-snippet:-1","max-image-preview":"max-image-preview:large","max-video-preview":"max-video-preview:-1"},"canonical":"https:\/\/www.oarcanjo.net\/site\/entidades-lancam-campanha-por-banda-larga-para-todos\/","og_locale":"pt_BR","og_type":"article","og_title":"Entidades lan\u00e7am campanha por Banda larga para todos - O Arcanjo no ar","og_description":"A banda larga no Brasil \u00e9 cara, lenta e para poucos, e est\u00e1 na hora de pressionar o poder p\u00fablico e as empresas para essa situa\u00e7\u00e3o mudar. O lan\u00e7amento do Plano Nacional de Banda Larga em 2010 foi um passo importante na tarefa necess\u00e1ria de democratizar o acesso \u00e0 internet, mas \u00e9 insuficiente. O modelo [&hellip;]","og_url":"https:\/\/www.oarcanjo.net\/site\/entidades-lancam-campanha-por-banda-larga-para-todos\/","og_site_name":"O Arcanjo no ar","article_publisher":"https:\/\/www.facebook.com\/OArcanjoNoAr\/","article_published_time":"2011-04-25T13:00:05+00:00","og_image":[{"width":300,"height":300,"url":"https:\/\/www.oarcanjo.net\/site\/wp-content\/uploads\/logo-o-arcanjo-no-ar-facebook.png","type":"image\/png"}],"author":"editor","twitter_card":"summary_large_image","twitter_misc":{"Escrito por":"editor","Est. tempo de leitura":"2 minutos"},"schema":{"@context":"https:\/\/schema.org","@graph":[{"@type":"Article","@id":"https:\/\/www.oarcanjo.net\/site\/entidades-lancam-campanha-por-banda-larga-para-todos\/#article","isPartOf":{"@id":"https:\/\/www.oarcanjo.net\/site\/entidades-lancam-campanha-por-banda-larga-para-todos\/"},"author":{"name":"editor","@id":"https:\/\/www.oarcanjo.net\/site\/#\/schema\/person\/f7024d007863202483a31326673a0838"},"headline":"Entidades lan\u00e7am campanha por Banda larga para todos","datePublished":"2011-04-25T13:00:05+00:00","dateModified":"2011-04-25T13:00:05+00:00","mainEntityOfPage":{"@id":"https:\/\/www.oarcanjo.net\/site\/entidades-lancam-campanha-por-banda-larga-para-todos\/"},"wordCount":478,"commentCount":0,"publisher":{"@id":"https:\/\/www.oarcanjo.net\/site\/#organization"},"keywords":["Anatel","Banda larga","democratiza\u00e7\u00e3o da comunica\u00e7\u00e3o","internet","PNBL"],"articleSection":["Not\u00edcias","V\u00eddeos"],"inLanguage":"pt-BR","potentialAction":[{"@type":"CommentAction","name":"Comment","target":["https:\/\/www.oarcanjo.net\/site\/entidades-lancam-campanha-por-banda-larga-para-todos\/#respond"]}]},{"@type":"WebPage","@id":"https:\/\/www.oarcanjo.net\/site\/entidades-lancam-campanha-por-banda-larga-para-todos\/","url":"https:\/\/www.oarcanjo.net\/site\/entidades-lancam-campanha-por-banda-larga-para-todos\/","name":"Entidades lan\u00e7am campanha por Banda larga para todos - O Arcanjo no ar","isPartOf":{"@id":"https:\/\/www.oarcanjo.net\/site\/#website"},"datePublished":"2011-04-25T13:00:05+00:00","dateModified":"2011-04-25T13:00:05+00:00","breadcrumb":{"@id":"https:\/\/www.oarcanjo.net\/site\/entidades-lancam-campanha-por-banda-larga-para-todos\/#breadcrumb"},"inLanguage":"pt-BR","potentialAction":[{"@type":"ReadAction","target":["https:\/\/www.oarcanjo.net\/site\/entidades-lancam-campanha-por-banda-larga-para-todos\/"]}]},{"@type":"BreadcrumbList","@id":"https:\/\/www.oarcanjo.net\/site\/entidades-lancam-campanha-por-banda-larga-para-todos\/#breadcrumb","itemListElement":[{"@type":"ListItem","position":1,"name":"In\u00edcio","item":"https:\/\/www.oarcanjo.net\/site\/"},{"@type":"ListItem","position":2,"name":"Entidades lan\u00e7am campanha por Banda larga para todos"}]},{"@type":"WebSite","@id":"https:\/\/www.oarcanjo.net\/site\/#website","url":"https:\/\/www.oarcanjo.net\/site\/","name":"O Arcanjo no ar","description":"Site da Par\u00f3quia S\u00e3o Miguel Arcanjo (Arquidiocese de SP)","publisher":{"@id":"https:\/\/www.oarcanjo.net\/site\/#organization"},"potentialAction":[{"@type":"SearchAction","target":{"@type":"EntryPoint","urlTemplate":"https:\/\/www.oarcanjo.net\/site\/?s={search_term_string}"},"query-input":{"@type":"PropertyValueSpecification","valueRequired":true,"valueName":"search_term_string"}}],"inLanguage":"pt-BR"},{"@type":"Organization","@id":"https:\/\/www.oarcanjo.net\/site\/#organization","name":"Par\u00f3quia S\u00e3o Miguel Arcanjo","url":"https:\/\/www.oarcanjo.net\/site\/","logo":{"@type":"ImageObject","inLanguage":"pt-BR","@id":"https:\/\/www.oarcanjo.net\/site\/#\/schema\/logo\/image\/","url":"https:\/\/www.oarcanjo.net\/site\/wp-content\/uploads\/LogoOArcanjo.png","contentUrl":"https:\/\/www.oarcanjo.net\/site\/wp-content\/uploads\/LogoOArcanjo.png","width":319,"height":99,"caption":"Par\u00f3quia S\u00e3o Miguel Arcanjo"},"image":{"@id":"https:\/\/www.oarcanjo.net\/site\/#\/schema\/logo\/image\/"},"sameAs":["https:\/\/www.facebook.com\/OArcanjoNoAr\/"]},{"@type":"Person","@id":"https:\/\/www.oarcanjo.net\/site\/#\/schema\/person\/f7024d007863202483a31326673a0838","name":"editor","sameAs":["http:\/\/www.oarcanjo.net"]}]}},"publishpress_future_action":{"enabled":false,"date":"2026-05-09 00:50:39","action":"category","newStatus":"draft","terms":[],"taxonomy":"category"},"publishpress_future_workflow_manual_trigger":{"enabledWorkflows":[]},"_links":{"self":[{"href":"https:\/\/www.oarcanjo.net\/site\/wp-json\/wp\/v2\/posts\/14112"}],"collection":[{"href":"https:\/\/www.oarcanjo.net\/site\/wp-json\/wp\/v2\/posts"}],"about":[{"href":"https:\/\/www.oarcanjo.net\/site\/wp-json\/wp\/v2\/types\/post"}],"author":[{"embeddable":true,"href":"https:\/\/www.oarcanjo.net\/site\/wp-json\/wp\/v2\/users\/5"}],"replies":[{"embeddable":true,"href":"https:\/\/www.oarcanjo.net\/site\/wp-json\/wp\/v2\/comments?post=14112"}],"version-history":[{"count":0,"href":"https:\/\/www.oarcanjo.net\/site\/wp-json\/wp\/v2\/posts\/14112\/revisions"}],"wp:attachment":[{"href":"https:\/\/www.oarcanjo.net\/site\/wp-json\/wp\/v2\/media?parent=14112"}],"wp:term":[{"taxonomy":"category","embeddable":true,"href":"https:\/\/www.oarcanjo.net\/site\/wp-json\/wp\/v2\/categories?post=14112"},{"taxonomy":"post_tag","embeddable":true,"href":"https:\/\/www.oarcanjo.net\/site\/wp-json\/wp\/v2\/tags?post=14112"}],"curies":[{"name":"wp","href":"https:\/\/api.w.org\/{rel}","templated":true}]}}