
{"id":14125,"date":"2011-04-27T23:15:02","date_gmt":"2011-04-28T02:15:02","guid":{"rendered":"http:\/\/www.oarcanjo.net\/site\/?p=14125"},"modified":"2011-05-02T09:14:58","modified_gmt":"2011-05-02T12:14:58","slug":"dom-edmar-peron-a-importancia-da-pastoral-liturgica","status":"publish","type":"post","link":"https:\/\/www.oarcanjo.net\/site\/dom-edmar-peron-a-importancia-da-pastoral-liturgica\/","title":{"rendered":"Dom Edmar Peron: a import\u00e2ncia da Pastoral Lit\u00fargica"},"content":{"rendered":"<p>Dom Edmar Peron, bispo da Regi\u00e3o Bel\u00e9m, explica a import\u00e2ncia da Pastoral Lit\u00fargica em cada par\u00f3quia ou comunidade. V\u00eddeo em duas partes, gravado na capela do Centro Pastoral S\u00e3o Jos\u00e9 pela equipe de comunica\u00e7\u00e3o dO Arcanjo no ar.<\/p>\n<p><strong>1\u00aa parte<\/strong><\/p>\n<p><object width=\"560\" height=\"349\"><param name=\"movie\" value=\"http:\/\/www.youtube.com\/v\/TcW9ZtmJbMc?fs=1&amp;hl=en_US&amp;rel=0\" \/><param name=\"allowFullScreen\" value=\"true\" \/><param name=\"allowscriptaccess\" value=\"always\" \/><embed type=\"application\/x-shockwave-flash\" width=\"560\" height=\"349\" src=\"http:\/\/www.youtube.com\/v\/TcW9ZtmJbMc?fs=1&amp;hl=en_US&amp;rel=0\" allowfullscreen=\"true\" allowscriptaccess=\"always\"><\/embed><\/object><\/p>\n<p><strong>2\u00aa parte<\/strong><\/p>\n<p><object width=\"560\" height=\"349\"><param name=\"movie\" value=\"http:\/\/www.youtube.com\/v\/qG667lHhA1I?fs=1&amp;hl=en_US&amp;rel=0\" \/><param name=\"allowFullScreen\" value=\"true\" \/><param name=\"allowscriptaccess\" value=\"always\" \/><embed type=\"application\/x-shockwave-flash\" width=\"560\" height=\"349\" src=\"http:\/\/www.youtube.com\/v\/qG667lHhA1I?fs=1&amp;hl=en_US&amp;rel=0\" allowfullscreen=\"true\" allowscriptaccess=\"always\"><\/embed><\/object><\/p>\n<div id=\"themify_builder_content-14125\" data-postid=\"14125\" class=\"themify_builder_content themify_builder_content-14125 themify_builder themify_builder_front\">\n\t<\/div>\n<!-- \/themify_builder_content -->","protected":false},"excerpt":{"rendered":"<p>Dom Edmar Peron, bispo da Regi\u00e3o Bel\u00e9m, explica a import\u00e2ncia da Pastoral Lit\u00fargica em cada par\u00f3quia ou comunidade. V\u00eddeo em duas partes, gravado na capela do Centro Pastoral S\u00e3o Jos\u00e9 pela equipe de comunica\u00e7\u00e3o dO Arcanjo no ar. 1\u00aa parte 2\u00aa parte<\/p>\n","protected":false},"author":5,"featured_media":0,"comment_status":"open","ping_status":"open","sticky":false,"template":"","format":"standard","meta":{"ngg_post_thumbnail":0,"footnotes":""},"categories":[109,1657,280],"tags":[3204],"yoast_head":"<!-- This site is optimized with the Yoast SEO plugin v23.5 - https:\/\/yoast.com\/wordpress\/plugins\/seo\/ -->\n<title>Dom Edmar Peron: a import\u00e2ncia da Pastoral Lit\u00fargica - O Arcanjo no ar<\/title>\n<meta name=\"robots\" content=\"index, follow, max-snippet:-1, max-image-preview:large, max-video-preview:-1\" \/>\n<link rel=\"canonical\" href=\"https:\/\/www.oarcanjo.net\/site\/dom-edmar-peron-a-importancia-da-pastoral-liturgica\/\" \/>\n<meta property=\"og:locale\" content=\"pt_BR\" \/>\n<meta property=\"og:type\" content=\"article\" \/>\n<meta property=\"og:title\" content=\"Dom Edmar Peron: a import\u00e2ncia da Pastoral Lit\u00fargica - O Arcanjo no ar\" \/>\n<meta property=\"og:description\" content=\"Dom Edmar Peron, bispo da Regi\u00e3o Bel\u00e9m, explica a import\u00e2ncia da Pastoral Lit\u00fargica em cada par\u00f3quia ou comunidade. V\u00eddeo em duas partes, gravado na capela do Centro Pastoral S\u00e3o Jos\u00e9 pela equipe de comunica\u00e7\u00e3o dO Arcanjo no ar. 1\u00aa parte 2\u00aa parte\" \/>\n<meta property=\"og:url\" content=\"https:\/\/www.oarcanjo.net\/site\/dom-edmar-peron-a-importancia-da-pastoral-liturgica\/\" \/>\n<meta property=\"og:site_name\" content=\"O Arcanjo no ar\" \/>\n<meta property=\"article:publisher\" content=\"https:\/\/www.facebook.com\/OArcanjoNoAr\/\" \/>\n<meta property=\"article:published_time\" content=\"2011-04-28T02:15:02+00:00\" \/>\n<meta property=\"article:modified_time\" content=\"2011-05-02T12:14:58+00:00\" \/>\n<meta property=\"og:image\" content=\"https:\/\/www.oarcanjo.net\/site\/wp-content\/uploads\/logo-o-arcanjo-no-ar-facebook.png\" \/>\n\t<meta property=\"og:image:width\" content=\"300\" \/>\n\t<meta property=\"og:image:height\" content=\"300\" \/>\n\t<meta property=\"og:image:type\" content=\"image\/png\" \/>\n<meta name=\"author\" content=\"editor\" \/>\n<meta name=\"twitter:card\" content=\"summary_large_image\" \/>\n<meta name=\"twitter:label1\" content=\"Escrito por\" \/>\n\t<meta name=\"twitter:data1\" content=\"editor\" \/>\n<script type=\"application\/ld+json\" class=\"yoast-schema-graph\">{\"@context\":\"https:\/\/schema.org\",\"@graph\":[{\"@type\":\"Article\",\"@id\":\"https:\/\/www.oarcanjo.net\/site\/dom-edmar-peron-a-importancia-da-pastoral-liturgica\/#article\",\"isPartOf\":{\"@id\":\"https:\/\/www.oarcanjo.net\/site\/dom-edmar-peron-a-importancia-da-pastoral-liturgica\/\"},\"author\":{\"name\":\"editor\",\"@id\":\"https:\/\/www.oarcanjo.net\/site\/#\/schema\/person\/f7024d007863202483a31326673a0838\"},\"headline\":\"Dom Edmar Peron: a import\u00e2ncia da Pastoral Lit\u00fargica\",\"datePublished\":\"2011-04-28T02:15:02+00:00\",\"dateModified\":\"2011-05-02T12:14:58+00:00\",\"mainEntityOfPage\":{\"@id\":\"https:\/\/www.oarcanjo.net\/site\/dom-edmar-peron-a-importancia-da-pastoral-liturgica\/\"},\"wordCount\":58,\"commentCount\":2,\"publisher\":{\"@id\":\"https:\/\/www.oarcanjo.net\/site\/#organization\"},\"keywords\":[\"Liturgia\"],\"articleSection\":[\"Liturgia\",\"Orienta\u00e7\u00f5es\",\"V\u00eddeos\"],\"inLanguage\":\"pt-BR\",\"potentialAction\":[{\"@type\":\"CommentAction\",\"name\":\"Comment\",\"target\":[\"https:\/\/www.oarcanjo.net\/site\/dom-edmar-peron-a-importancia-da-pastoral-liturgica\/#respond\"]}]},{\"@type\":\"WebPage\",\"@id\":\"https:\/\/www.oarcanjo.net\/site\/dom-edmar-peron-a-importancia-da-pastoral-liturgica\/\",\"url\":\"https:\/\/www.oarcanjo.net\/site\/dom-edmar-peron-a-importancia-da-pastoral-liturgica\/\",\"name\":\"Dom Edmar Peron: a import\u00e2ncia da Pastoral Lit\u00fargica - O Arcanjo no ar\",\"isPartOf\":{\"@id\":\"https:\/\/www.oarcanjo.net\/site\/#website\"},\"datePublished\":\"2011-04-28T02:15:02+00:00\",\"dateModified\":\"2011-05-02T12:14:58+00:00\",\"breadcrumb\":{\"@id\":\"https:\/\/www.oarcanjo.net\/site\/dom-edmar-peron-a-importancia-da-pastoral-liturgica\/#breadcrumb\"},\"inLanguage\":\"pt-BR\",\"potentialAction\":[{\"@type\":\"ReadAction\",\"target\":[\"https:\/\/www.oarcanjo.net\/site\/dom-edmar-peron-a-importancia-da-pastoral-liturgica\/\"]}]},{\"@type\":\"BreadcrumbList\",\"@id\":\"https:\/\/www.oarcanjo.net\/site\/dom-edmar-peron-a-importancia-da-pastoral-liturgica\/#breadcrumb\",\"itemListElement\":[{\"@type\":\"ListItem\",\"position\":1,\"name\":\"In\u00edcio\",\"item\":\"https:\/\/www.oarcanjo.net\/site\/\"},{\"@type\":\"ListItem\",\"position\":2,\"name\":\"Dom Edmar Peron: a import\u00e2ncia da Pastoral Lit\u00fargica\"}]},{\"@type\":\"WebSite\",\"@id\":\"https:\/\/www.oarcanjo.net\/site\/#website\",\"url\":\"https:\/\/www.oarcanjo.net\/site\/\",\"name\":\"O Arcanjo no ar\",\"description\":\"Site da Par\u00f3quia S\u00e3o Miguel Arcanjo (Arquidiocese de SP)\",\"publisher\":{\"@id\":\"https:\/\/www.oarcanjo.net\/site\/#organization\"},\"potentialAction\":[{\"@type\":\"SearchAction\",\"target\":{\"@type\":\"EntryPoint\",\"urlTemplate\":\"https:\/\/www.oarcanjo.net\/site\/?s={search_term_string}\"},\"query-input\":{\"@type\":\"PropertyValueSpecification\",\"valueRequired\":true,\"valueName\":\"search_term_string\"}}],\"inLanguage\":\"pt-BR\"},{\"@type\":\"Organization\",\"@id\":\"https:\/\/www.oarcanjo.net\/site\/#organization\",\"name\":\"Par\u00f3quia S\u00e3o Miguel Arcanjo\",\"url\":\"https:\/\/www.oarcanjo.net\/site\/\",\"logo\":{\"@type\":\"ImageObject\",\"inLanguage\":\"pt-BR\",\"@id\":\"https:\/\/www.oarcanjo.net\/site\/#\/schema\/logo\/image\/\",\"url\":\"https:\/\/www.oarcanjo.net\/site\/wp-content\/uploads\/LogoOArcanjo.png\",\"contentUrl\":\"https:\/\/www.oarcanjo.net\/site\/wp-content\/uploads\/LogoOArcanjo.png\",\"width\":319,\"height\":99,\"caption\":\"Par\u00f3quia S\u00e3o Miguel Arcanjo\"},\"image\":{\"@id\":\"https:\/\/www.oarcanjo.net\/site\/#\/schema\/logo\/image\/\"},\"sameAs\":[\"https:\/\/www.facebook.com\/OArcanjoNoAr\/\"]},{\"@type\":\"Person\",\"@id\":\"https:\/\/www.oarcanjo.net\/site\/#\/schema\/person\/f7024d007863202483a31326673a0838\",\"name\":\"editor\",\"sameAs\":[\"http:\/\/www.oarcanjo.net\"]}]}<\/script>\n<!-- \/ Yoast SEO plugin. -->","yoast_head_json":{"title":"Dom Edmar Peron: a import\u00e2ncia da Pastoral Lit\u00fargica - O Arcanjo no ar","robots":{"index":"index","follow":"follow","max-snippet":"max-snippet:-1","max-image-preview":"max-image-preview:large","max-video-preview":"max-video-preview:-1"},"canonical":"https:\/\/www.oarcanjo.net\/site\/dom-edmar-peron-a-importancia-da-pastoral-liturgica\/","og_locale":"pt_BR","og_type":"article","og_title":"Dom Edmar Peron: a import\u00e2ncia da Pastoral Lit\u00fargica - O Arcanjo no ar","og_description":"Dom Edmar Peron, bispo da Regi\u00e3o Bel\u00e9m, explica a import\u00e2ncia da Pastoral Lit\u00fargica em cada par\u00f3quia ou comunidade. V\u00eddeo em duas partes, gravado na capela do Centro Pastoral S\u00e3o Jos\u00e9 pela equipe de comunica\u00e7\u00e3o dO Arcanjo no ar. 1\u00aa parte 2\u00aa parte","og_url":"https:\/\/www.oarcanjo.net\/site\/dom-edmar-peron-a-importancia-da-pastoral-liturgica\/","og_site_name":"O Arcanjo no ar","article_publisher":"https:\/\/www.facebook.com\/OArcanjoNoAr\/","article_published_time":"2011-04-28T02:15:02+00:00","article_modified_time":"2011-05-02T12:14:58+00:00","og_image":[{"width":300,"height":300,"url":"https:\/\/www.oarcanjo.net\/site\/wp-content\/uploads\/logo-o-arcanjo-no-ar-facebook.png","type":"image\/png"}],"author":"editor","twitter_card":"summary_large_image","twitter_misc":{"Escrito por":"editor"},"schema":{"@context":"https:\/\/schema.org","@graph":[{"@type":"Article","@id":"https:\/\/www.oarcanjo.net\/site\/dom-edmar-peron-a-importancia-da-pastoral-liturgica\/#article","isPartOf":{"@id":"https:\/\/www.oarcanjo.net\/site\/dom-edmar-peron-a-importancia-da-pastoral-liturgica\/"},"author":{"name":"editor","@id":"https:\/\/www.oarcanjo.net\/site\/#\/schema\/person\/f7024d007863202483a31326673a0838"},"headline":"Dom Edmar Peron: a import\u00e2ncia da Pastoral Lit\u00fargica","datePublished":"2011-04-28T02:15:02+00:00","dateModified":"2011-05-02T12:14:58+00:00","mainEntityOfPage":{"@id":"https:\/\/www.oarcanjo.net\/site\/dom-edmar-peron-a-importancia-da-pastoral-liturgica\/"},"wordCount":58,"commentCount":2,"publisher":{"@id":"https:\/\/www.oarcanjo.net\/site\/#organization"},"keywords":["Liturgia"],"articleSection":["Liturgia","Orienta\u00e7\u00f5es","V\u00eddeos"],"inLanguage":"pt-BR","potentialAction":[{"@type":"CommentAction","name":"Comment","target":["https:\/\/www.oarcanjo.net\/site\/dom-edmar-peron-a-importancia-da-pastoral-liturgica\/#respond"]}]},{"@type":"WebPage","@id":"https:\/\/www.oarcanjo.net\/site\/dom-edmar-peron-a-importancia-da-pastoral-liturgica\/","url":"https:\/\/www.oarcanjo.net\/site\/dom-edmar-peron-a-importancia-da-pastoral-liturgica\/","name":"Dom Edmar Peron: a import\u00e2ncia da Pastoral Lit\u00fargica - O Arcanjo no ar","isPartOf":{"@id":"https:\/\/www.oarcanjo.net\/site\/#website"},"datePublished":"2011-04-28T02:15:02+00:00","dateModified":"2011-05-02T12:14:58+00:00","breadcrumb":{"@id":"https:\/\/www.oarcanjo.net\/site\/dom-edmar-peron-a-importancia-da-pastoral-liturgica\/#breadcrumb"},"inLanguage":"pt-BR","potentialAction":[{"@type":"ReadAction","target":["https:\/\/www.oarcanjo.net\/site\/dom-edmar-peron-a-importancia-da-pastoral-liturgica\/"]}]},{"@type":"BreadcrumbList","@id":"https:\/\/www.oarcanjo.net\/site\/dom-edmar-peron-a-importancia-da-pastoral-liturgica\/#breadcrumb","itemListElement":[{"@type":"ListItem","position":1,"name":"In\u00edcio","item":"https:\/\/www.oarcanjo.net\/site\/"},{"@type":"ListItem","position":2,"name":"Dom Edmar Peron: a import\u00e2ncia da Pastoral Lit\u00fargica"}]},{"@type":"WebSite","@id":"https:\/\/www.oarcanjo.net\/site\/#website","url":"https:\/\/www.oarcanjo.net\/site\/","name":"O Arcanjo no ar","description":"Site da Par\u00f3quia S\u00e3o Miguel Arcanjo (Arquidiocese de SP)","publisher":{"@id":"https:\/\/www.oarcanjo.net\/site\/#organization"},"potentialAction":[{"@type":"SearchAction","target":{"@type":"EntryPoint","urlTemplate":"https:\/\/www.oarcanjo.net\/site\/?s={search_term_string}"},"query-input":{"@type":"PropertyValueSpecification","valueRequired":true,"valueName":"search_term_string"}}],"inLanguage":"pt-BR"},{"@type":"Organization","@id":"https:\/\/www.oarcanjo.net\/site\/#organization","name":"Par\u00f3quia S\u00e3o Miguel Arcanjo","url":"https:\/\/www.oarcanjo.net\/site\/","logo":{"@type":"ImageObject","inLanguage":"pt-BR","@id":"https:\/\/www.oarcanjo.net\/site\/#\/schema\/logo\/image\/","url":"https:\/\/www.oarcanjo.net\/site\/wp-content\/uploads\/LogoOArcanjo.png","contentUrl":"https:\/\/www.oarcanjo.net\/site\/wp-content\/uploads\/LogoOArcanjo.png","width":319,"height":99,"caption":"Par\u00f3quia S\u00e3o Miguel Arcanjo"},"image":{"@id":"https:\/\/www.oarcanjo.net\/site\/#\/schema\/logo\/image\/"},"sameAs":["https:\/\/www.facebook.com\/OArcanjoNoAr\/"]},{"@type":"Person","@id":"https:\/\/www.oarcanjo.net\/site\/#\/schema\/person\/f7024d007863202483a31326673a0838","name":"editor","sameAs":["http:\/\/www.oarcanjo.net"]}]}},"publishpress_future_action":{"enabled":false,"date":"2026-05-08 23:16:59","action":"category","newStatus":"draft","terms":[],"taxonomy":"category"},"publishpress_future_workflow_manual_trigger":{"enabledWorkflows":[]},"_links":{"self":[{"href":"https:\/\/www.oarcanjo.net\/site\/wp-json\/wp\/v2\/posts\/14125"}],"collection":[{"href":"https:\/\/www.oarcanjo.net\/site\/wp-json\/wp\/v2\/posts"}],"about":[{"href":"https:\/\/www.oarcanjo.net\/site\/wp-json\/wp\/v2\/types\/post"}],"author":[{"embeddable":true,"href":"https:\/\/www.oarcanjo.net\/site\/wp-json\/wp\/v2\/users\/5"}],"replies":[{"embeddable":true,"href":"https:\/\/www.oarcanjo.net\/site\/wp-json\/wp\/v2\/comments?post=14125"}],"version-history":[{"count":0,"href":"https:\/\/www.oarcanjo.net\/site\/wp-json\/wp\/v2\/posts\/14125\/revisions"}],"wp:attachment":[{"href":"https:\/\/www.oarcanjo.net\/site\/wp-json\/wp\/v2\/media?parent=14125"}],"wp:term":[{"taxonomy":"category","embeddable":true,"href":"https:\/\/www.oarcanjo.net\/site\/wp-json\/wp\/v2\/categories?post=14125"},{"taxonomy":"post_tag","embeddable":true,"href":"https:\/\/www.oarcanjo.net\/site\/wp-json\/wp\/v2\/tags?post=14125"}],"curies":[{"name":"wp","href":"https:\/\/api.w.org\/{rel}","templated":true}]}}