
{"id":14127,"date":"2011-04-30T09:06:04","date_gmt":"2011-04-30T12:06:04","guid":{"rendered":"http:\/\/www.oarcanjo.net\/site\/?p=14127"},"modified":"2011-05-02T08:32:08","modified_gmt":"2011-05-02T11:32:08","slug":"a-vida-em-comunidade-presenca-do-ressuscitado","status":"publish","type":"post","link":"https:\/\/www.oarcanjo.net\/site\/a-vida-em-comunidade-presenca-do-ressuscitado\/","title":{"rendered":"A vida em comunidade! Presen\u00e7a do Ressuscitado!"},"content":{"rendered":"<p><iframe loading=\"lazy\" width=\"560\" height=\"349\" src=\"http:\/\/www.youtube.com\/embed\/mlIgFxHm_B8?rel=0\" frameborder=\"0\" allowfullscreen><\/iframe><\/p>\n<p>O II Domingo da P\u00e1scoa nos convida a renovar a nossa f\u00e9 e o seguimento de Jesus em comunidade que celebra a sua Presen\u00e7a e a sua Vida e compromete-se a anunci\u00e1-lo ao mundo por sua transforma\u00e7\u00e3o.<\/p>\n<p>O medo ser\u00e1 superado pois o Vivente est\u00e1 entre n\u00f3s, sopra sobre a comunidade gerando nova cria\u00e7\u00e3o onde ser\u00e1 superada toda forma de opress\u00e3o e injusti\u00e7a.<\/p>\n<p>Ao tocar as chagas do Senhor Ressuscitado Tom\u00e9 acrdedita.<br \/>\nSe tocarmos as chagas dos que sofrem reconheceremos Jesus que vive em nosso meio, despojado e identificado com sofredores.<\/p>\n<p>O seguimento de Jesus \u00e9 pessoal por\u00e9m n\u00e3o individualista, \u00e9 \u00e0 comunidade reunida que manifesta a Paz como fruto da justi\u00e7a e do amor.<\/p>\n<p>Tom\u00e9 n\u00e3o viu Jesus porque estava ausente e O reconheceu quando estava presente!<\/p>\n<p>O compromisso de sermos disc\u00edpulos mission\u00e1rios nos compromete com a sociedade e nos envolve na vida em comunidade!<\/p>\n<div id=\"themify_builder_content-14127\" data-postid=\"14127\" class=\"themify_builder_content themify_builder_content-14127 themify_builder themify_builder_front\">\n\t<\/div>\n<!-- \/themify_builder_content -->","protected":false},"excerpt":{"rendered":"<p>O II Domingo da P\u00e1scoa nos convida a renovar a nossa f\u00e9 e o seguimento de Jesus em comunidade que celebra a sua Presen\u00e7a e a sua Vida e compromete-se a anunci\u00e1-lo ao mundo por sua transforma\u00e7\u00e3o. O medo ser\u00e1 superado pois o Vivente est\u00e1 entre n\u00f3s, sopra sobre a comunidade gerando nova cria\u00e7\u00e3o onde [&hellip;]<\/p>\n","protected":false},"author":4,"featured_media":0,"comment_status":"open","ping_status":"open","sticky":false,"template":"","format":"standard","meta":{"ngg_post_thumbnail":0,"footnotes":""},"categories":[4,475],"tags":[24,242],"yoast_head":"<!-- This site is optimized with the Yoast SEO plugin v23.5 - https:\/\/yoast.com\/wordpress\/plugins\/seo\/ -->\n<title>A vida em comunidade! Presen\u00e7a do Ressuscitado! - O Arcanjo no ar<\/title>\n<meta name=\"robots\" content=\"index, follow, max-snippet:-1, max-image-preview:large, max-video-preview:-1\" \/>\n<link rel=\"canonical\" href=\"https:\/\/www.oarcanjo.net\/site\/a-vida-em-comunidade-presenca-do-ressuscitado\/\" \/>\n<meta property=\"og:locale\" content=\"pt_BR\" \/>\n<meta property=\"og:type\" content=\"article\" \/>\n<meta property=\"og:title\" content=\"A vida em comunidade! Presen\u00e7a do Ressuscitado! - O Arcanjo no ar\" \/>\n<meta property=\"og:description\" content=\"O II Domingo da P\u00e1scoa nos convida a renovar a nossa f\u00e9 e o seguimento de Jesus em comunidade que celebra a sua Presen\u00e7a e a sua Vida e compromete-se a anunci\u00e1-lo ao mundo por sua transforma\u00e7\u00e3o. O medo ser\u00e1 superado pois o Vivente est\u00e1 entre n\u00f3s, sopra sobre a comunidade gerando nova cria\u00e7\u00e3o onde [&hellip;]\" \/>\n<meta property=\"og:url\" content=\"https:\/\/www.oarcanjo.net\/site\/a-vida-em-comunidade-presenca-do-ressuscitado\/\" \/>\n<meta property=\"og:site_name\" content=\"O Arcanjo no ar\" \/>\n<meta property=\"article:publisher\" content=\"https:\/\/www.facebook.com\/OArcanjoNoAr\/\" \/>\n<meta property=\"article:published_time\" content=\"2011-04-30T12:06:04+00:00\" \/>\n<meta property=\"article:modified_time\" content=\"2011-05-02T11:32:08+00:00\" \/>\n<meta property=\"og:image\" content=\"https:\/\/www.oarcanjo.net\/site\/wp-content\/uploads\/logo-o-arcanjo-no-ar-facebook.png\" \/>\n\t<meta property=\"og:image:width\" content=\"300\" \/>\n\t<meta property=\"og:image:height\" content=\"300\" \/>\n\t<meta property=\"og:image:type\" content=\"image\/png\" \/>\n<meta name=\"author\" content=\"julio\" \/>\n<meta name=\"twitter:card\" content=\"summary_large_image\" \/>\n<meta name=\"twitter:label1\" content=\"Escrito por\" \/>\n\t<meta name=\"twitter:data1\" content=\"julio\" \/>\n\t<meta name=\"twitter:label2\" content=\"Est. tempo de leitura\" \/>\n\t<meta name=\"twitter:data2\" content=\"1 minuto\" \/>\n<script type=\"application\/ld+json\" class=\"yoast-schema-graph\">{\"@context\":\"https:\/\/schema.org\",\"@graph\":[{\"@type\":\"Article\",\"@id\":\"https:\/\/www.oarcanjo.net\/site\/a-vida-em-comunidade-presenca-do-ressuscitado\/#article\",\"isPartOf\":{\"@id\":\"https:\/\/www.oarcanjo.net\/site\/a-vida-em-comunidade-presenca-do-ressuscitado\/\"},\"author\":{\"name\":\"julio\",\"@id\":\"https:\/\/www.oarcanjo.net\/site\/#\/schema\/person\/d78ea01c648c91e29c364b516767079e\"},\"headline\":\"A vida em comunidade! Presen\u00e7a do Ressuscitado!\",\"datePublished\":\"2011-04-30T12:06:04+00:00\",\"dateModified\":\"2011-05-02T11:32:08+00:00\",\"mainEntityOfPage\":{\"@id\":\"https:\/\/www.oarcanjo.net\/site\/a-vida-em-comunidade-presenca-do-ressuscitado\/\"},\"wordCount\":165,\"commentCount\":3,\"publisher\":{\"@id\":\"https:\/\/www.oarcanjo.net\/site\/#organization\"},\"keywords\":[\"comunidade\",\"P\u00e1scoa\"],\"articleSection\":[\"Blog\",\"Homilias\"],\"inLanguage\":\"pt-BR\",\"potentialAction\":[{\"@type\":\"CommentAction\",\"name\":\"Comment\",\"target\":[\"https:\/\/www.oarcanjo.net\/site\/a-vida-em-comunidade-presenca-do-ressuscitado\/#respond\"]}]},{\"@type\":\"WebPage\",\"@id\":\"https:\/\/www.oarcanjo.net\/site\/a-vida-em-comunidade-presenca-do-ressuscitado\/\",\"url\":\"https:\/\/www.oarcanjo.net\/site\/a-vida-em-comunidade-presenca-do-ressuscitado\/\",\"name\":\"A vida em comunidade! Presen\u00e7a do Ressuscitado! - O Arcanjo no ar\",\"isPartOf\":{\"@id\":\"https:\/\/www.oarcanjo.net\/site\/#website\"},\"datePublished\":\"2011-04-30T12:06:04+00:00\",\"dateModified\":\"2011-05-02T11:32:08+00:00\",\"breadcrumb\":{\"@id\":\"https:\/\/www.oarcanjo.net\/site\/a-vida-em-comunidade-presenca-do-ressuscitado\/#breadcrumb\"},\"inLanguage\":\"pt-BR\",\"potentialAction\":[{\"@type\":\"ReadAction\",\"target\":[\"https:\/\/www.oarcanjo.net\/site\/a-vida-em-comunidade-presenca-do-ressuscitado\/\"]}]},{\"@type\":\"BreadcrumbList\",\"@id\":\"https:\/\/www.oarcanjo.net\/site\/a-vida-em-comunidade-presenca-do-ressuscitado\/#breadcrumb\",\"itemListElement\":[{\"@type\":\"ListItem\",\"position\":1,\"name\":\"In\u00edcio\",\"item\":\"https:\/\/www.oarcanjo.net\/site\/\"},{\"@type\":\"ListItem\",\"position\":2,\"name\":\"A vida em comunidade! Presen\u00e7a do Ressuscitado!\"}]},{\"@type\":\"WebSite\",\"@id\":\"https:\/\/www.oarcanjo.net\/site\/#website\",\"url\":\"https:\/\/www.oarcanjo.net\/site\/\",\"name\":\"O Arcanjo no ar\",\"description\":\"Site da Par\u00f3quia S\u00e3o Miguel Arcanjo (Arquidiocese de SP)\",\"publisher\":{\"@id\":\"https:\/\/www.oarcanjo.net\/site\/#organization\"},\"potentialAction\":[{\"@type\":\"SearchAction\",\"target\":{\"@type\":\"EntryPoint\",\"urlTemplate\":\"https:\/\/www.oarcanjo.net\/site\/?s={search_term_string}\"},\"query-input\":{\"@type\":\"PropertyValueSpecification\",\"valueRequired\":true,\"valueName\":\"search_term_string\"}}],\"inLanguage\":\"pt-BR\"},{\"@type\":\"Organization\",\"@id\":\"https:\/\/www.oarcanjo.net\/site\/#organization\",\"name\":\"Par\u00f3quia S\u00e3o Miguel Arcanjo\",\"url\":\"https:\/\/www.oarcanjo.net\/site\/\",\"logo\":{\"@type\":\"ImageObject\",\"inLanguage\":\"pt-BR\",\"@id\":\"https:\/\/www.oarcanjo.net\/site\/#\/schema\/logo\/image\/\",\"url\":\"https:\/\/www.oarcanjo.net\/site\/wp-content\/uploads\/LogoOArcanjo.png\",\"contentUrl\":\"https:\/\/www.oarcanjo.net\/site\/wp-content\/uploads\/LogoOArcanjo.png\",\"width\":319,\"height\":99,\"caption\":\"Par\u00f3quia S\u00e3o Miguel Arcanjo\"},\"image\":{\"@id\":\"https:\/\/www.oarcanjo.net\/site\/#\/schema\/logo\/image\/\"},\"sameAs\":[\"https:\/\/www.facebook.com\/OArcanjoNoAr\/\"]},{\"@type\":\"Person\",\"@id\":\"https:\/\/www.oarcanjo.net\/site\/#\/schema\/person\/d78ea01c648c91e29c364b516767079e\",\"name\":\"julio\",\"sameAs\":[\"http:\/\/www.oarcanjo.net\"]}]}<\/script>\n<!-- \/ Yoast SEO plugin. -->","yoast_head_json":{"title":"A vida em comunidade! Presen\u00e7a do Ressuscitado! - O Arcanjo no ar","robots":{"index":"index","follow":"follow","max-snippet":"max-snippet:-1","max-image-preview":"max-image-preview:large","max-video-preview":"max-video-preview:-1"},"canonical":"https:\/\/www.oarcanjo.net\/site\/a-vida-em-comunidade-presenca-do-ressuscitado\/","og_locale":"pt_BR","og_type":"article","og_title":"A vida em comunidade! Presen\u00e7a do Ressuscitado! - O Arcanjo no ar","og_description":"O II Domingo da P\u00e1scoa nos convida a renovar a nossa f\u00e9 e o seguimento de Jesus em comunidade que celebra a sua Presen\u00e7a e a sua Vida e compromete-se a anunci\u00e1-lo ao mundo por sua transforma\u00e7\u00e3o. O medo ser\u00e1 superado pois o Vivente est\u00e1 entre n\u00f3s, sopra sobre a comunidade gerando nova cria\u00e7\u00e3o onde [&hellip;]","og_url":"https:\/\/www.oarcanjo.net\/site\/a-vida-em-comunidade-presenca-do-ressuscitado\/","og_site_name":"O Arcanjo no ar","article_publisher":"https:\/\/www.facebook.com\/OArcanjoNoAr\/","article_published_time":"2011-04-30T12:06:04+00:00","article_modified_time":"2011-05-02T11:32:08+00:00","og_image":[{"width":300,"height":300,"url":"https:\/\/www.oarcanjo.net\/site\/wp-content\/uploads\/logo-o-arcanjo-no-ar-facebook.png","type":"image\/png"}],"author":"julio","twitter_card":"summary_large_image","twitter_misc":{"Escrito por":"julio","Est. tempo de leitura":"1 minuto"},"schema":{"@context":"https:\/\/schema.org","@graph":[{"@type":"Article","@id":"https:\/\/www.oarcanjo.net\/site\/a-vida-em-comunidade-presenca-do-ressuscitado\/#article","isPartOf":{"@id":"https:\/\/www.oarcanjo.net\/site\/a-vida-em-comunidade-presenca-do-ressuscitado\/"},"author":{"name":"julio","@id":"https:\/\/www.oarcanjo.net\/site\/#\/schema\/person\/d78ea01c648c91e29c364b516767079e"},"headline":"A vida em comunidade! Presen\u00e7a do Ressuscitado!","datePublished":"2011-04-30T12:06:04+00:00","dateModified":"2011-05-02T11:32:08+00:00","mainEntityOfPage":{"@id":"https:\/\/www.oarcanjo.net\/site\/a-vida-em-comunidade-presenca-do-ressuscitado\/"},"wordCount":165,"commentCount":3,"publisher":{"@id":"https:\/\/www.oarcanjo.net\/site\/#organization"},"keywords":["comunidade","P\u00e1scoa"],"articleSection":["Blog","Homilias"],"inLanguage":"pt-BR","potentialAction":[{"@type":"CommentAction","name":"Comment","target":["https:\/\/www.oarcanjo.net\/site\/a-vida-em-comunidade-presenca-do-ressuscitado\/#respond"]}]},{"@type":"WebPage","@id":"https:\/\/www.oarcanjo.net\/site\/a-vida-em-comunidade-presenca-do-ressuscitado\/","url":"https:\/\/www.oarcanjo.net\/site\/a-vida-em-comunidade-presenca-do-ressuscitado\/","name":"A vida em comunidade! Presen\u00e7a do Ressuscitado! - O Arcanjo no ar","isPartOf":{"@id":"https:\/\/www.oarcanjo.net\/site\/#website"},"datePublished":"2011-04-30T12:06:04+00:00","dateModified":"2011-05-02T11:32:08+00:00","breadcrumb":{"@id":"https:\/\/www.oarcanjo.net\/site\/a-vida-em-comunidade-presenca-do-ressuscitado\/#breadcrumb"},"inLanguage":"pt-BR","potentialAction":[{"@type":"ReadAction","target":["https:\/\/www.oarcanjo.net\/site\/a-vida-em-comunidade-presenca-do-ressuscitado\/"]}]},{"@type":"BreadcrumbList","@id":"https:\/\/www.oarcanjo.net\/site\/a-vida-em-comunidade-presenca-do-ressuscitado\/#breadcrumb","itemListElement":[{"@type":"ListItem","position":1,"name":"In\u00edcio","item":"https:\/\/www.oarcanjo.net\/site\/"},{"@type":"ListItem","position":2,"name":"A vida em comunidade! Presen\u00e7a do Ressuscitado!"}]},{"@type":"WebSite","@id":"https:\/\/www.oarcanjo.net\/site\/#website","url":"https:\/\/www.oarcanjo.net\/site\/","name":"O Arcanjo no ar","description":"Site da Par\u00f3quia S\u00e3o Miguel Arcanjo (Arquidiocese de SP)","publisher":{"@id":"https:\/\/www.oarcanjo.net\/site\/#organization"},"potentialAction":[{"@type":"SearchAction","target":{"@type":"EntryPoint","urlTemplate":"https:\/\/www.oarcanjo.net\/site\/?s={search_term_string}"},"query-input":{"@type":"PropertyValueSpecification","valueRequired":true,"valueName":"search_term_string"}}],"inLanguage":"pt-BR"},{"@type":"Organization","@id":"https:\/\/www.oarcanjo.net\/site\/#organization","name":"Par\u00f3quia S\u00e3o Miguel Arcanjo","url":"https:\/\/www.oarcanjo.net\/site\/","logo":{"@type":"ImageObject","inLanguage":"pt-BR","@id":"https:\/\/www.oarcanjo.net\/site\/#\/schema\/logo\/image\/","url":"https:\/\/www.oarcanjo.net\/site\/wp-content\/uploads\/LogoOArcanjo.png","contentUrl":"https:\/\/www.oarcanjo.net\/site\/wp-content\/uploads\/LogoOArcanjo.png","width":319,"height":99,"caption":"Par\u00f3quia S\u00e3o Miguel Arcanjo"},"image":{"@id":"https:\/\/www.oarcanjo.net\/site\/#\/schema\/logo\/image\/"},"sameAs":["https:\/\/www.facebook.com\/OArcanjoNoAr\/"]},{"@type":"Person","@id":"https:\/\/www.oarcanjo.net\/site\/#\/schema\/person\/d78ea01c648c91e29c364b516767079e","name":"julio","sameAs":["http:\/\/www.oarcanjo.net"]}]}},"publishpress_future_action":{"enabled":false,"date":"2026-05-09 06:41:53","action":"category","newStatus":"draft","terms":[],"taxonomy":"category"},"publishpress_future_workflow_manual_trigger":{"enabledWorkflows":[]},"_links":{"self":[{"href":"https:\/\/www.oarcanjo.net\/site\/wp-json\/wp\/v2\/posts\/14127"}],"collection":[{"href":"https:\/\/www.oarcanjo.net\/site\/wp-json\/wp\/v2\/posts"}],"about":[{"href":"https:\/\/www.oarcanjo.net\/site\/wp-json\/wp\/v2\/types\/post"}],"author":[{"embeddable":true,"href":"https:\/\/www.oarcanjo.net\/site\/wp-json\/wp\/v2\/users\/4"}],"replies":[{"embeddable":true,"href":"https:\/\/www.oarcanjo.net\/site\/wp-json\/wp\/v2\/comments?post=14127"}],"version-history":[{"count":0,"href":"https:\/\/www.oarcanjo.net\/site\/wp-json\/wp\/v2\/posts\/14127\/revisions"}],"wp:attachment":[{"href":"https:\/\/www.oarcanjo.net\/site\/wp-json\/wp\/v2\/media?parent=14127"}],"wp:term":[{"taxonomy":"category","embeddable":true,"href":"https:\/\/www.oarcanjo.net\/site\/wp-json\/wp\/v2\/categories?post=14127"},{"taxonomy":"post_tag","embeddable":true,"href":"https:\/\/www.oarcanjo.net\/site\/wp-json\/wp\/v2\/tags?post=14127"}],"curies":[{"name":"wp","href":"https:\/\/api.w.org\/{rel}","templated":true}]}}