
{"id":14132,"date":"2011-04-30T12:51:26","date_gmt":"2011-04-30T15:51:26","guid":{"rendered":"http:\/\/www.oarcanjo.net\/site\/?p=14132"},"modified":"2011-05-01T02:24:36","modified_gmt":"2011-05-01T05:24:36","slug":"mensagem-da-cnbb-sobre-a-beatificacao-de-joao-paulo-ii","status":"publish","type":"post","link":"https:\/\/www.oarcanjo.net\/site\/mensagem-da-cnbb-sobre-a-beatificacao-de-joao-paulo-ii\/","title":{"rendered":"Mensagem da CNBB sobre a beatifica\u00e7\u00e3o de Jo\u00e3o Paulo II"},"content":{"rendered":"<p><em>\u201cDeus nos chamou \u00e0 santidade\u201d (1 Ts 4,7)<\/em><\/p>\n<p>A Confer\u00eancia Nacional dos Bispos do Brasil (CNBB) dirige-se aos cat\u00f3licos e a todas as pessoas de boa vontade para manifestar sua alegria e gratid\u00e3o a Deus pela beatifica\u00e7\u00e3o do Servo de Deus, Jo\u00e3o Paulo II, no pr\u00f3ximo dia primeiro de maio. O Papa Jo\u00e3o Paulo II amava muito o Brasil e visitou nosso Pa\u00eds por tr\u00eas vezes. Entre n\u00f3s, ele foi carinhosamente acolhido e aclamado como \u201cJo\u00e3o de Deus\u201d.<\/p>\n<p>A beatifica\u00e7\u00e3o nos incentiva a aprofundar nossa voca\u00e7\u00e3o universal \u00e0 santidade. Na sua primeira mensagem, ele convidou a todos: \u201cabri as portas a Cristo Jesus!\u201d Sua vida foi um testemunho eloquente de santidade, pela grande f\u00e9, amor \u00e0 Eucaristia, devo\u00e7\u00e3o filial a Maria e pela pr\u00e1tica do perd\u00e3o incondicional. A Palavra de Deus foi por ele intensamente vivida e anunciada aos mais diferentes povos. A espiritualidade da cruz o acompanhou na experi\u00eancia da orfandade e da pobreza, nas atrocidades da guerra e do regime comunista, mas principalmente no atentado sofrido na Pra\u00e7a de S\u00e3o Pedro. De maneira serena e edificante, suportou as incompreens\u00f5es e oposi\u00e7\u00f5es, as limita\u00e7\u00f5es da idade avan\u00e7ada e da doen\u00e7a.<\/p>\n<p>O mundo inteiro foi edificado pelo seu empenho em favor da vida, da fam\u00edlia e da paz, dos direitos humanos, da ecologia, do ecumenismo e do di\u00e1logo com as religi\u00f5es. Revelou-se um grande l\u00edder mundial, um verdadeiro \u201cpai\u201d da fam\u00edlia humana. Pediu v\u00e1rias vezes perd\u00e3o pelas falhas hist\u00f3ricas dos filhos da Igreja. Ele mesmo foi ao encontro do seu agressor, na pris\u00e3o, oferecendo-lhe o perd\u00e3o. Pela enc\u00edclica Dives in Misericordia e na institui\u00e7\u00e3o do \u201cDomingo da Divina Miseric\u00f3rdia\u201d, manifestou seu compromisso com a reconcilia\u00e7\u00e3o da humanidade.<\/p>\n<p>Foi um papa mission\u00e1rio. Numerosas viagens apost\u00f3licas marcaram seu pontificado e incentivaram, na Igreja, o ardor mission\u00e1rio e o di\u00e1logo com as culturas. No Grande Jubileu conclamou e encorajou a Igreja a entrar no terceiro mil\u00eanio crist\u00e3o, \u201clan\u00e7ando as redes em \u00e1guas mais profundas\u201d. Afirmou e promoveu a dignidade da mulher; ampliou o ensino Social da Igreja e confirmou que a promo\u00e7\u00e3o humana \u00e9 parte integrante da evangeliza\u00e7\u00e3o. Valorizou os meios de comunica\u00e7\u00e3o social a servi\u00e7o do Evangelho. A todos cativou pelo seu afeto e sensibilidade humana; crian\u00e7as, jovens, pobres, doentes, encarcerados e trabalhadores foram seus preferidos.<\/p>\n<p>O Papa Jo\u00e3o Paulo II estimulou, especialmente, as voca\u00e7\u00f5es sacerdotais, religiosas e mission\u00e1rias. Aos sacerdotes dirigiu, todos os anos, na Quinta-Feira Santa, sua Mensagem pessoal. Leigos e consagrados foram valorizados e encorajados nos S\u00ednodos a eles dedicados, para promover sua dignidade, voca\u00e7\u00e3o e miss\u00e3o na Igreja.<\/p>\n<p>Convidamos, portanto, todo o povo a louvar e agradecer a Deus pela beatifica\u00e7\u00e3o do Papa Jo\u00e3o Paulo II. \u201cO Brasil precisa de santos\u201d, proclamou ele na beatifica\u00e7\u00e3o de Madre Paulina. Sensibilizados por essas palavras, confiamos \u00e0 sua intercess\u00e3o a santifica\u00e7\u00e3o da Igreja e a paz no mundo. Fazemos votos de que seu testemunho e seus ensinamentos continuem a animar a grande fam\u00edlia dos povos na constru\u00e7\u00e3o de uma conviv\u00eancia justa, solid\u00e1ria e fraterna, sinal do Reino de Deus, entre n\u00f3s.<\/p>\n<p>Bras\u00edlia, na Solenidade da Anuncia\u00e7\u00e3o do Senhor,<br \/>\n25 de mar\u00e7o de 2011<\/p>\n<p>Dom Geraldo Lyrio Rocha<br \/>\nArcebispo de Mariana<br \/>\nPresidente da CNBB<\/p>\n<p>Dom Luiz Soares Vieira<br \/>\nArcebispo de Manaus<br \/>\nVice-Presidente da CNBB<\/p>\n<p>Dom Dimas Lara Barbosa<br \/>\nBispo Auxiliar do Rio de Janeiro<br \/>\nSecret\u00e1rio-Geral da CNBB<\/p>\n<p>&nbsp;<\/p>\n<div id=\"themify_builder_content-14132\" data-postid=\"14132\" class=\"themify_builder_content themify_builder_content-14132 themify_builder themify_builder_front\">\n\t<\/div>\n<!-- \/themify_builder_content -->","protected":false},"excerpt":{"rendered":"<p>A Confer\u00eancia Nacional dos Bispos do Brasil (CNBB) dirige-se aos cat\u00f3licos e a todas as pessoas de boa vontade para manifestar sua alegria e gratid\u00e3o a Deus pela beatifica\u00e7\u00e3o do Servo de Deus, Jo\u00e3o Paulo II, carinhosamente acolhido e aclamado entre n\u00f3s como \u201cJo\u00e3o de Deus\u201d<\/p>\n","protected":false},"author":5,"featured_media":0,"comment_status":"open","ping_status":"open","sticky":false,"template":"","format":"standard","meta":{"ngg_post_thumbnail":0,"footnotes":""},"categories":[451],"tags":[1451,3208,157,34],"yoast_head":"<!-- This site is optimized with the Yoast SEO plugin v23.5 - https:\/\/yoast.com\/wordpress\/plugins\/seo\/ -->\n<title>Mensagem da CNBB sobre a beatifica\u00e7\u00e3o de Jo\u00e3o Paulo II - O Arcanjo no ar<\/title>\n<meta name=\"robots\" content=\"index, follow, max-snippet:-1, max-image-preview:large, max-video-preview:-1\" \/>\n<link rel=\"canonical\" href=\"https:\/\/www.oarcanjo.net\/site\/mensagem-da-cnbb-sobre-a-beatificacao-de-joao-paulo-ii\/\" \/>\n<meta property=\"og:locale\" content=\"pt_BR\" \/>\n<meta property=\"og:type\" content=\"article\" \/>\n<meta property=\"og:title\" content=\"Mensagem da CNBB sobre a beatifica\u00e7\u00e3o de Jo\u00e3o Paulo II - O Arcanjo no ar\" \/>\n<meta property=\"og:description\" content=\"A Confer\u00eancia Nacional dos Bispos do Brasil (CNBB) dirige-se aos cat\u00f3licos e a todas as pessoas de boa vontade para manifestar sua alegria e gratid\u00e3o a Deus pela beatifica\u00e7\u00e3o do Servo de Deus, Jo\u00e3o Paulo II, carinhosamente acolhido e aclamado entre n\u00f3s como \u201cJo\u00e3o de Deus\u201d\" \/>\n<meta property=\"og:url\" content=\"https:\/\/www.oarcanjo.net\/site\/mensagem-da-cnbb-sobre-a-beatificacao-de-joao-paulo-ii\/\" \/>\n<meta property=\"og:site_name\" content=\"O Arcanjo no ar\" \/>\n<meta property=\"article:publisher\" content=\"https:\/\/www.facebook.com\/OArcanjoNoAr\/\" \/>\n<meta property=\"article:published_time\" content=\"2011-04-30T15:51:26+00:00\" \/>\n<meta property=\"article:modified_time\" content=\"2011-05-01T05:24:36+00:00\" \/>\n<meta property=\"og:image\" content=\"https:\/\/www.oarcanjo.net\/site\/wp-content\/uploads\/logo-o-arcanjo-no-ar-facebook.png\" \/>\n\t<meta property=\"og:image:width\" content=\"300\" \/>\n\t<meta property=\"og:image:height\" content=\"300\" \/>\n\t<meta property=\"og:image:type\" content=\"image\/png\" \/>\n<meta name=\"author\" content=\"editor\" \/>\n<meta name=\"twitter:card\" content=\"summary_large_image\" \/>\n<meta name=\"twitter:label1\" content=\"Escrito por\" \/>\n\t<meta name=\"twitter:data1\" content=\"editor\" \/>\n\t<meta name=\"twitter:label2\" content=\"Est. tempo de leitura\" \/>\n\t<meta name=\"twitter:data2\" content=\"3 minutos\" \/>\n<script type=\"application\/ld+json\" class=\"yoast-schema-graph\">{\"@context\":\"https:\/\/schema.org\",\"@graph\":[{\"@type\":\"Article\",\"@id\":\"https:\/\/www.oarcanjo.net\/site\/mensagem-da-cnbb-sobre-a-beatificacao-de-joao-paulo-ii\/#article\",\"isPartOf\":{\"@id\":\"https:\/\/www.oarcanjo.net\/site\/mensagem-da-cnbb-sobre-a-beatificacao-de-joao-paulo-ii\/\"},\"author\":{\"name\":\"editor\",\"@id\":\"https:\/\/www.oarcanjo.net\/site\/#\/schema\/person\/f7024d007863202483a31326673a0838\"},\"headline\":\"Mensagem da CNBB sobre a beatifica\u00e7\u00e3o de Jo\u00e3o Paulo II\",\"datePublished\":\"2011-04-30T15:51:26+00:00\",\"dateModified\":\"2011-05-01T05:24:36+00:00\",\"mainEntityOfPage\":{\"@id\":\"https:\/\/www.oarcanjo.net\/site\/mensagem-da-cnbb-sobre-a-beatificacao-de-joao-paulo-ii\/\"},\"wordCount\":619,\"commentCount\":0,\"publisher\":{\"@id\":\"https:\/\/www.oarcanjo.net\/site\/#organization\"},\"keywords\":[\"beatifica\u00e7\u00e3o\",\"Jo\u00e3o Paulo II\",\"papa\",\"vaticano\"],\"articleSection\":[\"Jo\u00e3o Paulo II\"],\"inLanguage\":\"pt-BR\",\"potentialAction\":[{\"@type\":\"CommentAction\",\"name\":\"Comment\",\"target\":[\"https:\/\/www.oarcanjo.net\/site\/mensagem-da-cnbb-sobre-a-beatificacao-de-joao-paulo-ii\/#respond\"]}]},{\"@type\":\"WebPage\",\"@id\":\"https:\/\/www.oarcanjo.net\/site\/mensagem-da-cnbb-sobre-a-beatificacao-de-joao-paulo-ii\/\",\"url\":\"https:\/\/www.oarcanjo.net\/site\/mensagem-da-cnbb-sobre-a-beatificacao-de-joao-paulo-ii\/\",\"name\":\"Mensagem da CNBB sobre a beatifica\u00e7\u00e3o de Jo\u00e3o Paulo II - O Arcanjo no ar\",\"isPartOf\":{\"@id\":\"https:\/\/www.oarcanjo.net\/site\/#website\"},\"datePublished\":\"2011-04-30T15:51:26+00:00\",\"dateModified\":\"2011-05-01T05:24:36+00:00\",\"breadcrumb\":{\"@id\":\"https:\/\/www.oarcanjo.net\/site\/mensagem-da-cnbb-sobre-a-beatificacao-de-joao-paulo-ii\/#breadcrumb\"},\"inLanguage\":\"pt-BR\",\"potentialAction\":[{\"@type\":\"ReadAction\",\"target\":[\"https:\/\/www.oarcanjo.net\/site\/mensagem-da-cnbb-sobre-a-beatificacao-de-joao-paulo-ii\/\"]}]},{\"@type\":\"BreadcrumbList\",\"@id\":\"https:\/\/www.oarcanjo.net\/site\/mensagem-da-cnbb-sobre-a-beatificacao-de-joao-paulo-ii\/#breadcrumb\",\"itemListElement\":[{\"@type\":\"ListItem\",\"position\":1,\"name\":\"In\u00edcio\",\"item\":\"https:\/\/www.oarcanjo.net\/site\/\"},{\"@type\":\"ListItem\",\"position\":2,\"name\":\"Mensagem da CNBB sobre a beatifica\u00e7\u00e3o de Jo\u00e3o Paulo II\"}]},{\"@type\":\"WebSite\",\"@id\":\"https:\/\/www.oarcanjo.net\/site\/#website\",\"url\":\"https:\/\/www.oarcanjo.net\/site\/\",\"name\":\"O Arcanjo no ar\",\"description\":\"Site da Par\u00f3quia S\u00e3o Miguel Arcanjo (Arquidiocese de SP)\",\"publisher\":{\"@id\":\"https:\/\/www.oarcanjo.net\/site\/#organization\"},\"potentialAction\":[{\"@type\":\"SearchAction\",\"target\":{\"@type\":\"EntryPoint\",\"urlTemplate\":\"https:\/\/www.oarcanjo.net\/site\/?s={search_term_string}\"},\"query-input\":{\"@type\":\"PropertyValueSpecification\",\"valueRequired\":true,\"valueName\":\"search_term_string\"}}],\"inLanguage\":\"pt-BR\"},{\"@type\":\"Organization\",\"@id\":\"https:\/\/www.oarcanjo.net\/site\/#organization\",\"name\":\"Par\u00f3quia S\u00e3o Miguel Arcanjo\",\"url\":\"https:\/\/www.oarcanjo.net\/site\/\",\"logo\":{\"@type\":\"ImageObject\",\"inLanguage\":\"pt-BR\",\"@id\":\"https:\/\/www.oarcanjo.net\/site\/#\/schema\/logo\/image\/\",\"url\":\"https:\/\/www.oarcanjo.net\/site\/wp-content\/uploads\/LogoOArcanjo.png\",\"contentUrl\":\"https:\/\/www.oarcanjo.net\/site\/wp-content\/uploads\/LogoOArcanjo.png\",\"width\":319,\"height\":99,\"caption\":\"Par\u00f3quia S\u00e3o Miguel Arcanjo\"},\"image\":{\"@id\":\"https:\/\/www.oarcanjo.net\/site\/#\/schema\/logo\/image\/\"},\"sameAs\":[\"https:\/\/www.facebook.com\/OArcanjoNoAr\/\"]},{\"@type\":\"Person\",\"@id\":\"https:\/\/www.oarcanjo.net\/site\/#\/schema\/person\/f7024d007863202483a31326673a0838\",\"name\":\"editor\",\"sameAs\":[\"http:\/\/www.oarcanjo.net\"]}]}<\/script>\n<!-- \/ Yoast SEO plugin. -->","yoast_head_json":{"title":"Mensagem da CNBB sobre a beatifica\u00e7\u00e3o de Jo\u00e3o Paulo II - O Arcanjo no ar","robots":{"index":"index","follow":"follow","max-snippet":"max-snippet:-1","max-image-preview":"max-image-preview:large","max-video-preview":"max-video-preview:-1"},"canonical":"https:\/\/www.oarcanjo.net\/site\/mensagem-da-cnbb-sobre-a-beatificacao-de-joao-paulo-ii\/","og_locale":"pt_BR","og_type":"article","og_title":"Mensagem da CNBB sobre a beatifica\u00e7\u00e3o de Jo\u00e3o Paulo II - O Arcanjo no ar","og_description":"A Confer\u00eancia Nacional dos Bispos do Brasil (CNBB) dirige-se aos cat\u00f3licos e a todas as pessoas de boa vontade para manifestar sua alegria e gratid\u00e3o a Deus pela beatifica\u00e7\u00e3o do Servo de Deus, Jo\u00e3o Paulo II, carinhosamente acolhido e aclamado entre n\u00f3s como \u201cJo\u00e3o de Deus\u201d","og_url":"https:\/\/www.oarcanjo.net\/site\/mensagem-da-cnbb-sobre-a-beatificacao-de-joao-paulo-ii\/","og_site_name":"O Arcanjo no ar","article_publisher":"https:\/\/www.facebook.com\/OArcanjoNoAr\/","article_published_time":"2011-04-30T15:51:26+00:00","article_modified_time":"2011-05-01T05:24:36+00:00","og_image":[{"width":300,"height":300,"url":"https:\/\/www.oarcanjo.net\/site\/wp-content\/uploads\/logo-o-arcanjo-no-ar-facebook.png","type":"image\/png"}],"author":"editor","twitter_card":"summary_large_image","twitter_misc":{"Escrito por":"editor","Est. tempo de leitura":"3 minutos"},"schema":{"@context":"https:\/\/schema.org","@graph":[{"@type":"Article","@id":"https:\/\/www.oarcanjo.net\/site\/mensagem-da-cnbb-sobre-a-beatificacao-de-joao-paulo-ii\/#article","isPartOf":{"@id":"https:\/\/www.oarcanjo.net\/site\/mensagem-da-cnbb-sobre-a-beatificacao-de-joao-paulo-ii\/"},"author":{"name":"editor","@id":"https:\/\/www.oarcanjo.net\/site\/#\/schema\/person\/f7024d007863202483a31326673a0838"},"headline":"Mensagem da CNBB sobre a beatifica\u00e7\u00e3o de Jo\u00e3o Paulo II","datePublished":"2011-04-30T15:51:26+00:00","dateModified":"2011-05-01T05:24:36+00:00","mainEntityOfPage":{"@id":"https:\/\/www.oarcanjo.net\/site\/mensagem-da-cnbb-sobre-a-beatificacao-de-joao-paulo-ii\/"},"wordCount":619,"commentCount":0,"publisher":{"@id":"https:\/\/www.oarcanjo.net\/site\/#organization"},"keywords":["beatifica\u00e7\u00e3o","Jo\u00e3o Paulo II","papa","vaticano"],"articleSection":["Jo\u00e3o Paulo II"],"inLanguage":"pt-BR","potentialAction":[{"@type":"CommentAction","name":"Comment","target":["https:\/\/www.oarcanjo.net\/site\/mensagem-da-cnbb-sobre-a-beatificacao-de-joao-paulo-ii\/#respond"]}]},{"@type":"WebPage","@id":"https:\/\/www.oarcanjo.net\/site\/mensagem-da-cnbb-sobre-a-beatificacao-de-joao-paulo-ii\/","url":"https:\/\/www.oarcanjo.net\/site\/mensagem-da-cnbb-sobre-a-beatificacao-de-joao-paulo-ii\/","name":"Mensagem da CNBB sobre a beatifica\u00e7\u00e3o de Jo\u00e3o Paulo II - O Arcanjo no ar","isPartOf":{"@id":"https:\/\/www.oarcanjo.net\/site\/#website"},"datePublished":"2011-04-30T15:51:26+00:00","dateModified":"2011-05-01T05:24:36+00:00","breadcrumb":{"@id":"https:\/\/www.oarcanjo.net\/site\/mensagem-da-cnbb-sobre-a-beatificacao-de-joao-paulo-ii\/#breadcrumb"},"inLanguage":"pt-BR","potentialAction":[{"@type":"ReadAction","target":["https:\/\/www.oarcanjo.net\/site\/mensagem-da-cnbb-sobre-a-beatificacao-de-joao-paulo-ii\/"]}]},{"@type":"BreadcrumbList","@id":"https:\/\/www.oarcanjo.net\/site\/mensagem-da-cnbb-sobre-a-beatificacao-de-joao-paulo-ii\/#breadcrumb","itemListElement":[{"@type":"ListItem","position":1,"name":"In\u00edcio","item":"https:\/\/www.oarcanjo.net\/site\/"},{"@type":"ListItem","position":2,"name":"Mensagem da CNBB sobre a beatifica\u00e7\u00e3o de Jo\u00e3o Paulo II"}]},{"@type":"WebSite","@id":"https:\/\/www.oarcanjo.net\/site\/#website","url":"https:\/\/www.oarcanjo.net\/site\/","name":"O Arcanjo no ar","description":"Site da Par\u00f3quia S\u00e3o Miguel Arcanjo (Arquidiocese de SP)","publisher":{"@id":"https:\/\/www.oarcanjo.net\/site\/#organization"},"potentialAction":[{"@type":"SearchAction","target":{"@type":"EntryPoint","urlTemplate":"https:\/\/www.oarcanjo.net\/site\/?s={search_term_string}"},"query-input":{"@type":"PropertyValueSpecification","valueRequired":true,"valueName":"search_term_string"}}],"inLanguage":"pt-BR"},{"@type":"Organization","@id":"https:\/\/www.oarcanjo.net\/site\/#organization","name":"Par\u00f3quia S\u00e3o Miguel Arcanjo","url":"https:\/\/www.oarcanjo.net\/site\/","logo":{"@type":"ImageObject","inLanguage":"pt-BR","@id":"https:\/\/www.oarcanjo.net\/site\/#\/schema\/logo\/image\/","url":"https:\/\/www.oarcanjo.net\/site\/wp-content\/uploads\/LogoOArcanjo.png","contentUrl":"https:\/\/www.oarcanjo.net\/site\/wp-content\/uploads\/LogoOArcanjo.png","width":319,"height":99,"caption":"Par\u00f3quia S\u00e3o Miguel Arcanjo"},"image":{"@id":"https:\/\/www.oarcanjo.net\/site\/#\/schema\/logo\/image\/"},"sameAs":["https:\/\/www.facebook.com\/OArcanjoNoAr\/"]},{"@type":"Person","@id":"https:\/\/www.oarcanjo.net\/site\/#\/schema\/person\/f7024d007863202483a31326673a0838","name":"editor","sameAs":["http:\/\/www.oarcanjo.net"]}]}},"publishpress_future_action":{"enabled":false,"date":"2026-05-09 08:42:30","action":"category","newStatus":"draft","terms":[],"taxonomy":"category"},"publishpress_future_workflow_manual_trigger":{"enabledWorkflows":[]},"_links":{"self":[{"href":"https:\/\/www.oarcanjo.net\/site\/wp-json\/wp\/v2\/posts\/14132"}],"collection":[{"href":"https:\/\/www.oarcanjo.net\/site\/wp-json\/wp\/v2\/posts"}],"about":[{"href":"https:\/\/www.oarcanjo.net\/site\/wp-json\/wp\/v2\/types\/post"}],"author":[{"embeddable":true,"href":"https:\/\/www.oarcanjo.net\/site\/wp-json\/wp\/v2\/users\/5"}],"replies":[{"embeddable":true,"href":"https:\/\/www.oarcanjo.net\/site\/wp-json\/wp\/v2\/comments?post=14132"}],"version-history":[{"count":0,"href":"https:\/\/www.oarcanjo.net\/site\/wp-json\/wp\/v2\/posts\/14132\/revisions"}],"wp:attachment":[{"href":"https:\/\/www.oarcanjo.net\/site\/wp-json\/wp\/v2\/media?parent=14132"}],"wp:term":[{"taxonomy":"category","embeddable":true,"href":"https:\/\/www.oarcanjo.net\/site\/wp-json\/wp\/v2\/categories?post=14132"},{"taxonomy":"post_tag","embeddable":true,"href":"https:\/\/www.oarcanjo.net\/site\/wp-json\/wp\/v2\/tags?post=14132"}],"curies":[{"name":"wp","href":"https:\/\/api.w.org\/{rel}","templated":true}]}}