
{"id":1417,"date":"2009-01-15T09:02:24","date_gmt":"2009-01-15T11:02:24","guid":{"rendered":"http:\/\/www.oarcanjo.net\/site\/?p=1417"},"modified":"2009-01-15T09:33:28","modified_gmt":"2009-01-15T11:33:28","slug":"lembrancas-saudosas","status":"publish","type":"post","link":"https:\/\/www.oarcanjo.net\/site\/lembrancas-saudosas\/","title":{"rendered":"Lembran\u00e7as saudosas"},"content":{"rendered":"<p>Nesta semana lembramos cheios de saudades um m\u00eas do falecimento da nossa querida Dholy. Pessoa de imensas qualidades e de presen\u00e7a amorosa na vida de tantas pessoas, que como eu lhe devem imensa gatid\u00e3o. Dholy nos ensinava sempre, com suas atitudes, maneira de ser, perseveran\u00e7a e inquebrant\u00e1vel cren\u00e7a no ser humano e nas suas possibilidades de mudan\u00e7a. A Dholy nunca desistia n\u00e3o por teimosia mas por cr\u00e9dito e miseric\u00f3rdia. N\u00e3o teve medo de amar mesmo quando esse amor lhe custasse dor e cansa\u00e7o.<\/p>\n<p>Hoje, dia 15, lembro os 34 anos do falecimento de meu pai, um homem simples e sincero, marcado pelo trabalho e honestidade, morreu aos 51 anos, diante dos meus olhos at\u00f4nitos e molhados pela l\u00e1grima da sudades.<\/p>\n<p>No dia 21 de janeiro vamos celebar os 14 anos do falecimento do inesquec\u00edvel prof. Mesquita que construiu a Universidade S\u00e3o Judas e a nossa querida Capela onde nos sentimos em casa em cada celebra\u00e7\u00e3o. O tempo vai passando e vou ficando cheio de lembran\u00e7as e saudades, sinal de velhice, ou de vida imensamente povoada por pessoas queridas que fazem parte da vida que me ensinaram a caminhar. Os meus irm\u00e3os Milton e Jos\u00e9 Luiz, como \u00e9 dif\u00edcil acreditar que voc\u00eas n\u00e3o est\u00e3o mais aqui comigo, mas os carrego bem vivos na ternura do meu cora\u00e7\u00e3o. Todas as queridas pessoas da nossa comunidade que \u00e9 t\u00e3o numerosa no c\u00e9u orem por n\u00f3s para que sejamos sempre fi\u00e9is !<\/p>\n<div id=\"themify_builder_content-1417\" data-postid=\"1417\" class=\"themify_builder_content themify_builder_content-1417 themify_builder themify_builder_front\">\n\t<\/div>\n<!-- \/themify_builder_content -->","protected":false},"excerpt":{"rendered":"<p>Nesta semana lembramos cheios de saudades um m\u00eas do falecimento da nossa querida Dholy. Pessoa de imensas qualidades e de presen\u00e7a amorosa na vida de tantas pessoas, que como eu lhe devem imensa gatid\u00e3o. Dholy nos ensinava sempre, com suas atitudes, maneira de ser, perseveran\u00e7a e inquebrant\u00e1vel cren\u00e7a no ser humano e nas suas possibilidades [&hellip;]<\/p>\n","protected":false},"author":4,"featured_media":0,"comment_status":"open","ping_status":"open","sticky":false,"template":"","format":"standard","meta":{"ngg_post_thumbnail":0,"footnotes":""},"categories":[4],"tags":[147],"yoast_head":"<!-- This site is optimized with the Yoast SEO plugin v23.5 - https:\/\/yoast.com\/wordpress\/plugins\/seo\/ -->\n<title>Lembran\u00e7as saudosas - O Arcanjo no ar<\/title>\n<meta name=\"robots\" content=\"index, follow, max-snippet:-1, max-image-preview:large, max-video-preview:-1\" \/>\n<link rel=\"canonical\" href=\"https:\/\/www.oarcanjo.net\/site\/lembrancas-saudosas\/\" \/>\n<meta property=\"og:locale\" content=\"pt_BR\" \/>\n<meta property=\"og:type\" content=\"article\" \/>\n<meta property=\"og:title\" content=\"Lembran\u00e7as saudosas - O Arcanjo no ar\" \/>\n<meta property=\"og:description\" content=\"Nesta semana lembramos cheios de saudades um m\u00eas do falecimento da nossa querida Dholy. Pessoa de imensas qualidades e de presen\u00e7a amorosa na vida de tantas pessoas, que como eu lhe devem imensa gatid\u00e3o. Dholy nos ensinava sempre, com suas atitudes, maneira de ser, perseveran\u00e7a e inquebrant\u00e1vel cren\u00e7a no ser humano e nas suas possibilidades [&hellip;]\" \/>\n<meta property=\"og:url\" content=\"https:\/\/www.oarcanjo.net\/site\/lembrancas-saudosas\/\" \/>\n<meta property=\"og:site_name\" content=\"O Arcanjo no ar\" \/>\n<meta property=\"article:publisher\" content=\"https:\/\/www.facebook.com\/OArcanjoNoAr\/\" \/>\n<meta property=\"article:published_time\" content=\"2009-01-15T11:02:24+00:00\" \/>\n<meta property=\"article:modified_time\" content=\"2009-01-15T11:33:28+00:00\" \/>\n<meta property=\"og:image\" content=\"https:\/\/www.oarcanjo.net\/site\/wp-content\/uploads\/logo-o-arcanjo-no-ar-facebook.png\" \/>\n\t<meta property=\"og:image:width\" content=\"300\" \/>\n\t<meta property=\"og:image:height\" content=\"300\" \/>\n\t<meta property=\"og:image:type\" content=\"image\/png\" \/>\n<meta name=\"author\" content=\"julio\" \/>\n<meta name=\"twitter:card\" content=\"summary_large_image\" \/>\n<meta name=\"twitter:label1\" content=\"Escrito por\" \/>\n\t<meta name=\"twitter:data1\" content=\"julio\" \/>\n\t<meta name=\"twitter:label2\" content=\"Est. tempo de leitura\" \/>\n\t<meta name=\"twitter:data2\" content=\"1 minuto\" \/>\n<script type=\"application\/ld+json\" class=\"yoast-schema-graph\">{\"@context\":\"https:\/\/schema.org\",\"@graph\":[{\"@type\":\"Article\",\"@id\":\"https:\/\/www.oarcanjo.net\/site\/lembrancas-saudosas\/#article\",\"isPartOf\":{\"@id\":\"https:\/\/www.oarcanjo.net\/site\/lembrancas-saudosas\/\"},\"author\":{\"name\":\"julio\",\"@id\":\"https:\/\/www.oarcanjo.net\/site\/#\/schema\/person\/d78ea01c648c91e29c364b516767079e\"},\"headline\":\"Lembran\u00e7as saudosas\",\"datePublished\":\"2009-01-15T11:02:24+00:00\",\"dateModified\":\"2009-01-15T11:33:28+00:00\",\"mainEntityOfPage\":{\"@id\":\"https:\/\/www.oarcanjo.net\/site\/lembrancas-saudosas\/\"},\"wordCount\":261,\"commentCount\":0,\"publisher\":{\"@id\":\"https:\/\/www.oarcanjo.net\/site\/#organization\"},\"keywords\":[\"Mem\u00f3ria\"],\"articleSection\":[\"Blog\"],\"inLanguage\":\"pt-BR\",\"potentialAction\":[{\"@type\":\"CommentAction\",\"name\":\"Comment\",\"target\":[\"https:\/\/www.oarcanjo.net\/site\/lembrancas-saudosas\/#respond\"]}]},{\"@type\":\"WebPage\",\"@id\":\"https:\/\/www.oarcanjo.net\/site\/lembrancas-saudosas\/\",\"url\":\"https:\/\/www.oarcanjo.net\/site\/lembrancas-saudosas\/\",\"name\":\"Lembran\u00e7as saudosas - O Arcanjo no ar\",\"isPartOf\":{\"@id\":\"https:\/\/www.oarcanjo.net\/site\/#website\"},\"datePublished\":\"2009-01-15T11:02:24+00:00\",\"dateModified\":\"2009-01-15T11:33:28+00:00\",\"breadcrumb\":{\"@id\":\"https:\/\/www.oarcanjo.net\/site\/lembrancas-saudosas\/#breadcrumb\"},\"inLanguage\":\"pt-BR\",\"potentialAction\":[{\"@type\":\"ReadAction\",\"target\":[\"https:\/\/www.oarcanjo.net\/site\/lembrancas-saudosas\/\"]}]},{\"@type\":\"BreadcrumbList\",\"@id\":\"https:\/\/www.oarcanjo.net\/site\/lembrancas-saudosas\/#breadcrumb\",\"itemListElement\":[{\"@type\":\"ListItem\",\"position\":1,\"name\":\"In\u00edcio\",\"item\":\"https:\/\/www.oarcanjo.net\/site\/\"},{\"@type\":\"ListItem\",\"position\":2,\"name\":\"Lembran\u00e7as saudosas\"}]},{\"@type\":\"WebSite\",\"@id\":\"https:\/\/www.oarcanjo.net\/site\/#website\",\"url\":\"https:\/\/www.oarcanjo.net\/site\/\",\"name\":\"O Arcanjo no ar\",\"description\":\"Site da Par\u00f3quia S\u00e3o Miguel Arcanjo (Arquidiocese de SP)\",\"publisher\":{\"@id\":\"https:\/\/www.oarcanjo.net\/site\/#organization\"},\"potentialAction\":[{\"@type\":\"SearchAction\",\"target\":{\"@type\":\"EntryPoint\",\"urlTemplate\":\"https:\/\/www.oarcanjo.net\/site\/?s={search_term_string}\"},\"query-input\":{\"@type\":\"PropertyValueSpecification\",\"valueRequired\":true,\"valueName\":\"search_term_string\"}}],\"inLanguage\":\"pt-BR\"},{\"@type\":\"Organization\",\"@id\":\"https:\/\/www.oarcanjo.net\/site\/#organization\",\"name\":\"Par\u00f3quia S\u00e3o Miguel Arcanjo\",\"url\":\"https:\/\/www.oarcanjo.net\/site\/\",\"logo\":{\"@type\":\"ImageObject\",\"inLanguage\":\"pt-BR\",\"@id\":\"https:\/\/www.oarcanjo.net\/site\/#\/schema\/logo\/image\/\",\"url\":\"https:\/\/www.oarcanjo.net\/site\/wp-content\/uploads\/LogoOArcanjo.png\",\"contentUrl\":\"https:\/\/www.oarcanjo.net\/site\/wp-content\/uploads\/LogoOArcanjo.png\",\"width\":319,\"height\":99,\"caption\":\"Par\u00f3quia S\u00e3o Miguel Arcanjo\"},\"image\":{\"@id\":\"https:\/\/www.oarcanjo.net\/site\/#\/schema\/logo\/image\/\"},\"sameAs\":[\"https:\/\/www.facebook.com\/OArcanjoNoAr\/\"]},{\"@type\":\"Person\",\"@id\":\"https:\/\/www.oarcanjo.net\/site\/#\/schema\/person\/d78ea01c648c91e29c364b516767079e\",\"name\":\"julio\",\"sameAs\":[\"http:\/\/www.oarcanjo.net\"]}]}<\/script>\n<!-- \/ Yoast SEO plugin. -->","yoast_head_json":{"title":"Lembran\u00e7as saudosas - O Arcanjo no ar","robots":{"index":"index","follow":"follow","max-snippet":"max-snippet:-1","max-image-preview":"max-image-preview:large","max-video-preview":"max-video-preview:-1"},"canonical":"https:\/\/www.oarcanjo.net\/site\/lembrancas-saudosas\/","og_locale":"pt_BR","og_type":"article","og_title":"Lembran\u00e7as saudosas - O Arcanjo no ar","og_description":"Nesta semana lembramos cheios de saudades um m\u00eas do falecimento da nossa querida Dholy. Pessoa de imensas qualidades e de presen\u00e7a amorosa na vida de tantas pessoas, que como eu lhe devem imensa gatid\u00e3o. Dholy nos ensinava sempre, com suas atitudes, maneira de ser, perseveran\u00e7a e inquebrant\u00e1vel cren\u00e7a no ser humano e nas suas possibilidades [&hellip;]","og_url":"https:\/\/www.oarcanjo.net\/site\/lembrancas-saudosas\/","og_site_name":"O Arcanjo no ar","article_publisher":"https:\/\/www.facebook.com\/OArcanjoNoAr\/","article_published_time":"2009-01-15T11:02:24+00:00","article_modified_time":"2009-01-15T11:33:28+00:00","og_image":[{"width":300,"height":300,"url":"https:\/\/www.oarcanjo.net\/site\/wp-content\/uploads\/logo-o-arcanjo-no-ar-facebook.png","type":"image\/png"}],"author":"julio","twitter_card":"summary_large_image","twitter_misc":{"Escrito por":"julio","Est. tempo de leitura":"1 minuto"},"schema":{"@context":"https:\/\/schema.org","@graph":[{"@type":"Article","@id":"https:\/\/www.oarcanjo.net\/site\/lembrancas-saudosas\/#article","isPartOf":{"@id":"https:\/\/www.oarcanjo.net\/site\/lembrancas-saudosas\/"},"author":{"name":"julio","@id":"https:\/\/www.oarcanjo.net\/site\/#\/schema\/person\/d78ea01c648c91e29c364b516767079e"},"headline":"Lembran\u00e7as saudosas","datePublished":"2009-01-15T11:02:24+00:00","dateModified":"2009-01-15T11:33:28+00:00","mainEntityOfPage":{"@id":"https:\/\/www.oarcanjo.net\/site\/lembrancas-saudosas\/"},"wordCount":261,"commentCount":0,"publisher":{"@id":"https:\/\/www.oarcanjo.net\/site\/#organization"},"keywords":["Mem\u00f3ria"],"articleSection":["Blog"],"inLanguage":"pt-BR","potentialAction":[{"@type":"CommentAction","name":"Comment","target":["https:\/\/www.oarcanjo.net\/site\/lembrancas-saudosas\/#respond"]}]},{"@type":"WebPage","@id":"https:\/\/www.oarcanjo.net\/site\/lembrancas-saudosas\/","url":"https:\/\/www.oarcanjo.net\/site\/lembrancas-saudosas\/","name":"Lembran\u00e7as saudosas - O Arcanjo no ar","isPartOf":{"@id":"https:\/\/www.oarcanjo.net\/site\/#website"},"datePublished":"2009-01-15T11:02:24+00:00","dateModified":"2009-01-15T11:33:28+00:00","breadcrumb":{"@id":"https:\/\/www.oarcanjo.net\/site\/lembrancas-saudosas\/#breadcrumb"},"inLanguage":"pt-BR","potentialAction":[{"@type":"ReadAction","target":["https:\/\/www.oarcanjo.net\/site\/lembrancas-saudosas\/"]}]},{"@type":"BreadcrumbList","@id":"https:\/\/www.oarcanjo.net\/site\/lembrancas-saudosas\/#breadcrumb","itemListElement":[{"@type":"ListItem","position":1,"name":"In\u00edcio","item":"https:\/\/www.oarcanjo.net\/site\/"},{"@type":"ListItem","position":2,"name":"Lembran\u00e7as saudosas"}]},{"@type":"WebSite","@id":"https:\/\/www.oarcanjo.net\/site\/#website","url":"https:\/\/www.oarcanjo.net\/site\/","name":"O Arcanjo no ar","description":"Site da Par\u00f3quia S\u00e3o Miguel Arcanjo (Arquidiocese de SP)","publisher":{"@id":"https:\/\/www.oarcanjo.net\/site\/#organization"},"potentialAction":[{"@type":"SearchAction","target":{"@type":"EntryPoint","urlTemplate":"https:\/\/www.oarcanjo.net\/site\/?s={search_term_string}"},"query-input":{"@type":"PropertyValueSpecification","valueRequired":true,"valueName":"search_term_string"}}],"inLanguage":"pt-BR"},{"@type":"Organization","@id":"https:\/\/www.oarcanjo.net\/site\/#organization","name":"Par\u00f3quia S\u00e3o Miguel Arcanjo","url":"https:\/\/www.oarcanjo.net\/site\/","logo":{"@type":"ImageObject","inLanguage":"pt-BR","@id":"https:\/\/www.oarcanjo.net\/site\/#\/schema\/logo\/image\/","url":"https:\/\/www.oarcanjo.net\/site\/wp-content\/uploads\/LogoOArcanjo.png","contentUrl":"https:\/\/www.oarcanjo.net\/site\/wp-content\/uploads\/LogoOArcanjo.png","width":319,"height":99,"caption":"Par\u00f3quia S\u00e3o Miguel Arcanjo"},"image":{"@id":"https:\/\/www.oarcanjo.net\/site\/#\/schema\/logo\/image\/"},"sameAs":["https:\/\/www.facebook.com\/OArcanjoNoAr\/"]},{"@type":"Person","@id":"https:\/\/www.oarcanjo.net\/site\/#\/schema\/person\/d78ea01c648c91e29c364b516767079e","name":"julio","sameAs":["http:\/\/www.oarcanjo.net"]}]}},"publishpress_future_action":{"enabled":false,"date":"2026-05-07 11:04:23","action":"category","newStatus":"draft","terms":[],"taxonomy":"category"},"publishpress_future_workflow_manual_trigger":{"enabledWorkflows":[]},"_links":{"self":[{"href":"https:\/\/www.oarcanjo.net\/site\/wp-json\/wp\/v2\/posts\/1417"}],"collection":[{"href":"https:\/\/www.oarcanjo.net\/site\/wp-json\/wp\/v2\/posts"}],"about":[{"href":"https:\/\/www.oarcanjo.net\/site\/wp-json\/wp\/v2\/types\/post"}],"author":[{"embeddable":true,"href":"https:\/\/www.oarcanjo.net\/site\/wp-json\/wp\/v2\/users\/4"}],"replies":[{"embeddable":true,"href":"https:\/\/www.oarcanjo.net\/site\/wp-json\/wp\/v2\/comments?post=1417"}],"version-history":[{"count":0,"href":"https:\/\/www.oarcanjo.net\/site\/wp-json\/wp\/v2\/posts\/1417\/revisions"}],"wp:attachment":[{"href":"https:\/\/www.oarcanjo.net\/site\/wp-json\/wp\/v2\/media?parent=1417"}],"wp:term":[{"taxonomy":"category","embeddable":true,"href":"https:\/\/www.oarcanjo.net\/site\/wp-json\/wp\/v2\/categories?post=1417"},{"taxonomy":"post_tag","embeddable":true,"href":"https:\/\/www.oarcanjo.net\/site\/wp-json\/wp\/v2\/tags?post=1417"}],"curies":[{"name":"wp","href":"https:\/\/api.w.org\/{rel}","templated":true}]}}