
{"id":14234,"date":"2011-05-04T21:48:47","date_gmt":"2011-05-05T00:48:47","guid":{"rendered":"http:\/\/www.oarcanjo.net\/site\/?p=14234"},"modified":"2011-05-04T21:48:47","modified_gmt":"2011-05-05T00:48:47","slug":"comeca-em-aparecida-a-assembleia-dos-bispos","status":"publish","type":"post","link":"https:\/\/www.oarcanjo.net\/site\/comeca-em-aparecida-a-assembleia-dos-bispos\/","title":{"rendered":"Come\u00e7a em Aparecida a assembleia dos bispos"},"content":{"rendered":"<p>Teve in\u00edcio na manh\u00e3 desta quarta-feira, 4,  e segue at\u00e9 o pr\u00f3ximo dia 13, a 49\u00aa Assembleia Geral da Confer\u00eancia Nacional dos Bispos do Brasil (CNBB). O evento acontece pela terceira vez no Santu\u00e1rio Nacional de Aparecida. As duas anteriores, 2\u00aa e 8\u00aa aconteceram nos anos de 1954 e 1967, respectivamente.<\/p>\n<p>Dois temas centrais ser\u00e3o discutidos este ano: o primeiro as elei\u00e7\u00f5es da nova presid\u00eancia da CNBB e Comiss\u00f5es Episcopais, e o segundo a aprova\u00e7\u00e3o das Diretrizes Gerais da A\u00e7\u00e3o Evangelizadora da Igreja no Brasil (DGAE) para o quadri\u00eanio (2011-2015).<\/p>\n<p>Desta vez o evento ocupa, temporariamente, o espa\u00e7o do Centro de Eventos Padre Vitor Coelho de Almeida, ao lado do Santu\u00e1rio Nacional de Aparecida, em Aparecida (SP). S\u00e3o 16.500 metros quadrados divididos em 40 salas e o audit\u00f3rio principal com 450 lugares para as principais discuss\u00f5es do evento, segundo informou o engenheiro da L\u00f3tus Empreendimentos, empresa que gerencia e implanta projetos para o local da Assembleia, Eric Pelogia Pieri.<\/p>\n<p>Cerca de 400 funcion\u00e1rios do Santu\u00e1rio Nacional de Aparecida trabalham para a realiza\u00e7\u00e3o do acontecimento. Os mais de 300 bispos presentes na Assembleia est\u00e3o hospedados em quatro hot\u00e9is da cidade, pr\u00f3ximos ao Santu\u00e1rio Nacional. \u201cN\u00f3s acabamos de concluir a pen\u00faltima fase do Centro de Eventos. Ele ainda ter\u00e1 uma \u00faltima fase para ficar totalmente conclu\u00eddo. Est\u00e1 sendo utilizada boa parte de estrutura m\u00f3vel que ainda ficar\u00e1 assim at\u00e9 a pr\u00f3xima Assembleia de 2012\u201d, disse o respons\u00e1vel pela estrutura do local e ec\u00f4nomo do Santu\u00e1rio Nacional, padre Luiz Cl\u00e1udio Alves de Macedo.<\/p>\n<p>Ao todo h\u00e1 cinco empresas envolvidas com a estrutura da 49\u00aa AG. Segundo o engenheiro da L\u00f3tus Eric Pelogia, a estrutura f\u00edsica com divis\u00f3rias foi pensada para a melhor circula\u00e7\u00e3o e aproveitamento de espa\u00e7o do evento. \u201cComo \u00e9 um local tempor\u00e1rio, n\u00f3s optamos por usar divis\u00f3rias que deu um aspecto visual e de ocupa\u00e7\u00e3o do espa\u00e7o muito bom. N\u00f3s (L\u00f3tus) coordenamos as empresas contratadas, cada uma na sua especificidade: montagens, instala\u00e7\u00f5es, inform\u00e1tica\u201d, explicou o engenheiro.<\/p>\n<p>Ao longo da 49\u00aa AG ter\u00e1 \u00e0 disposi\u00e7\u00e3o dos bispos uma equipe m\u00e9dica que realizar\u00e1 campanhas de vacina\u00e7\u00e3o e todos os tipos de atendimento: simples, de urg\u00eancia e emerg\u00eancia. A equipe \u00e9 formada por dois m\u00e9dicos (um em cada turno) e duas t\u00e9cnicas em enfermagem que estar\u00e3o de plant\u00e3o ao longo de todo o evento. Uma UTI m\u00f3vel tamb\u00e9m est\u00e1 \u00e0 disposi\u00e7\u00e3o da equipe. A primeira campanha de vacina\u00e7\u00e3o contra a gripe tem in\u00edcio hoje, 4. A equipe \u00e9 coordenada pelo m\u00e9dico Dr. Francisco Roberto Monteiro, gerente do Departamento M\u00e9dico do Santu\u00e1rio.<\/p>\n<p><strong>Expectativas<\/strong><\/p>\n<p>O subsecret\u00e1rio adjunto geral da Confer\u00eancia Nacional dos Bispos do Brasil, padre Ant\u00f4nio Silva da Paix\u00e3o (Nequinho) disse estar animado com o local da Assembleia, principalmente porque o novo local trouxe o evento para junto do povo. \u201cO ambiente \u00e9 muito acolhedor e, ao lado disso tem toda a m\u00edstica pr\u00f3pria do lugar que vai favorecer o desenvolvimento desta Assembleia. Ao mesmo tempo temos outra riqueza que \u00e9 a proximidade com o romeiros que v\u00eam de todas as partes do Brasil em busca das b\u00ean\u00e7\u00e3os de Nossa Senhora Aparecida\u201d, disse Nequinho.<\/p>\n<p><strong>Futuro<\/strong><\/p>\n<p>O reitor do Santu\u00e1rio Nacional de Aparecida, padre Darci Jos\u00e9 Nicioli, antecipou o andamento dos trabalhos da estrutura fixa da Assembleia Geral da CNBB, que, segundo ele, dever\u00e1 come\u00e7ar a ocupar o novo espa\u00e7o a partir de 2013. \u201cA estrutura f\u00edsica da Assembleia est\u00e1 sendo constru\u00edda na Cidade do Romeiro que fica a 800 metros da Bas\u00edlica. S\u00e3o 180 mil metros quadrados e 330 apartamentos que dever\u00e3o hospedar todos os envolvidos com o evento. Em 2015 toda a estrutura estar\u00e1 conclu\u00edda\u201d, antecipou o reitor.<\/p>\n<div id=\"themify_builder_content-14234\" data-postid=\"14234\" class=\"themify_builder_content themify_builder_content-14234 themify_builder themify_builder_front\">\n\t<\/div>\n<!-- \/themify_builder_content -->","protected":false},"excerpt":{"rendered":"<p>Teve in\u00edcio na manh\u00e3 desta quarta-feira, 4, e segue at\u00e9 o pr\u00f3ximo dia 13, a 49\u00aa Assembleia Geral da Confer\u00eancia Nacional dos Bispos do Brasil (CNBB). O evento acontece pela terceira vez no Santu\u00e1rio Nacional de Aparecida. As duas anteriores, 2\u00aa e 8\u00aa aconteceram nos anos de 1954 e 1967, respectivamente. Dois temas centrais ser\u00e3o [&hellip;]<\/p>\n","protected":false},"author":5,"featured_media":0,"comment_status":"open","ping_status":"open","sticky":false,"template":"","format":"standard","meta":{"ngg_post_thumbnail":0,"footnotes":""},"categories":[8],"tags":[235,499,63,1885,1892,46],"yoast_head":"<!-- This site is optimized with the Yoast SEO plugin v23.5 - https:\/\/yoast.com\/wordpress\/plugins\/seo\/ -->\n<title>Come\u00e7a em Aparecida a assembleia dos bispos - O Arcanjo no ar<\/title>\n<meta name=\"robots\" content=\"index, follow, max-snippet:-1, max-image-preview:large, max-video-preview:-1\" \/>\n<link rel=\"canonical\" href=\"https:\/\/www.oarcanjo.net\/site\/comeca-em-aparecida-a-assembleia-dos-bispos\/\" \/>\n<meta property=\"og:locale\" content=\"pt_BR\" \/>\n<meta property=\"og:type\" content=\"article\" \/>\n<meta property=\"og:title\" content=\"Come\u00e7a em Aparecida a assembleia dos bispos - O Arcanjo no ar\" \/>\n<meta property=\"og:description\" content=\"Teve in\u00edcio na manh\u00e3 desta quarta-feira, 4, e segue at\u00e9 o pr\u00f3ximo dia 13, a 49\u00aa Assembleia Geral da Confer\u00eancia Nacional dos Bispos do Brasil (CNBB). O evento acontece pela terceira vez no Santu\u00e1rio Nacional de Aparecida. As duas anteriores, 2\u00aa e 8\u00aa aconteceram nos anos de 1954 e 1967, respectivamente. Dois temas centrais ser\u00e3o [&hellip;]\" \/>\n<meta property=\"og:url\" content=\"https:\/\/www.oarcanjo.net\/site\/comeca-em-aparecida-a-assembleia-dos-bispos\/\" \/>\n<meta property=\"og:site_name\" content=\"O Arcanjo no ar\" \/>\n<meta property=\"article:publisher\" content=\"https:\/\/www.facebook.com\/OArcanjoNoAr\/\" \/>\n<meta property=\"article:published_time\" content=\"2011-05-05T00:48:47+00:00\" \/>\n<meta property=\"og:image\" content=\"https:\/\/www.oarcanjo.net\/site\/wp-content\/uploads\/logo-o-arcanjo-no-ar-facebook.png\" \/>\n\t<meta property=\"og:image:width\" content=\"300\" \/>\n\t<meta property=\"og:image:height\" content=\"300\" \/>\n\t<meta property=\"og:image:type\" content=\"image\/png\" \/>\n<meta name=\"author\" content=\"editor\" \/>\n<meta name=\"twitter:card\" content=\"summary_large_image\" \/>\n<meta name=\"twitter:label1\" content=\"Escrito por\" \/>\n\t<meta name=\"twitter:data1\" content=\"editor\" \/>\n\t<meta name=\"twitter:label2\" content=\"Est. tempo de leitura\" \/>\n\t<meta name=\"twitter:data2\" content=\"3 minutos\" \/>\n<script type=\"application\/ld+json\" class=\"yoast-schema-graph\">{\"@context\":\"https:\/\/schema.org\",\"@graph\":[{\"@type\":\"Article\",\"@id\":\"https:\/\/www.oarcanjo.net\/site\/comeca-em-aparecida-a-assembleia-dos-bispos\/#article\",\"isPartOf\":{\"@id\":\"https:\/\/www.oarcanjo.net\/site\/comeca-em-aparecida-a-assembleia-dos-bispos\/\"},\"author\":{\"name\":\"editor\",\"@id\":\"https:\/\/www.oarcanjo.net\/site\/#\/schema\/person\/f7024d007863202483a31326673a0838\"},\"headline\":\"Come\u00e7a em Aparecida a assembleia dos bispos\",\"datePublished\":\"2011-05-05T00:48:47+00:00\",\"dateModified\":\"2011-05-05T00:48:47+00:00\",\"mainEntityOfPage\":{\"@id\":\"https:\/\/www.oarcanjo.net\/site\/comeca-em-aparecida-a-assembleia-dos-bispos\/\"},\"wordCount\":656,\"commentCount\":0,\"publisher\":{\"@id\":\"https:\/\/www.oarcanjo.net\/site\/#organization\"},\"keywords\":[\"Aparecida\",\"assembleia dos bispos\",\"CNBB\",\"Diretrizes Gerais da A\u00e7\u00e3o Evangelizadora\",\"Igreja do Brasil\",\"nossa senhora\"],\"articleSection\":[\"Not\u00edcias\"],\"inLanguage\":\"pt-BR\",\"potentialAction\":[{\"@type\":\"CommentAction\",\"name\":\"Comment\",\"target\":[\"https:\/\/www.oarcanjo.net\/site\/comeca-em-aparecida-a-assembleia-dos-bispos\/#respond\"]}]},{\"@type\":\"WebPage\",\"@id\":\"https:\/\/www.oarcanjo.net\/site\/comeca-em-aparecida-a-assembleia-dos-bispos\/\",\"url\":\"https:\/\/www.oarcanjo.net\/site\/comeca-em-aparecida-a-assembleia-dos-bispos\/\",\"name\":\"Come\u00e7a em Aparecida a assembleia dos bispos - O Arcanjo no ar\",\"isPartOf\":{\"@id\":\"https:\/\/www.oarcanjo.net\/site\/#website\"},\"datePublished\":\"2011-05-05T00:48:47+00:00\",\"dateModified\":\"2011-05-05T00:48:47+00:00\",\"breadcrumb\":{\"@id\":\"https:\/\/www.oarcanjo.net\/site\/comeca-em-aparecida-a-assembleia-dos-bispos\/#breadcrumb\"},\"inLanguage\":\"pt-BR\",\"potentialAction\":[{\"@type\":\"ReadAction\",\"target\":[\"https:\/\/www.oarcanjo.net\/site\/comeca-em-aparecida-a-assembleia-dos-bispos\/\"]}]},{\"@type\":\"BreadcrumbList\",\"@id\":\"https:\/\/www.oarcanjo.net\/site\/comeca-em-aparecida-a-assembleia-dos-bispos\/#breadcrumb\",\"itemListElement\":[{\"@type\":\"ListItem\",\"position\":1,\"name\":\"In\u00edcio\",\"item\":\"https:\/\/www.oarcanjo.net\/site\/\"},{\"@type\":\"ListItem\",\"position\":2,\"name\":\"Come\u00e7a em Aparecida a assembleia dos bispos\"}]},{\"@type\":\"WebSite\",\"@id\":\"https:\/\/www.oarcanjo.net\/site\/#website\",\"url\":\"https:\/\/www.oarcanjo.net\/site\/\",\"name\":\"O Arcanjo no ar\",\"description\":\"Site da Par\u00f3quia S\u00e3o Miguel Arcanjo (Arquidiocese de SP)\",\"publisher\":{\"@id\":\"https:\/\/www.oarcanjo.net\/site\/#organization\"},\"potentialAction\":[{\"@type\":\"SearchAction\",\"target\":{\"@type\":\"EntryPoint\",\"urlTemplate\":\"https:\/\/www.oarcanjo.net\/site\/?s={search_term_string}\"},\"query-input\":{\"@type\":\"PropertyValueSpecification\",\"valueRequired\":true,\"valueName\":\"search_term_string\"}}],\"inLanguage\":\"pt-BR\"},{\"@type\":\"Organization\",\"@id\":\"https:\/\/www.oarcanjo.net\/site\/#organization\",\"name\":\"Par\u00f3quia S\u00e3o Miguel Arcanjo\",\"url\":\"https:\/\/www.oarcanjo.net\/site\/\",\"logo\":{\"@type\":\"ImageObject\",\"inLanguage\":\"pt-BR\",\"@id\":\"https:\/\/www.oarcanjo.net\/site\/#\/schema\/logo\/image\/\",\"url\":\"https:\/\/www.oarcanjo.net\/site\/wp-content\/uploads\/LogoOArcanjo.png\",\"contentUrl\":\"https:\/\/www.oarcanjo.net\/site\/wp-content\/uploads\/LogoOArcanjo.png\",\"width\":319,\"height\":99,\"caption\":\"Par\u00f3quia S\u00e3o Miguel Arcanjo\"},\"image\":{\"@id\":\"https:\/\/www.oarcanjo.net\/site\/#\/schema\/logo\/image\/\"},\"sameAs\":[\"https:\/\/www.facebook.com\/OArcanjoNoAr\/\"]},{\"@type\":\"Person\",\"@id\":\"https:\/\/www.oarcanjo.net\/site\/#\/schema\/person\/f7024d007863202483a31326673a0838\",\"name\":\"editor\",\"sameAs\":[\"http:\/\/www.oarcanjo.net\"]}]}<\/script>\n<!-- \/ Yoast SEO plugin. -->","yoast_head_json":{"title":"Come\u00e7a em Aparecida a assembleia dos bispos - O Arcanjo no ar","robots":{"index":"index","follow":"follow","max-snippet":"max-snippet:-1","max-image-preview":"max-image-preview:large","max-video-preview":"max-video-preview:-1"},"canonical":"https:\/\/www.oarcanjo.net\/site\/comeca-em-aparecida-a-assembleia-dos-bispos\/","og_locale":"pt_BR","og_type":"article","og_title":"Come\u00e7a em Aparecida a assembleia dos bispos - O Arcanjo no ar","og_description":"Teve in\u00edcio na manh\u00e3 desta quarta-feira, 4, e segue at\u00e9 o pr\u00f3ximo dia 13, a 49\u00aa Assembleia Geral da Confer\u00eancia Nacional dos Bispos do Brasil (CNBB). O evento acontece pela terceira vez no Santu\u00e1rio Nacional de Aparecida. As duas anteriores, 2\u00aa e 8\u00aa aconteceram nos anos de 1954 e 1967, respectivamente. Dois temas centrais ser\u00e3o [&hellip;]","og_url":"https:\/\/www.oarcanjo.net\/site\/comeca-em-aparecida-a-assembleia-dos-bispos\/","og_site_name":"O Arcanjo no ar","article_publisher":"https:\/\/www.facebook.com\/OArcanjoNoAr\/","article_published_time":"2011-05-05T00:48:47+00:00","og_image":[{"width":300,"height":300,"url":"https:\/\/www.oarcanjo.net\/site\/wp-content\/uploads\/logo-o-arcanjo-no-ar-facebook.png","type":"image\/png"}],"author":"editor","twitter_card":"summary_large_image","twitter_misc":{"Escrito por":"editor","Est. tempo de leitura":"3 minutos"},"schema":{"@context":"https:\/\/schema.org","@graph":[{"@type":"Article","@id":"https:\/\/www.oarcanjo.net\/site\/comeca-em-aparecida-a-assembleia-dos-bispos\/#article","isPartOf":{"@id":"https:\/\/www.oarcanjo.net\/site\/comeca-em-aparecida-a-assembleia-dos-bispos\/"},"author":{"name":"editor","@id":"https:\/\/www.oarcanjo.net\/site\/#\/schema\/person\/f7024d007863202483a31326673a0838"},"headline":"Come\u00e7a em Aparecida a assembleia dos bispos","datePublished":"2011-05-05T00:48:47+00:00","dateModified":"2011-05-05T00:48:47+00:00","mainEntityOfPage":{"@id":"https:\/\/www.oarcanjo.net\/site\/comeca-em-aparecida-a-assembleia-dos-bispos\/"},"wordCount":656,"commentCount":0,"publisher":{"@id":"https:\/\/www.oarcanjo.net\/site\/#organization"},"keywords":["Aparecida","assembleia dos bispos","CNBB","Diretrizes Gerais da A\u00e7\u00e3o Evangelizadora","Igreja do Brasil","nossa senhora"],"articleSection":["Not\u00edcias"],"inLanguage":"pt-BR","potentialAction":[{"@type":"CommentAction","name":"Comment","target":["https:\/\/www.oarcanjo.net\/site\/comeca-em-aparecida-a-assembleia-dos-bispos\/#respond"]}]},{"@type":"WebPage","@id":"https:\/\/www.oarcanjo.net\/site\/comeca-em-aparecida-a-assembleia-dos-bispos\/","url":"https:\/\/www.oarcanjo.net\/site\/comeca-em-aparecida-a-assembleia-dos-bispos\/","name":"Come\u00e7a em Aparecida a assembleia dos bispos - O Arcanjo no ar","isPartOf":{"@id":"https:\/\/www.oarcanjo.net\/site\/#website"},"datePublished":"2011-05-05T00:48:47+00:00","dateModified":"2011-05-05T00:48:47+00:00","breadcrumb":{"@id":"https:\/\/www.oarcanjo.net\/site\/comeca-em-aparecida-a-assembleia-dos-bispos\/#breadcrumb"},"inLanguage":"pt-BR","potentialAction":[{"@type":"ReadAction","target":["https:\/\/www.oarcanjo.net\/site\/comeca-em-aparecida-a-assembleia-dos-bispos\/"]}]},{"@type":"BreadcrumbList","@id":"https:\/\/www.oarcanjo.net\/site\/comeca-em-aparecida-a-assembleia-dos-bispos\/#breadcrumb","itemListElement":[{"@type":"ListItem","position":1,"name":"In\u00edcio","item":"https:\/\/www.oarcanjo.net\/site\/"},{"@type":"ListItem","position":2,"name":"Come\u00e7a em Aparecida a assembleia dos bispos"}]},{"@type":"WebSite","@id":"https:\/\/www.oarcanjo.net\/site\/#website","url":"https:\/\/www.oarcanjo.net\/site\/","name":"O Arcanjo no ar","description":"Site da Par\u00f3quia S\u00e3o Miguel Arcanjo (Arquidiocese de SP)","publisher":{"@id":"https:\/\/www.oarcanjo.net\/site\/#organization"},"potentialAction":[{"@type":"SearchAction","target":{"@type":"EntryPoint","urlTemplate":"https:\/\/www.oarcanjo.net\/site\/?s={search_term_string}"},"query-input":{"@type":"PropertyValueSpecification","valueRequired":true,"valueName":"search_term_string"}}],"inLanguage":"pt-BR"},{"@type":"Organization","@id":"https:\/\/www.oarcanjo.net\/site\/#organization","name":"Par\u00f3quia S\u00e3o Miguel Arcanjo","url":"https:\/\/www.oarcanjo.net\/site\/","logo":{"@type":"ImageObject","inLanguage":"pt-BR","@id":"https:\/\/www.oarcanjo.net\/site\/#\/schema\/logo\/image\/","url":"https:\/\/www.oarcanjo.net\/site\/wp-content\/uploads\/LogoOArcanjo.png","contentUrl":"https:\/\/www.oarcanjo.net\/site\/wp-content\/uploads\/LogoOArcanjo.png","width":319,"height":99,"caption":"Par\u00f3quia S\u00e3o Miguel Arcanjo"},"image":{"@id":"https:\/\/www.oarcanjo.net\/site\/#\/schema\/logo\/image\/"},"sameAs":["https:\/\/www.facebook.com\/OArcanjoNoAr\/"]},{"@type":"Person","@id":"https:\/\/www.oarcanjo.net\/site\/#\/schema\/person\/f7024d007863202483a31326673a0838","name":"editor","sameAs":["http:\/\/www.oarcanjo.net"]}]}},"publishpress_future_action":{"enabled":false,"date":"2026-05-09 09:31:09","action":"category","newStatus":"draft","terms":[],"taxonomy":"category"},"publishpress_future_workflow_manual_trigger":{"enabledWorkflows":[]},"_links":{"self":[{"href":"https:\/\/www.oarcanjo.net\/site\/wp-json\/wp\/v2\/posts\/14234"}],"collection":[{"href":"https:\/\/www.oarcanjo.net\/site\/wp-json\/wp\/v2\/posts"}],"about":[{"href":"https:\/\/www.oarcanjo.net\/site\/wp-json\/wp\/v2\/types\/post"}],"author":[{"embeddable":true,"href":"https:\/\/www.oarcanjo.net\/site\/wp-json\/wp\/v2\/users\/5"}],"replies":[{"embeddable":true,"href":"https:\/\/www.oarcanjo.net\/site\/wp-json\/wp\/v2\/comments?post=14234"}],"version-history":[{"count":0,"href":"https:\/\/www.oarcanjo.net\/site\/wp-json\/wp\/v2\/posts\/14234\/revisions"}],"wp:attachment":[{"href":"https:\/\/www.oarcanjo.net\/site\/wp-json\/wp\/v2\/media?parent=14234"}],"wp:term":[{"taxonomy":"category","embeddable":true,"href":"https:\/\/www.oarcanjo.net\/site\/wp-json\/wp\/v2\/categories?post=14234"},{"taxonomy":"post_tag","embeddable":true,"href":"https:\/\/www.oarcanjo.net\/site\/wp-json\/wp\/v2\/tags?post=14234"}],"curies":[{"name":"wp","href":"https:\/\/api.w.org\/{rel}","templated":true}]}}