
{"id":14316,"date":"2011-05-09T00:08:39","date_gmt":"2011-05-09T03:08:39","guid":{"rendered":"http:\/\/www.oarcanjo.net\/site\/?p=14316"},"modified":"2011-05-09T00:58:11","modified_gmt":"2011-05-09T03:58:11","slug":"leituras-do-domingo-08052011","status":"publish","type":"post","link":"https:\/\/www.oarcanjo.net\/site\/leituras-do-domingo-08052011\/","title":{"rendered":"Leituras do domingo 08\/05\/2011"},"content":{"rendered":"<div>\n<h4>3\u00ba Domingo da P\u00e1scoa<\/h4>\n<p><strong>Primeira leitura (Atos dos Ap\u00f3stolos 2,14.22-33)<\/strong><\/p>\n<p>Leitura dos Atos dos Ap\u00f3stolos:<\/p>\n<p>No dia de Pentecostes,\u00a0<sup>14<\/sup>Pedro de p\u00e9, junto com os onze ap\u00f3stolos, levantou a voz e falou \u00e0 multid\u00e3o:\u00a0<sup>22<\/sup>\u201cHomens de Israel, escutai estas palavras: Jesus de Nazar\u00e9 foi um homem aprovado por Deus, junto de v\u00f3s, pelos milagres, prod\u00edgios e sinais que Deus realizou, por meio dele, entre v\u00f3s. Tudo isto v\u00f3s bem o sabeis.<br \/>\n<sup>23<\/sup>Deus, em seu des\u00edgnio e previs\u00e3o, determinou que Jesus fosse entregue pelas m\u00e3os dos \u00edmpios, e v\u00f3s o matastes, pregando-o numa cruz.\u00a0<sup>24<\/sup>Mas Deus ressuscitou a Jesus, libertando-o das ang\u00fastias da morte, porque n\u00e3o era poss\u00edvel que ela o dominasse.<br \/>\n<sup>25<\/sup>Pois Davi dele diz: \u2018Eu via sempre o Senhor diante de mim, pois est\u00e1 \u00e0 minha direita para eu n\u00e3o vacilar.\u00a0<sup>26<\/sup>Alegrou-se por isso meu cora\u00e7\u00e3o e exultou minha l\u00edngua e at\u00e9 minha carne repousar\u00e1 na esperan\u00e7a.\u00a0<sup>27<\/sup>Porque n\u00e3o deixar\u00e1s minha alma na regi\u00e3o dos mortos nem permitir\u00e1s que teu Santo experimente corrup\u00e7\u00e3o.\u00a0<sup>28<\/sup>Deste-me a conhecer os caminhos da vida, e a tua presen\u00e7a me encher\u00e1 de alegria\u2019.<br \/>\n<sup>29<\/sup>Irm\u00e3os, seja-me permitido dizer com franqueza que o patriarca Davi morreu e foi sepultado e seu sepulcro est\u00e1 entre n\u00f3s at\u00e9 hoje.\u00a0<sup>30<\/sup>Mas, sendo profeta, sabia que Deus lhe jurara solenemente que um de seus descendentes ocuparia o trono.<br \/>\n<sup>31<\/sup>\u00c9, portanto, a ressurrei\u00e7\u00e3o de Cristo que previu e anunciou com as palavras: \u2018Ele n\u00e3o foi abandonado na regi\u00e3o dos mortos e sua carne n\u00e3o conheceu a corrup\u00e7\u00e3o\u2019.\u00a0<sup>32<\/sup>Com efeito, Deus ressuscitou este mesmo Jesus e disto todos n\u00f3s somos testemunhas.<sup>33<\/sup>E agora, exaltado pela direita de Deus, Jesus recebeu o Esp\u00edrito Santo que fora prometido pelo Pai, e o derramou, como estais vendo e ouvindo\u201d.<\/p>\n<p><strong>Salmo (Salmos 15)<\/strong><\/p>\n<p>\u2014 V\u00f3s me ensinais vosso caminho para a vida; junto de v\u00f3s felicidade sem limites!<br \/>\n<strong>\u2014 V\u00f3s me ensinais vosso caminho para a vida; junto de v\u00f3s felicidade sem limites!<\/strong><\/p>\n<p>\u2014 Guardai-me, \u00f3 Deus, porque em v\u00f3s me refugio!\/ Digo ao Senhor: \u201cSomente v\u00f3s sois meu Senhor:\/ nenhum bem eu posso achar fora de v\u00f3s!\u201d\/ \u00d3 Senhor, sois minha heran\u00e7a e minha ta\u00e7a,\/ meu destino est\u00e1 seguro em vossas m\u00e3os!<br \/>\n\u2014 Eu bendigo o Senhor, que me aconselha,\/ e at\u00e9 de noite me adverte o cora\u00e7\u00e3o.\/ Tenho sempre o Senhor ante meus olhos,\/ pois se o tenho a meu lado n\u00e3o vacilo.<br \/>\n\u2014 Eis por que meu cora\u00e7\u00e3o est\u00e1 em festa,\/ minha alma rejubila de alegria,\/ e at\u00e9 meu corpo no repouso est\u00e1 tranquilo;\/ pois n\u00e3o haveis de me deixar entregue \u00e0 morte,\/ nem vosso amigo conhecer a corrup\u00e7\u00e3o.<br \/>\n\u2014 V\u00f3s me ensinais vosso caminho para a vida;\/ junto a v\u00f3s, felicidade sem limites,\/ del\u00edcia eterna e alegria ao vosso lado!<\/p>\n<p><strong>Segunda leitura (1\u00ba Pedro 1,17-21)<\/strong><\/p>\n<p>Leitura da Primeira Carta de S\u00e3o Pedro:<\/p>\n<p>Car\u00edssimos:\u00a0<sup>17<\/sup>Se invocais como Pai aquele que sem discrimina\u00e7\u00e3o julga a cada um de acordo com as suas obras, vivei ent\u00e3o respeitando a Deus durante o tempo de vossa migra\u00e7\u00e3o neste mundo.<br \/>\n<sup>18<\/sup>Sabeis que fostes resgatados da vida f\u00fatil herdada de vossos pais, n\u00e3o por meio de coisas perec\u00edveis, como a prata ou o ouro,\u00a0<sup>19<\/sup>mas pelo precioso sangue de Cristo, como de um cordeiro sem mancha nem defeito.<br \/>\n<sup>20<\/sup>Antes da cria\u00e7\u00e3o do mundo, ele foi destinado para isso, e neste final dos tempos, ele apareceu, por amor de v\u00f3s.\u00a0<sup>21<\/sup>Por ele \u00e9 que alcan\u00e7astes a f\u00e9 em Deus. Deus o ressuscitou dos mortos e lhe deu a gl\u00f3ria, e assim, a vossa f\u00e9 e esperan\u00e7a est\u00e3o em Deus.<\/p>\n<p><strong><strong>Evangelho (Lucas 24,13-35)<\/strong><\/strong><\/p>\n<p><sup>13<\/sup>Naquele mesmo dia, o primeiro da semana, dois dos disc\u00edpulos de Jesus iam para um povoado, chamado Ema\u00fas, distante onze quil\u00f4metros de Jerusal\u00e9m.<\/p>\n<p><sup>14<\/sup>Conversavam sobre todas as coisas que tinham acontecido.\u00a0<sup>15<\/sup>Enquanto conversavam e discutiam, o pr\u00f3prio Jesus se aproximou e come\u00e7ou a caminhar com eles.\u00a0<sup>16<\/sup>Os disc\u00edpulos, por\u00e9m, estavam como que cegos, e n\u00e3o o reconheceram.\u00a0<sup>17<\/sup>Ent\u00e3o Jesus perguntou: \u201cO que ides conversando pelo caminho?\u201d Eles pararam, com o rosto triste,\u00a0<sup>18<\/sup>e um deles, chamado Cl\u00e9ofas, lhe disse: \u201cTu \u00e9s o \u00fanico peregrino em Jerusal\u00e9m que n\u00e3o sabe o que l\u00e1 aconteceu nestes \u00faltimos dias?\u201d<br \/>\n<sup>19<\/sup>Ele perguntou: \u201cO que foi?\u201d Os disc\u00edpulos responderam: \u201cO que aconteceu com Jesus, o Nazareno, que foi um profeta poderoso em obras e palavras, diante de Deus e diante de todo o povo.\u00a0<sup>20<\/sup>Nossos sumos sacerdotes e nossos chefes o entregaram para ser condenado \u00e0 morte e o crucificaram.\u00a0<sup>21<\/sup>N\u00f3s esper\u00e1vamos que ele fosse libertar Israel, mas, apesar de tudo isso, j\u00e1 faz tr\u00eas dias que todas essas coisas aconteceram!\u00a0<sup>22<\/sup>\u00c9 verdade que algumas mulheres do nosso grupo nos deram um susto. Elas foram de madrugada ao t\u00famulo\u00a0<sup>23<\/sup>e n\u00e3o encontraram o corpo dele. Ent\u00e3o voltaram, dizendo que tinham visto anjos e que estes afirmaram que Jesus est\u00e1 vivo.\u00a0<sup>24<\/sup>Alguns dos nossos foram ao t\u00famulo e encontraram as coisas como as mulheres tinham dito. A ele, por\u00e9m, ningu\u00e9m o viu\u201d.<br \/>\n<sup>25<\/sup>Ent\u00e3o Jesus lhes disse: \u201cComo sois sem intelig\u00eancia e lentos para crer em tudo o que os profetas falaram!\u00a0<sup>26<\/sup>Ser\u00e1 que o Cristo n\u00e3o devia sofrer tudo isso para entrar na sua gl\u00f3ria?\u201d<br \/>\n<sup>27<\/sup>E, come\u00e7ando por Mois\u00e9s e passando pelos Profetas, explicava aos disc\u00edpulos todas as passagens da Escritura que falavam a respeito dele.\u00a0<sup>28<\/sup>Quando chegaram perto do povoado para onde iam, Jesus fez de conta que ia mais adiante.\u00a0<sup>29<\/sup>Eles, por\u00e9m, insistiram com Jesus, dizendo: \u201cFica conosco, pois j\u00e1 \u00e9 tarde e a noite vem chegando!\u201d Jesus entrou para ficar com eles.\u00a0<sup>30<\/sup>Quando se sentou \u00e0 mesa com eles, tomou o p\u00e3o, aben\u00e7oou-o, partiu-o e lhes distribu\u00eda.\u00a0<sup>31<\/sup>Nisso os olhos dos disc\u00edpulos se abriram e eles reconheceram Jesus. Jesus, por\u00e9m, desapareceu da frente deles.\u00a0<sup>32<\/sup>Ent\u00e3o um disse ao outro: \u201cN\u00e3o estava ardendo o nosso cora\u00e7\u00e3o, quando ele nos falava pelo caminho e nos explicava as Escrituras?\u201d<br \/>\n<sup>33<\/sup>Naquela mesma hora, eles se levantaram e voltaram para Jerusal\u00e9m onde encontraram os Onze reunidos com os outros.\u00a0<sup>34<\/sup>E estes confirmaram: \u201cRealmente, o Senhor ressuscitou e apareceu a Sim\u00e3o!\u201d<br \/>\n<sup>35<\/sup>Ent\u00e3o os dois contaram o que tinha acontecido no caminho, e como tinham reconhecido Jesus ao partir o p\u00e3o.<\/p>\n<\/div>\n<div id=\"themify_builder_content-14316\" data-postid=\"14316\" class=\"themify_builder_content themify_builder_content-14316 themify_builder themify_builder_front\">\n\t<\/div>\n<!-- \/themify_builder_content -->","protected":false},"excerpt":{"rendered":"<p>3\u00ba Domingo da P\u00e1scoa Primeira leitura (Atos dos Ap\u00f3stolos 2,14.22-33) Leitura dos Atos dos Ap\u00f3stolos: No dia de Pentecostes,\u00a014Pedro de p\u00e9, junto com os onze ap\u00f3stolos, levantou a voz e falou \u00e0 multid\u00e3o:\u00a022\u201cHomens de Israel, escutai estas palavras: Jesus de Nazar\u00e9 foi um homem aprovado por Deus, junto de v\u00f3s, pelos milagres, prod\u00edgios e sinais [&hellip;]<\/p>\n","protected":false},"author":5,"featured_media":0,"comment_status":"open","ping_status":"open","sticky":false,"template":"","format":"standard","meta":{"ngg_post_thumbnail":0,"footnotes":""},"categories":[109],"tags":[3204],"yoast_head":"<!-- This site is optimized with the Yoast SEO plugin v23.5 - https:\/\/yoast.com\/wordpress\/plugins\/seo\/ -->\n<title>Leituras do domingo 08\/05\/2011 - O Arcanjo no ar<\/title>\n<meta name=\"robots\" content=\"index, follow, max-snippet:-1, max-image-preview:large, max-video-preview:-1\" \/>\n<link rel=\"canonical\" href=\"https:\/\/www.oarcanjo.net\/site\/leituras-do-domingo-08052011\/\" \/>\n<meta property=\"og:locale\" content=\"pt_BR\" \/>\n<meta property=\"og:type\" content=\"article\" \/>\n<meta property=\"og:title\" content=\"Leituras do domingo 08\/05\/2011 - O Arcanjo no ar\" \/>\n<meta property=\"og:description\" content=\"3\u00ba Domingo da P\u00e1scoa Primeira leitura (Atos dos Ap\u00f3stolos 2,14.22-33) Leitura dos Atos dos Ap\u00f3stolos: No dia de Pentecostes,\u00a014Pedro de p\u00e9, junto com os onze ap\u00f3stolos, levantou a voz e falou \u00e0 multid\u00e3o:\u00a022\u201cHomens de Israel, escutai estas palavras: Jesus de Nazar\u00e9 foi um homem aprovado por Deus, junto de v\u00f3s, pelos milagres, prod\u00edgios e sinais [&hellip;]\" \/>\n<meta property=\"og:url\" content=\"https:\/\/www.oarcanjo.net\/site\/leituras-do-domingo-08052011\/\" \/>\n<meta property=\"og:site_name\" content=\"O Arcanjo no ar\" \/>\n<meta property=\"article:publisher\" content=\"https:\/\/www.facebook.com\/OArcanjoNoAr\/\" \/>\n<meta property=\"article:published_time\" content=\"2011-05-09T03:08:39+00:00\" \/>\n<meta property=\"article:modified_time\" content=\"2011-05-09T03:58:11+00:00\" \/>\n<meta property=\"og:image\" content=\"https:\/\/www.oarcanjo.net\/site\/wp-content\/uploads\/logo-o-arcanjo-no-ar-facebook.png\" \/>\n\t<meta property=\"og:image:width\" content=\"300\" \/>\n\t<meta property=\"og:image:height\" content=\"300\" \/>\n\t<meta property=\"og:image:type\" content=\"image\/png\" \/>\n<meta name=\"author\" content=\"editor\" \/>\n<meta name=\"twitter:card\" content=\"summary_large_image\" \/>\n<meta name=\"twitter:label1\" content=\"Escrito por\" \/>\n\t<meta name=\"twitter:data1\" content=\"editor\" \/>\n\t<meta name=\"twitter:label2\" content=\"Est. tempo de leitura\" \/>\n\t<meta name=\"twitter:data2\" content=\"5 minutos\" \/>\n<script type=\"application\/ld+json\" class=\"yoast-schema-graph\">{\"@context\":\"https:\/\/schema.org\",\"@graph\":[{\"@type\":\"Article\",\"@id\":\"https:\/\/www.oarcanjo.net\/site\/leituras-do-domingo-08052011\/#article\",\"isPartOf\":{\"@id\":\"https:\/\/www.oarcanjo.net\/site\/leituras-do-domingo-08052011\/\"},\"author\":{\"name\":\"editor\",\"@id\":\"https:\/\/www.oarcanjo.net\/site\/#\/schema\/person\/f7024d007863202483a31326673a0838\"},\"headline\":\"Leituras do domingo 08\/05\/2011\",\"datePublished\":\"2011-05-09T03:08:39+00:00\",\"dateModified\":\"2011-05-09T03:58:11+00:00\",\"mainEntityOfPage\":{\"@id\":\"https:\/\/www.oarcanjo.net\/site\/leituras-do-domingo-08052011\/\"},\"wordCount\":1096,\"commentCount\":2,\"publisher\":{\"@id\":\"https:\/\/www.oarcanjo.net\/site\/#organization\"},\"keywords\":[\"Liturgia\"],\"articleSection\":[\"Liturgia\"],\"inLanguage\":\"pt-BR\",\"potentialAction\":[{\"@type\":\"CommentAction\",\"name\":\"Comment\",\"target\":[\"https:\/\/www.oarcanjo.net\/site\/leituras-do-domingo-08052011\/#respond\"]}]},{\"@type\":\"WebPage\",\"@id\":\"https:\/\/www.oarcanjo.net\/site\/leituras-do-domingo-08052011\/\",\"url\":\"https:\/\/www.oarcanjo.net\/site\/leituras-do-domingo-08052011\/\",\"name\":\"Leituras do domingo 08\/05\/2011 - O Arcanjo no ar\",\"isPartOf\":{\"@id\":\"https:\/\/www.oarcanjo.net\/site\/#website\"},\"datePublished\":\"2011-05-09T03:08:39+00:00\",\"dateModified\":\"2011-05-09T03:58:11+00:00\",\"breadcrumb\":{\"@id\":\"https:\/\/www.oarcanjo.net\/site\/leituras-do-domingo-08052011\/#breadcrumb\"},\"inLanguage\":\"pt-BR\",\"potentialAction\":[{\"@type\":\"ReadAction\",\"target\":[\"https:\/\/www.oarcanjo.net\/site\/leituras-do-domingo-08052011\/\"]}]},{\"@type\":\"BreadcrumbList\",\"@id\":\"https:\/\/www.oarcanjo.net\/site\/leituras-do-domingo-08052011\/#breadcrumb\",\"itemListElement\":[{\"@type\":\"ListItem\",\"position\":1,\"name\":\"In\u00edcio\",\"item\":\"https:\/\/www.oarcanjo.net\/site\/\"},{\"@type\":\"ListItem\",\"position\":2,\"name\":\"Leituras do domingo 08\/05\/2011\"}]},{\"@type\":\"WebSite\",\"@id\":\"https:\/\/www.oarcanjo.net\/site\/#website\",\"url\":\"https:\/\/www.oarcanjo.net\/site\/\",\"name\":\"O Arcanjo no ar\",\"description\":\"Site da Par\u00f3quia S\u00e3o Miguel Arcanjo (Arquidiocese de SP)\",\"publisher\":{\"@id\":\"https:\/\/www.oarcanjo.net\/site\/#organization\"},\"potentialAction\":[{\"@type\":\"SearchAction\",\"target\":{\"@type\":\"EntryPoint\",\"urlTemplate\":\"https:\/\/www.oarcanjo.net\/site\/?s={search_term_string}\"},\"query-input\":{\"@type\":\"PropertyValueSpecification\",\"valueRequired\":true,\"valueName\":\"search_term_string\"}}],\"inLanguage\":\"pt-BR\"},{\"@type\":\"Organization\",\"@id\":\"https:\/\/www.oarcanjo.net\/site\/#organization\",\"name\":\"Par\u00f3quia S\u00e3o Miguel Arcanjo\",\"url\":\"https:\/\/www.oarcanjo.net\/site\/\",\"logo\":{\"@type\":\"ImageObject\",\"inLanguage\":\"pt-BR\",\"@id\":\"https:\/\/www.oarcanjo.net\/site\/#\/schema\/logo\/image\/\",\"url\":\"https:\/\/www.oarcanjo.net\/site\/wp-content\/uploads\/LogoOArcanjo.png\",\"contentUrl\":\"https:\/\/www.oarcanjo.net\/site\/wp-content\/uploads\/LogoOArcanjo.png\",\"width\":319,\"height\":99,\"caption\":\"Par\u00f3quia S\u00e3o Miguel Arcanjo\"},\"image\":{\"@id\":\"https:\/\/www.oarcanjo.net\/site\/#\/schema\/logo\/image\/\"},\"sameAs\":[\"https:\/\/www.facebook.com\/OArcanjoNoAr\/\"]},{\"@type\":\"Person\",\"@id\":\"https:\/\/www.oarcanjo.net\/site\/#\/schema\/person\/f7024d007863202483a31326673a0838\",\"name\":\"editor\",\"sameAs\":[\"http:\/\/www.oarcanjo.net\"]}]}<\/script>\n<!-- \/ Yoast SEO plugin. -->","yoast_head_json":{"title":"Leituras do domingo 08\/05\/2011 - O Arcanjo no ar","robots":{"index":"index","follow":"follow","max-snippet":"max-snippet:-1","max-image-preview":"max-image-preview:large","max-video-preview":"max-video-preview:-1"},"canonical":"https:\/\/www.oarcanjo.net\/site\/leituras-do-domingo-08052011\/","og_locale":"pt_BR","og_type":"article","og_title":"Leituras do domingo 08\/05\/2011 - O Arcanjo no ar","og_description":"3\u00ba Domingo da P\u00e1scoa Primeira leitura (Atos dos Ap\u00f3stolos 2,14.22-33) Leitura dos Atos dos Ap\u00f3stolos: No dia de Pentecostes,\u00a014Pedro de p\u00e9, junto com os onze ap\u00f3stolos, levantou a voz e falou \u00e0 multid\u00e3o:\u00a022\u201cHomens de Israel, escutai estas palavras: Jesus de Nazar\u00e9 foi um homem aprovado por Deus, junto de v\u00f3s, pelos milagres, prod\u00edgios e sinais [&hellip;]","og_url":"https:\/\/www.oarcanjo.net\/site\/leituras-do-domingo-08052011\/","og_site_name":"O Arcanjo no ar","article_publisher":"https:\/\/www.facebook.com\/OArcanjoNoAr\/","article_published_time":"2011-05-09T03:08:39+00:00","article_modified_time":"2011-05-09T03:58:11+00:00","og_image":[{"width":300,"height":300,"url":"https:\/\/www.oarcanjo.net\/site\/wp-content\/uploads\/logo-o-arcanjo-no-ar-facebook.png","type":"image\/png"}],"author":"editor","twitter_card":"summary_large_image","twitter_misc":{"Escrito por":"editor","Est. tempo de leitura":"5 minutos"},"schema":{"@context":"https:\/\/schema.org","@graph":[{"@type":"Article","@id":"https:\/\/www.oarcanjo.net\/site\/leituras-do-domingo-08052011\/#article","isPartOf":{"@id":"https:\/\/www.oarcanjo.net\/site\/leituras-do-domingo-08052011\/"},"author":{"name":"editor","@id":"https:\/\/www.oarcanjo.net\/site\/#\/schema\/person\/f7024d007863202483a31326673a0838"},"headline":"Leituras do domingo 08\/05\/2011","datePublished":"2011-05-09T03:08:39+00:00","dateModified":"2011-05-09T03:58:11+00:00","mainEntityOfPage":{"@id":"https:\/\/www.oarcanjo.net\/site\/leituras-do-domingo-08052011\/"},"wordCount":1096,"commentCount":2,"publisher":{"@id":"https:\/\/www.oarcanjo.net\/site\/#organization"},"keywords":["Liturgia"],"articleSection":["Liturgia"],"inLanguage":"pt-BR","potentialAction":[{"@type":"CommentAction","name":"Comment","target":["https:\/\/www.oarcanjo.net\/site\/leituras-do-domingo-08052011\/#respond"]}]},{"@type":"WebPage","@id":"https:\/\/www.oarcanjo.net\/site\/leituras-do-domingo-08052011\/","url":"https:\/\/www.oarcanjo.net\/site\/leituras-do-domingo-08052011\/","name":"Leituras do domingo 08\/05\/2011 - O Arcanjo no ar","isPartOf":{"@id":"https:\/\/www.oarcanjo.net\/site\/#website"},"datePublished":"2011-05-09T03:08:39+00:00","dateModified":"2011-05-09T03:58:11+00:00","breadcrumb":{"@id":"https:\/\/www.oarcanjo.net\/site\/leituras-do-domingo-08052011\/#breadcrumb"},"inLanguage":"pt-BR","potentialAction":[{"@type":"ReadAction","target":["https:\/\/www.oarcanjo.net\/site\/leituras-do-domingo-08052011\/"]}]},{"@type":"BreadcrumbList","@id":"https:\/\/www.oarcanjo.net\/site\/leituras-do-domingo-08052011\/#breadcrumb","itemListElement":[{"@type":"ListItem","position":1,"name":"In\u00edcio","item":"https:\/\/www.oarcanjo.net\/site\/"},{"@type":"ListItem","position":2,"name":"Leituras do domingo 08\/05\/2011"}]},{"@type":"WebSite","@id":"https:\/\/www.oarcanjo.net\/site\/#website","url":"https:\/\/www.oarcanjo.net\/site\/","name":"O Arcanjo no ar","description":"Site da Par\u00f3quia S\u00e3o Miguel Arcanjo (Arquidiocese de SP)","publisher":{"@id":"https:\/\/www.oarcanjo.net\/site\/#organization"},"potentialAction":[{"@type":"SearchAction","target":{"@type":"EntryPoint","urlTemplate":"https:\/\/www.oarcanjo.net\/site\/?s={search_term_string}"},"query-input":{"@type":"PropertyValueSpecification","valueRequired":true,"valueName":"search_term_string"}}],"inLanguage":"pt-BR"},{"@type":"Organization","@id":"https:\/\/www.oarcanjo.net\/site\/#organization","name":"Par\u00f3quia S\u00e3o Miguel Arcanjo","url":"https:\/\/www.oarcanjo.net\/site\/","logo":{"@type":"ImageObject","inLanguage":"pt-BR","@id":"https:\/\/www.oarcanjo.net\/site\/#\/schema\/logo\/image\/","url":"https:\/\/www.oarcanjo.net\/site\/wp-content\/uploads\/LogoOArcanjo.png","contentUrl":"https:\/\/www.oarcanjo.net\/site\/wp-content\/uploads\/LogoOArcanjo.png","width":319,"height":99,"caption":"Par\u00f3quia S\u00e3o Miguel Arcanjo"},"image":{"@id":"https:\/\/www.oarcanjo.net\/site\/#\/schema\/logo\/image\/"},"sameAs":["https:\/\/www.facebook.com\/OArcanjoNoAr\/"]},{"@type":"Person","@id":"https:\/\/www.oarcanjo.net\/site\/#\/schema\/person\/f7024d007863202483a31326673a0838","name":"editor","sameAs":["http:\/\/www.oarcanjo.net"]}]}},"publishpress_future_action":{"enabled":false,"date":"2026-05-09 00:28:51","action":"category","newStatus":"draft","terms":[],"taxonomy":"category"},"publishpress_future_workflow_manual_trigger":{"enabledWorkflows":[]},"_links":{"self":[{"href":"https:\/\/www.oarcanjo.net\/site\/wp-json\/wp\/v2\/posts\/14316"}],"collection":[{"href":"https:\/\/www.oarcanjo.net\/site\/wp-json\/wp\/v2\/posts"}],"about":[{"href":"https:\/\/www.oarcanjo.net\/site\/wp-json\/wp\/v2\/types\/post"}],"author":[{"embeddable":true,"href":"https:\/\/www.oarcanjo.net\/site\/wp-json\/wp\/v2\/users\/5"}],"replies":[{"embeddable":true,"href":"https:\/\/www.oarcanjo.net\/site\/wp-json\/wp\/v2\/comments?post=14316"}],"version-history":[{"count":0,"href":"https:\/\/www.oarcanjo.net\/site\/wp-json\/wp\/v2\/posts\/14316\/revisions"}],"wp:attachment":[{"href":"https:\/\/www.oarcanjo.net\/site\/wp-json\/wp\/v2\/media?parent=14316"}],"wp:term":[{"taxonomy":"category","embeddable":true,"href":"https:\/\/www.oarcanjo.net\/site\/wp-json\/wp\/v2\/categories?post=14316"},{"taxonomy":"post_tag","embeddable":true,"href":"https:\/\/www.oarcanjo.net\/site\/wp-json\/wp\/v2\/tags?post=14316"}],"curies":[{"name":"wp","href":"https:\/\/api.w.org\/{rel}","templated":true}]}}