
{"id":14321,"date":"2011-05-09T00:42:59","date_gmt":"2011-05-09T03:42:59","guid":{"rendered":"http:\/\/www.oarcanjo.net\/site\/?p=14321"},"modified":"2011-05-09T00:42:59","modified_gmt":"2011-05-09T03:42:59","slug":"leituras-do-domingo-2205201","status":"publish","type":"post","link":"https:\/\/www.oarcanjo.net\/site\/leituras-do-domingo-2205201\/","title":{"rendered":"Leituras do domingo 22\/05\/201"},"content":{"rendered":"<div>\n<h4>5\u00ba Domingo da P\u00e1scoa<\/h4>\n<p><strong>Primeira leitura (Atos dos Ap\u00f3stolos 6,1-7)<\/strong><\/p>\n<p>Leitura dos Atos dos Ap\u00f3stolos:<\/p>\n<p><sup>1<\/sup>Naqueles dias, o n\u00famero dos disc\u00edpulos tinha aumentado, e os fi\u00e9is de origem grega come\u00e7aram a queixar-se dos fi\u00e9is de origem hebraica. Os de origem grega diziam que suas vi\u00favas eram deixadas de lado no atendimento di\u00e1rio.<br \/>\n<sup>2<\/sup>Ent\u00e3o os Doze Ap\u00f3stolos reuniram a multid\u00e3o dos disc\u00edpulos e disseram: \u201cN\u00e3o est\u00e1 certo que n\u00f3s deixemos a prega\u00e7\u00e3o da Palavra de Deus para servir \u00e0s mesas.\u00a0<sup>3<\/sup>Irm\u00e3os, \u00e9 melhor que escolhais entre v\u00f3s sete homens de boa fama, repletos do Esp\u00edrito e de sabedoria, e n\u00f3s os encarregaremos dessa tarefa.\u00a0<sup>4<\/sup>Desse modo n\u00f3s poderemos dedicar-nos inteiramente \u00e0 ora\u00e7\u00e3o e ao servi\u00e7o da Palavra\u201d.<br \/>\n<sup>5<\/sup>A proposta agradou a toda a multid\u00e3o. Ent\u00e3o escolheram Est\u00eav\u00e3o, homem cheio de f\u00e9 e do Esp\u00edrito Santo; e tamb\u00e9m Filipe, Pr\u00f3coro, Nicanor, Timon, P\u00e1rmenas e Nicolau de Antioquia, um grego que seguia a religi\u00e3o dos judeus.\u00a0<sup>6<\/sup>Eles foram apresentados aos ap\u00f3stolos, que oraram e impuseram as m\u00e3os sobre eles.<br \/>\n<sup>7<\/sup>Entretanto, a Palavra do Senhor se espalhava. O n\u00famero dos disc\u00edpulos crescia muito em Jerusal\u00e9m, e grande multid\u00e3o de sacerdotes judeus aceitava a f\u00e9.<\/p>\n<p><strong>Salmo (Salmos 32)<\/strong><\/p>\n<p>\u2014 Sobre n\u00f3s venha, Senhor, a vossa gra\u00e7a,\/ da mesma forma que em v\u00f3s n\u00f3s esperamos!<br \/>\n<strong>\u2014 Sobre n\u00f3s venha, Senhor, a vossa gra\u00e7a,\/ da mesma forma que em v\u00f3s n\u00f3s esperamos!<\/strong><\/p>\n<p>\u2014 \u00d3 justos, alegrai-vos no Senhor!\/ Aos retos fica bem glorific\u00e1-lo.\/ Dai gra\u00e7as ao Senhor ao som da harpa,\/ na lira de dez cordas celebrai-o!<br \/>\n\u2014 Pois reta \u00e9 a palavra do Senhor,\/ e tudo o que ele faz merece f\u00e9.\/ Deus ama o direito e a justi\u00e7a,\/ transborda em toda a terra a sua gra\u00e7a.<br \/>\n\u2014 O Senhor pousa o olhar sobre os que o temem,\/ e que confiam esperando em seu amor,\/ para da morte libertar as suas vidas\/ e aliment\u00e1-los quando \u00e9 tempo de pen\u00faria.<\/p>\n<p><strong>Segunda leitura (1\u00ba Pedro 2,4-9)<\/strong><\/p>\n<p>Leitura da Primeira Carta de S\u00e3o Pedro:<\/p>\n<p>Car\u00edssimos:\u00a0<sup>4<\/sup>Aproximai-vos do Senhor, pedra viva, rejeitada pelos homens, mas escolhida e honrosa aos olhos de Deus.\u00a0<sup>5<\/sup>Do mesmo modo, tamb\u00e9m v\u00f3s, como pedras vivas, formai um edif\u00edcio espiritual, um sacerd\u00f3cio santo, a fim de oferecerdes sacrif\u00edcios espirituais, agrad\u00e1veis a Deus, por Jesus Cristo.<br \/>\n<sup>6<\/sup>Com efeito, nas Escrituras se l\u00ea: \u201cEis que ponho em Si\u00e3o uma pedra angular, escolhida e magn\u00edfica; quem nela confiar, n\u00e3o ser\u00e1 confundido\u201d.<br \/>\n<sup>7<\/sup>A v\u00f3s, portanto, que tendes f\u00e9, cabe a honra. Mas, para os que n\u00e3o cr\u00eaem, \u201ca pedra que os construtores rejeitaram tornou-se a pedra angular,\u00a0<sup>8<\/sup>pedra de trope\u00e7o e rocha que faz cair\u201d. Nela trope\u00e7am os que n\u00e3o acolhem a Palavra; esse \u00e9 o destino deles.\u00a0<sup>9<\/sup>Mas v\u00f3s sois a ra\u00e7a escolhida, o sacerd\u00f3cio do Reino, a na\u00e7\u00e3o santa, o povo que ele conquistou para proclamar as obras admir\u00e1veis daquele que vos chamou das trevas para a sua luz maravilhosa.<\/p>\n<p><strong>Evangelho (Jo\u00e3o 14,1-12)<\/strong><\/p>\n<p>Naquele tempo, disse Jesus a seus disc\u00edpulos:\u00a0<sup>1<\/sup>\u201dN\u00e3o se perturbe o vosso cora\u00e7\u00e3o. Tendes f\u00e9 em Deus, tende f\u00e9 em mim tamb\u00e9m.\u00a0<sup>2<\/sup>Na casa de meu Pai h\u00e1 muitas moradas. Se assim n\u00e3o fosse, eu vos teria dito. Vou preparar um lugar para v\u00f3s\u00a0<sup>3<\/sup>e, quando eu tiver ido preparar-vos um lugar, voltarei e vos levarei comigo, a fim de que onde eu estiver estejais tamb\u00e9m v\u00f3s.\u00a0<sup>4<\/sup>E, para onde eu vou, v\u00f3s conheceis o caminho\u201d.<br \/>\n<sup>5<\/sup>Tom\u00e9 disse a Jesus: \u201cSenhor, n\u00f3s n\u00e3o sabemos para onde vais. Como podemos conhecer o caminho?\u201d\u00a0<sup>6<\/sup>Jesus respondeu: \u201cEu sou o Caminho, a Verdade e a Vida. Ningu\u00e9m vai ao Pai sen\u00e3o por mim.\u00a0<sup>7<\/sup>Se v\u00f3s me conhec\u00easseis, conhecer\u00edeis tamb\u00e9m o meu Pai. E desde agora o conheceis e o vistes\u201d.<br \/>\n<sup>8<\/sup>Disse Felipe: \u201cSenhor, mostra-nos o Pai, isso nos basta!\u201d\u00a0<sup>9<\/sup>Jesus respondeu: \u201cH\u00e1 tanto tempo estou convosco, e n\u00e3o me conheces, Felipe? Quem me viu, viu o Pai. Como \u00e9 que tu dizes: \u2018Mostra-nos o Pai\u2019?\u00a0<sup>10<\/sup>N\u00e3o acreditas que eu estou no Pai e o Pai est\u00e1 em mim? As palavras que eu vos digo, n\u00e3o as digo por mim mesmo, mas \u00e9 o Pai, que, permanecendo em mim, realiza as suas obras.\u00a0<sup>11<\/sup>Acreditai-me: eu estou no Pai e o Pai est\u00e1 em mim. Acreditai, ao menos, por causa destas mesmas obras.\u00a0<sup>12<\/sup>Em verdade, em verdade vos digo, quem acredita em mim far\u00e1 as obras que eu fa\u00e7o, e far\u00e1 ainda maiores do que estas. Pois eu vou para o Pai\u201d.<\/p>\n<\/div>\n<div id=\"themify_builder_content-14321\" data-postid=\"14321\" class=\"themify_builder_content themify_builder_content-14321 themify_builder themify_builder_front\">\n\t<\/div>\n<!-- \/themify_builder_content -->","protected":false},"excerpt":{"rendered":"<p>5\u00ba Domingo da P\u00e1scoa Primeira leitura (Atos dos Ap\u00f3stolos 6,1-7) Leitura dos Atos dos Ap\u00f3stolos: 1Naqueles dias, o n\u00famero dos disc\u00edpulos tinha aumentado, e os fi\u00e9is de origem grega come\u00e7aram a queixar-se dos fi\u00e9is de origem hebraica. Os de origem grega diziam que suas vi\u00favas eram deixadas de lado no atendimento di\u00e1rio. 2Ent\u00e3o os Doze [&hellip;]<\/p>\n","protected":false},"author":5,"featured_media":0,"comment_status":"open","ping_status":"open","sticky":false,"template":"","format":"standard","meta":{"ngg_post_thumbnail":0,"footnotes":""},"categories":[109],"tags":[3204],"yoast_head":"<!-- This site is optimized with the Yoast SEO plugin v23.5 - https:\/\/yoast.com\/wordpress\/plugins\/seo\/ -->\n<title>Leituras do domingo 22\/05\/201 - O Arcanjo no ar<\/title>\n<meta name=\"robots\" content=\"index, follow, max-snippet:-1, max-image-preview:large, max-video-preview:-1\" \/>\n<link rel=\"canonical\" href=\"https:\/\/www.oarcanjo.net\/site\/leituras-do-domingo-2205201\/\" \/>\n<meta property=\"og:locale\" content=\"pt_BR\" \/>\n<meta property=\"og:type\" content=\"article\" \/>\n<meta property=\"og:title\" content=\"Leituras do domingo 22\/05\/201 - O Arcanjo no ar\" \/>\n<meta property=\"og:description\" content=\"5\u00ba Domingo da P\u00e1scoa Primeira leitura (Atos dos Ap\u00f3stolos 6,1-7) Leitura dos Atos dos Ap\u00f3stolos: 1Naqueles dias, o n\u00famero dos disc\u00edpulos tinha aumentado, e os fi\u00e9is de origem grega come\u00e7aram a queixar-se dos fi\u00e9is de origem hebraica. Os de origem grega diziam que suas vi\u00favas eram deixadas de lado no atendimento di\u00e1rio. 2Ent\u00e3o os Doze [&hellip;]\" \/>\n<meta property=\"og:url\" content=\"https:\/\/www.oarcanjo.net\/site\/leituras-do-domingo-2205201\/\" \/>\n<meta property=\"og:site_name\" content=\"O Arcanjo no ar\" \/>\n<meta property=\"article:publisher\" content=\"https:\/\/www.facebook.com\/OArcanjoNoAr\/\" \/>\n<meta property=\"article:published_time\" content=\"2011-05-09T03:42:59+00:00\" \/>\n<meta property=\"og:image\" content=\"https:\/\/www.oarcanjo.net\/site\/wp-content\/uploads\/logo-o-arcanjo-no-ar-facebook.png\" \/>\n\t<meta property=\"og:image:width\" content=\"300\" \/>\n\t<meta property=\"og:image:height\" content=\"300\" \/>\n\t<meta property=\"og:image:type\" content=\"image\/png\" \/>\n<meta name=\"author\" content=\"editor\" \/>\n<meta name=\"twitter:card\" content=\"summary_large_image\" \/>\n<meta name=\"twitter:label1\" content=\"Escrito por\" \/>\n\t<meta name=\"twitter:data1\" content=\"editor\" \/>\n\t<meta name=\"twitter:label2\" content=\"Est. tempo de leitura\" \/>\n\t<meta name=\"twitter:data2\" content=\"4 minutos\" \/>\n<script type=\"application\/ld+json\" class=\"yoast-schema-graph\">{\"@context\":\"https:\/\/schema.org\",\"@graph\":[{\"@type\":\"Article\",\"@id\":\"https:\/\/www.oarcanjo.net\/site\/leituras-do-domingo-2205201\/#article\",\"isPartOf\":{\"@id\":\"https:\/\/www.oarcanjo.net\/site\/leituras-do-domingo-2205201\/\"},\"author\":{\"name\":\"editor\",\"@id\":\"https:\/\/www.oarcanjo.net\/site\/#\/schema\/person\/f7024d007863202483a31326673a0838\"},\"headline\":\"Leituras do domingo 22\/05\/201\",\"datePublished\":\"2011-05-09T03:42:59+00:00\",\"dateModified\":\"2011-05-09T03:42:59+00:00\",\"mainEntityOfPage\":{\"@id\":\"https:\/\/www.oarcanjo.net\/site\/leituras-do-domingo-2205201\/\"},\"wordCount\":806,\"commentCount\":0,\"publisher\":{\"@id\":\"https:\/\/www.oarcanjo.net\/site\/#organization\"},\"keywords\":[\"Liturgia\"],\"articleSection\":[\"Liturgia\"],\"inLanguage\":\"pt-BR\",\"potentialAction\":[{\"@type\":\"CommentAction\",\"name\":\"Comment\",\"target\":[\"https:\/\/www.oarcanjo.net\/site\/leituras-do-domingo-2205201\/#respond\"]}]},{\"@type\":\"WebPage\",\"@id\":\"https:\/\/www.oarcanjo.net\/site\/leituras-do-domingo-2205201\/\",\"url\":\"https:\/\/www.oarcanjo.net\/site\/leituras-do-domingo-2205201\/\",\"name\":\"Leituras do domingo 22\/05\/201 - O Arcanjo no ar\",\"isPartOf\":{\"@id\":\"https:\/\/www.oarcanjo.net\/site\/#website\"},\"datePublished\":\"2011-05-09T03:42:59+00:00\",\"dateModified\":\"2011-05-09T03:42:59+00:00\",\"breadcrumb\":{\"@id\":\"https:\/\/www.oarcanjo.net\/site\/leituras-do-domingo-2205201\/#breadcrumb\"},\"inLanguage\":\"pt-BR\",\"potentialAction\":[{\"@type\":\"ReadAction\",\"target\":[\"https:\/\/www.oarcanjo.net\/site\/leituras-do-domingo-2205201\/\"]}]},{\"@type\":\"BreadcrumbList\",\"@id\":\"https:\/\/www.oarcanjo.net\/site\/leituras-do-domingo-2205201\/#breadcrumb\",\"itemListElement\":[{\"@type\":\"ListItem\",\"position\":1,\"name\":\"In\u00edcio\",\"item\":\"https:\/\/www.oarcanjo.net\/site\/\"},{\"@type\":\"ListItem\",\"position\":2,\"name\":\"Leituras do domingo 22\/05\/201\"}]},{\"@type\":\"WebSite\",\"@id\":\"https:\/\/www.oarcanjo.net\/site\/#website\",\"url\":\"https:\/\/www.oarcanjo.net\/site\/\",\"name\":\"O Arcanjo no ar\",\"description\":\"Site da Par\u00f3quia S\u00e3o Miguel Arcanjo (Arquidiocese de SP)\",\"publisher\":{\"@id\":\"https:\/\/www.oarcanjo.net\/site\/#organization\"},\"potentialAction\":[{\"@type\":\"SearchAction\",\"target\":{\"@type\":\"EntryPoint\",\"urlTemplate\":\"https:\/\/www.oarcanjo.net\/site\/?s={search_term_string}\"},\"query-input\":{\"@type\":\"PropertyValueSpecification\",\"valueRequired\":true,\"valueName\":\"search_term_string\"}}],\"inLanguage\":\"pt-BR\"},{\"@type\":\"Organization\",\"@id\":\"https:\/\/www.oarcanjo.net\/site\/#organization\",\"name\":\"Par\u00f3quia S\u00e3o Miguel Arcanjo\",\"url\":\"https:\/\/www.oarcanjo.net\/site\/\",\"logo\":{\"@type\":\"ImageObject\",\"inLanguage\":\"pt-BR\",\"@id\":\"https:\/\/www.oarcanjo.net\/site\/#\/schema\/logo\/image\/\",\"url\":\"https:\/\/www.oarcanjo.net\/site\/wp-content\/uploads\/LogoOArcanjo.png\",\"contentUrl\":\"https:\/\/www.oarcanjo.net\/site\/wp-content\/uploads\/LogoOArcanjo.png\",\"width\":319,\"height\":99,\"caption\":\"Par\u00f3quia S\u00e3o Miguel Arcanjo\"},\"image\":{\"@id\":\"https:\/\/www.oarcanjo.net\/site\/#\/schema\/logo\/image\/\"},\"sameAs\":[\"https:\/\/www.facebook.com\/OArcanjoNoAr\/\"]},{\"@type\":\"Person\",\"@id\":\"https:\/\/www.oarcanjo.net\/site\/#\/schema\/person\/f7024d007863202483a31326673a0838\",\"name\":\"editor\",\"sameAs\":[\"http:\/\/www.oarcanjo.net\"]}]}<\/script>\n<!-- \/ Yoast SEO plugin. -->","yoast_head_json":{"title":"Leituras do domingo 22\/05\/201 - O Arcanjo no ar","robots":{"index":"index","follow":"follow","max-snippet":"max-snippet:-1","max-image-preview":"max-image-preview:large","max-video-preview":"max-video-preview:-1"},"canonical":"https:\/\/www.oarcanjo.net\/site\/leituras-do-domingo-2205201\/","og_locale":"pt_BR","og_type":"article","og_title":"Leituras do domingo 22\/05\/201 - O Arcanjo no ar","og_description":"5\u00ba Domingo da P\u00e1scoa Primeira leitura (Atos dos Ap\u00f3stolos 6,1-7) Leitura dos Atos dos Ap\u00f3stolos: 1Naqueles dias, o n\u00famero dos disc\u00edpulos tinha aumentado, e os fi\u00e9is de origem grega come\u00e7aram a queixar-se dos fi\u00e9is de origem hebraica. Os de origem grega diziam que suas vi\u00favas eram deixadas de lado no atendimento di\u00e1rio. 2Ent\u00e3o os Doze [&hellip;]","og_url":"https:\/\/www.oarcanjo.net\/site\/leituras-do-domingo-2205201\/","og_site_name":"O Arcanjo no ar","article_publisher":"https:\/\/www.facebook.com\/OArcanjoNoAr\/","article_published_time":"2011-05-09T03:42:59+00:00","og_image":[{"width":300,"height":300,"url":"https:\/\/www.oarcanjo.net\/site\/wp-content\/uploads\/logo-o-arcanjo-no-ar-facebook.png","type":"image\/png"}],"author":"editor","twitter_card":"summary_large_image","twitter_misc":{"Escrito por":"editor","Est. tempo de leitura":"4 minutos"},"schema":{"@context":"https:\/\/schema.org","@graph":[{"@type":"Article","@id":"https:\/\/www.oarcanjo.net\/site\/leituras-do-domingo-2205201\/#article","isPartOf":{"@id":"https:\/\/www.oarcanjo.net\/site\/leituras-do-domingo-2205201\/"},"author":{"name":"editor","@id":"https:\/\/www.oarcanjo.net\/site\/#\/schema\/person\/f7024d007863202483a31326673a0838"},"headline":"Leituras do domingo 22\/05\/201","datePublished":"2011-05-09T03:42:59+00:00","dateModified":"2011-05-09T03:42:59+00:00","mainEntityOfPage":{"@id":"https:\/\/www.oarcanjo.net\/site\/leituras-do-domingo-2205201\/"},"wordCount":806,"commentCount":0,"publisher":{"@id":"https:\/\/www.oarcanjo.net\/site\/#organization"},"keywords":["Liturgia"],"articleSection":["Liturgia"],"inLanguage":"pt-BR","potentialAction":[{"@type":"CommentAction","name":"Comment","target":["https:\/\/www.oarcanjo.net\/site\/leituras-do-domingo-2205201\/#respond"]}]},{"@type":"WebPage","@id":"https:\/\/www.oarcanjo.net\/site\/leituras-do-domingo-2205201\/","url":"https:\/\/www.oarcanjo.net\/site\/leituras-do-domingo-2205201\/","name":"Leituras do domingo 22\/05\/201 - O Arcanjo no ar","isPartOf":{"@id":"https:\/\/www.oarcanjo.net\/site\/#website"},"datePublished":"2011-05-09T03:42:59+00:00","dateModified":"2011-05-09T03:42:59+00:00","breadcrumb":{"@id":"https:\/\/www.oarcanjo.net\/site\/leituras-do-domingo-2205201\/#breadcrumb"},"inLanguage":"pt-BR","potentialAction":[{"@type":"ReadAction","target":["https:\/\/www.oarcanjo.net\/site\/leituras-do-domingo-2205201\/"]}]},{"@type":"BreadcrumbList","@id":"https:\/\/www.oarcanjo.net\/site\/leituras-do-domingo-2205201\/#breadcrumb","itemListElement":[{"@type":"ListItem","position":1,"name":"In\u00edcio","item":"https:\/\/www.oarcanjo.net\/site\/"},{"@type":"ListItem","position":2,"name":"Leituras do domingo 22\/05\/201"}]},{"@type":"WebSite","@id":"https:\/\/www.oarcanjo.net\/site\/#website","url":"https:\/\/www.oarcanjo.net\/site\/","name":"O Arcanjo no ar","description":"Site da Par\u00f3quia S\u00e3o Miguel Arcanjo (Arquidiocese de SP)","publisher":{"@id":"https:\/\/www.oarcanjo.net\/site\/#organization"},"potentialAction":[{"@type":"SearchAction","target":{"@type":"EntryPoint","urlTemplate":"https:\/\/www.oarcanjo.net\/site\/?s={search_term_string}"},"query-input":{"@type":"PropertyValueSpecification","valueRequired":true,"valueName":"search_term_string"}}],"inLanguage":"pt-BR"},{"@type":"Organization","@id":"https:\/\/www.oarcanjo.net\/site\/#organization","name":"Par\u00f3quia S\u00e3o Miguel Arcanjo","url":"https:\/\/www.oarcanjo.net\/site\/","logo":{"@type":"ImageObject","inLanguage":"pt-BR","@id":"https:\/\/www.oarcanjo.net\/site\/#\/schema\/logo\/image\/","url":"https:\/\/www.oarcanjo.net\/site\/wp-content\/uploads\/LogoOArcanjo.png","contentUrl":"https:\/\/www.oarcanjo.net\/site\/wp-content\/uploads\/LogoOArcanjo.png","width":319,"height":99,"caption":"Par\u00f3quia S\u00e3o Miguel Arcanjo"},"image":{"@id":"https:\/\/www.oarcanjo.net\/site\/#\/schema\/logo\/image\/"},"sameAs":["https:\/\/www.facebook.com\/OArcanjoNoAr\/"]},{"@type":"Person","@id":"https:\/\/www.oarcanjo.net\/site\/#\/schema\/person\/f7024d007863202483a31326673a0838","name":"editor","sameAs":["http:\/\/www.oarcanjo.net"]}]}},"publishpress_future_action":{"enabled":false,"date":"2026-05-09 00:28:05","action":"category","newStatus":"draft","terms":[],"taxonomy":"category"},"publishpress_future_workflow_manual_trigger":{"enabledWorkflows":[]},"_links":{"self":[{"href":"https:\/\/www.oarcanjo.net\/site\/wp-json\/wp\/v2\/posts\/14321"}],"collection":[{"href":"https:\/\/www.oarcanjo.net\/site\/wp-json\/wp\/v2\/posts"}],"about":[{"href":"https:\/\/www.oarcanjo.net\/site\/wp-json\/wp\/v2\/types\/post"}],"author":[{"embeddable":true,"href":"https:\/\/www.oarcanjo.net\/site\/wp-json\/wp\/v2\/users\/5"}],"replies":[{"embeddable":true,"href":"https:\/\/www.oarcanjo.net\/site\/wp-json\/wp\/v2\/comments?post=14321"}],"version-history":[{"count":0,"href":"https:\/\/www.oarcanjo.net\/site\/wp-json\/wp\/v2\/posts\/14321\/revisions"}],"wp:attachment":[{"href":"https:\/\/www.oarcanjo.net\/site\/wp-json\/wp\/v2\/media?parent=14321"}],"wp:term":[{"taxonomy":"category","embeddable":true,"href":"https:\/\/www.oarcanjo.net\/site\/wp-json\/wp\/v2\/categories?post=14321"},{"taxonomy":"post_tag","embeddable":true,"href":"https:\/\/www.oarcanjo.net\/site\/wp-json\/wp\/v2\/tags?post=14321"}],"curies":[{"name":"wp","href":"https:\/\/api.w.org\/{rel}","templated":true}]}}