
{"id":14324,"date":"2011-05-09T00:46:14","date_gmt":"2011-05-09T03:46:14","guid":{"rendered":"http:\/\/www.oarcanjo.net\/site\/?p=14324"},"modified":"2011-05-09T00:46:14","modified_gmt":"2011-05-09T03:46:14","slug":"leituras-do-domingo-29052011","status":"publish","type":"post","link":"https:\/\/www.oarcanjo.net\/site\/leituras-do-domingo-29052011\/","title":{"rendered":"Leituras do domingo 29\/05\/2011"},"content":{"rendered":"<div>\n<h4>6\u00ba Domingo da P\u00e1scoa<\/h4>\n<p><strong>Primeira leitura (Atos dos Ap\u00f3stolos 8,5-8.14-17)<\/strong><\/p>\n<p>Leitura dos Atos dos Ap\u00f3stolos:<\/p>\n<p>Naqueles dias,\u00a0<sup>5<\/sup>Filipe desceu a uma cidade da Samaria e anunciou-lhes o Cristo.\u00a0<sup>6<\/sup>As multid\u00f5es seguiam com aten\u00e7\u00e3o as coisas que Filipe dizia. E todos un\u00e2nimes o escutavam, pois viam os milagres que ele fazia.\u00a0<sup>7<\/sup>De muitos possessos sa\u00edam os esp\u00edritos maus, dando grandes gritos. Numerosos paral\u00edticos e aleijados tamb\u00e9m foram curados.\u00a0<sup>8<\/sup>Era grande a alegria naquela cidade.<br \/>\n<sup>14<\/sup>Os ap\u00f3stolos, que estavam em Jerusal\u00e9m, souberam que a Samaria acolhera a Palavra de Deus, e enviaram l\u00e1 Pedro e Jo\u00e3o.\u00a0<sup>15<\/sup>Chegando ali, oraram pelos habitantes da Samaria, para que recebessem o Esp\u00edrito Santo.\u00a0<sup>16<\/sup>Porque o Esp\u00edrito ainda n\u00e3o viera sobre nenhum deles; apenas tinham recebido o batismo em nome do Senhor Jesus.<br \/>\n<sup>17<\/sup>Pedro e Jo\u00e3o impuseram-lhes as m\u00e3os, e eles receberam o Esp\u00edrito Santo.<\/p>\n<p><strong>Salmo (Salmos 65)<\/strong><\/p>\n<p>\u2014 Aleluia, aleluia, aleluia!<br \/>\n<strong>\u2014 Aleluia, aleluia, aleluia!<\/strong><\/p>\n<p>\u2014 Aclamai o Senhor Deus, \u00f3 terra inteira,\/ cantai salmos a seu nome glorioso,\/ dai a Deus a mais sublime louva\u00e7\u00e3o!\/ Dizei a Deus: \u201cComo s\u00e3o grandes vossas obras!<br \/>\n\u2014 Toda a terra vos adore com respeito\/ e proclame o louvor de vosso nome!\u201d\/ Vinde ver todas as obras do Senhor:\/ seus prod\u00edgios estupendos entre os homens!<br \/>\n\u2014 O mar ele mudou em terra firme,\/ e passaram pelo rio a p\u00e9 enxuto.\/ Exultemos de alegria no Senhor!\/ Ele domina para sempre com poder!<br \/>\n\u2014 Todos v\u00f3s, que a Deus temeis, vinde escutar:\/ vou contar-vos todo bem que ele me fez!\/ Bendito seja o Senhor Deus que me escutou,\/ n\u00e3o rejeitou minha ora\u00e7\u00e3o e meu clamor,\/ nem afastou longe de mim o seu amor!<\/p>\n<p><strong>Segunda leitura (1\u00ba Pedro 3,15-18)<\/strong><\/p>\n<p>Leitura da Primeira Carta de S\u00e3o Pedro:<\/p>\n<p>Car\u00edssimos:\u00a0<sup>15<\/sup>Santificai em vossos cora\u00e7\u00f5es o Senhor Jesus Cristo, e estai sempre prontos a dar raz\u00e3o da vossa esperan\u00e7a a todo aquele que vo-la pedir.<br \/>\n<sup>16<\/sup>Fazei-o, por\u00e9m, com mansid\u00e3o e respeito e com boa consci\u00eancia. Ent\u00e3o, se em alguma coisa fordes difamados, ficar\u00e3o com vergonha aqueles que ultrajam o vosso bom procedimento em Cristo.\u00a0<sup>17<\/sup>Pois ser\u00e1 melhor sofrer praticando o bem, se esta for a vontade de Deus, do que praticando o mal.<br \/>\n<sup>18<\/sup>Com efeito, tamb\u00e9m Cristo morreu, uma vez por todas, por causa dos pecados, o justo, pelos injustos, a fim de nos conduzir a Deus. Sofreu a morte, na sua exist\u00eancia humana, mas recebeu nova vida pelo Esp\u00edrito.<\/p>\n<p><strong>Evangelho (Jo\u00e3o 14,15-21)<\/strong><\/p>\n<p>Naquele tempo, disse Jesus a seus disc\u00edpulos:\u00a0<sup>15<\/sup>Se me amais, guardareis os meus mandamentos,\u00a0<sup>16<\/sup>e eu rogarei ao Pai, e ele vos dar\u00e1 um outro Defensor, para que permane\u00e7a sempre convosco:\u00a0<sup>17<\/sup>o Esp\u00edrito da Verdade, que o mundo n\u00e3o \u00e9 capaz de receber, porque n\u00e3o o v\u00ea nem o conhece. V\u00f3s o conheceis, porque ele permanece junto de v\u00f3s e estar\u00e1 dentro de v\u00f3s.\u00a0<sup>18<\/sup>N\u00e3o vos deixarei \u00f3rf\u00e3os. Eu virei a v\u00f3s.\u00a0<sup>19<\/sup>Pouco tempo ainda, e o mundo n\u00e3o mais me ver\u00e1, mas v\u00f3s me vereis, porque eu vivo e v\u00f3s vivereis.\u00a0<sup>20<\/sup>Naquele dia sabereis que eu estou no meu Pai e v\u00f3s em mim e eu em v\u00f3s.\u00a0<sup>21<\/sup>Quem acolheu os meus mandamentos e os observa, esse me ama. Ora, quem me ama ser\u00e1 amado por meu Pai, e eu o amarei e me manifestarei a ele.<\/p>\n<\/div>\n<div id=\"themify_builder_content-14324\" data-postid=\"14324\" class=\"themify_builder_content themify_builder_content-14324 themify_builder themify_builder_front\">\n\t<\/div>\n<!-- \/themify_builder_content -->","protected":false},"excerpt":{"rendered":"<p>6\u00ba Domingo da P\u00e1scoa Primeira leitura (Atos dos Ap\u00f3stolos 8,5-8.14-17) Leitura dos Atos dos Ap\u00f3stolos: Naqueles dias,\u00a05Filipe desceu a uma cidade da Samaria e anunciou-lhes o Cristo.\u00a06As multid\u00f5es seguiam com aten\u00e7\u00e3o as coisas que Filipe dizia. E todos un\u00e2nimes o escutavam, pois viam os milagres que ele fazia.\u00a07De muitos possessos sa\u00edam os esp\u00edritos maus, dando [&hellip;]<\/p>\n","protected":false},"author":5,"featured_media":0,"comment_status":"open","ping_status":"open","sticky":false,"template":"","format":"standard","meta":{"ngg_post_thumbnail":0,"footnotes":""},"categories":[109],"tags":[3204],"yoast_head":"<!-- This site is optimized with the Yoast SEO plugin v23.5 - https:\/\/yoast.com\/wordpress\/plugins\/seo\/ -->\n<title>Leituras do domingo 29\/05\/2011 - O Arcanjo no ar<\/title>\n<meta name=\"robots\" content=\"index, follow, max-snippet:-1, max-image-preview:large, max-video-preview:-1\" \/>\n<link rel=\"canonical\" href=\"https:\/\/www.oarcanjo.net\/site\/leituras-do-domingo-29052011\/\" \/>\n<meta property=\"og:locale\" content=\"pt_BR\" \/>\n<meta property=\"og:type\" content=\"article\" \/>\n<meta property=\"og:title\" content=\"Leituras do domingo 29\/05\/2011 - O Arcanjo no ar\" \/>\n<meta property=\"og:description\" content=\"6\u00ba Domingo da P\u00e1scoa Primeira leitura (Atos dos Ap\u00f3stolos 8,5-8.14-17) Leitura dos Atos dos Ap\u00f3stolos: Naqueles dias,\u00a05Filipe desceu a uma cidade da Samaria e anunciou-lhes o Cristo.\u00a06As multid\u00f5es seguiam com aten\u00e7\u00e3o as coisas que Filipe dizia. E todos un\u00e2nimes o escutavam, pois viam os milagres que ele fazia.\u00a07De muitos possessos sa\u00edam os esp\u00edritos maus, dando [&hellip;]\" \/>\n<meta property=\"og:url\" content=\"https:\/\/www.oarcanjo.net\/site\/leituras-do-domingo-29052011\/\" \/>\n<meta property=\"og:site_name\" content=\"O Arcanjo no ar\" \/>\n<meta property=\"article:publisher\" content=\"https:\/\/www.facebook.com\/OArcanjoNoAr\/\" \/>\n<meta property=\"article:published_time\" content=\"2011-05-09T03:46:14+00:00\" \/>\n<meta property=\"og:image\" content=\"https:\/\/www.oarcanjo.net\/site\/wp-content\/uploads\/logo-o-arcanjo-no-ar-facebook.png\" \/>\n\t<meta property=\"og:image:width\" content=\"300\" \/>\n\t<meta property=\"og:image:height\" content=\"300\" \/>\n\t<meta property=\"og:image:type\" content=\"image\/png\" \/>\n<meta name=\"author\" content=\"editor\" \/>\n<meta name=\"twitter:card\" content=\"summary_large_image\" \/>\n<meta name=\"twitter:label1\" content=\"Escrito por\" \/>\n\t<meta name=\"twitter:data1\" content=\"editor\" \/>\n\t<meta name=\"twitter:label2\" content=\"Est. tempo de leitura\" \/>\n\t<meta name=\"twitter:data2\" content=\"3 minutos\" \/>\n<script type=\"application\/ld+json\" class=\"yoast-schema-graph\">{\"@context\":\"https:\/\/schema.org\",\"@graph\":[{\"@type\":\"Article\",\"@id\":\"https:\/\/www.oarcanjo.net\/site\/leituras-do-domingo-29052011\/#article\",\"isPartOf\":{\"@id\":\"https:\/\/www.oarcanjo.net\/site\/leituras-do-domingo-29052011\/\"},\"author\":{\"name\":\"editor\",\"@id\":\"https:\/\/www.oarcanjo.net\/site\/#\/schema\/person\/f7024d007863202483a31326673a0838\"},\"headline\":\"Leituras do domingo 29\/05\/2011\",\"datePublished\":\"2011-05-09T03:46:14+00:00\",\"dateModified\":\"2011-05-09T03:46:14+00:00\",\"mainEntityOfPage\":{\"@id\":\"https:\/\/www.oarcanjo.net\/site\/leituras-do-domingo-29052011\/\"},\"wordCount\":583,\"commentCount\":0,\"publisher\":{\"@id\":\"https:\/\/www.oarcanjo.net\/site\/#organization\"},\"keywords\":[\"Liturgia\"],\"articleSection\":[\"Liturgia\"],\"inLanguage\":\"pt-BR\",\"potentialAction\":[{\"@type\":\"CommentAction\",\"name\":\"Comment\",\"target\":[\"https:\/\/www.oarcanjo.net\/site\/leituras-do-domingo-29052011\/#respond\"]}]},{\"@type\":\"WebPage\",\"@id\":\"https:\/\/www.oarcanjo.net\/site\/leituras-do-domingo-29052011\/\",\"url\":\"https:\/\/www.oarcanjo.net\/site\/leituras-do-domingo-29052011\/\",\"name\":\"Leituras do domingo 29\/05\/2011 - O Arcanjo no ar\",\"isPartOf\":{\"@id\":\"https:\/\/www.oarcanjo.net\/site\/#website\"},\"datePublished\":\"2011-05-09T03:46:14+00:00\",\"dateModified\":\"2011-05-09T03:46:14+00:00\",\"breadcrumb\":{\"@id\":\"https:\/\/www.oarcanjo.net\/site\/leituras-do-domingo-29052011\/#breadcrumb\"},\"inLanguage\":\"pt-BR\",\"potentialAction\":[{\"@type\":\"ReadAction\",\"target\":[\"https:\/\/www.oarcanjo.net\/site\/leituras-do-domingo-29052011\/\"]}]},{\"@type\":\"BreadcrumbList\",\"@id\":\"https:\/\/www.oarcanjo.net\/site\/leituras-do-domingo-29052011\/#breadcrumb\",\"itemListElement\":[{\"@type\":\"ListItem\",\"position\":1,\"name\":\"In\u00edcio\",\"item\":\"https:\/\/www.oarcanjo.net\/site\/\"},{\"@type\":\"ListItem\",\"position\":2,\"name\":\"Leituras do domingo 29\/05\/2011\"}]},{\"@type\":\"WebSite\",\"@id\":\"https:\/\/www.oarcanjo.net\/site\/#website\",\"url\":\"https:\/\/www.oarcanjo.net\/site\/\",\"name\":\"O Arcanjo no ar\",\"description\":\"Site da Par\u00f3quia S\u00e3o Miguel Arcanjo (Arquidiocese de SP)\",\"publisher\":{\"@id\":\"https:\/\/www.oarcanjo.net\/site\/#organization\"},\"potentialAction\":[{\"@type\":\"SearchAction\",\"target\":{\"@type\":\"EntryPoint\",\"urlTemplate\":\"https:\/\/www.oarcanjo.net\/site\/?s={search_term_string}\"},\"query-input\":{\"@type\":\"PropertyValueSpecification\",\"valueRequired\":true,\"valueName\":\"search_term_string\"}}],\"inLanguage\":\"pt-BR\"},{\"@type\":\"Organization\",\"@id\":\"https:\/\/www.oarcanjo.net\/site\/#organization\",\"name\":\"Par\u00f3quia S\u00e3o Miguel Arcanjo\",\"url\":\"https:\/\/www.oarcanjo.net\/site\/\",\"logo\":{\"@type\":\"ImageObject\",\"inLanguage\":\"pt-BR\",\"@id\":\"https:\/\/www.oarcanjo.net\/site\/#\/schema\/logo\/image\/\",\"url\":\"https:\/\/www.oarcanjo.net\/site\/wp-content\/uploads\/LogoOArcanjo.png\",\"contentUrl\":\"https:\/\/www.oarcanjo.net\/site\/wp-content\/uploads\/LogoOArcanjo.png\",\"width\":319,\"height\":99,\"caption\":\"Par\u00f3quia S\u00e3o Miguel Arcanjo\"},\"image\":{\"@id\":\"https:\/\/www.oarcanjo.net\/site\/#\/schema\/logo\/image\/\"},\"sameAs\":[\"https:\/\/www.facebook.com\/OArcanjoNoAr\/\"]},{\"@type\":\"Person\",\"@id\":\"https:\/\/www.oarcanjo.net\/site\/#\/schema\/person\/f7024d007863202483a31326673a0838\",\"name\":\"editor\",\"sameAs\":[\"http:\/\/www.oarcanjo.net\"]}]}<\/script>\n<!-- \/ Yoast SEO plugin. -->","yoast_head_json":{"title":"Leituras do domingo 29\/05\/2011 - O Arcanjo no ar","robots":{"index":"index","follow":"follow","max-snippet":"max-snippet:-1","max-image-preview":"max-image-preview:large","max-video-preview":"max-video-preview:-1"},"canonical":"https:\/\/www.oarcanjo.net\/site\/leituras-do-domingo-29052011\/","og_locale":"pt_BR","og_type":"article","og_title":"Leituras do domingo 29\/05\/2011 - O Arcanjo no ar","og_description":"6\u00ba Domingo da P\u00e1scoa Primeira leitura (Atos dos Ap\u00f3stolos 8,5-8.14-17) Leitura dos Atos dos Ap\u00f3stolos: Naqueles dias,\u00a05Filipe desceu a uma cidade da Samaria e anunciou-lhes o Cristo.\u00a06As multid\u00f5es seguiam com aten\u00e7\u00e3o as coisas que Filipe dizia. E todos un\u00e2nimes o escutavam, pois viam os milagres que ele fazia.\u00a07De muitos possessos sa\u00edam os esp\u00edritos maus, dando [&hellip;]","og_url":"https:\/\/www.oarcanjo.net\/site\/leituras-do-domingo-29052011\/","og_site_name":"O Arcanjo no ar","article_publisher":"https:\/\/www.facebook.com\/OArcanjoNoAr\/","article_published_time":"2011-05-09T03:46:14+00:00","og_image":[{"width":300,"height":300,"url":"https:\/\/www.oarcanjo.net\/site\/wp-content\/uploads\/logo-o-arcanjo-no-ar-facebook.png","type":"image\/png"}],"author":"editor","twitter_card":"summary_large_image","twitter_misc":{"Escrito por":"editor","Est. tempo de leitura":"3 minutos"},"schema":{"@context":"https:\/\/schema.org","@graph":[{"@type":"Article","@id":"https:\/\/www.oarcanjo.net\/site\/leituras-do-domingo-29052011\/#article","isPartOf":{"@id":"https:\/\/www.oarcanjo.net\/site\/leituras-do-domingo-29052011\/"},"author":{"name":"editor","@id":"https:\/\/www.oarcanjo.net\/site\/#\/schema\/person\/f7024d007863202483a31326673a0838"},"headline":"Leituras do domingo 29\/05\/2011","datePublished":"2011-05-09T03:46:14+00:00","dateModified":"2011-05-09T03:46:14+00:00","mainEntityOfPage":{"@id":"https:\/\/www.oarcanjo.net\/site\/leituras-do-domingo-29052011\/"},"wordCount":583,"commentCount":0,"publisher":{"@id":"https:\/\/www.oarcanjo.net\/site\/#organization"},"keywords":["Liturgia"],"articleSection":["Liturgia"],"inLanguage":"pt-BR","potentialAction":[{"@type":"CommentAction","name":"Comment","target":["https:\/\/www.oarcanjo.net\/site\/leituras-do-domingo-29052011\/#respond"]}]},{"@type":"WebPage","@id":"https:\/\/www.oarcanjo.net\/site\/leituras-do-domingo-29052011\/","url":"https:\/\/www.oarcanjo.net\/site\/leituras-do-domingo-29052011\/","name":"Leituras do domingo 29\/05\/2011 - O Arcanjo no ar","isPartOf":{"@id":"https:\/\/www.oarcanjo.net\/site\/#website"},"datePublished":"2011-05-09T03:46:14+00:00","dateModified":"2011-05-09T03:46:14+00:00","breadcrumb":{"@id":"https:\/\/www.oarcanjo.net\/site\/leituras-do-domingo-29052011\/#breadcrumb"},"inLanguage":"pt-BR","potentialAction":[{"@type":"ReadAction","target":["https:\/\/www.oarcanjo.net\/site\/leituras-do-domingo-29052011\/"]}]},{"@type":"BreadcrumbList","@id":"https:\/\/www.oarcanjo.net\/site\/leituras-do-domingo-29052011\/#breadcrumb","itemListElement":[{"@type":"ListItem","position":1,"name":"In\u00edcio","item":"https:\/\/www.oarcanjo.net\/site\/"},{"@type":"ListItem","position":2,"name":"Leituras do domingo 29\/05\/2011"}]},{"@type":"WebSite","@id":"https:\/\/www.oarcanjo.net\/site\/#website","url":"https:\/\/www.oarcanjo.net\/site\/","name":"O Arcanjo no ar","description":"Site da Par\u00f3quia S\u00e3o Miguel Arcanjo (Arquidiocese de SP)","publisher":{"@id":"https:\/\/www.oarcanjo.net\/site\/#organization"},"potentialAction":[{"@type":"SearchAction","target":{"@type":"EntryPoint","urlTemplate":"https:\/\/www.oarcanjo.net\/site\/?s={search_term_string}"},"query-input":{"@type":"PropertyValueSpecification","valueRequired":true,"valueName":"search_term_string"}}],"inLanguage":"pt-BR"},{"@type":"Organization","@id":"https:\/\/www.oarcanjo.net\/site\/#organization","name":"Par\u00f3quia S\u00e3o Miguel Arcanjo","url":"https:\/\/www.oarcanjo.net\/site\/","logo":{"@type":"ImageObject","inLanguage":"pt-BR","@id":"https:\/\/www.oarcanjo.net\/site\/#\/schema\/logo\/image\/","url":"https:\/\/www.oarcanjo.net\/site\/wp-content\/uploads\/LogoOArcanjo.png","contentUrl":"https:\/\/www.oarcanjo.net\/site\/wp-content\/uploads\/LogoOArcanjo.png","width":319,"height":99,"caption":"Par\u00f3quia S\u00e3o Miguel Arcanjo"},"image":{"@id":"https:\/\/www.oarcanjo.net\/site\/#\/schema\/logo\/image\/"},"sameAs":["https:\/\/www.facebook.com\/OArcanjoNoAr\/"]},{"@type":"Person","@id":"https:\/\/www.oarcanjo.net\/site\/#\/schema\/person\/f7024d007863202483a31326673a0838","name":"editor","sameAs":["http:\/\/www.oarcanjo.net"]}]}},"publishpress_future_action":{"enabled":false,"date":"2026-05-09 00:28:52","action":"category","newStatus":"draft","terms":[],"taxonomy":"category"},"publishpress_future_workflow_manual_trigger":{"enabledWorkflows":[]},"_links":{"self":[{"href":"https:\/\/www.oarcanjo.net\/site\/wp-json\/wp\/v2\/posts\/14324"}],"collection":[{"href":"https:\/\/www.oarcanjo.net\/site\/wp-json\/wp\/v2\/posts"}],"about":[{"href":"https:\/\/www.oarcanjo.net\/site\/wp-json\/wp\/v2\/types\/post"}],"author":[{"embeddable":true,"href":"https:\/\/www.oarcanjo.net\/site\/wp-json\/wp\/v2\/users\/5"}],"replies":[{"embeddable":true,"href":"https:\/\/www.oarcanjo.net\/site\/wp-json\/wp\/v2\/comments?post=14324"}],"version-history":[{"count":0,"href":"https:\/\/www.oarcanjo.net\/site\/wp-json\/wp\/v2\/posts\/14324\/revisions"}],"wp:attachment":[{"href":"https:\/\/www.oarcanjo.net\/site\/wp-json\/wp\/v2\/media?parent=14324"}],"wp:term":[{"taxonomy":"category","embeddable":true,"href":"https:\/\/www.oarcanjo.net\/site\/wp-json\/wp\/v2\/categories?post=14324"},{"taxonomy":"post_tag","embeddable":true,"href":"https:\/\/www.oarcanjo.net\/site\/wp-json\/wp\/v2\/tags?post=14324"}],"curies":[{"name":"wp","href":"https:\/\/api.w.org\/{rel}","templated":true}]}}