
{"id":14480,"date":"2011-05-13T23:37:11","date_gmt":"2011-05-14T02:37:11","guid":{"rendered":"http:\/\/www.oarcanjo.net\/site\/?p=14480"},"modified":"2011-05-17T02:40:11","modified_gmt":"2011-05-17T05:40:11","slug":"missa-de-nossa-senhora-de-fatima-procissao","status":"publish","type":"post","link":"https:\/\/www.oarcanjo.net\/site\/missa-de-nossa-senhora-de-fatima-procissao\/","title":{"rendered":"Missa de Nossa Senhora de F\u00e1tima come\u00e7a com prociss\u00e3o"},"content":{"rendered":"<p style=\"text-align: justify;\">Neste 13 de maio de 2011, a comunidade S\u00e3o Miguel Arcanjo celebrou a festa de Nossa Senhora de F\u00e1tima, com prociss\u00e3o de carros da Igreja at\u00e9 a Capela da Universidade S\u00e3o Judas Tadeu, onde ocorreu a celebra\u00e7\u00e3o eucar\u00edstica.<\/p>\n<p style=\"text-align: justify;\">A prociss\u00e3o de carros percorreu as ruas do bairro, possibilitando que os novos moradores compartilhassem esse momento de profunda f\u00e9. Na Capela da Universidade S\u00e3o Judas, a chegada do andor e o encerramento da prociss\u00e3o, com tr\u00eas crian\u00e7as acompanhando e nos fazendo lembrar dos pastorinhos de F\u00e1tima em Portugal.<\/p>\n<p style=\"text-align: justify;\">O Padre J\u00falio Lancellotti salientou a imagem de Nossa Senhora de F\u00e1tima no vitral da Capela, como homenagem \u00e0 comunidade portuguesa da Zona Leste de S\u00e3o Paulo.<\/p>\n<p style=\"text-align: justify;\">Acentuou que Nossa Senhora nos coloca como mediadores de conflito ante os desafios que se apresentam, especialmente neste per\u00edodo. Lembramos da liberta\u00e7\u00e3o dos escravos, mas tamb\u00e9m a fragilidade da sa\u00fade e o sofrimento de pessoas queridas, como a Ang\u00e9lica e \u00a0a Maria Ang\u00e9lica da Casa Vida.<\/p>\n<p style=\"text-align: justify;\">Pedimos a Nossa Senhora para pacificar nossas ang\u00fastias.<\/p>\n<p style=\"text-align: justify;\">Cantamos muito:<\/p>\n<p style=\"text-align: justify;\"><em>\u201c\u00c0 tr\u00eas pastorinhos, cercada de luz, visita Maria, a m\u00e3e de Jesus<\/em><\/p>\n<p style=\"text-align: justify;\"><em>&#8230;<\/em><\/p>\n<p style=\"text-align: justify;\"><em>Quando a tristeza invadir nosso ser, a vida o sentido perder: ensina-nos Maria, a fazer o que Ele disser\u201d<\/em><\/p>\n<p style=\"text-align: justify;\">Muita emo\u00e7\u00e3o na consagra\u00e7\u00e3o \u00e0 Nossa Senhora.\u00a0As velas acesas, iluminando a imagem de Nossa Senhora, foram aben\u00e7oadas.<\/p>\n<p style=\"text-align: justify;\">Doce Cora\u00e7\u00e3o de Maria. Sede a nossa salva\u00e7\u00e3o.<\/p>\n<p style=\"text-align: justify;\">Durante a celebra\u00e7\u00e3o, como exemplo de devo\u00e7\u00e3o \u00e0 Nossa Senhora de F\u00e1tima, acompanhamos um jovem rapaz que fez o \u201cTratado de Escravid\u00e3o\u201d \u00e0 Nossa Senhora. Diante da imagem, leu o documento de juramento e devo\u00e7\u00e3o. Ao final, muito emocionado ao lado da sua esposa, recebeu a medalha de nossa senhora, a qual carregar\u00e1 por toda a sua vida.<\/p>\n<p style=\"text-align: justify;\">O <em>Tratado da verdadeira devo\u00e7\u00e3o a Nossa Senhora<\/em>, em que S\u00e3o Lu\u00eds Maria Grignion de Montfort, admir\u00e1vel mission\u00e1rio franc\u00eas do s\u00e9culo XVIII, ensina a escravid\u00e3o volunt\u00e1ria \u00e0 Sant\u00edssima Virgem.<\/p>\n<p style=\"text-align: justify;\">S\u00e3o Lu\u00eds Maria Grignion de Montfort afirma que devemos fazer todas as coisas \u201ccom Maria, em Maria e por Maria\u201d.<\/p>\n<p style=\"text-align: justify;\"><em>\u201d\u00c9 mister fazer todas as a\u00e7\u00f5es com Maria, isto \u00e9, em todas a\u00e7\u00f5es olhar Maria como modelo acabado de todas as virtudes e perfei\u00e7\u00f5es que o Esp\u00edrito Santo formou numa pura criatura, e imit\u00e1-lo na medida de nossa capacidade. Cumpre, portanto, que em cada a\u00e7\u00e3o consideremos como Maria fez ou faria se estivesse em nosso lugar. Devemos por isso examinar e meditar as grandes virtudes que Ela praticou durante a vida, especialmente:<\/em><em><\/em><\/p>\n<p style=\"text-align: justify;\"><em>1\u00ba) Sua f\u00e9 viva pela qual creu fiel e constantemente at\u00e9 o p\u00e9 da cruz sobre o calv\u00e1rio; <\/em><\/p>\n<p style=\"text-align: justify;\"><em>2\u00ba)\u00a0Sua humildade profunda que A levou a esconder-se e calar-se e submeter-se a tudo, e a colocar-se em \u00faltimo lugar;<\/em><\/p>\n<p style=\"text-align: justify;\"><em>3\u00ba)\u00a0Sua pureza divinal que jamais teve nem ter\u00e1 semelhante sob o c\u00e9u e, por fim, todas as outras virtudes.<\/em><em><\/em><\/p>\n<p style=\"text-align: justify;\"><em>Lembrai-vos, repito em uma segunda vez, que Maria \u00e9 o grande e \u00fanico molde de Deus, pr\u00f3prio para fazer imagens vivas de Deus, com pouca despesa e com pouco tempo. E que uma alma que encontrou este molde e que nele se perde, fica em breve inundada em Jesus Cristo a\u00ed representado ao natural.\u201d <\/em><\/p>\n<p style=\"text-align: justify;\"><em>(S\u00e3o Lu\u00eds Maria Montfort)<\/em><em><\/em><\/p>\n<p style=\"text-align: justify;\">Veja algumas fotos por Carlos A. Beatriz<\/p>\nngg_shortcode_0_placeholder\n<p>E por Wanderley Oliveira<\/p>\nngg_shortcode_1_placeholder\n<div id=\"themify_builder_content-14480\" data-postid=\"14480\" class=\"themify_builder_content themify_builder_content-14480 themify_builder themify_builder_front\">\n\t<\/div>\n<!-- \/themify_builder_content -->","protected":false},"excerpt":{"rendered":"<p>Neste 13 de maio de 2011, a comunidade S\u00e3o Miguel Arcanjo celebrou a festa de Nossa Senhora de F\u00e1tima, com prociss\u00e3o de carros da Igreja at\u00e9 a Capela da Universidade S\u00e3o Judas Tadeu, onde ocorreu a celebra\u00e7\u00e3o eucar\u00edstica. A prociss\u00e3o de carros percorreu as ruas do bairro, possibilitando que os novos moradores compartilhassem esse momento [&hellip;]<\/p>\n","protected":false},"author":10,"featured_media":0,"comment_status":"open","ping_status":"open","sticky":false,"template":"","format":"standard","meta":{"ngg_post_thumbnail":0,"footnotes":""},"categories":[8,7],"tags":[1923,627,1924,1925,455],"yoast_head":"<!-- This site is optimized with the Yoast SEO plugin v23.5 - https:\/\/yoast.com\/wordpress\/plugins\/seo\/ -->\n<title>Missa de Nossa Senhora de F\u00e1tima come\u00e7a com prociss\u00e3o - O Arcanjo no ar<\/title>\n<meta name=\"robots\" content=\"index, follow, max-snippet:-1, max-image-preview:large, max-video-preview:-1\" \/>\n<link rel=\"canonical\" href=\"https:\/\/www.oarcanjo.net\/site\/missa-de-nossa-senhora-de-fatima-procissao\/\" \/>\n<meta property=\"og:locale\" content=\"pt_BR\" \/>\n<meta property=\"og:type\" content=\"article\" \/>\n<meta property=\"og:title\" content=\"Missa de Nossa Senhora de F\u00e1tima come\u00e7a com prociss\u00e3o - O Arcanjo no ar\" \/>\n<meta property=\"og:description\" content=\"Neste 13 de maio de 2011, a comunidade S\u00e3o Miguel Arcanjo celebrou a festa de Nossa Senhora de F\u00e1tima, com prociss\u00e3o de carros da Igreja at\u00e9 a Capela da Universidade S\u00e3o Judas Tadeu, onde ocorreu a celebra\u00e7\u00e3o eucar\u00edstica. A prociss\u00e3o de carros percorreu as ruas do bairro, possibilitando que os novos moradores compartilhassem esse momento [&hellip;]\" \/>\n<meta property=\"og:url\" content=\"https:\/\/www.oarcanjo.net\/site\/missa-de-nossa-senhora-de-fatima-procissao\/\" \/>\n<meta property=\"og:site_name\" content=\"O Arcanjo no ar\" \/>\n<meta property=\"article:publisher\" content=\"https:\/\/www.facebook.com\/OArcanjoNoAr\/\" \/>\n<meta property=\"article:published_time\" content=\"2011-05-14T02:37:11+00:00\" \/>\n<meta property=\"article:modified_time\" content=\"2011-05-17T05:40:11+00:00\" \/>\n<meta property=\"og:image\" content=\"https:\/\/www.oarcanjo.net\/site\/wp-content\/uploads\/logo-o-arcanjo-no-ar-facebook.png\" \/>\n\t<meta property=\"og:image:width\" content=\"300\" \/>\n\t<meta property=\"og:image:height\" content=\"300\" \/>\n\t<meta property=\"og:image:type\" content=\"image\/png\" \/>\n<meta name=\"author\" content=\"carlos\" \/>\n<meta name=\"twitter:card\" content=\"summary_large_image\" \/>\n<meta name=\"twitter:label1\" content=\"Escrito por\" \/>\n\t<meta name=\"twitter:data1\" content=\"carlos\" \/>\n\t<meta name=\"twitter:label2\" content=\"Est. tempo de leitura\" \/>\n\t<meta name=\"twitter:data2\" content=\"3 minutos\" \/>\n<script type=\"application\/ld+json\" class=\"yoast-schema-graph\">{\"@context\":\"https:\/\/schema.org\",\"@graph\":[{\"@type\":\"Article\",\"@id\":\"https:\/\/www.oarcanjo.net\/site\/missa-de-nossa-senhora-de-fatima-procissao\/#article\",\"isPartOf\":{\"@id\":\"https:\/\/www.oarcanjo.net\/site\/missa-de-nossa-senhora-de-fatima-procissao\/\"},\"author\":{\"name\":\"carlos\",\"@id\":\"https:\/\/www.oarcanjo.net\/site\/#\/schema\/person\/f7870e710d8c8c30673de3a0ac2e451d\"},\"headline\":\"Missa de Nossa Senhora de F\u00e1tima come\u00e7a com prociss\u00e3o\",\"datePublished\":\"2011-05-14T02:37:11+00:00\",\"dateModified\":\"2011-05-17T05:40:11+00:00\",\"mainEntityOfPage\":{\"@id\":\"https:\/\/www.oarcanjo.net\/site\/missa-de-nossa-senhora-de-fatima-procissao\/\"},\"wordCount\":593,\"commentCount\":2,\"publisher\":{\"@id\":\"https:\/\/www.oarcanjo.net\/site\/#organization\"},\"keywords\":[\"Comunidade portuguesa\",\"Nossa Senhora de Fatima\",\"Pastorinhos\",\"Portugal\",\"prociss\u00e3o\"],\"articleSection\":[\"Not\u00edcias\",\"Rosto da comunidade\"],\"inLanguage\":\"pt-BR\",\"potentialAction\":[{\"@type\":\"CommentAction\",\"name\":\"Comment\",\"target\":[\"https:\/\/www.oarcanjo.net\/site\/missa-de-nossa-senhora-de-fatima-procissao\/#respond\"]}]},{\"@type\":\"WebPage\",\"@id\":\"https:\/\/www.oarcanjo.net\/site\/missa-de-nossa-senhora-de-fatima-procissao\/\",\"url\":\"https:\/\/www.oarcanjo.net\/site\/missa-de-nossa-senhora-de-fatima-procissao\/\",\"name\":\"Missa de Nossa Senhora de F\u00e1tima come\u00e7a com prociss\u00e3o - O Arcanjo no ar\",\"isPartOf\":{\"@id\":\"https:\/\/www.oarcanjo.net\/site\/#website\"},\"datePublished\":\"2011-05-14T02:37:11+00:00\",\"dateModified\":\"2011-05-17T05:40:11+00:00\",\"breadcrumb\":{\"@id\":\"https:\/\/www.oarcanjo.net\/site\/missa-de-nossa-senhora-de-fatima-procissao\/#breadcrumb\"},\"inLanguage\":\"pt-BR\",\"potentialAction\":[{\"@type\":\"ReadAction\",\"target\":[\"https:\/\/www.oarcanjo.net\/site\/missa-de-nossa-senhora-de-fatima-procissao\/\"]}]},{\"@type\":\"BreadcrumbList\",\"@id\":\"https:\/\/www.oarcanjo.net\/site\/missa-de-nossa-senhora-de-fatima-procissao\/#breadcrumb\",\"itemListElement\":[{\"@type\":\"ListItem\",\"position\":1,\"name\":\"In\u00edcio\",\"item\":\"https:\/\/www.oarcanjo.net\/site\/\"},{\"@type\":\"ListItem\",\"position\":2,\"name\":\"Missa de Nossa Senhora de F\u00e1tima come\u00e7a com prociss\u00e3o\"}]},{\"@type\":\"WebSite\",\"@id\":\"https:\/\/www.oarcanjo.net\/site\/#website\",\"url\":\"https:\/\/www.oarcanjo.net\/site\/\",\"name\":\"O Arcanjo no ar\",\"description\":\"Site da Par\u00f3quia S\u00e3o Miguel Arcanjo (Arquidiocese de SP)\",\"publisher\":{\"@id\":\"https:\/\/www.oarcanjo.net\/site\/#organization\"},\"potentialAction\":[{\"@type\":\"SearchAction\",\"target\":{\"@type\":\"EntryPoint\",\"urlTemplate\":\"https:\/\/www.oarcanjo.net\/site\/?s={search_term_string}\"},\"query-input\":{\"@type\":\"PropertyValueSpecification\",\"valueRequired\":true,\"valueName\":\"search_term_string\"}}],\"inLanguage\":\"pt-BR\"},{\"@type\":\"Organization\",\"@id\":\"https:\/\/www.oarcanjo.net\/site\/#organization\",\"name\":\"Par\u00f3quia S\u00e3o Miguel Arcanjo\",\"url\":\"https:\/\/www.oarcanjo.net\/site\/\",\"logo\":{\"@type\":\"ImageObject\",\"inLanguage\":\"pt-BR\",\"@id\":\"https:\/\/www.oarcanjo.net\/site\/#\/schema\/logo\/image\/\",\"url\":\"https:\/\/www.oarcanjo.net\/site\/wp-content\/uploads\/LogoOArcanjo.png\",\"contentUrl\":\"https:\/\/www.oarcanjo.net\/site\/wp-content\/uploads\/LogoOArcanjo.png\",\"width\":319,\"height\":99,\"caption\":\"Par\u00f3quia S\u00e3o Miguel Arcanjo\"},\"image\":{\"@id\":\"https:\/\/www.oarcanjo.net\/site\/#\/schema\/logo\/image\/\"},\"sameAs\":[\"https:\/\/www.facebook.com\/OArcanjoNoAr\/\"]},{\"@type\":\"Person\",\"@id\":\"https:\/\/www.oarcanjo.net\/site\/#\/schema\/person\/f7870e710d8c8c30673de3a0ac2e451d\",\"name\":\"carlos\"}]}<\/script>\n<!-- \/ Yoast SEO plugin. -->","yoast_head_json":{"title":"Missa de Nossa Senhora de F\u00e1tima come\u00e7a com prociss\u00e3o - O Arcanjo no ar","robots":{"index":"index","follow":"follow","max-snippet":"max-snippet:-1","max-image-preview":"max-image-preview:large","max-video-preview":"max-video-preview:-1"},"canonical":"https:\/\/www.oarcanjo.net\/site\/missa-de-nossa-senhora-de-fatima-procissao\/","og_locale":"pt_BR","og_type":"article","og_title":"Missa de Nossa Senhora de F\u00e1tima come\u00e7a com prociss\u00e3o - O Arcanjo no ar","og_description":"Neste 13 de maio de 2011, a comunidade S\u00e3o Miguel Arcanjo celebrou a festa de Nossa Senhora de F\u00e1tima, com prociss\u00e3o de carros da Igreja at\u00e9 a Capela da Universidade S\u00e3o Judas Tadeu, onde ocorreu a celebra\u00e7\u00e3o eucar\u00edstica. A prociss\u00e3o de carros percorreu as ruas do bairro, possibilitando que os novos moradores compartilhassem esse momento [&hellip;]","og_url":"https:\/\/www.oarcanjo.net\/site\/missa-de-nossa-senhora-de-fatima-procissao\/","og_site_name":"O Arcanjo no ar","article_publisher":"https:\/\/www.facebook.com\/OArcanjoNoAr\/","article_published_time":"2011-05-14T02:37:11+00:00","article_modified_time":"2011-05-17T05:40:11+00:00","og_image":[{"width":300,"height":300,"url":"https:\/\/www.oarcanjo.net\/site\/wp-content\/uploads\/logo-o-arcanjo-no-ar-facebook.png","type":"image\/png"}],"author":"carlos","twitter_card":"summary_large_image","twitter_misc":{"Escrito por":"carlos","Est. tempo de leitura":"3 minutos"},"schema":{"@context":"https:\/\/schema.org","@graph":[{"@type":"Article","@id":"https:\/\/www.oarcanjo.net\/site\/missa-de-nossa-senhora-de-fatima-procissao\/#article","isPartOf":{"@id":"https:\/\/www.oarcanjo.net\/site\/missa-de-nossa-senhora-de-fatima-procissao\/"},"author":{"name":"carlos","@id":"https:\/\/www.oarcanjo.net\/site\/#\/schema\/person\/f7870e710d8c8c30673de3a0ac2e451d"},"headline":"Missa de Nossa Senhora de F\u00e1tima come\u00e7a com prociss\u00e3o","datePublished":"2011-05-14T02:37:11+00:00","dateModified":"2011-05-17T05:40:11+00:00","mainEntityOfPage":{"@id":"https:\/\/www.oarcanjo.net\/site\/missa-de-nossa-senhora-de-fatima-procissao\/"},"wordCount":593,"commentCount":2,"publisher":{"@id":"https:\/\/www.oarcanjo.net\/site\/#organization"},"keywords":["Comunidade portuguesa","Nossa Senhora de Fatima","Pastorinhos","Portugal","prociss\u00e3o"],"articleSection":["Not\u00edcias","Rosto da comunidade"],"inLanguage":"pt-BR","potentialAction":[{"@type":"CommentAction","name":"Comment","target":["https:\/\/www.oarcanjo.net\/site\/missa-de-nossa-senhora-de-fatima-procissao\/#respond"]}]},{"@type":"WebPage","@id":"https:\/\/www.oarcanjo.net\/site\/missa-de-nossa-senhora-de-fatima-procissao\/","url":"https:\/\/www.oarcanjo.net\/site\/missa-de-nossa-senhora-de-fatima-procissao\/","name":"Missa de Nossa Senhora de F\u00e1tima come\u00e7a com prociss\u00e3o - O Arcanjo no ar","isPartOf":{"@id":"https:\/\/www.oarcanjo.net\/site\/#website"},"datePublished":"2011-05-14T02:37:11+00:00","dateModified":"2011-05-17T05:40:11+00:00","breadcrumb":{"@id":"https:\/\/www.oarcanjo.net\/site\/missa-de-nossa-senhora-de-fatima-procissao\/#breadcrumb"},"inLanguage":"pt-BR","potentialAction":[{"@type":"ReadAction","target":["https:\/\/www.oarcanjo.net\/site\/missa-de-nossa-senhora-de-fatima-procissao\/"]}]},{"@type":"BreadcrumbList","@id":"https:\/\/www.oarcanjo.net\/site\/missa-de-nossa-senhora-de-fatima-procissao\/#breadcrumb","itemListElement":[{"@type":"ListItem","position":1,"name":"In\u00edcio","item":"https:\/\/www.oarcanjo.net\/site\/"},{"@type":"ListItem","position":2,"name":"Missa de Nossa Senhora de F\u00e1tima come\u00e7a com prociss\u00e3o"}]},{"@type":"WebSite","@id":"https:\/\/www.oarcanjo.net\/site\/#website","url":"https:\/\/www.oarcanjo.net\/site\/","name":"O Arcanjo no ar","description":"Site da Par\u00f3quia S\u00e3o Miguel Arcanjo (Arquidiocese de SP)","publisher":{"@id":"https:\/\/www.oarcanjo.net\/site\/#organization"},"potentialAction":[{"@type":"SearchAction","target":{"@type":"EntryPoint","urlTemplate":"https:\/\/www.oarcanjo.net\/site\/?s={search_term_string}"},"query-input":{"@type":"PropertyValueSpecification","valueRequired":true,"valueName":"search_term_string"}}],"inLanguage":"pt-BR"},{"@type":"Organization","@id":"https:\/\/www.oarcanjo.net\/site\/#organization","name":"Par\u00f3quia S\u00e3o Miguel Arcanjo","url":"https:\/\/www.oarcanjo.net\/site\/","logo":{"@type":"ImageObject","inLanguage":"pt-BR","@id":"https:\/\/www.oarcanjo.net\/site\/#\/schema\/logo\/image\/","url":"https:\/\/www.oarcanjo.net\/site\/wp-content\/uploads\/LogoOArcanjo.png","contentUrl":"https:\/\/www.oarcanjo.net\/site\/wp-content\/uploads\/LogoOArcanjo.png","width":319,"height":99,"caption":"Par\u00f3quia S\u00e3o Miguel Arcanjo"},"image":{"@id":"https:\/\/www.oarcanjo.net\/site\/#\/schema\/logo\/image\/"},"sameAs":["https:\/\/www.facebook.com\/OArcanjoNoAr\/"]},{"@type":"Person","@id":"https:\/\/www.oarcanjo.net\/site\/#\/schema\/person\/f7870e710d8c8c30673de3a0ac2e451d","name":"carlos"}]}},"publishpress_future_action":{"enabled":false,"date":"2026-05-08 13:45:50","action":"category","newStatus":"draft","terms":[],"taxonomy":"category"},"publishpress_future_workflow_manual_trigger":{"enabledWorkflows":[]},"_links":{"self":[{"href":"https:\/\/www.oarcanjo.net\/site\/wp-json\/wp\/v2\/posts\/14480"}],"collection":[{"href":"https:\/\/www.oarcanjo.net\/site\/wp-json\/wp\/v2\/posts"}],"about":[{"href":"https:\/\/www.oarcanjo.net\/site\/wp-json\/wp\/v2\/types\/post"}],"author":[{"embeddable":true,"href":"https:\/\/www.oarcanjo.net\/site\/wp-json\/wp\/v2\/users\/10"}],"replies":[{"embeddable":true,"href":"https:\/\/www.oarcanjo.net\/site\/wp-json\/wp\/v2\/comments?post=14480"}],"version-history":[{"count":0,"href":"https:\/\/www.oarcanjo.net\/site\/wp-json\/wp\/v2\/posts\/14480\/revisions"}],"wp:attachment":[{"href":"https:\/\/www.oarcanjo.net\/site\/wp-json\/wp\/v2\/media?parent=14480"}],"wp:term":[{"taxonomy":"category","embeddable":true,"href":"https:\/\/www.oarcanjo.net\/site\/wp-json\/wp\/v2\/categories?post=14480"},{"taxonomy":"post_tag","embeddable":true,"href":"https:\/\/www.oarcanjo.net\/site\/wp-json\/wp\/v2\/tags?post=14480"}],"curies":[{"name":"wp","href":"https:\/\/api.w.org\/{rel}","templated":true}]}}