
{"id":14495,"date":"2011-05-15T11:11:41","date_gmt":"2011-05-15T14:11:41","guid":{"rendered":"http:\/\/www.oarcanjo.net\/site\/?p=14495"},"modified":"2011-05-16T07:31:11","modified_gmt":"2011-05-16T10:31:11","slug":"seminario-grandes-obras-e-migracoes","status":"publish","type":"post","link":"https:\/\/www.oarcanjo.net\/site\/seminario-grandes-obras-e-migracoes\/","title":{"rendered":"Semin\u00e1rio &#8220;Grandes obras e migra\u00e7\u00f5es&#8221;"},"content":{"rendered":"<p><em>Alexandre Nunes<\/em><\/p>\n<p><a href=\"http:\/\/www.oarcanjo.net\/site\/wp-content\/uploads\/conviteseminarioweb_0.jpg\"><img loading=\"lazy\" decoding=\"async\" class=\"size-medium wp-image-14497 alignleft\" title=\"conviteseminarioweb_0\" src=\"http:\/\/www.oarcanjo.net\/site\/wp-content\/uploads\/conviteseminarioweb_0-163x300.jpg\" alt=\"\" width=\"163\" height=\"300\" srcset=\"https:\/\/www.oarcanjo.net\/site\/wp-content\/uploads\/conviteseminarioweb_0-163x300.jpg 163w, https:\/\/www.oarcanjo.net\/site\/wp-content\/uploads\/conviteseminarioweb_0.jpg 338w\" sizes=\"(max-width: 163px) 100vw, 163px\" \/><\/a>No \u00faltimo dia 13 foi realizado no ITESP- Instituto Teol\u00f3gico de S\u00e3o Paulo, o semin\u00e1rio \u201cGrandes Obras e Migra\u00e7\u00f5es&#8221; organizado pelo SPM \u2013 Servi\u00e7o Pastoral dos Migrantes; CEM \u2013 Centro de Estudos Migrat\u00f3rios; CSEM \u2013 Centro Scalabriniano de Estudos Migrat\u00f3rios; CETESP \u2013 Comiss\u00e3o de Estudantes de Teologia e Ci\u00eancias da Religi\u00e3o de S\u00e3o Paulo e ITESP.<\/p>\n<p>O semin\u00e1rio abordou a tem\u00e1tica dos deslocamentos populacionais provocados por grandes obras de desenvolvimento \u2013 como barragens, usinas hidrel\u00e9tricas e portos \u2013 sob o ponto de vista de pesquisadores, movimentos sociais, pastorais da Igreja e do governo.<\/p>\n<p>Participaram do debate figuras ilustres como Dom Dem\u00e9trio Valentini, Dr. Heinz Dieter Heidemann, Dom Antonio Possamai, Dom Lu\u00eds Fl\u00e1vio Cappio, Talita de Souza Correia, Marilda aparecida de Menezes, Carlos Bernardo Vainer, Arsenio Oswaldo Sev\u00e1 Filho e Luiz Dalla Costa.<a href=\"http:\/\/www.oarcanjo.net\/site\/wp-content\/uploads\/Mesa-dos-convidados.jpg\"><img loading=\"lazy\" decoding=\"async\" src=\"http:\/\/www.oarcanjo.net\/site\/wp-content\/uploads\/Mesa-dos-convidados-300x152.jpg\" alt=\"\" title=\"Mesa dos convidados\" width=\"300\" height=\"152\" class=\"aligncenter size-medium wp-image-14506\" srcset=\"https:\/\/www.oarcanjo.net\/site\/wp-content\/uploads\/Mesa-dos-convidados-300x152.jpg 300w, https:\/\/www.oarcanjo.net\/site\/wp-content\/uploads\/Mesa-dos-convidados.jpg 805w\" sizes=\"(max-width: 300px) 100vw, 300px\" \/><\/a><\/p>\n<p>Quem abriu os trabalhos foi o Presidente do SPM, bispo de Jales e Presidente da C\u00e1ritas Brasileira, <strong>D. Dem\u00e9trio Valentini<\/strong>. Ele abordou temas como o C\u00f3digo Florestal, sustentabilidade e alertou que os legisladores n\u00e3o sabem diferenciar vertentes de c\u00f3rregos, riachos e rios. \u201cIgualar 10 metros com \u00bd palmo d\u2019\u00e1gua \u00e9 ignorar a realidade\u201d, afirmou.<br \/>\n<iframe loading=\"lazy\" width=\"350\" height=\"292\" src=\"http:\/\/www.youtube.com\/embed\/7MDWh1UrUZY?rel=0\" frameborder=\"0\" allowfullscreen><\/iframe><\/p>\n<p>Depois a palavra foi passada a <strong>D. Antonio Possamai<\/strong>, bispo em\u00e9rito de Ji- Paran\u00e1 e refer\u00eancia para as atuais lutas de preserva\u00e7\u00e3o ambiental e justi\u00e7a social da regi\u00e3o.<\/p>\n<p>Ele iniciou lembrando que a Hist\u00f3ria da humanidade foi marcada por sucessivas migra\u00e7\u00f5es (mudan\u00e7as clim\u00e1ticas, fome, guerras, persegui\u00e7\u00f5es, religi\u00e3o e agora grandes projetos).<\/p>\n<p>Sobre a Amaz\u00f4nia, Dom Possamai explicou que os grandes projetos s\u00e3o decididos fora da Amaz\u00f4nia e ela sempre foi vista como lugar de tirar, extrair. Ele tamb\u00e9m mostrou que a vis\u00e3o do Regime Militar, \u00e9poca da grande migra\u00e7\u00e3o \u00e0 Amaz\u00f4nia era a de \u201cterra sem gente para gente sem terra, ignorando os \u00edndios, quilombolas e nativos que n\u00e3o eram considerados humanos.<\/p>\n<p>Sobre a Amaz\u00f4nia atualmente, ele afirmou que os respons\u00e1veis pelo seu desmatamento n\u00e3o s\u00e3o os pequenos produtores, mas sim os grandes madeireiros, fazendeiros e mineradores.<\/p>\n<p>Quando abordou a constru\u00e7\u00e3o das hidroel\u00e9tricas na regi\u00e3o, D. Possamai fez um questionamento: Por que a civiliza\u00e7\u00e3o moderna \u00e9 insaci\u00e1vel por energia?<br \/>\n<iframe loading=\"lazy\" width=\"350\" height=\"292\" src=\"http:\/\/www.youtube.com\/embed\/lfg7zVSBUuI?rel=0\" frameborder=\"0\" allowfullscreen><\/iframe><br \/>\n<iframe loading=\"lazy\" width=\"350\" height=\"292\" src=\"http:\/\/www.youtube.com\/embed\/nBRY6XTM2Mg?rel=0\" frameborder=\"0\" allowfullscreen><\/iframe><\/p>\n<p><strong>Dom Frei Lu\u00eds Fl\u00e1vio Cappio<\/strong>, Bispo de Barra\/BA, que realizou a peregrina\u00e7\u00e3o do S\u00e3o Franscisco, caminhando por um ano da nascente a foz e que fez duas greves de fome em protesto ao projeto da transposi\u00e7\u00e3o do Rio S\u00e3o Francisco iniciou sua explana\u00e7\u00e3o lembrando que os migrantes nordestinos que vieram para S\u00e3o Paulo, tinham o intuito de melhorar suas condi\u00e7\u00f5es de vida e isso o fez ir ao nordeste para conhecer a sua realidade e ali acabou conhecendo muito mais sobre o Rio S\u00e3o Francisco, que, segundo ele, \u00e9 a garantia de subsist\u00eancia da popula\u00e7\u00e3o. \u201cO rio \u00e9 o pai e a m\u00e3e de milh\u00f5es de seres humanos, o povo se asperge, se benze no contato com a \u00e1gua de seu rio.<\/p>\n<p><strong><em>Projeto de morte do Rio S\u00e3o Francisco:<\/em><\/strong><\/p>\n<p>Conheceu este projeto com uma caminhada por suas margens entre 04 de outubro de 1993 e 04 de outubro de 1994, da nascente na Serra da Canastra a sua foz entre Alagoas e Sergipe. Ele percebeu que o projeto que, segundo o governo, era de levar \u00e1gua ao povo, na verdade \u00e9 garantir a seguran\u00e7a h\u00eddrica dos grandes projetos agroindustriais. \u201cTrata-se de uma obra socialmente injusta\u201d, reclama.<br \/>\n<iframe loading=\"lazy\" width=\"350\" height=\"292\" src=\"http:\/\/www.youtube.com\/embed\/W_zNepc7H_M?rel=0\" frameborder=\"0\" allowfullscreen><\/iframe><br \/>\n<iframe loading=\"lazy\" width=\"350\" height=\"292\" src=\"http:\/\/www.youtube.com\/embed\/4vM5OnHSt4c?rel=0\" frameborder=\"0\" allowfullscreen><\/iframe><br \/>\n<iframe loading=\"lazy\" width=\"350\" height=\"292\" src=\"http:\/\/www.youtube.com\/embed\/bYj5GhU9tMo?rel=0\" frameborder=\"0\" allowfullscreen><\/iframe><\/p>\n<p><em>Mat\u00e9ria publicada em www.provinciasaopaulo.com<\/em><\/p>\n<div id=\"themify_builder_content-14495\" data-postid=\"14495\" class=\"themify_builder_content themify_builder_content-14495 themify_builder themify_builder_front\">\n\t<\/div>\n<!-- \/themify_builder_content -->","protected":false},"excerpt":{"rendered":"<p>Alexandre Nunes No \u00faltimo dia 13 foi realizado no ITESP- Instituto Teol\u00f3gico de S\u00e3o Paulo, o semin\u00e1rio \u201cGrandes Obras e Migra\u00e7\u00f5es&#8221; organizado pelo SPM \u2013 Servi\u00e7o Pastoral dos Migrantes; CEM \u2013 Centro de Estudos Migrat\u00f3rios; CSEM \u2013 Centro Scalabriniano de Estudos Migrat\u00f3rios; CETESP \u2013 Comiss\u00e3o de Estudantes de Teologia e Ci\u00eancias da Religi\u00e3o de S\u00e3o [&hellip;]<\/p>\n","protected":false},"author":15,"featured_media":0,"comment_status":"open","ping_status":"open","sticky":false,"template":"","format":"standard","meta":{"ngg_post_thumbnail":0,"footnotes":""},"categories":[8],"tags":[],"yoast_head":"<!-- This site is optimized with the Yoast SEO plugin v23.5 - https:\/\/yoast.com\/wordpress\/plugins\/seo\/ -->\n<title>Semin\u00e1rio &quot;Grandes obras e migra\u00e7\u00f5es&quot; - O Arcanjo no ar<\/title>\n<meta name=\"robots\" content=\"index, follow, max-snippet:-1, max-image-preview:large, max-video-preview:-1\" \/>\n<link rel=\"canonical\" href=\"https:\/\/www.oarcanjo.net\/site\/seminario-grandes-obras-e-migracoes\/\" \/>\n<meta property=\"og:locale\" content=\"pt_BR\" \/>\n<meta property=\"og:type\" content=\"article\" \/>\n<meta property=\"og:title\" content=\"Semin\u00e1rio &quot;Grandes obras e migra\u00e7\u00f5es&quot; - O Arcanjo no ar\" \/>\n<meta property=\"og:description\" content=\"Alexandre Nunes No \u00faltimo dia 13 foi realizado no ITESP- Instituto Teol\u00f3gico de S\u00e3o Paulo, o semin\u00e1rio \u201cGrandes Obras e Migra\u00e7\u00f5es&#8221; organizado pelo SPM \u2013 Servi\u00e7o Pastoral dos Migrantes; CEM \u2013 Centro de Estudos Migrat\u00f3rios; CSEM \u2013 Centro Scalabriniano de Estudos Migrat\u00f3rios; CETESP \u2013 Comiss\u00e3o de Estudantes de Teologia e Ci\u00eancias da Religi\u00e3o de S\u00e3o [&hellip;]\" \/>\n<meta property=\"og:url\" content=\"https:\/\/www.oarcanjo.net\/site\/seminario-grandes-obras-e-migracoes\/\" \/>\n<meta property=\"og:site_name\" content=\"O Arcanjo no ar\" \/>\n<meta property=\"article:publisher\" content=\"https:\/\/www.facebook.com\/OArcanjoNoAr\/\" \/>\n<meta property=\"article:published_time\" content=\"2011-05-15T14:11:41+00:00\" \/>\n<meta property=\"article:modified_time\" content=\"2011-05-16T10:31:11+00:00\" \/>\n<meta property=\"og:image\" content=\"http:\/\/www.oarcanjo.net\/site\/wp-content\/uploads\/conviteseminarioweb_0-163x300.jpg\" \/>\n<meta name=\"author\" content=\"Alexandre Nunes\" \/>\n<meta name=\"twitter:card\" content=\"summary_large_image\" \/>\n<meta name=\"twitter:label1\" content=\"Escrito por\" \/>\n\t<meta name=\"twitter:data1\" content=\"Alexandre Nunes\" \/>\n\t<meta name=\"twitter:label2\" content=\"Est. tempo de leitura\" \/>\n\t<meta name=\"twitter:data2\" content=\"3 minutos\" \/>\n<script type=\"application\/ld+json\" class=\"yoast-schema-graph\">{\"@context\":\"https:\/\/schema.org\",\"@graph\":[{\"@type\":\"Article\",\"@id\":\"https:\/\/www.oarcanjo.net\/site\/seminario-grandes-obras-e-migracoes\/#article\",\"isPartOf\":{\"@id\":\"https:\/\/www.oarcanjo.net\/site\/seminario-grandes-obras-e-migracoes\/\"},\"author\":{\"name\":\"Alexandre Nunes\",\"@id\":\"https:\/\/www.oarcanjo.net\/site\/#\/schema\/person\/0a2ae077c1a09b69d29928e3b9f1c0d1\"},\"headline\":\"Semin\u00e1rio &#8220;Grandes obras e migra\u00e7\u00f5es&#8221;\",\"datePublished\":\"2011-05-15T14:11:41+00:00\",\"dateModified\":\"2011-05-16T10:31:11+00:00\",\"mainEntityOfPage\":{\"@id\":\"https:\/\/www.oarcanjo.net\/site\/seminario-grandes-obras-e-migracoes\/\"},\"wordCount\":607,\"commentCount\":0,\"publisher\":{\"@id\":\"https:\/\/www.oarcanjo.net\/site\/#organization\"},\"image\":{\"@id\":\"https:\/\/www.oarcanjo.net\/site\/seminario-grandes-obras-e-migracoes\/#primaryimage\"},\"thumbnailUrl\":\"http:\/\/www.oarcanjo.net\/site\/wp-content\/uploads\/conviteseminarioweb_0-163x300.jpg\",\"articleSection\":[\"Not\u00edcias\"],\"inLanguage\":\"pt-BR\",\"potentialAction\":[{\"@type\":\"CommentAction\",\"name\":\"Comment\",\"target\":[\"https:\/\/www.oarcanjo.net\/site\/seminario-grandes-obras-e-migracoes\/#respond\"]}]},{\"@type\":\"WebPage\",\"@id\":\"https:\/\/www.oarcanjo.net\/site\/seminario-grandes-obras-e-migracoes\/\",\"url\":\"https:\/\/www.oarcanjo.net\/site\/seminario-grandes-obras-e-migracoes\/\",\"name\":\"Semin\u00e1rio \\\"Grandes obras e migra\u00e7\u00f5es\\\" - O Arcanjo no ar\",\"isPartOf\":{\"@id\":\"https:\/\/www.oarcanjo.net\/site\/#website\"},\"primaryImageOfPage\":{\"@id\":\"https:\/\/www.oarcanjo.net\/site\/seminario-grandes-obras-e-migracoes\/#primaryimage\"},\"image\":{\"@id\":\"https:\/\/www.oarcanjo.net\/site\/seminario-grandes-obras-e-migracoes\/#primaryimage\"},\"thumbnailUrl\":\"http:\/\/www.oarcanjo.net\/site\/wp-content\/uploads\/conviteseminarioweb_0-163x300.jpg\",\"datePublished\":\"2011-05-15T14:11:41+00:00\",\"dateModified\":\"2011-05-16T10:31:11+00:00\",\"breadcrumb\":{\"@id\":\"https:\/\/www.oarcanjo.net\/site\/seminario-grandes-obras-e-migracoes\/#breadcrumb\"},\"inLanguage\":\"pt-BR\",\"potentialAction\":[{\"@type\":\"ReadAction\",\"target\":[\"https:\/\/www.oarcanjo.net\/site\/seminario-grandes-obras-e-migracoes\/\"]}]},{\"@type\":\"ImageObject\",\"inLanguage\":\"pt-BR\",\"@id\":\"https:\/\/www.oarcanjo.net\/site\/seminario-grandes-obras-e-migracoes\/#primaryimage\",\"url\":\"https:\/\/www.oarcanjo.net\/site\/wp-content\/uploads\/conviteseminarioweb_0.jpg\",\"contentUrl\":\"https:\/\/www.oarcanjo.net\/site\/wp-content\/uploads\/conviteseminarioweb_0.jpg\",\"width\":\"338\",\"height\":\"622\"},{\"@type\":\"BreadcrumbList\",\"@id\":\"https:\/\/www.oarcanjo.net\/site\/seminario-grandes-obras-e-migracoes\/#breadcrumb\",\"itemListElement\":[{\"@type\":\"ListItem\",\"position\":1,\"name\":\"In\u00edcio\",\"item\":\"https:\/\/www.oarcanjo.net\/site\/\"},{\"@type\":\"ListItem\",\"position\":2,\"name\":\"Semin\u00e1rio &#8220;Grandes obras e migra\u00e7\u00f5es&#8221;\"}]},{\"@type\":\"WebSite\",\"@id\":\"https:\/\/www.oarcanjo.net\/site\/#website\",\"url\":\"https:\/\/www.oarcanjo.net\/site\/\",\"name\":\"O Arcanjo no ar\",\"description\":\"Site da Par\u00f3quia S\u00e3o Miguel Arcanjo (Arquidiocese de SP)\",\"publisher\":{\"@id\":\"https:\/\/www.oarcanjo.net\/site\/#organization\"},\"potentialAction\":[{\"@type\":\"SearchAction\",\"target\":{\"@type\":\"EntryPoint\",\"urlTemplate\":\"https:\/\/www.oarcanjo.net\/site\/?s={search_term_string}\"},\"query-input\":{\"@type\":\"PropertyValueSpecification\",\"valueRequired\":true,\"valueName\":\"search_term_string\"}}],\"inLanguage\":\"pt-BR\"},{\"@type\":\"Organization\",\"@id\":\"https:\/\/www.oarcanjo.net\/site\/#organization\",\"name\":\"Par\u00f3quia S\u00e3o Miguel Arcanjo\",\"url\":\"https:\/\/www.oarcanjo.net\/site\/\",\"logo\":{\"@type\":\"ImageObject\",\"inLanguage\":\"pt-BR\",\"@id\":\"https:\/\/www.oarcanjo.net\/site\/#\/schema\/logo\/image\/\",\"url\":\"https:\/\/www.oarcanjo.net\/site\/wp-content\/uploads\/LogoOArcanjo.png\",\"contentUrl\":\"https:\/\/www.oarcanjo.net\/site\/wp-content\/uploads\/LogoOArcanjo.png\",\"width\":319,\"height\":99,\"caption\":\"Par\u00f3quia S\u00e3o Miguel Arcanjo\"},\"image\":{\"@id\":\"https:\/\/www.oarcanjo.net\/site\/#\/schema\/logo\/image\/\"},\"sameAs\":[\"https:\/\/www.facebook.com\/OArcanjoNoAr\/\"]},{\"@type\":\"Person\",\"@id\":\"https:\/\/www.oarcanjo.net\/site\/#\/schema\/person\/0a2ae077c1a09b69d29928e3b9f1c0d1\",\"name\":\"Alexandre Nunes\",\"sameAs\":[\"http:\/\/alexandrenu.com\"]}]}<\/script>\n<!-- \/ Yoast SEO plugin. -->","yoast_head_json":{"title":"Semin\u00e1rio \"Grandes obras e migra\u00e7\u00f5es\" - O Arcanjo no ar","robots":{"index":"index","follow":"follow","max-snippet":"max-snippet:-1","max-image-preview":"max-image-preview:large","max-video-preview":"max-video-preview:-1"},"canonical":"https:\/\/www.oarcanjo.net\/site\/seminario-grandes-obras-e-migracoes\/","og_locale":"pt_BR","og_type":"article","og_title":"Semin\u00e1rio \"Grandes obras e migra\u00e7\u00f5es\" - O Arcanjo no ar","og_description":"Alexandre Nunes No \u00faltimo dia 13 foi realizado no ITESP- Instituto Teol\u00f3gico de S\u00e3o Paulo, o semin\u00e1rio \u201cGrandes Obras e Migra\u00e7\u00f5es&#8221; organizado pelo SPM \u2013 Servi\u00e7o Pastoral dos Migrantes; CEM \u2013 Centro de Estudos Migrat\u00f3rios; CSEM \u2013 Centro Scalabriniano de Estudos Migrat\u00f3rios; CETESP \u2013 Comiss\u00e3o de Estudantes de Teologia e Ci\u00eancias da Religi\u00e3o de S\u00e3o [&hellip;]","og_url":"https:\/\/www.oarcanjo.net\/site\/seminario-grandes-obras-e-migracoes\/","og_site_name":"O Arcanjo no ar","article_publisher":"https:\/\/www.facebook.com\/OArcanjoNoAr\/","article_published_time":"2011-05-15T14:11:41+00:00","article_modified_time":"2011-05-16T10:31:11+00:00","og_image":[{"url":"http:\/\/www.oarcanjo.net\/site\/wp-content\/uploads\/conviteseminarioweb_0-163x300.jpg"}],"author":"Alexandre Nunes","twitter_card":"summary_large_image","twitter_misc":{"Escrito por":"Alexandre Nunes","Est. tempo de leitura":"3 minutos"},"schema":{"@context":"https:\/\/schema.org","@graph":[{"@type":"Article","@id":"https:\/\/www.oarcanjo.net\/site\/seminario-grandes-obras-e-migracoes\/#article","isPartOf":{"@id":"https:\/\/www.oarcanjo.net\/site\/seminario-grandes-obras-e-migracoes\/"},"author":{"name":"Alexandre Nunes","@id":"https:\/\/www.oarcanjo.net\/site\/#\/schema\/person\/0a2ae077c1a09b69d29928e3b9f1c0d1"},"headline":"Semin\u00e1rio &#8220;Grandes obras e migra\u00e7\u00f5es&#8221;","datePublished":"2011-05-15T14:11:41+00:00","dateModified":"2011-05-16T10:31:11+00:00","mainEntityOfPage":{"@id":"https:\/\/www.oarcanjo.net\/site\/seminario-grandes-obras-e-migracoes\/"},"wordCount":607,"commentCount":0,"publisher":{"@id":"https:\/\/www.oarcanjo.net\/site\/#organization"},"image":{"@id":"https:\/\/www.oarcanjo.net\/site\/seminario-grandes-obras-e-migracoes\/#primaryimage"},"thumbnailUrl":"http:\/\/www.oarcanjo.net\/site\/wp-content\/uploads\/conviteseminarioweb_0-163x300.jpg","articleSection":["Not\u00edcias"],"inLanguage":"pt-BR","potentialAction":[{"@type":"CommentAction","name":"Comment","target":["https:\/\/www.oarcanjo.net\/site\/seminario-grandes-obras-e-migracoes\/#respond"]}]},{"@type":"WebPage","@id":"https:\/\/www.oarcanjo.net\/site\/seminario-grandes-obras-e-migracoes\/","url":"https:\/\/www.oarcanjo.net\/site\/seminario-grandes-obras-e-migracoes\/","name":"Semin\u00e1rio \"Grandes obras e migra\u00e7\u00f5es\" - O Arcanjo no ar","isPartOf":{"@id":"https:\/\/www.oarcanjo.net\/site\/#website"},"primaryImageOfPage":{"@id":"https:\/\/www.oarcanjo.net\/site\/seminario-grandes-obras-e-migracoes\/#primaryimage"},"image":{"@id":"https:\/\/www.oarcanjo.net\/site\/seminario-grandes-obras-e-migracoes\/#primaryimage"},"thumbnailUrl":"http:\/\/www.oarcanjo.net\/site\/wp-content\/uploads\/conviteseminarioweb_0-163x300.jpg","datePublished":"2011-05-15T14:11:41+00:00","dateModified":"2011-05-16T10:31:11+00:00","breadcrumb":{"@id":"https:\/\/www.oarcanjo.net\/site\/seminario-grandes-obras-e-migracoes\/#breadcrumb"},"inLanguage":"pt-BR","potentialAction":[{"@type":"ReadAction","target":["https:\/\/www.oarcanjo.net\/site\/seminario-grandes-obras-e-migracoes\/"]}]},{"@type":"ImageObject","inLanguage":"pt-BR","@id":"https:\/\/www.oarcanjo.net\/site\/seminario-grandes-obras-e-migracoes\/#primaryimage","url":"https:\/\/www.oarcanjo.net\/site\/wp-content\/uploads\/conviteseminarioweb_0.jpg","contentUrl":"https:\/\/www.oarcanjo.net\/site\/wp-content\/uploads\/conviteseminarioweb_0.jpg","width":"338","height":"622"},{"@type":"BreadcrumbList","@id":"https:\/\/www.oarcanjo.net\/site\/seminario-grandes-obras-e-migracoes\/#breadcrumb","itemListElement":[{"@type":"ListItem","position":1,"name":"In\u00edcio","item":"https:\/\/www.oarcanjo.net\/site\/"},{"@type":"ListItem","position":2,"name":"Semin\u00e1rio &#8220;Grandes obras e migra\u00e7\u00f5es&#8221;"}]},{"@type":"WebSite","@id":"https:\/\/www.oarcanjo.net\/site\/#website","url":"https:\/\/www.oarcanjo.net\/site\/","name":"O Arcanjo no ar","description":"Site da Par\u00f3quia S\u00e3o Miguel Arcanjo (Arquidiocese de SP)","publisher":{"@id":"https:\/\/www.oarcanjo.net\/site\/#organization"},"potentialAction":[{"@type":"SearchAction","target":{"@type":"EntryPoint","urlTemplate":"https:\/\/www.oarcanjo.net\/site\/?s={search_term_string}"},"query-input":{"@type":"PropertyValueSpecification","valueRequired":true,"valueName":"search_term_string"}}],"inLanguage":"pt-BR"},{"@type":"Organization","@id":"https:\/\/www.oarcanjo.net\/site\/#organization","name":"Par\u00f3quia S\u00e3o Miguel Arcanjo","url":"https:\/\/www.oarcanjo.net\/site\/","logo":{"@type":"ImageObject","inLanguage":"pt-BR","@id":"https:\/\/www.oarcanjo.net\/site\/#\/schema\/logo\/image\/","url":"https:\/\/www.oarcanjo.net\/site\/wp-content\/uploads\/LogoOArcanjo.png","contentUrl":"https:\/\/www.oarcanjo.net\/site\/wp-content\/uploads\/LogoOArcanjo.png","width":319,"height":99,"caption":"Par\u00f3quia S\u00e3o Miguel Arcanjo"},"image":{"@id":"https:\/\/www.oarcanjo.net\/site\/#\/schema\/logo\/image\/"},"sameAs":["https:\/\/www.facebook.com\/OArcanjoNoAr\/"]},{"@type":"Person","@id":"https:\/\/www.oarcanjo.net\/site\/#\/schema\/person\/0a2ae077c1a09b69d29928e3b9f1c0d1","name":"Alexandre Nunes","sameAs":["http:\/\/alexandrenu.com"]}]}},"publishpress_future_action":{"enabled":false,"date":"2026-05-08 13:46:14","action":"category","newStatus":"draft","terms":[],"taxonomy":"category"},"publishpress_future_workflow_manual_trigger":{"enabledWorkflows":[]},"_links":{"self":[{"href":"https:\/\/www.oarcanjo.net\/site\/wp-json\/wp\/v2\/posts\/14495"}],"collection":[{"href":"https:\/\/www.oarcanjo.net\/site\/wp-json\/wp\/v2\/posts"}],"about":[{"href":"https:\/\/www.oarcanjo.net\/site\/wp-json\/wp\/v2\/types\/post"}],"author":[{"embeddable":true,"href":"https:\/\/www.oarcanjo.net\/site\/wp-json\/wp\/v2\/users\/15"}],"replies":[{"embeddable":true,"href":"https:\/\/www.oarcanjo.net\/site\/wp-json\/wp\/v2\/comments?post=14495"}],"version-history":[{"count":0,"href":"https:\/\/www.oarcanjo.net\/site\/wp-json\/wp\/v2\/posts\/14495\/revisions"}],"wp:attachment":[{"href":"https:\/\/www.oarcanjo.net\/site\/wp-json\/wp\/v2\/media?parent=14495"}],"wp:term":[{"taxonomy":"category","embeddable":true,"href":"https:\/\/www.oarcanjo.net\/site\/wp-json\/wp\/v2\/categories?post=14495"},{"taxonomy":"post_tag","embeddable":true,"href":"https:\/\/www.oarcanjo.net\/site\/wp-json\/wp\/v2\/tags?post=14495"}],"curies":[{"name":"wp","href":"https:\/\/api.w.org\/{rel}","templated":true}]}}