
{"id":14513,"date":"2011-06-03T13:22:45","date_gmt":"2011-06-03T16:22:45","guid":{"rendered":"http:\/\/www.oarcanjo.net\/site\/?p=14513"},"modified":"2011-06-19T09:55:56","modified_gmt":"2011-06-19T12:55:56","slug":"participe-de-nossa-festa-junina-nos-dias-18-e-19-de-junho","status":"publish","type":"post","link":"https:\/\/www.oarcanjo.net\/site\/participe-de-nossa-festa-junina-nos-dias-18-e-19-de-junho\/","title":{"rendered":"Participe de nossa Festa Junina nos dias 18 e 19 de junho"},"content":{"rendered":"<p>A comunidade\u00a0S\u00e3o Miguel Arcanjo convida a todos para celebrar esse m\u00eas de queridos santos:\u00a0Santo Ant\u00f4nio, S\u00e3o Pedro e S\u00e3o Jo\u00e3o, com uma animada <strong>Festa Junina<\/strong>. Nos dias <span style=\"color: #ff0000;\"><strong>18 e 19 de junho<\/strong><\/span>, n\u00e3o perca!<\/p>\n<p><strong>Anote na agenda:<\/strong><\/p>\n<p><strong>18\/06 <\/strong>&#8211; das 17h \u00e0s 23h<br \/>\n<strong>19\/06<\/strong> &#8211; caf\u00e9 da manh\u00e3 \u00e0s 8h30<br \/>\n<strong>19\/06<\/strong> &#8211; das 12h \u00e0s 22h<\/p>\n<p>R. Sapucaia, altura do n\u00ba 172\u00a0(ao lado da igreja)<\/p>\n<p><strong>Comida de qualidade&#8230;<\/strong><\/p>\n<p>Nossos tradicionais pratos, como pernil e fogazza, est\u00e3o sendo preparados com \u00a0carinho. O churrasco e a macarronada v\u00e3o sair no capricho! Nossa barraca de doces e salgados ter\u00e1 especiarias preparadas pela comunidade, al\u00e9m de especialidades doadas pela padaria CEPAM, Pastif\u00edcio Carasi\u00a0e Di Cunto. Al\u00e9m disso teremos outras del\u00edcias, como:\u00a0Crepe, Pizza, Batata Frita, Caldo Verde, Vinho quente, Quent\u00e3o, Refrigerantes.<\/p>\n<p>&nbsp;<\/p>\n<p><a href=\"http:\/\/www.oarcanjo.net\/site\/wp-content\/uploads\/festa-junina-2009-15.jpg\"><img loading=\"lazy\" decoding=\"async\" class=\"alignnone size-full wp-image-14519\" title=\"Churrasco\" src=\"http:\/\/www.oarcanjo.net\/site\/wp-content\/uploads\/festa-junina-2009-15.jpg\" alt=\"Churrasco\" width=\"450\" height=\"300\" srcset=\"https:\/\/www.oarcanjo.net\/site\/wp-content\/uploads\/festa-junina-2009-15.jpg 450w, https:\/\/www.oarcanjo.net\/site\/wp-content\/uploads\/festa-junina-2009-15-300x200.jpg 300w\" sizes=\"(max-width: 450px) 100vw, 450px\" \/><\/a><\/p>\n<p>&nbsp;<\/p>\n<p><a href=\"http:\/\/www.oarcanjo.net\/site\/wp-content\/uploads\/festa-junina-2009-46.jpg\"><img loading=\"lazy\" decoding=\"async\" title=\"Fogazza\" src=\"http:\/\/www.oarcanjo.net\/site\/wp-content\/uploads\/festa-junina-2009-46.jpg\" alt=\"Fogazza\" width=\"450\" height=\"300\" \/><\/a><\/p>\n<p>&nbsp;<\/p>\n<p><a href=\"http:\/\/www.oarcanjo.net\/site\/wp-content\/uploads\/festa-junina-2009-28.jpg\"><img loading=\"lazy\" decoding=\"async\" class=\"alignnone size-full wp-image-14520\" title=\"Doces e Salgados\" src=\"http:\/\/www.oarcanjo.net\/site\/wp-content\/uploads\/festa-junina-2009-28.jpg\" alt=\"Doces e Salgados\" width=\"450\" height=\"300\" srcset=\"https:\/\/www.oarcanjo.net\/site\/wp-content\/uploads\/festa-junina-2009-28.jpg 450w, https:\/\/www.oarcanjo.net\/site\/wp-content\/uploads\/festa-junina-2009-28-300x200.jpg 300w\" sizes=\"(max-width: 450px) 100vw, 450px\" \/><\/a><\/p>\n<p><strong>Conversa s\u00e9ria&#8230;<\/strong><\/p>\n<p>Nossos jovens est\u00e3o preparando um espa\u00e7o diferenciado, para conscientiza\u00e7\u00e3o da popula\u00e7\u00e3o sobre a import\u00e2ncia da reciclagem. O tema ser\u00e1 o Aquecimento Global,\u00a0\u00e0 luz da Campanha da Fraternidade de 2011.<\/p>\n<p>J\u00e1 estamos recebendo doa\u00e7\u00f5es de garrafas pets, caixas de leite e sab\u00e3o, tampinhas, meias e rolinhos de papel\u00e3o para a gera\u00e7\u00e3o dos kits de brinquedos que ser\u00e3o montados durante a festa pelos visitantes e comunidade.\u00a0O material deve ser entregue j\u00e1 limpo pra facilitar o armazenamento e a montagem dos kits.<\/p>\n<p><a href=\"http:\/\/www.oarcanjo.net\/site\/wp-content\/uploads\/festa-junina-2009-16.jpg\"><img loading=\"lazy\" decoding=\"async\" class=\"alignnone size-full wp-image-14518\" title=\"Jovens da comunidade\" src=\"http:\/\/www.oarcanjo.net\/site\/wp-content\/uploads\/festa-junina-2009-16.jpg\" alt=\"Jovens da comunidade\" width=\"450\" height=\"300\" srcset=\"https:\/\/www.oarcanjo.net\/site\/wp-content\/uploads\/festa-junina-2009-16.jpg 450w, https:\/\/www.oarcanjo.net\/site\/wp-content\/uploads\/festa-junina-2009-16-300x200.jpg 300w\" sizes=\"(max-width: 450px) 100vw, 450px\" \/><\/a><\/p>\n<p><strong>E muita anima\u00e7\u00e3o&#8230;<\/strong><\/p>\n<p>Teremos apresenta\u00e7\u00f5es t\u00edpicas no s\u00e1bado e domingo, com a presen\u00e7a especial de Carlos Pitty, artista sertanejo de nossa comunidade. O Show ser\u00e1 no s\u00e1bado \u00e0s 21h.<\/p>\n<p>Se algu\u00e9m quiser fazer doa\u00e7\u00e3o, ajudar nas barracas ou preparar os alimentos, pode entrar em contato com a Rinalda, na missa das 7h30 ou\u00a0com a Silvia, na missa das 10h e das 18h.<\/p>\n<p>Os respons\u00e1veis pela prepara\u00e7\u00e3o das barracas est\u00e3o abaixo. Fa\u00e7a parte dessa festa\u00a0voc\u00ea tamb\u00e9m!<\/p>\n<p><strong>Doces e salgados<br \/>\nEquipe:<\/strong> Marlene, Herc\u00edlia, Olga, Denise (irm\u00e3 da Solange), Ritinha, Neide<br \/>\n<strong>Coordenadora:<\/strong> Marlene<\/p>\n<p><strong> <\/strong><\/p>\n<p><strong>Caf\u00e9 da manh\u00e3<br \/>\n<strong>Equipe<\/strong>:<\/strong> Roseli, Marlene, Herc\u00edlia e Olga<br \/>\n<strong>Coordenadora:<\/strong> Roseli<\/p>\n<p><strong>Crepe<br \/>\n<strong>Equipe<\/strong>:<\/strong> Dani e fam\u00edlia, Prof. Helena, Ir. Celina<br \/>\n<strong>Coordenadora: <\/strong>Dani<\/p>\n<p><strong>Fogazza<br \/>\n<strong>Equipe<\/strong>:<\/strong> Bete, Rita, Dirce, Roseli, Diva<br \/>\n<strong>Coordenadora: <\/strong>Bete<\/p>\n<p><strong>Pernil<br \/>\n<strong>Equipe<\/strong>:<\/strong> Silvia, Sueli, Dona Ana, Maria, Elza, Katia<br \/>\n<strong>Coordenadora: <\/strong>Silvia<\/p>\n<p><strong> <\/strong><\/p>\n<p><strong>Pizza<br \/>\n<strong>Equipe<\/strong>:<\/strong> Maria In\u00eas, Ang\u00e9lica, Leonice, Irm\u00e3 Terezinha, Marco Antonio (Toninho)<br \/>\n<strong>Coordenadora: <\/strong>Maria In\u00eas<\/p>\n<p><strong>Churrasco<br \/>\n<strong>Equipe<\/strong>:<\/strong> Oct\u00e1vio, Alexandre Leone, Solange, Lourdes, Luciana, Marco Antonio, Henrique, Ricardo (Katia), Ailton, Samara<br \/>\n<strong>Coordenador: <\/strong>Oct\u00e1vio<\/p>\n<p><strong>Batata Frita<br \/>\n<strong>Equipe<\/strong>: <\/strong>Noeli, Ang\u00e9lica, Marli (m\u00e3e do Jeferson),\u00a0Claudete, Maria Aparecida Moraes<br \/>\n<strong>Coordenadora: <\/strong>Noeli<\/p>\n<p><strong>Caldo verde<br \/>\n<strong>Equipe<\/strong>:<\/strong> amigas da Bete, Dona Cidinha<br \/>\n<strong>Coordenadora: <\/strong>Dona Cidinha<\/p>\n<p><strong>Vinho quente\/quent\u00e3o<br \/>\n<strong>Equipe<\/strong>:<\/strong> Aldo, Raquel, L\u00e9o, Keyla, Bento, Daniela, Beth (amiga Sol)<br \/>\n<strong>Coordenadora: <\/strong>L\u00e9o<\/p>\n<p><strong>Bebidas<br \/>\n<strong>Equipe<\/strong>:<\/strong> Lenita, Ricardo Tanaka, Rubens Bi (irm\u00e3o da Rinalda), Lucas, Luiz Carlos (Luizinho)<br \/>\n<strong>Coordenadora: <\/strong>Lenita<\/p>\n<p><strong><strong>Boca do palha\u00e7o \/ Pescaria<\/strong><br \/>\n<strong>Equipe<\/strong>: <\/strong>Rinalda, Tatiana, jovens (Roberta, Pedro, David, Ariel,Amanda, Priscila)<br \/>\n<strong>Coordenadora: <\/strong>Rinalda<\/p>\n<p><strong>Jovens<\/strong><\/p>\n<p><strong> <strong>Equipe<\/strong>:<\/strong> Mariana, Norma, Regina, Nathan, Diego, Vit\u00f3ria, Larissa<br \/>\n<strong>Coordenadora: <\/strong>Mariana<\/p>\n<p><strong>Macarr\u00e3o<br \/>\n<strong>Equipe<\/strong>:<\/strong> Nancy, Alessandra, Rose, Josy, M\u00e1rcia, \u00c9rika, Sueli<br \/>\n<strong>Coordenadora: <\/strong>Nancy<\/p>\n<p><strong>Bingo<br \/>\n<strong>Equipe<\/strong>:<\/strong> Assucena, Kita, Ridalva<br \/>\n<strong>Coordenadora: <\/strong>Assucena<\/p>\n<p>Contamos com sua colabora\u00e7\u00e3o, participa\u00e7\u00e3o nas barracas e presen\u00e7a!<\/p>\n<p>Que por intercess\u00e3o de Santo Ant\u00f4nio, S\u00e3o Pedro e S\u00e3o Jo\u00e3o tenhamos uma alegre a aben\u00e7oada festa.<\/p>\n<p>At\u00e9 l\u00e1!<\/p>\n<p>Parceiros da festa:\u00a0<strong>Hospital S\u00e3o Crist\u00f3v\u00e3o<\/strong> (disponibilizar\u00e1\u00a0servi\u00e7o de UTI M\u00f3vel para os dias da festa, pelo Hospital S\u00e3o Crist\u00f3v\u00e3o), <strong>Cepam<\/strong>,\u00a0<strong>Pastif\u00edcio Carasi <\/strong>e <strong>Di Cunto<\/strong>.<\/p>\n<p><a href=\"http:\/\/www.oarcanjo.net\/site\/wp-content\/uploads\/festa-junina-2009-43.jpg\"><img loading=\"lazy\" decoding=\"async\" class=\"alignnone size-full wp-image-14523\" title=\"Festa Junina 2009\" src=\"http:\/\/www.oarcanjo.net\/site\/wp-content\/uploads\/festa-junina-2009-43.jpg\" alt=\"Festa Junina 2009\" width=\"450\" height=\"300\" srcset=\"https:\/\/www.oarcanjo.net\/site\/wp-content\/uploads\/festa-junina-2009-43.jpg 450w, https:\/\/www.oarcanjo.net\/site\/wp-content\/uploads\/festa-junina-2009-43-300x200.jpg 300w\" sizes=\"(max-width: 450px) 100vw, 450px\" \/><\/a><\/p>\n<p>&nbsp;<\/p>\n<p><a href=\"http:\/\/www.oarcanjo.net\/site\/wp-content\/uploads\/festa-junina-2009-33.jpg\"><img loading=\"lazy\" decoding=\"async\" class=\"alignnone size-full wp-image-14524\" title=\"Festa Junina 2009\" src=\"http:\/\/www.oarcanjo.net\/site\/wp-content\/uploads\/festa-junina-2009-33.jpg\" alt=\"Festa Junina 2009\" width=\"450\" height=\"300\" srcset=\"https:\/\/www.oarcanjo.net\/site\/wp-content\/uploads\/festa-junina-2009-33.jpg 450w, https:\/\/www.oarcanjo.net\/site\/wp-content\/uploads\/festa-junina-2009-33-300x200.jpg 300w\" sizes=\"(max-width: 450px) 100vw, 450px\" \/><\/a><\/p>\n<p>&nbsp;<\/p>\n<p><a href=\"http:\/\/www.oarcanjo.net\/site\/wp-content\/uploads\/festa-junina-2009-23.jpg\"><img loading=\"lazy\" decoding=\"async\" class=\"alignnone size-full wp-image-14525\" title=\"Festa Junina 2009\" src=\"http:\/\/www.oarcanjo.net\/site\/wp-content\/uploads\/festa-junina-2009-23.jpg\" alt=\"Festa Junina 2009\" width=\"450\" height=\"300\" srcset=\"https:\/\/www.oarcanjo.net\/site\/wp-content\/uploads\/festa-junina-2009-23.jpg 450w, https:\/\/www.oarcanjo.net\/site\/wp-content\/uploads\/festa-junina-2009-23-300x200.jpg 300w\" sizes=\"(max-width: 450px) 100vw, 450px\" \/><\/a><\/p>\n<p>&nbsp;<\/p>\n<p><a href=\"http:\/\/www.oarcanjo.net\/site\/wp-content\/uploads\/festa-junina-2009-21.jpg\"><img loading=\"lazy\" decoding=\"async\" class=\"alignnone size-full wp-image-14527\" title=\"Festa Junina\" src=\"http:\/\/www.oarcanjo.net\/site\/wp-content\/uploads\/festa-junina-2009-21.jpg\" alt=\"Festa Junina\" width=\"450\" height=\"300\" srcset=\"https:\/\/www.oarcanjo.net\/site\/wp-content\/uploads\/festa-junina-2009-21.jpg 450w, https:\/\/www.oarcanjo.net\/site\/wp-content\/uploads\/festa-junina-2009-21-300x200.jpg 300w\" sizes=\"(max-width: 450px) 100vw, 450px\" \/><\/a><\/p>\n<p>&nbsp;<\/p>\n<p><a href=\"http:\/\/www.oarcanjo.net\/site\/wp-content\/uploads\/festa-junina-2009-20.jpg\"><img loading=\"lazy\" decoding=\"async\" class=\"alignnone size-full wp-image-14528\" title=\"Festa Junina\" src=\"http:\/\/www.oarcanjo.net\/site\/wp-content\/uploads\/festa-junina-2009-20.jpg\" alt=\"Festa Junina\" width=\"450\" height=\"300\" srcset=\"https:\/\/www.oarcanjo.net\/site\/wp-content\/uploads\/festa-junina-2009-20.jpg 450w, https:\/\/www.oarcanjo.net\/site\/wp-content\/uploads\/festa-junina-2009-20-300x200.jpg 300w\" sizes=\"(max-width: 450px) 100vw, 450px\" \/><\/a><\/p>\n<p>&nbsp;<\/p>\n<p><a href=\"http:\/\/www.oarcanjo.net\/site\/wp-content\/uploads\/festa-junina-2009-19.jpg\"><img loading=\"lazy\" decoding=\"async\" class=\"alignnone size-full wp-image-14529\" title=\"Festa Junina\" src=\"http:\/\/www.oarcanjo.net\/site\/wp-content\/uploads\/festa-junina-2009-19.jpg\" alt=\"Festa Junina\" width=\"450\" height=\"300\" srcset=\"https:\/\/www.oarcanjo.net\/site\/wp-content\/uploads\/festa-junina-2009-19.jpg 450w, https:\/\/www.oarcanjo.net\/site\/wp-content\/uploads\/festa-junina-2009-19-300x200.jpg 300w\" sizes=\"(max-width: 450px) 100vw, 450px\" \/><\/a><\/p>\n<p>&nbsp;<\/p>\n<p><a href=\"http:\/\/www.oarcanjo.net\/site\/wp-content\/uploads\/festa-junina-2009-14.jpg\"><img loading=\"lazy\" decoding=\"async\" class=\"alignnone size-full wp-image-14530\" title=\"Festa Junina\" src=\"http:\/\/www.oarcanjo.net\/site\/wp-content\/uploads\/festa-junina-2009-14.jpg\" alt=\"Festa Junina\" width=\"450\" height=\"300\" srcset=\"https:\/\/www.oarcanjo.net\/site\/wp-content\/uploads\/festa-junina-2009-14.jpg 450w, https:\/\/www.oarcanjo.net\/site\/wp-content\/uploads\/festa-junina-2009-14-300x200.jpg 300w\" sizes=\"(max-width: 450px) 100vw, 450px\" \/><\/a><\/p>\n<div id=\"themify_builder_content-14513\" data-postid=\"14513\" class=\"themify_builder_content themify_builder_content-14513 themify_builder themify_builder_front\">\n\t<\/div>\n<!-- \/themify_builder_content -->","protected":false},"excerpt":{"rendered":"<p>A comunidade\u00a0S\u00e3o Miguel Arcanjo convida a todos para celebrar esse m\u00eas de queridos santos:\u00a0Santo Ant\u00f4nio, S\u00e3o Pedro e S\u00e3o Jo\u00e3o, com uma animada Festa Junina. Nos dias 18 e 19 de junho, n\u00e3o perca! Anote na agenda: 18\/06 &#8211; das 17h \u00e0s 23h 19\/06 &#8211; caf\u00e9 da manh\u00e3 \u00e0s 8h30 19\/06 &#8211; das 12h \u00e0s [&hellip;]<\/p>\n","protected":false},"author":5,"featured_media":0,"comment_status":"open","ping_status":"open","sticky":false,"template":"","format":"standard","meta":{"ngg_post_thumbnail":0,"footnotes":""},"categories":[8,7],"tags":[766,765,828,867],"yoast_head":"<!-- This site is optimized with the Yoast SEO plugin v23.5 - https:\/\/yoast.com\/wordpress\/plugins\/seo\/ -->\n<title>Participe de nossa Festa Junina nos dias 18 e 19 de junho - O Arcanjo no ar<\/title>\n<meta name=\"robots\" content=\"index, follow, max-snippet:-1, max-image-preview:large, max-video-preview:-1\" \/>\n<link rel=\"canonical\" href=\"https:\/\/www.oarcanjo.net\/site\/participe-de-nossa-festa-junina-nos-dias-18-e-19-de-junho\/\" \/>\n<meta property=\"og:locale\" content=\"pt_BR\" \/>\n<meta property=\"og:type\" content=\"article\" \/>\n<meta property=\"og:title\" content=\"Participe de nossa Festa Junina nos dias 18 e 19 de junho - O Arcanjo no ar\" \/>\n<meta property=\"og:description\" content=\"A comunidade\u00a0S\u00e3o Miguel Arcanjo convida a todos para celebrar esse m\u00eas de queridos santos:\u00a0Santo Ant\u00f4nio, S\u00e3o Pedro e S\u00e3o Jo\u00e3o, com uma animada Festa Junina. Nos dias 18 e 19 de junho, n\u00e3o perca! Anote na agenda: 18\/06 &#8211; das 17h \u00e0s 23h 19\/06 &#8211; caf\u00e9 da manh\u00e3 \u00e0s 8h30 19\/06 &#8211; das 12h \u00e0s [&hellip;]\" \/>\n<meta property=\"og:url\" content=\"https:\/\/www.oarcanjo.net\/site\/participe-de-nossa-festa-junina-nos-dias-18-e-19-de-junho\/\" \/>\n<meta property=\"og:site_name\" content=\"O Arcanjo no ar\" \/>\n<meta property=\"article:publisher\" content=\"https:\/\/www.facebook.com\/OArcanjoNoAr\/\" \/>\n<meta property=\"article:published_time\" content=\"2011-06-03T16:22:45+00:00\" \/>\n<meta property=\"article:modified_time\" content=\"2011-06-19T12:55:56+00:00\" \/>\n<meta property=\"og:image\" content=\"http:\/\/www.oarcanjo.net\/site\/wp-content\/uploads\/festa-junina-2009-15.jpg\" \/>\n<meta name=\"author\" content=\"editor\" \/>\n<meta name=\"twitter:card\" content=\"summary_large_image\" \/>\n<meta name=\"twitter:label1\" content=\"Escrito por\" \/>\n\t<meta name=\"twitter:data1\" content=\"editor\" \/>\n\t<meta name=\"twitter:label2\" content=\"Est. tempo de leitura\" \/>\n\t<meta name=\"twitter:data2\" content=\"3 minutos\" \/>\n<script type=\"application\/ld+json\" class=\"yoast-schema-graph\">{\"@context\":\"https:\/\/schema.org\",\"@graph\":[{\"@type\":\"Article\",\"@id\":\"https:\/\/www.oarcanjo.net\/site\/participe-de-nossa-festa-junina-nos-dias-18-e-19-de-junho\/#article\",\"isPartOf\":{\"@id\":\"https:\/\/www.oarcanjo.net\/site\/participe-de-nossa-festa-junina-nos-dias-18-e-19-de-junho\/\"},\"author\":{\"name\":\"editor\",\"@id\":\"https:\/\/www.oarcanjo.net\/site\/#\/schema\/person\/f7024d007863202483a31326673a0838\"},\"headline\":\"Participe de nossa Festa Junina nos dias 18 e 19 de junho\",\"datePublished\":\"2011-06-03T16:22:45+00:00\",\"dateModified\":\"2011-06-19T12:55:56+00:00\",\"mainEntityOfPage\":{\"@id\":\"https:\/\/www.oarcanjo.net\/site\/participe-de-nossa-festa-junina-nos-dias-18-e-19-de-junho\/\"},\"wordCount\":620,\"commentCount\":7,\"publisher\":{\"@id\":\"https:\/\/www.oarcanjo.net\/site\/#organization\"},\"image\":{\"@id\":\"https:\/\/www.oarcanjo.net\/site\/participe-de-nossa-festa-junina-nos-dias-18-e-19-de-junho\/#primaryimage\"},\"thumbnailUrl\":\"http:\/\/www.oarcanjo.net\/site\/wp-content\/uploads\/festa-junina-2009-15.jpg\",\"keywords\":[\"festa junina\",\"Santo Ant\u00f4nio\",\"S\u00e3o Jo\u00e3o\",\"S\u00e3o Pedro\"],\"articleSection\":[\"Not\u00edcias\",\"Rosto da comunidade\"],\"inLanguage\":\"pt-BR\",\"potentialAction\":[{\"@type\":\"CommentAction\",\"name\":\"Comment\",\"target\":[\"https:\/\/www.oarcanjo.net\/site\/participe-de-nossa-festa-junina-nos-dias-18-e-19-de-junho\/#respond\"]}]},{\"@type\":\"WebPage\",\"@id\":\"https:\/\/www.oarcanjo.net\/site\/participe-de-nossa-festa-junina-nos-dias-18-e-19-de-junho\/\",\"url\":\"https:\/\/www.oarcanjo.net\/site\/participe-de-nossa-festa-junina-nos-dias-18-e-19-de-junho\/\",\"name\":\"Participe de nossa Festa Junina nos dias 18 e 19 de junho - O Arcanjo no ar\",\"isPartOf\":{\"@id\":\"https:\/\/www.oarcanjo.net\/site\/#website\"},\"primaryImageOfPage\":{\"@id\":\"https:\/\/www.oarcanjo.net\/site\/participe-de-nossa-festa-junina-nos-dias-18-e-19-de-junho\/#primaryimage\"},\"image\":{\"@id\":\"https:\/\/www.oarcanjo.net\/site\/participe-de-nossa-festa-junina-nos-dias-18-e-19-de-junho\/#primaryimage\"},\"thumbnailUrl\":\"http:\/\/www.oarcanjo.net\/site\/wp-content\/uploads\/festa-junina-2009-15.jpg\",\"datePublished\":\"2011-06-03T16:22:45+00:00\",\"dateModified\":\"2011-06-19T12:55:56+00:00\",\"breadcrumb\":{\"@id\":\"https:\/\/www.oarcanjo.net\/site\/participe-de-nossa-festa-junina-nos-dias-18-e-19-de-junho\/#breadcrumb\"},\"inLanguage\":\"pt-BR\",\"potentialAction\":[{\"@type\":\"ReadAction\",\"target\":[\"https:\/\/www.oarcanjo.net\/site\/participe-de-nossa-festa-junina-nos-dias-18-e-19-de-junho\/\"]}]},{\"@type\":\"ImageObject\",\"inLanguage\":\"pt-BR\",\"@id\":\"https:\/\/www.oarcanjo.net\/site\/participe-de-nossa-festa-junina-nos-dias-18-e-19-de-junho\/#primaryimage\",\"url\":\"http:\/\/www.oarcanjo.net\/site\/wp-content\/uploads\/festa-junina-2009-15.jpg\",\"contentUrl\":\"http:\/\/www.oarcanjo.net\/site\/wp-content\/uploads\/festa-junina-2009-15.jpg\"},{\"@type\":\"BreadcrumbList\",\"@id\":\"https:\/\/www.oarcanjo.net\/site\/participe-de-nossa-festa-junina-nos-dias-18-e-19-de-junho\/#breadcrumb\",\"itemListElement\":[{\"@type\":\"ListItem\",\"position\":1,\"name\":\"In\u00edcio\",\"item\":\"https:\/\/www.oarcanjo.net\/site\/\"},{\"@type\":\"ListItem\",\"position\":2,\"name\":\"Participe de nossa Festa Junina nos dias 18 e 19 de junho\"}]},{\"@type\":\"WebSite\",\"@id\":\"https:\/\/www.oarcanjo.net\/site\/#website\",\"url\":\"https:\/\/www.oarcanjo.net\/site\/\",\"name\":\"O Arcanjo no ar\",\"description\":\"Site da Par\u00f3quia S\u00e3o Miguel Arcanjo (Arquidiocese de SP)\",\"publisher\":{\"@id\":\"https:\/\/www.oarcanjo.net\/site\/#organization\"},\"potentialAction\":[{\"@type\":\"SearchAction\",\"target\":{\"@type\":\"EntryPoint\",\"urlTemplate\":\"https:\/\/www.oarcanjo.net\/site\/?s={search_term_string}\"},\"query-input\":{\"@type\":\"PropertyValueSpecification\",\"valueRequired\":true,\"valueName\":\"search_term_string\"}}],\"inLanguage\":\"pt-BR\"},{\"@type\":\"Organization\",\"@id\":\"https:\/\/www.oarcanjo.net\/site\/#organization\",\"name\":\"Par\u00f3quia S\u00e3o Miguel Arcanjo\",\"url\":\"https:\/\/www.oarcanjo.net\/site\/\",\"logo\":{\"@type\":\"ImageObject\",\"inLanguage\":\"pt-BR\",\"@id\":\"https:\/\/www.oarcanjo.net\/site\/#\/schema\/logo\/image\/\",\"url\":\"https:\/\/www.oarcanjo.net\/site\/wp-content\/uploads\/LogoOArcanjo.png\",\"contentUrl\":\"https:\/\/www.oarcanjo.net\/site\/wp-content\/uploads\/LogoOArcanjo.png\",\"width\":319,\"height\":99,\"caption\":\"Par\u00f3quia S\u00e3o Miguel Arcanjo\"},\"image\":{\"@id\":\"https:\/\/www.oarcanjo.net\/site\/#\/schema\/logo\/image\/\"},\"sameAs\":[\"https:\/\/www.facebook.com\/OArcanjoNoAr\/\"]},{\"@type\":\"Person\",\"@id\":\"https:\/\/www.oarcanjo.net\/site\/#\/schema\/person\/f7024d007863202483a31326673a0838\",\"name\":\"editor\",\"sameAs\":[\"http:\/\/www.oarcanjo.net\"]}]}<\/script>\n<!-- \/ Yoast SEO plugin. -->","yoast_head_json":{"title":"Participe de nossa Festa Junina nos dias 18 e 19 de junho - O Arcanjo no ar","robots":{"index":"index","follow":"follow","max-snippet":"max-snippet:-1","max-image-preview":"max-image-preview:large","max-video-preview":"max-video-preview:-1"},"canonical":"https:\/\/www.oarcanjo.net\/site\/participe-de-nossa-festa-junina-nos-dias-18-e-19-de-junho\/","og_locale":"pt_BR","og_type":"article","og_title":"Participe de nossa Festa Junina nos dias 18 e 19 de junho - O Arcanjo no ar","og_description":"A comunidade\u00a0S\u00e3o Miguel Arcanjo convida a todos para celebrar esse m\u00eas de queridos santos:\u00a0Santo Ant\u00f4nio, S\u00e3o Pedro e S\u00e3o Jo\u00e3o, com uma animada Festa Junina. Nos dias 18 e 19 de junho, n\u00e3o perca! Anote na agenda: 18\/06 &#8211; das 17h \u00e0s 23h 19\/06 &#8211; caf\u00e9 da manh\u00e3 \u00e0s 8h30 19\/06 &#8211; das 12h \u00e0s [&hellip;]","og_url":"https:\/\/www.oarcanjo.net\/site\/participe-de-nossa-festa-junina-nos-dias-18-e-19-de-junho\/","og_site_name":"O Arcanjo no ar","article_publisher":"https:\/\/www.facebook.com\/OArcanjoNoAr\/","article_published_time":"2011-06-03T16:22:45+00:00","article_modified_time":"2011-06-19T12:55:56+00:00","og_image":[{"url":"http:\/\/www.oarcanjo.net\/site\/wp-content\/uploads\/festa-junina-2009-15.jpg"}],"author":"editor","twitter_card":"summary_large_image","twitter_misc":{"Escrito por":"editor","Est. tempo de leitura":"3 minutos"},"schema":{"@context":"https:\/\/schema.org","@graph":[{"@type":"Article","@id":"https:\/\/www.oarcanjo.net\/site\/participe-de-nossa-festa-junina-nos-dias-18-e-19-de-junho\/#article","isPartOf":{"@id":"https:\/\/www.oarcanjo.net\/site\/participe-de-nossa-festa-junina-nos-dias-18-e-19-de-junho\/"},"author":{"name":"editor","@id":"https:\/\/www.oarcanjo.net\/site\/#\/schema\/person\/f7024d007863202483a31326673a0838"},"headline":"Participe de nossa Festa Junina nos dias 18 e 19 de junho","datePublished":"2011-06-03T16:22:45+00:00","dateModified":"2011-06-19T12:55:56+00:00","mainEntityOfPage":{"@id":"https:\/\/www.oarcanjo.net\/site\/participe-de-nossa-festa-junina-nos-dias-18-e-19-de-junho\/"},"wordCount":620,"commentCount":7,"publisher":{"@id":"https:\/\/www.oarcanjo.net\/site\/#organization"},"image":{"@id":"https:\/\/www.oarcanjo.net\/site\/participe-de-nossa-festa-junina-nos-dias-18-e-19-de-junho\/#primaryimage"},"thumbnailUrl":"http:\/\/www.oarcanjo.net\/site\/wp-content\/uploads\/festa-junina-2009-15.jpg","keywords":["festa junina","Santo Ant\u00f4nio","S\u00e3o Jo\u00e3o","S\u00e3o Pedro"],"articleSection":["Not\u00edcias","Rosto da comunidade"],"inLanguage":"pt-BR","potentialAction":[{"@type":"CommentAction","name":"Comment","target":["https:\/\/www.oarcanjo.net\/site\/participe-de-nossa-festa-junina-nos-dias-18-e-19-de-junho\/#respond"]}]},{"@type":"WebPage","@id":"https:\/\/www.oarcanjo.net\/site\/participe-de-nossa-festa-junina-nos-dias-18-e-19-de-junho\/","url":"https:\/\/www.oarcanjo.net\/site\/participe-de-nossa-festa-junina-nos-dias-18-e-19-de-junho\/","name":"Participe de nossa Festa Junina nos dias 18 e 19 de junho - O Arcanjo no ar","isPartOf":{"@id":"https:\/\/www.oarcanjo.net\/site\/#website"},"primaryImageOfPage":{"@id":"https:\/\/www.oarcanjo.net\/site\/participe-de-nossa-festa-junina-nos-dias-18-e-19-de-junho\/#primaryimage"},"image":{"@id":"https:\/\/www.oarcanjo.net\/site\/participe-de-nossa-festa-junina-nos-dias-18-e-19-de-junho\/#primaryimage"},"thumbnailUrl":"http:\/\/www.oarcanjo.net\/site\/wp-content\/uploads\/festa-junina-2009-15.jpg","datePublished":"2011-06-03T16:22:45+00:00","dateModified":"2011-06-19T12:55:56+00:00","breadcrumb":{"@id":"https:\/\/www.oarcanjo.net\/site\/participe-de-nossa-festa-junina-nos-dias-18-e-19-de-junho\/#breadcrumb"},"inLanguage":"pt-BR","potentialAction":[{"@type":"ReadAction","target":["https:\/\/www.oarcanjo.net\/site\/participe-de-nossa-festa-junina-nos-dias-18-e-19-de-junho\/"]}]},{"@type":"ImageObject","inLanguage":"pt-BR","@id":"https:\/\/www.oarcanjo.net\/site\/participe-de-nossa-festa-junina-nos-dias-18-e-19-de-junho\/#primaryimage","url":"http:\/\/www.oarcanjo.net\/site\/wp-content\/uploads\/festa-junina-2009-15.jpg","contentUrl":"http:\/\/www.oarcanjo.net\/site\/wp-content\/uploads\/festa-junina-2009-15.jpg"},{"@type":"BreadcrumbList","@id":"https:\/\/www.oarcanjo.net\/site\/participe-de-nossa-festa-junina-nos-dias-18-e-19-de-junho\/#breadcrumb","itemListElement":[{"@type":"ListItem","position":1,"name":"In\u00edcio","item":"https:\/\/www.oarcanjo.net\/site\/"},{"@type":"ListItem","position":2,"name":"Participe de nossa Festa Junina nos dias 18 e 19 de junho"}]},{"@type":"WebSite","@id":"https:\/\/www.oarcanjo.net\/site\/#website","url":"https:\/\/www.oarcanjo.net\/site\/","name":"O Arcanjo no ar","description":"Site da Par\u00f3quia S\u00e3o Miguel Arcanjo (Arquidiocese de SP)","publisher":{"@id":"https:\/\/www.oarcanjo.net\/site\/#organization"},"potentialAction":[{"@type":"SearchAction","target":{"@type":"EntryPoint","urlTemplate":"https:\/\/www.oarcanjo.net\/site\/?s={search_term_string}"},"query-input":{"@type":"PropertyValueSpecification","valueRequired":true,"valueName":"search_term_string"}}],"inLanguage":"pt-BR"},{"@type":"Organization","@id":"https:\/\/www.oarcanjo.net\/site\/#organization","name":"Par\u00f3quia S\u00e3o Miguel Arcanjo","url":"https:\/\/www.oarcanjo.net\/site\/","logo":{"@type":"ImageObject","inLanguage":"pt-BR","@id":"https:\/\/www.oarcanjo.net\/site\/#\/schema\/logo\/image\/","url":"https:\/\/www.oarcanjo.net\/site\/wp-content\/uploads\/LogoOArcanjo.png","contentUrl":"https:\/\/www.oarcanjo.net\/site\/wp-content\/uploads\/LogoOArcanjo.png","width":319,"height":99,"caption":"Par\u00f3quia S\u00e3o Miguel Arcanjo"},"image":{"@id":"https:\/\/www.oarcanjo.net\/site\/#\/schema\/logo\/image\/"},"sameAs":["https:\/\/www.facebook.com\/OArcanjoNoAr\/"]},{"@type":"Person","@id":"https:\/\/www.oarcanjo.net\/site\/#\/schema\/person\/f7024d007863202483a31326673a0838","name":"editor","sameAs":["http:\/\/www.oarcanjo.net"]}]}},"publishpress_future_action":{"enabled":false,"date":"2026-05-07 11:20:31","action":"category","newStatus":"draft","terms":[],"taxonomy":"category"},"publishpress_future_workflow_manual_trigger":{"enabledWorkflows":[]},"_links":{"self":[{"href":"https:\/\/www.oarcanjo.net\/site\/wp-json\/wp\/v2\/posts\/14513"}],"collection":[{"href":"https:\/\/www.oarcanjo.net\/site\/wp-json\/wp\/v2\/posts"}],"about":[{"href":"https:\/\/www.oarcanjo.net\/site\/wp-json\/wp\/v2\/types\/post"}],"author":[{"embeddable":true,"href":"https:\/\/www.oarcanjo.net\/site\/wp-json\/wp\/v2\/users\/5"}],"replies":[{"embeddable":true,"href":"https:\/\/www.oarcanjo.net\/site\/wp-json\/wp\/v2\/comments?post=14513"}],"version-history":[{"count":0,"href":"https:\/\/www.oarcanjo.net\/site\/wp-json\/wp\/v2\/posts\/14513\/revisions"}],"wp:attachment":[{"href":"https:\/\/www.oarcanjo.net\/site\/wp-json\/wp\/v2\/media?parent=14513"}],"wp:term":[{"taxonomy":"category","embeddable":true,"href":"https:\/\/www.oarcanjo.net\/site\/wp-json\/wp\/v2\/categories?post=14513"},{"taxonomy":"post_tag","embeddable":true,"href":"https:\/\/www.oarcanjo.net\/site\/wp-json\/wp\/v2\/tags?post=14513"}],"curies":[{"name":"wp","href":"https:\/\/api.w.org\/{rel}","templated":true}]}}