
{"id":14570,"date":"2011-05-21T15:49:18","date_gmt":"2011-05-21T18:49:18","guid":{"rendered":"http:\/\/www.oarcanjo.net\/site\/?p=14570"},"modified":"2011-05-21T20:34:45","modified_gmt":"2011-05-21T23:34:45","slug":"a-vida-da-irma-dulce-em-video","status":"publish","type":"post","link":"https:\/\/www.oarcanjo.net\/site\/a-vida-da-irma-dulce-em-video\/","title":{"rendered":"A vida da Irm\u00e3 Dulce em v\u00eddeo"},"content":{"rendered":"<p>A <strong>TV Can\u00e7\u00e3o Nova<\/strong> resgata a hist\u00f3ria da Irm\u00e3 Dulce, o &#8220;anjo bom do Brasil&#8221;, em quatro v\u00eddeos, desde a inf\u00e2ncia, a f\u00e9 e o envolvimento com os pobres at\u00e9 as obras sociais que ela inspirou.<\/p>\n<p>&gt;&gt; Parte 1 \u2013 Inf\u00e2ncia e adolesc\u00eancia<\/p>\n<p><object width=\"490\" height=\"303\" data=\"http:\/\/www.webtvcn.com\/player\/v\/11739648\" type=\"application\/x-shockwave-flash\"><param name=\"movie\" value=\"http:\/\/www.webtvcn.com\/player\/v\/11739648\" \/><param name=\"allowScriptAccess\" value=\"aways\" \/><param name=\"wmode\" value=\"window\" \/><param name=\"loop\" value=\"false\" \/><param name=\"menu\" value=\"true\" \/><param name=\"allowFullScreen\" value=\"true\" \/><\/object><\/p>\n<p>&gt;&gt; Parte 2 \u2013 Trabalho com os pobres<\/p>\n<p><object width=\"490\" height=\"303\" data=\"http:\/\/www.webtvcn.com\/player\/v\/11739661\" type=\"application\/x-shockwave-flash\"><param name=\"movie\" value=\"http:\/\/www.webtvcn.com\/player\/v\/11739661\" \/><param name=\"allowScriptAccess\" value=\"aways\" \/><param name=\"wmode\" value=\"window\" \/><param name=\"loop\" value=\"false\" \/><param name=\"menu\" value=\"true\" \/><param name=\"allowFullScreen\" value=\"true\" \/><\/object><\/p>\n<p>&gt;&gt; Parte 3 \u2013 Uma vida de ora\u00e7\u00e3o<\/p>\n<p><object width=\"490\" height=\"303\" data=\"http:\/\/www.webtvcn.com\/player\/v\/11739674\" type=\"application\/x-shockwave-flash\"><param name=\"movie\" value=\"http:\/\/www.webtvcn.com\/player\/v\/11739674\" \/><param name=\"allowScriptAccess\" value=\"aways\" \/><param name=\"wmode\" value=\"window\" \/><param name=\"loop\" value=\"false\" \/><param name=\"menu\" value=\"true\" \/><param name=\"allowFullScreen\" value=\"true\" \/><\/object><\/p>\n<p>&gt;&gt; Parte 4 \u2013 Obras sociais<\/p>\n<p><object width=\"490\" height=\"303\" data=\"http:\/\/www.webtvcn.com\/player\/v\/11739683\" type=\"application\/x-shockwave-flash\"><param name=\"movie\" value=\"http:\/\/www.webtvcn.com\/player\/v\/11739683\" \/><param name=\"allowScriptAccess\" value=\"aways\" \/><param name=\"wmode\" value=\"window\" \/><param name=\"loop\" value=\"false\" \/><param name=\"menu\" value=\"true\" \/><param name=\"allowFullScreen\" value=\"true\" \/><\/object><\/p>\n<div id=\"themify_builder_content-14570\" data-postid=\"14570\" class=\"themify_builder_content themify_builder_content-14570 themify_builder themify_builder_front\">\n\t<\/div>\n<!-- \/themify_builder_content -->","protected":false},"excerpt":{"rendered":"<p>A TV Can\u00e7\u00e3o Nova resgata a hist\u00f3ria da Irm\u00e3 Dulce, o &#8220;anjo bom do Brasil&#8221;, em quatro v\u00eddeos, desde a inf\u00e2ncia, a f\u00e9 e o envolvimento com os pobres at\u00e9 as obras sociais que ela inspirou. &gt;&gt; Parte 1 \u2013 Inf\u00e2ncia e adolesc\u00eancia &gt;&gt; Parte 2 \u2013 Trabalho com os pobres &gt;&gt; Parte 3 \u2013 [&hellip;]<\/p>\n","protected":false},"author":5,"featured_media":0,"comment_status":"open","ping_status":"open","sticky":false,"template":"","format":"standard","meta":{"ngg_post_thumbnail":0,"footnotes":""},"categories":[3,1915,280],"tags":[1919,1451,441,3212,1920,14,189,88],"yoast_head":"<!-- This site is optimized with the Yoast SEO plugin v23.5 - https:\/\/yoast.com\/wordpress\/plugins\/seo\/ -->\n<title>A vida da Irm\u00e3 Dulce em v\u00eddeo - O Arcanjo no ar<\/title>\n<meta name=\"robots\" content=\"index, follow, max-snippet:-1, max-image-preview:large, max-video-preview:-1\" \/>\n<link rel=\"canonical\" href=\"https:\/\/www.oarcanjo.net\/site\/a-vida-da-irma-dulce-em-video\/\" \/>\n<meta property=\"og:locale\" content=\"pt_BR\" \/>\n<meta property=\"og:type\" content=\"article\" \/>\n<meta property=\"og:title\" content=\"A vida da Irm\u00e3 Dulce em v\u00eddeo - O Arcanjo no ar\" \/>\n<meta property=\"og:description\" content=\"A TV Can\u00e7\u00e3o Nova resgata a hist\u00f3ria da Irm\u00e3 Dulce, o &#8220;anjo bom do Brasil&#8221;, em quatro v\u00eddeos, desde a inf\u00e2ncia, a f\u00e9 e o envolvimento com os pobres at\u00e9 as obras sociais que ela inspirou. &gt;&gt; Parte 1 \u2013 Inf\u00e2ncia e adolesc\u00eancia &gt;&gt; Parte 2 \u2013 Trabalho com os pobres &gt;&gt; Parte 3 \u2013 [&hellip;]\" \/>\n<meta property=\"og:url\" content=\"https:\/\/www.oarcanjo.net\/site\/a-vida-da-irma-dulce-em-video\/\" \/>\n<meta property=\"og:site_name\" content=\"O Arcanjo no ar\" \/>\n<meta property=\"article:publisher\" content=\"https:\/\/www.facebook.com\/OArcanjoNoAr\/\" \/>\n<meta property=\"article:published_time\" content=\"2011-05-21T18:49:18+00:00\" \/>\n<meta property=\"article:modified_time\" content=\"2011-05-21T23:34:45+00:00\" \/>\n<meta property=\"og:image\" content=\"https:\/\/www.oarcanjo.net\/site\/wp-content\/uploads\/logo-o-arcanjo-no-ar-facebook.png\" \/>\n\t<meta property=\"og:image:width\" content=\"300\" \/>\n\t<meta property=\"og:image:height\" content=\"300\" \/>\n\t<meta property=\"og:image:type\" content=\"image\/png\" \/>\n<meta name=\"author\" content=\"editor\" \/>\n<meta name=\"twitter:card\" content=\"summary_large_image\" \/>\n<meta name=\"twitter:label1\" content=\"Escrito por\" \/>\n\t<meta name=\"twitter:data1\" content=\"editor\" \/>\n<script type=\"application\/ld+json\" class=\"yoast-schema-graph\">{\"@context\":\"https:\/\/schema.org\",\"@graph\":[{\"@type\":\"Article\",\"@id\":\"https:\/\/www.oarcanjo.net\/site\/a-vida-da-irma-dulce-em-video\/#article\",\"isPartOf\":{\"@id\":\"https:\/\/www.oarcanjo.net\/site\/a-vida-da-irma-dulce-em-video\/\"},\"author\":{\"name\":\"editor\",\"@id\":\"https:\/\/www.oarcanjo.net\/site\/#\/schema\/person\/f7024d007863202483a31326673a0838\"},\"headline\":\"A vida da Irm\u00e3 Dulce em v\u00eddeo\",\"datePublished\":\"2011-05-21T18:49:18+00:00\",\"dateModified\":\"2011-05-21T23:34:45+00:00\",\"mainEntityOfPage\":{\"@id\":\"https:\/\/www.oarcanjo.net\/site\/a-vida-da-irma-dulce-em-video\/\"},\"wordCount\":76,\"commentCount\":0,\"publisher\":{\"@id\":\"https:\/\/www.oarcanjo.net\/site\/#organization\"},\"keywords\":[\"anjo bom do Brasil\",\"beatifica\u00e7\u00e3o\",\"f\u00e9\",\"Irm\u00e3 Dulce\",\"obras sociais\",\"ora\u00e7\u00e3o\",\"pobres\",\"solidariedade\"],\"articleSection\":[\"Destaques\",\"Irm\u00e3 Dulce\",\"V\u00eddeos\"],\"inLanguage\":\"pt-BR\",\"potentialAction\":[{\"@type\":\"CommentAction\",\"name\":\"Comment\",\"target\":[\"https:\/\/www.oarcanjo.net\/site\/a-vida-da-irma-dulce-em-video\/#respond\"]}]},{\"@type\":\"WebPage\",\"@id\":\"https:\/\/www.oarcanjo.net\/site\/a-vida-da-irma-dulce-em-video\/\",\"url\":\"https:\/\/www.oarcanjo.net\/site\/a-vida-da-irma-dulce-em-video\/\",\"name\":\"A vida da Irm\u00e3 Dulce em v\u00eddeo - O Arcanjo no ar\",\"isPartOf\":{\"@id\":\"https:\/\/www.oarcanjo.net\/site\/#website\"},\"datePublished\":\"2011-05-21T18:49:18+00:00\",\"dateModified\":\"2011-05-21T23:34:45+00:00\",\"breadcrumb\":{\"@id\":\"https:\/\/www.oarcanjo.net\/site\/a-vida-da-irma-dulce-em-video\/#breadcrumb\"},\"inLanguage\":\"pt-BR\",\"potentialAction\":[{\"@type\":\"ReadAction\",\"target\":[\"https:\/\/www.oarcanjo.net\/site\/a-vida-da-irma-dulce-em-video\/\"]}]},{\"@type\":\"BreadcrumbList\",\"@id\":\"https:\/\/www.oarcanjo.net\/site\/a-vida-da-irma-dulce-em-video\/#breadcrumb\",\"itemListElement\":[{\"@type\":\"ListItem\",\"position\":1,\"name\":\"In\u00edcio\",\"item\":\"https:\/\/www.oarcanjo.net\/site\/\"},{\"@type\":\"ListItem\",\"position\":2,\"name\":\"A vida da Irm\u00e3 Dulce em v\u00eddeo\"}]},{\"@type\":\"WebSite\",\"@id\":\"https:\/\/www.oarcanjo.net\/site\/#website\",\"url\":\"https:\/\/www.oarcanjo.net\/site\/\",\"name\":\"O Arcanjo no ar\",\"description\":\"Site da Par\u00f3quia S\u00e3o Miguel Arcanjo (Arquidiocese de SP)\",\"publisher\":{\"@id\":\"https:\/\/www.oarcanjo.net\/site\/#organization\"},\"potentialAction\":[{\"@type\":\"SearchAction\",\"target\":{\"@type\":\"EntryPoint\",\"urlTemplate\":\"https:\/\/www.oarcanjo.net\/site\/?s={search_term_string}\"},\"query-input\":{\"@type\":\"PropertyValueSpecification\",\"valueRequired\":true,\"valueName\":\"search_term_string\"}}],\"inLanguage\":\"pt-BR\"},{\"@type\":\"Organization\",\"@id\":\"https:\/\/www.oarcanjo.net\/site\/#organization\",\"name\":\"Par\u00f3quia S\u00e3o Miguel Arcanjo\",\"url\":\"https:\/\/www.oarcanjo.net\/site\/\",\"logo\":{\"@type\":\"ImageObject\",\"inLanguage\":\"pt-BR\",\"@id\":\"https:\/\/www.oarcanjo.net\/site\/#\/schema\/logo\/image\/\",\"url\":\"https:\/\/www.oarcanjo.net\/site\/wp-content\/uploads\/LogoOArcanjo.png\",\"contentUrl\":\"https:\/\/www.oarcanjo.net\/site\/wp-content\/uploads\/LogoOArcanjo.png\",\"width\":319,\"height\":99,\"caption\":\"Par\u00f3quia S\u00e3o Miguel Arcanjo\"},\"image\":{\"@id\":\"https:\/\/www.oarcanjo.net\/site\/#\/schema\/logo\/image\/\"},\"sameAs\":[\"https:\/\/www.facebook.com\/OArcanjoNoAr\/\"]},{\"@type\":\"Person\",\"@id\":\"https:\/\/www.oarcanjo.net\/site\/#\/schema\/person\/f7024d007863202483a31326673a0838\",\"name\":\"editor\",\"sameAs\":[\"http:\/\/www.oarcanjo.net\"]}]}<\/script>\n<!-- \/ Yoast SEO plugin. -->","yoast_head_json":{"title":"A vida da Irm\u00e3 Dulce em v\u00eddeo - O Arcanjo no ar","robots":{"index":"index","follow":"follow","max-snippet":"max-snippet:-1","max-image-preview":"max-image-preview:large","max-video-preview":"max-video-preview:-1"},"canonical":"https:\/\/www.oarcanjo.net\/site\/a-vida-da-irma-dulce-em-video\/","og_locale":"pt_BR","og_type":"article","og_title":"A vida da Irm\u00e3 Dulce em v\u00eddeo - O Arcanjo no ar","og_description":"A TV Can\u00e7\u00e3o Nova resgata a hist\u00f3ria da Irm\u00e3 Dulce, o &#8220;anjo bom do Brasil&#8221;, em quatro v\u00eddeos, desde a inf\u00e2ncia, a f\u00e9 e o envolvimento com os pobres at\u00e9 as obras sociais que ela inspirou. &gt;&gt; Parte 1 \u2013 Inf\u00e2ncia e adolesc\u00eancia &gt;&gt; Parte 2 \u2013 Trabalho com os pobres &gt;&gt; Parte 3 \u2013 [&hellip;]","og_url":"https:\/\/www.oarcanjo.net\/site\/a-vida-da-irma-dulce-em-video\/","og_site_name":"O Arcanjo no ar","article_publisher":"https:\/\/www.facebook.com\/OArcanjoNoAr\/","article_published_time":"2011-05-21T18:49:18+00:00","article_modified_time":"2011-05-21T23:34:45+00:00","og_image":[{"width":300,"height":300,"url":"https:\/\/www.oarcanjo.net\/site\/wp-content\/uploads\/logo-o-arcanjo-no-ar-facebook.png","type":"image\/png"}],"author":"editor","twitter_card":"summary_large_image","twitter_misc":{"Escrito por":"editor"},"schema":{"@context":"https:\/\/schema.org","@graph":[{"@type":"Article","@id":"https:\/\/www.oarcanjo.net\/site\/a-vida-da-irma-dulce-em-video\/#article","isPartOf":{"@id":"https:\/\/www.oarcanjo.net\/site\/a-vida-da-irma-dulce-em-video\/"},"author":{"name":"editor","@id":"https:\/\/www.oarcanjo.net\/site\/#\/schema\/person\/f7024d007863202483a31326673a0838"},"headline":"A vida da Irm\u00e3 Dulce em v\u00eddeo","datePublished":"2011-05-21T18:49:18+00:00","dateModified":"2011-05-21T23:34:45+00:00","mainEntityOfPage":{"@id":"https:\/\/www.oarcanjo.net\/site\/a-vida-da-irma-dulce-em-video\/"},"wordCount":76,"commentCount":0,"publisher":{"@id":"https:\/\/www.oarcanjo.net\/site\/#organization"},"keywords":["anjo bom do Brasil","beatifica\u00e7\u00e3o","f\u00e9","Irm\u00e3 Dulce","obras sociais","ora\u00e7\u00e3o","pobres","solidariedade"],"articleSection":["Destaques","Irm\u00e3 Dulce","V\u00eddeos"],"inLanguage":"pt-BR","potentialAction":[{"@type":"CommentAction","name":"Comment","target":["https:\/\/www.oarcanjo.net\/site\/a-vida-da-irma-dulce-em-video\/#respond"]}]},{"@type":"WebPage","@id":"https:\/\/www.oarcanjo.net\/site\/a-vida-da-irma-dulce-em-video\/","url":"https:\/\/www.oarcanjo.net\/site\/a-vida-da-irma-dulce-em-video\/","name":"A vida da Irm\u00e3 Dulce em v\u00eddeo - O Arcanjo no ar","isPartOf":{"@id":"https:\/\/www.oarcanjo.net\/site\/#website"},"datePublished":"2011-05-21T18:49:18+00:00","dateModified":"2011-05-21T23:34:45+00:00","breadcrumb":{"@id":"https:\/\/www.oarcanjo.net\/site\/a-vida-da-irma-dulce-em-video\/#breadcrumb"},"inLanguage":"pt-BR","potentialAction":[{"@type":"ReadAction","target":["https:\/\/www.oarcanjo.net\/site\/a-vida-da-irma-dulce-em-video\/"]}]},{"@type":"BreadcrumbList","@id":"https:\/\/www.oarcanjo.net\/site\/a-vida-da-irma-dulce-em-video\/#breadcrumb","itemListElement":[{"@type":"ListItem","position":1,"name":"In\u00edcio","item":"https:\/\/www.oarcanjo.net\/site\/"},{"@type":"ListItem","position":2,"name":"A vida da Irm\u00e3 Dulce em v\u00eddeo"}]},{"@type":"WebSite","@id":"https:\/\/www.oarcanjo.net\/site\/#website","url":"https:\/\/www.oarcanjo.net\/site\/","name":"O Arcanjo no ar","description":"Site da Par\u00f3quia S\u00e3o Miguel Arcanjo (Arquidiocese de SP)","publisher":{"@id":"https:\/\/www.oarcanjo.net\/site\/#organization"},"potentialAction":[{"@type":"SearchAction","target":{"@type":"EntryPoint","urlTemplate":"https:\/\/www.oarcanjo.net\/site\/?s={search_term_string}"},"query-input":{"@type":"PropertyValueSpecification","valueRequired":true,"valueName":"search_term_string"}}],"inLanguage":"pt-BR"},{"@type":"Organization","@id":"https:\/\/www.oarcanjo.net\/site\/#organization","name":"Par\u00f3quia S\u00e3o Miguel Arcanjo","url":"https:\/\/www.oarcanjo.net\/site\/","logo":{"@type":"ImageObject","inLanguage":"pt-BR","@id":"https:\/\/www.oarcanjo.net\/site\/#\/schema\/logo\/image\/","url":"https:\/\/www.oarcanjo.net\/site\/wp-content\/uploads\/LogoOArcanjo.png","contentUrl":"https:\/\/www.oarcanjo.net\/site\/wp-content\/uploads\/LogoOArcanjo.png","width":319,"height":99,"caption":"Par\u00f3quia S\u00e3o Miguel Arcanjo"},"image":{"@id":"https:\/\/www.oarcanjo.net\/site\/#\/schema\/logo\/image\/"},"sameAs":["https:\/\/www.facebook.com\/OArcanjoNoAr\/"]},{"@type":"Person","@id":"https:\/\/www.oarcanjo.net\/site\/#\/schema\/person\/f7024d007863202483a31326673a0838","name":"editor","sameAs":["http:\/\/www.oarcanjo.net"]}]}},"publishpress_future_action":{"enabled":false,"date":"2026-05-06 18:06:53","action":"category","newStatus":"draft","terms":[],"taxonomy":"category"},"publishpress_future_workflow_manual_trigger":{"enabledWorkflows":[]},"_links":{"self":[{"href":"https:\/\/www.oarcanjo.net\/site\/wp-json\/wp\/v2\/posts\/14570"}],"collection":[{"href":"https:\/\/www.oarcanjo.net\/site\/wp-json\/wp\/v2\/posts"}],"about":[{"href":"https:\/\/www.oarcanjo.net\/site\/wp-json\/wp\/v2\/types\/post"}],"author":[{"embeddable":true,"href":"https:\/\/www.oarcanjo.net\/site\/wp-json\/wp\/v2\/users\/5"}],"replies":[{"embeddable":true,"href":"https:\/\/www.oarcanjo.net\/site\/wp-json\/wp\/v2\/comments?post=14570"}],"version-history":[{"count":1,"href":"https:\/\/www.oarcanjo.net\/site\/wp-json\/wp\/v2\/posts\/14570\/revisions"}],"predecessor-version":[{"id":93681,"href":"https:\/\/www.oarcanjo.net\/site\/wp-json\/wp\/v2\/posts\/14570\/revisions\/93681"}],"wp:attachment":[{"href":"https:\/\/www.oarcanjo.net\/site\/wp-json\/wp\/v2\/media?parent=14570"}],"wp:term":[{"taxonomy":"category","embeddable":true,"href":"https:\/\/www.oarcanjo.net\/site\/wp-json\/wp\/v2\/categories?post=14570"},{"taxonomy":"post_tag","embeddable":true,"href":"https:\/\/www.oarcanjo.net\/site\/wp-json\/wp\/v2\/tags?post=14570"}],"curies":[{"name":"wp","href":"https:\/\/api.w.org\/{rel}","templated":true}]}}