
{"id":14595,"date":"2011-05-23T00:49:38","date_gmt":"2011-05-23T03:49:38","guid":{"rendered":"http:\/\/www.oarcanjo.net\/site\/?p=14595"},"modified":"2011-05-23T00:49:38","modified_gmt":"2011-05-23T03:49:38","slug":"igreja-proclama-bem-aventurada-dulce-dos-pobres","status":"publish","type":"post","link":"https:\/\/www.oarcanjo.net\/site\/igreja-proclama-bem-aventurada-dulce-dos-pobres\/","title":{"rendered":"Igreja proclama Bem-Aventurada Dulce dos Pobres"},"content":{"rendered":"<p><em>Da enviada especial do jornal O S\u00c3O PAULO a Salvador, Karla Maria<\/em><\/p>\n<p>Mais de 70 mil pessoas testemunharam a beatifica\u00e7\u00e3o de Irm\u00e3 Dulce, o \u201cAnjo Bom da Bahia\u201d, na tarde deste domingo (22), em Salvador (BA).<\/p>\n<p>Nem a chuva e o cansa\u00e7o impediram que o Parque das Exposi\u00e7\u00f5es fosse palco desse momento hist\u00f3rico, n\u00e3o s\u00f3 para a Arquidiocese de S\u00e3o Salvador da Bahia, como para toda a Igreja Cat\u00f3lica, disse dom Lorenzo Baldisseri, n\u00fancio apost\u00f3lico no Brasil, durante a cerim\u00f4nia de beatifica\u00e7\u00e3o, que foi presidida pelo  arcebispo em\u00e9rito de Salvador, cardeal dom Geraldo Majella Agnelo, representante do papa Bento 16 e do prefeito da Congrega\u00e7\u00e3o para a Causa dos Santos, cardeal Angelo Amato.<\/p>\n<p>Concelebrou a missa o arcebispo de Salvador, dom Murilo Krieger, al\u00e9m de diversos bispos, entre os quais, o arcebispo em\u00e9rito de S\u00e3o Paulo, cardeal dom Cl\u00e1udio Hummes.<\/p>\n<p>A presidente Dilma Rousseff marcou presen\u00e7a na cerim\u00f4nia, acompanhada pelo presidente do Senado Federal, Jos\u00e9 Sarney, e pelo governador do Estado de S\u00e3o Paulo, Geraldo Alckmin.<\/p>\n<p>Outros pol\u00edticos e doadores das Obras Sociais da Irm\u00e3 Dulce, que registraram em 2010 5,6 milh\u00f5es de atendimentos gratuitos, marcaram presen\u00e7a, mas o destaque foi a participa\u00e7\u00e3o dos devotos que em mais de 400 caravanas de todo o Brasil, desembarcaram em Salvador demonstrar o carinho pela beata, j\u00e1 conclamada a santa.<\/p>\n<p>A cerim\u00f4nia come\u00e7ou com a leitura do pedido de beatifica\u00e7\u00e3o, feito pelo dom Murilo. \u201cO arcebispo metropolitano de S\u00e3o Salvador da Bahia e primaz do Brasil pede a vossa emin\u00eancia reverend\u00edssima de proclamar bem-aventurada a vener\u00e1vel serva de Deus Dulce Lopes Pontes, professa da Congrega\u00e7\u00e3o das Irm\u00e3s Mission\u00e1rias da Imaculada Concei\u00e7\u00e3o da M\u00e3e de Deus\u201d, solicitou o prelado.<\/p>\n<p>Logo em seguida, o bispo da Diocese de Irec\u00ea (BA), dom Tommaso Cascianelli, leu uma resumida biografia da Bem-Aventurada e, dom Geraldo, a carta apost\u00f3lica na qual o papa autoriza a beatifica\u00e7\u00e3o. No documento, Bento 16 afirmou que \u201ctendo consultado a Congrega\u00e7\u00e3o das Causas dos Santos, por nossa autoridade apost\u00f3lica, damos a faculdade para que a vener\u00e1vel serva de Deus Dulce Lopes Pontes [\u2026] seja chamada de hoje em diante com o nome de bem-aventurada, com sua festa fixada no dia 13 de agosto\u201d.<\/p>\n<p>Ap\u00f3s a leitura, a foto de Irm\u00e3 Dulce foi descerrada, levando a multid\u00e3o a euforia. Paralelamente, a miraculada Cl\u00e1udia Cristiane Santos de Ara\u00fajo, seu marido Francisco Assis de Ara\u00fajo e o filho Gabriel entraram em prociss\u00e3o para apresentar aos fi\u00e9is a rel\u00edquia da nova beata. A sobrinha de Irm\u00e3 Dulce, Maria Rita Pontes, e a volunt\u00e1ria mais antiga das Obras Sociais da freira, Iraci Lordello, tamb\u00e9m entraram em prociss\u00e3o.<\/p>\n<p>Na hom\u00edlia, o cardeal Majella, enfatizou que viver a santidade n\u00e3o \u00e9 privil\u00e9gio para algumas pessoas, mas \u00e9 dever de todo crist\u00e3o batizado. \u201cEu n\u00e3o disse alguns, disse todos os crist\u00e3os. Estamos celebrando a santidade que o Senhor deseja ver reproduzida em cada um de Seus filhos. Todos os fi\u00e9is devem ser santos em sua conduta moral, devem agir em conformidade com que o s\u00e3o: filhos de Deus\u201d, ressaltou dom Geraldo, que foi respons\u00e1vel pelo pedido de abertura do processo de canoniza\u00e7\u00e3o da beata,no ano 2000.<\/p>\n<p>Em pronunciamento realizado no Vaticano, ap\u00f3s a recita\u00e7\u00e3o da ora\u00e7\u00e3o mariana \u201cRegina Coeli\u201d, na manh\u00e3 do domingo, o papa Bento 16 afirmou que estava junto aos brasileiros na alegria pela beatifica\u00e7\u00e3o de Irm\u00e3 Dulce.<\/p>\n<p>&#8220;Ao saudar os peregrinos de l\u00edngua portuguesa, desejo tamb\u00e9m associar-me \u00e0 alegria dos pastores e fi\u00e9is congregados em Salvador, na Bahia, para a beatifica\u00e7\u00e3o da Irm\u00e3 Dulce Lopes Pontes, que deixou atr\u00e1s de si um prodigioso rastro de caridade, a servi\u00e7o dos \u00faltimos, levando o Brasil inteiro a venerar os desamparados&#8221;, disse, em portugu\u00eas.<\/p>\n<p><strong>Sobre Irm\u00e3 Dulce<\/strong><\/p>\n<p>Maria Rita de Sousa Brito Lopes Pontes nasceu em Salvador (BA) no dia 26 de maio de 1914. Conhecida como Irm\u00e3 Dulce, o &#8216;Anjo bom da Bahia&#8217;, foi uma religiosa cat\u00f3lica brasileira. Ela notabilizou-se por suas obras de caridade e de assist\u00eancia aos pobres e aos necessitados. Ap\u00f3s a beatifica\u00e7\u00e3o, ser\u00e1 chamada de &#8216;Bem-aventurada Dulce dos Pobres&#8217;.<\/p>\n<p>A religiosa come\u00e7ou a praticar caridade aos 13 anos, ajudando mendigos que moravam nas ruas da capital baiana. Aos 18, entrou para a Congrega\u00e7\u00e3o das Irm\u00e3s Mission\u00e1rias da Imaculada Concei\u00e7\u00e3o. Dedicou toda sua vida \u00e0 caridade.<\/p>\n<p>Em 2000, foi realizada a abertura do Processo Can\u00f4nico sobre a sua vida, virtudes e fama de santidade. A gra\u00e7a obtida pela intercess\u00e3o de Irm\u00e3 Dulce, em 2003, foi examinada primeiramente no Brasil e reconhecida pelos peritos m\u00e9dicos como um caso que n\u00e3o p\u00f4de ser explicado pelos meios da ci\u00eancia. Os peritos e os cardeais da Congrega\u00e7\u00e3o para as Causas dos Santos foram un\u00e2nimes no reconhecimento deste milagre, constando que se tratava de um caso extraordin\u00e1rio de cura.<\/p>\n<p>Em abril de 2009, foram reconhecidas suas virtudes her\u00f3icas e ela foi declarada Vener\u00e1vel pelo Vaticano. Em junho de 2010, seu corpo foi exumado e transferido junto \u00e0s suas rel\u00edquias, \u00faltimos atos antes da beatifica\u00e7\u00e3o.<\/p>\n<div id=\"themify_builder_content-14595\" data-postid=\"14595\" class=\"themify_builder_content themify_builder_content-14595 themify_builder themify_builder_front\">\n\t<\/div>\n<!-- \/themify_builder_content -->","protected":false},"excerpt":{"rendered":"<p>Da enviada especial do jornal O S\u00c3O PAULO a Salvador, Karla Maria Mais de 70 mil pessoas testemunharam a beatifica\u00e7\u00e3o de Irm\u00e3 Dulce, o \u201cAnjo Bom da Bahia\u201d, na tarde deste domingo (22), em Salvador (BA). Nem a chuva e o cansa\u00e7o impediram que o Parque das Exposi\u00e7\u00f5es fosse palco desse momento hist\u00f3rico, n\u00e3o s\u00f3 [&hellip;]<\/p>\n","protected":false},"author":5,"featured_media":0,"comment_status":"open","ping_status":"open","sticky":false,"template":"","format":"standard","meta":{"ngg_post_thumbnail":0,"footnotes":""},"categories":[1915,8],"tags":[1451,1932,3212,1933,1407,88],"yoast_head":"<!-- This site is optimized with the Yoast SEO plugin v23.5 - https:\/\/yoast.com\/wordpress\/plugins\/seo\/ -->\n<title>Igreja proclama Bem-Aventurada Dulce dos Pobres - O Arcanjo no ar<\/title>\n<meta name=\"robots\" content=\"index, follow, max-snippet:-1, max-image-preview:large, max-video-preview:-1\" \/>\n<link rel=\"canonical\" href=\"https:\/\/www.oarcanjo.net\/site\/igreja-proclama-bem-aventurada-dulce-dos-pobres\/\" \/>\n<meta property=\"og:locale\" content=\"pt_BR\" \/>\n<meta property=\"og:type\" content=\"article\" \/>\n<meta property=\"og:title\" content=\"Igreja proclama Bem-Aventurada Dulce dos Pobres - O Arcanjo no ar\" \/>\n<meta property=\"og:description\" content=\"Da enviada especial do jornal O S\u00c3O PAULO a Salvador, Karla Maria Mais de 70 mil pessoas testemunharam a beatifica\u00e7\u00e3o de Irm\u00e3 Dulce, o \u201cAnjo Bom da Bahia\u201d, na tarde deste domingo (22), em Salvador (BA). Nem a chuva e o cansa\u00e7o impediram que o Parque das Exposi\u00e7\u00f5es fosse palco desse momento hist\u00f3rico, n\u00e3o s\u00f3 [&hellip;]\" \/>\n<meta property=\"og:url\" content=\"https:\/\/www.oarcanjo.net\/site\/igreja-proclama-bem-aventurada-dulce-dos-pobres\/\" \/>\n<meta property=\"og:site_name\" content=\"O Arcanjo no ar\" \/>\n<meta property=\"article:publisher\" content=\"https:\/\/www.facebook.com\/OArcanjoNoAr\/\" \/>\n<meta property=\"article:published_time\" content=\"2011-05-23T03:49:38+00:00\" \/>\n<meta property=\"og:image\" content=\"https:\/\/www.oarcanjo.net\/site\/wp-content\/uploads\/logo-o-arcanjo-no-ar-facebook.png\" \/>\n\t<meta property=\"og:image:width\" content=\"300\" \/>\n\t<meta property=\"og:image:height\" content=\"300\" \/>\n\t<meta property=\"og:image:type\" content=\"image\/png\" \/>\n<meta name=\"author\" content=\"editor\" \/>\n<meta name=\"twitter:card\" content=\"summary_large_image\" \/>\n<meta name=\"twitter:label1\" content=\"Escrito por\" \/>\n\t<meta name=\"twitter:data1\" content=\"editor\" \/>\n\t<meta name=\"twitter:label2\" content=\"Est. tempo de leitura\" \/>\n\t<meta name=\"twitter:data2\" content=\"4 minutos\" \/>\n<script type=\"application\/ld+json\" class=\"yoast-schema-graph\">{\"@context\":\"https:\/\/schema.org\",\"@graph\":[{\"@type\":\"Article\",\"@id\":\"https:\/\/www.oarcanjo.net\/site\/igreja-proclama-bem-aventurada-dulce-dos-pobres\/#article\",\"isPartOf\":{\"@id\":\"https:\/\/www.oarcanjo.net\/site\/igreja-proclama-bem-aventurada-dulce-dos-pobres\/\"},\"author\":{\"name\":\"editor\",\"@id\":\"https:\/\/www.oarcanjo.net\/site\/#\/schema\/person\/f7024d007863202483a31326673a0838\"},\"headline\":\"Igreja proclama Bem-Aventurada Dulce dos Pobres\",\"datePublished\":\"2011-05-23T03:49:38+00:00\",\"dateModified\":\"2011-05-23T03:49:38+00:00\",\"mainEntityOfPage\":{\"@id\":\"https:\/\/www.oarcanjo.net\/site\/igreja-proclama-bem-aventurada-dulce-dos-pobres\/\"},\"wordCount\":892,\"commentCount\":1,\"publisher\":{\"@id\":\"https:\/\/www.oarcanjo.net\/site\/#organization\"},\"keywords\":[\"beatifica\u00e7\u00e3o\",\"Bem Aventurada Dulce dos Pobres\",\"Irm\u00e3 Dulce\",\"pobre\",\"Salvador\",\"solidariedade\"],\"articleSection\":[\"Irm\u00e3 Dulce\",\"Not\u00edcias\"],\"inLanguage\":\"pt-BR\",\"potentialAction\":[{\"@type\":\"CommentAction\",\"name\":\"Comment\",\"target\":[\"https:\/\/www.oarcanjo.net\/site\/igreja-proclama-bem-aventurada-dulce-dos-pobres\/#respond\"]}]},{\"@type\":\"WebPage\",\"@id\":\"https:\/\/www.oarcanjo.net\/site\/igreja-proclama-bem-aventurada-dulce-dos-pobres\/\",\"url\":\"https:\/\/www.oarcanjo.net\/site\/igreja-proclama-bem-aventurada-dulce-dos-pobres\/\",\"name\":\"Igreja proclama Bem-Aventurada Dulce dos Pobres - O Arcanjo no ar\",\"isPartOf\":{\"@id\":\"https:\/\/www.oarcanjo.net\/site\/#website\"},\"datePublished\":\"2011-05-23T03:49:38+00:00\",\"dateModified\":\"2011-05-23T03:49:38+00:00\",\"breadcrumb\":{\"@id\":\"https:\/\/www.oarcanjo.net\/site\/igreja-proclama-bem-aventurada-dulce-dos-pobres\/#breadcrumb\"},\"inLanguage\":\"pt-BR\",\"potentialAction\":[{\"@type\":\"ReadAction\",\"target\":[\"https:\/\/www.oarcanjo.net\/site\/igreja-proclama-bem-aventurada-dulce-dos-pobres\/\"]}]},{\"@type\":\"BreadcrumbList\",\"@id\":\"https:\/\/www.oarcanjo.net\/site\/igreja-proclama-bem-aventurada-dulce-dos-pobres\/#breadcrumb\",\"itemListElement\":[{\"@type\":\"ListItem\",\"position\":1,\"name\":\"In\u00edcio\",\"item\":\"https:\/\/www.oarcanjo.net\/site\/\"},{\"@type\":\"ListItem\",\"position\":2,\"name\":\"Igreja proclama Bem-Aventurada Dulce dos Pobres\"}]},{\"@type\":\"WebSite\",\"@id\":\"https:\/\/www.oarcanjo.net\/site\/#website\",\"url\":\"https:\/\/www.oarcanjo.net\/site\/\",\"name\":\"O Arcanjo no ar\",\"description\":\"Site da Par\u00f3quia S\u00e3o Miguel Arcanjo (Arquidiocese de SP)\",\"publisher\":{\"@id\":\"https:\/\/www.oarcanjo.net\/site\/#organization\"},\"potentialAction\":[{\"@type\":\"SearchAction\",\"target\":{\"@type\":\"EntryPoint\",\"urlTemplate\":\"https:\/\/www.oarcanjo.net\/site\/?s={search_term_string}\"},\"query-input\":{\"@type\":\"PropertyValueSpecification\",\"valueRequired\":true,\"valueName\":\"search_term_string\"}}],\"inLanguage\":\"pt-BR\"},{\"@type\":\"Organization\",\"@id\":\"https:\/\/www.oarcanjo.net\/site\/#organization\",\"name\":\"Par\u00f3quia S\u00e3o Miguel Arcanjo\",\"url\":\"https:\/\/www.oarcanjo.net\/site\/\",\"logo\":{\"@type\":\"ImageObject\",\"inLanguage\":\"pt-BR\",\"@id\":\"https:\/\/www.oarcanjo.net\/site\/#\/schema\/logo\/image\/\",\"url\":\"https:\/\/www.oarcanjo.net\/site\/wp-content\/uploads\/LogoOArcanjo.png\",\"contentUrl\":\"https:\/\/www.oarcanjo.net\/site\/wp-content\/uploads\/LogoOArcanjo.png\",\"width\":319,\"height\":99,\"caption\":\"Par\u00f3quia S\u00e3o Miguel Arcanjo\"},\"image\":{\"@id\":\"https:\/\/www.oarcanjo.net\/site\/#\/schema\/logo\/image\/\"},\"sameAs\":[\"https:\/\/www.facebook.com\/OArcanjoNoAr\/\"]},{\"@type\":\"Person\",\"@id\":\"https:\/\/www.oarcanjo.net\/site\/#\/schema\/person\/f7024d007863202483a31326673a0838\",\"name\":\"editor\",\"sameAs\":[\"http:\/\/www.oarcanjo.net\"]}]}<\/script>\n<!-- \/ Yoast SEO plugin. -->","yoast_head_json":{"title":"Igreja proclama Bem-Aventurada Dulce dos Pobres - O Arcanjo no ar","robots":{"index":"index","follow":"follow","max-snippet":"max-snippet:-1","max-image-preview":"max-image-preview:large","max-video-preview":"max-video-preview:-1"},"canonical":"https:\/\/www.oarcanjo.net\/site\/igreja-proclama-bem-aventurada-dulce-dos-pobres\/","og_locale":"pt_BR","og_type":"article","og_title":"Igreja proclama Bem-Aventurada Dulce dos Pobres - O Arcanjo no ar","og_description":"Da enviada especial do jornal O S\u00c3O PAULO a Salvador, Karla Maria Mais de 70 mil pessoas testemunharam a beatifica\u00e7\u00e3o de Irm\u00e3 Dulce, o \u201cAnjo Bom da Bahia\u201d, na tarde deste domingo (22), em Salvador (BA). Nem a chuva e o cansa\u00e7o impediram que o Parque das Exposi\u00e7\u00f5es fosse palco desse momento hist\u00f3rico, n\u00e3o s\u00f3 [&hellip;]","og_url":"https:\/\/www.oarcanjo.net\/site\/igreja-proclama-bem-aventurada-dulce-dos-pobres\/","og_site_name":"O Arcanjo no ar","article_publisher":"https:\/\/www.facebook.com\/OArcanjoNoAr\/","article_published_time":"2011-05-23T03:49:38+00:00","og_image":[{"width":300,"height":300,"url":"https:\/\/www.oarcanjo.net\/site\/wp-content\/uploads\/logo-o-arcanjo-no-ar-facebook.png","type":"image\/png"}],"author":"editor","twitter_card":"summary_large_image","twitter_misc":{"Escrito por":"editor","Est. tempo de leitura":"4 minutos"},"schema":{"@context":"https:\/\/schema.org","@graph":[{"@type":"Article","@id":"https:\/\/www.oarcanjo.net\/site\/igreja-proclama-bem-aventurada-dulce-dos-pobres\/#article","isPartOf":{"@id":"https:\/\/www.oarcanjo.net\/site\/igreja-proclama-bem-aventurada-dulce-dos-pobres\/"},"author":{"name":"editor","@id":"https:\/\/www.oarcanjo.net\/site\/#\/schema\/person\/f7024d007863202483a31326673a0838"},"headline":"Igreja proclama Bem-Aventurada Dulce dos Pobres","datePublished":"2011-05-23T03:49:38+00:00","dateModified":"2011-05-23T03:49:38+00:00","mainEntityOfPage":{"@id":"https:\/\/www.oarcanjo.net\/site\/igreja-proclama-bem-aventurada-dulce-dos-pobres\/"},"wordCount":892,"commentCount":1,"publisher":{"@id":"https:\/\/www.oarcanjo.net\/site\/#organization"},"keywords":["beatifica\u00e7\u00e3o","Bem Aventurada Dulce dos Pobres","Irm\u00e3 Dulce","pobre","Salvador","solidariedade"],"articleSection":["Irm\u00e3 Dulce","Not\u00edcias"],"inLanguage":"pt-BR","potentialAction":[{"@type":"CommentAction","name":"Comment","target":["https:\/\/www.oarcanjo.net\/site\/igreja-proclama-bem-aventurada-dulce-dos-pobres\/#respond"]}]},{"@type":"WebPage","@id":"https:\/\/www.oarcanjo.net\/site\/igreja-proclama-bem-aventurada-dulce-dos-pobres\/","url":"https:\/\/www.oarcanjo.net\/site\/igreja-proclama-bem-aventurada-dulce-dos-pobres\/","name":"Igreja proclama Bem-Aventurada Dulce dos Pobres - O Arcanjo no ar","isPartOf":{"@id":"https:\/\/www.oarcanjo.net\/site\/#website"},"datePublished":"2011-05-23T03:49:38+00:00","dateModified":"2011-05-23T03:49:38+00:00","breadcrumb":{"@id":"https:\/\/www.oarcanjo.net\/site\/igreja-proclama-bem-aventurada-dulce-dos-pobres\/#breadcrumb"},"inLanguage":"pt-BR","potentialAction":[{"@type":"ReadAction","target":["https:\/\/www.oarcanjo.net\/site\/igreja-proclama-bem-aventurada-dulce-dos-pobres\/"]}]},{"@type":"BreadcrumbList","@id":"https:\/\/www.oarcanjo.net\/site\/igreja-proclama-bem-aventurada-dulce-dos-pobres\/#breadcrumb","itemListElement":[{"@type":"ListItem","position":1,"name":"In\u00edcio","item":"https:\/\/www.oarcanjo.net\/site\/"},{"@type":"ListItem","position":2,"name":"Igreja proclama Bem-Aventurada Dulce dos Pobres"}]},{"@type":"WebSite","@id":"https:\/\/www.oarcanjo.net\/site\/#website","url":"https:\/\/www.oarcanjo.net\/site\/","name":"O Arcanjo no ar","description":"Site da Par\u00f3quia S\u00e3o Miguel Arcanjo (Arquidiocese de SP)","publisher":{"@id":"https:\/\/www.oarcanjo.net\/site\/#organization"},"potentialAction":[{"@type":"SearchAction","target":{"@type":"EntryPoint","urlTemplate":"https:\/\/www.oarcanjo.net\/site\/?s={search_term_string}"},"query-input":{"@type":"PropertyValueSpecification","valueRequired":true,"valueName":"search_term_string"}}],"inLanguage":"pt-BR"},{"@type":"Organization","@id":"https:\/\/www.oarcanjo.net\/site\/#organization","name":"Par\u00f3quia S\u00e3o Miguel Arcanjo","url":"https:\/\/www.oarcanjo.net\/site\/","logo":{"@type":"ImageObject","inLanguage":"pt-BR","@id":"https:\/\/www.oarcanjo.net\/site\/#\/schema\/logo\/image\/","url":"https:\/\/www.oarcanjo.net\/site\/wp-content\/uploads\/LogoOArcanjo.png","contentUrl":"https:\/\/www.oarcanjo.net\/site\/wp-content\/uploads\/LogoOArcanjo.png","width":319,"height":99,"caption":"Par\u00f3quia S\u00e3o Miguel Arcanjo"},"image":{"@id":"https:\/\/www.oarcanjo.net\/site\/#\/schema\/logo\/image\/"},"sameAs":["https:\/\/www.facebook.com\/OArcanjoNoAr\/"]},{"@type":"Person","@id":"https:\/\/www.oarcanjo.net\/site\/#\/schema\/person\/f7024d007863202483a31326673a0838","name":"editor","sameAs":["http:\/\/www.oarcanjo.net"]}]}},"publishpress_future_action":{"enabled":false,"date":"2026-05-06 18:06:53","action":"category","newStatus":"draft","terms":[],"taxonomy":"category"},"publishpress_future_workflow_manual_trigger":{"enabledWorkflows":[]},"_links":{"self":[{"href":"https:\/\/www.oarcanjo.net\/site\/wp-json\/wp\/v2\/posts\/14595"}],"collection":[{"href":"https:\/\/www.oarcanjo.net\/site\/wp-json\/wp\/v2\/posts"}],"about":[{"href":"https:\/\/www.oarcanjo.net\/site\/wp-json\/wp\/v2\/types\/post"}],"author":[{"embeddable":true,"href":"https:\/\/www.oarcanjo.net\/site\/wp-json\/wp\/v2\/users\/5"}],"replies":[{"embeddable":true,"href":"https:\/\/www.oarcanjo.net\/site\/wp-json\/wp\/v2\/comments?post=14595"}],"version-history":[{"count":0,"href":"https:\/\/www.oarcanjo.net\/site\/wp-json\/wp\/v2\/posts\/14595\/revisions"}],"wp:attachment":[{"href":"https:\/\/www.oarcanjo.net\/site\/wp-json\/wp\/v2\/media?parent=14595"}],"wp:term":[{"taxonomy":"category","embeddable":true,"href":"https:\/\/www.oarcanjo.net\/site\/wp-json\/wp\/v2\/categories?post=14595"},{"taxonomy":"post_tag","embeddable":true,"href":"https:\/\/www.oarcanjo.net\/site\/wp-json\/wp\/v2\/tags?post=14595"}],"curies":[{"name":"wp","href":"https:\/\/api.w.org\/{rel}","templated":true}]}}