
{"id":14621,"date":"2011-05-25T22:07:59","date_gmt":"2011-05-26T01:07:59","guid":{"rendered":"http:\/\/www.oarcanjo.net\/site\/?p=14621"},"modified":"2011-05-25T22:07:59","modified_gmt":"2011-05-26T01:07:59","slug":"jovens-vamos-a-madrid","status":"publish","type":"post","link":"https:\/\/www.oarcanjo.net\/site\/jovens-vamos-a-madrid\/","title":{"rendered":"Jovens, vamos a Madrid?"},"content":{"rendered":"<p>D. Odilo Pedro Scherer<\/p>\n<p>Aproxima-se a Jornada Mundial da Juventude de Madrid, de 16 a 21 de agosto pr\u00f3ximo. Nos dias precedentes, haver\u00e1 a Pr\u00e9-Jornada, durante a qual jovens de todas as partes do mundo ser\u00e3o acolhidos nas dioceses da Espanha e, ali, ter\u00e3o seus encontros e miss\u00f5es com os jovens da pr\u00f3pria Espanha.<\/p>\n<p>Prev\u00ea-se uma grande movimenta\u00e7\u00e3o de jovens, que seguir\u00e3o para Madrid, onde tamb\u00e9m ter\u00e3o o encontro com o Papa Bento XVI. A organiza\u00e7\u00e3o desse grande evento est\u00e1 na responsabilidade do Pontif\u00edcio Conselho para os Leigos, mas contar\u00e1 muito com o apoio da Confer\u00eancia Episcopal espanhola e com as organiza\u00e7\u00f5es dos jovens espanh\u00f3is. Mais de 10 mil jovens do Brasil j\u00e1 est\u00e3o com o passaporte pronto para viajar para a Espanha; e tamb\u00e9m mais de 60 bispos!<\/p>\n<p>As Jornadas, iniciadas pelo Papa Jo\u00e3o Paulo II, t\u00eam o objetivo de estabelecer uma nova intera\u00e7\u00e3o da Igreja com a Juventude; certamente, isso tem sido alcan\u00e7ado em boa parte, mas ainda h\u00e1 muito por fazer, quer porque os jovens evoluem e os protagonistas s\u00e3o sempre novos, quer porque a grande massa dos jovens ainda n\u00e3o est\u00e1 envolvida nas iniciativas pastorais da Igreja.<\/p>\n<p>Ningu\u00e9m duvida da import\u00e2ncia fundamental da evangeliza\u00e7\u00e3o da juventude para que as novas gera\u00e7\u00f5es possam ser iniciadas na experi\u00eancia do encontro com Cristo e na viv\u00eancia da f\u00e9 crist\u00e3 e eclesial. As Jornadas criam boas oportunidades para verdadeiros \u201cmutir\u00f5es\u201d de evangeliza\u00e7\u00e3o da juventude e seria pena n\u00e3o tirar todo o proveito dessa ocasi\u00e3o \u00edmpar para o envolvimento dos jovens com a Igreja.<\/p>\n<p>O Papa Bento XVI escolheu um belo tema para a pr\u00f3xima jornada: \u201cEnraizados e edificados em Cristo, firmes na f\u00e9\u201d (cf Cl 2,7). O tema faz refer\u00eancia a uma passagem da Carta de S\u00e3o Paulo aos Colossenses, na qual o ap\u00f3stolo, depois de falar das suas lutas e fadigas, como mission\u00e1rio do Evangelho, encoraja a comunidade, que recebe a carta, a ficar firme naquilo que aprendeu do Evangelho: \u201cTodos sejam encorajados, unidos no amor, para alcan\u00e7ar a riqueza do pleno entendimento e o conhecimento do mist\u00e9rio de Deus, que \u00e9 Cristo. Nele est\u00e3o escondidos todos os tesouros da sabedoria e do conhecimento\u201d. E exorta, que ningu\u00e9m se deixe levar \u201cpor discursos enganadores\u201d.<\/p>\n<p>A advert\u00eancia de Paulo aos Colossenses tinha um motivo: naquela comunidade crist\u00e3 tinham se infiltrado falsos \u201cpregadores\u201d e \u201cmestres\u201d, que apresentavam teorias esot\u00e9ricas e da mitologia e cosmologia grega sobre diversas divindades e for\u00e7as c\u00f3smicas a governar a vida dos homens&#8230; Pretendiam tamb\u00e9m apresentar novas \u201crevela\u00e7\u00f5es\u201d e novos \u201cconhecimentos\u201d sobre Deus, ainda n\u00e3o manifestados&#8230; E os crist\u00e3os come\u00e7avam a vacilar na f\u00e9. A toda hora, esses \u201cmestres\u201d aparecem tamb\u00e9m em nossos dias e levam consigo pouco firmes na f\u00e9. Ainda h\u00e1 poucos dias, fora do Brasil, algu\u00e9m anunciava o dia e a hora exata do \u201cfim do mundo\u201d&#8230; Errou de novo! J\u00e1 o pr\u00f3prio Jesus ensinou que \u201cningu\u00e9m sabe o dia e a hora, mas somente Deus\u201d; e advertiu contra os enganadores e falsos profetas (cf Mt 24, 3-8). A li\u00e7\u00e3o ainda n\u00e3o foi aprendida!<\/p>\n<p>O texto de S\u00e3o Paulo continua e pede que os crist\u00e3os, \u201ctendo acolhido Cristo, continuem caminhando com ele\u201d. De fato, n\u00e3o basta ter tido um encontro fugaz com ele e, depois, ir atr\u00e1s de outros mestres, ou continuar pela vida afora como se Cristo nada significasse. \u201cContinuem caminhando com ele\u201d, exorta Paulo, indicando que a vida crist\u00e3 se expressa como \u201cdiscipulado\u201d, com Cristo, e n\u00f3s em caminho, atr\u00e1s dele. A CNBB destaca isso nas novas Diretrizes Gerais da A\u00e7\u00e3o Evangelizadora (2011-2015). S\u00e3o Paulo usa ainda outras express\u00f5es semelhantes para dizer a mesma coisa: Viver \u201ccom\u201d Cristo, \u201cpor\u201d Cristo, \u201cem\u201d Cristo. Tudo isso coloca em evid\u00eancia mais uma vez que a f\u00e9 crist\u00e3, antes de ser ades\u00e3o a um ensino e doutrina, \u00e9 ades\u00e3o firme a uma pessoa: a Jesus Cristo, Filho de Deus.<\/p>\n<p>No texto proposto pelo papa para a Jornada Mundial da Juventude toma como refer\u00eancia estas indica\u00e7\u00f5es muito expressivas de S\u00e3o Paulo: \u201cContinuai enraizados nele, edificados sobre ele, firmes na f\u00e9, tal qual vos foi ensinada, transbordando em a\u00e7\u00e3o de gra\u00e7as. Que ningu\u00e9m vos fa\u00e7a prisioneiros de teorias e conversas sem fundamento\u201d (Cl 2,7-8). Quantos se deixam desviar da f\u00e9 crist\u00e3, com tanta facilidade, \u201cpor qualquer vento de doutrina\u201d, como folhas levadas pelo vento, planta sem raiz, casa constru\u00edda sobre a areia&#8230;<\/p>\n<p>A feliz escolha do tema da Jornada vai proporcionar uma reflex\u00e3o importante para jovens e n\u00e3o-jovens sobre a nossa liga\u00e7\u00e3o e rela\u00e7\u00e3o constante com Cristo (\u201cenraizados\u201d nele); sobre o fundamento da nossa f\u00e9 e vida crist\u00e3 (\u201cedificados\u201d sobre ele); e sobre a necess\u00e1ria firmeza na f\u00e9, para n\u00e3o vacilar diante das mil dificuldades do caminho (\u201cfirmes na f\u00e9, como vos foi ensinada\u201d).<\/p>\n<div id=\"themify_builder_content-14621\" data-postid=\"14621\" class=\"themify_builder_content themify_builder_content-14621 themify_builder themify_builder_front\">\n\t<\/div>\n<!-- \/themify_builder_content -->","protected":false},"excerpt":{"rendered":"<p>Artigo do cardeal arcebispo de S\u00e3o Paulo, D. Odilo Pedro Scherer, sobre a Jornada Mundial da Juventude, que ser\u00e1 realizada em agosto em Madri, com a participa\u00e7\u00e3o de jovens de todas as partes do mundo. <\/p>\n","protected":false},"author":5,"featured_media":0,"comment_status":"open","ping_status":"open","sticky":false,"template":"","format":"standard","meta":{"ngg_post_thumbnail":0,"footnotes":""},"categories":[395],"tags":[1937,1938,418,1939,1936],"yoast_head":"<!-- This site is optimized with the Yoast SEO plugin v23.5 - https:\/\/yoast.com\/wordpress\/plugins\/seo\/ -->\n<title>Jovens, vamos a Madrid? - O Arcanjo no ar<\/title>\n<meta name=\"robots\" content=\"index, follow, max-snippet:-1, max-image-preview:large, max-video-preview:-1\" \/>\n<link rel=\"canonical\" href=\"https:\/\/www.oarcanjo.net\/site\/jovens-vamos-a-madrid\/\" \/>\n<meta property=\"og:locale\" content=\"pt_BR\" \/>\n<meta property=\"og:type\" content=\"article\" \/>\n<meta property=\"og:title\" content=\"Jovens, vamos a Madrid? - O Arcanjo no ar\" \/>\n<meta property=\"og:description\" content=\"Artigo do cardeal arcebispo de S\u00e3o Paulo, D. Odilo Pedro Scherer, sobre a Jornada Mundial da Juventude, que ser\u00e1 realizada em agosto em Madri, com a participa\u00e7\u00e3o de jovens de todas as partes do mundo.\" \/>\n<meta property=\"og:url\" content=\"https:\/\/www.oarcanjo.net\/site\/jovens-vamos-a-madrid\/\" \/>\n<meta property=\"og:site_name\" content=\"O Arcanjo no ar\" \/>\n<meta property=\"article:publisher\" content=\"https:\/\/www.facebook.com\/OArcanjoNoAr\/\" \/>\n<meta property=\"article:published_time\" content=\"2011-05-26T01:07:59+00:00\" \/>\n<meta property=\"og:image\" content=\"https:\/\/www.oarcanjo.net\/site\/wp-content\/uploads\/logo-o-arcanjo-no-ar-facebook.png\" \/>\n\t<meta property=\"og:image:width\" content=\"300\" \/>\n\t<meta property=\"og:image:height\" content=\"300\" \/>\n\t<meta property=\"og:image:type\" content=\"image\/png\" \/>\n<meta name=\"author\" content=\"editor\" \/>\n<meta name=\"twitter:card\" content=\"summary_large_image\" \/>\n<meta name=\"twitter:label1\" content=\"Escrito por\" \/>\n\t<meta name=\"twitter:data1\" content=\"editor\" \/>\n\t<meta name=\"twitter:label2\" content=\"Est. tempo de leitura\" \/>\n\t<meta name=\"twitter:data2\" content=\"4 minutos\" \/>\n<script type=\"application\/ld+json\" class=\"yoast-schema-graph\">{\"@context\":\"https:\/\/schema.org\",\"@graph\":[{\"@type\":\"Article\",\"@id\":\"https:\/\/www.oarcanjo.net\/site\/jovens-vamos-a-madrid\/#article\",\"isPartOf\":{\"@id\":\"https:\/\/www.oarcanjo.net\/site\/jovens-vamos-a-madrid\/\"},\"author\":{\"name\":\"editor\",\"@id\":\"https:\/\/www.oarcanjo.net\/site\/#\/schema\/person\/f7024d007863202483a31326673a0838\"},\"headline\":\"Jovens, vamos a Madrid?\",\"datePublished\":\"2011-05-26T01:07:59+00:00\",\"dateModified\":\"2011-05-26T01:07:59+00:00\",\"mainEntityOfPage\":{\"@id\":\"https:\/\/www.oarcanjo.net\/site\/jovens-vamos-a-madrid\/\"},\"wordCount\":856,\"commentCount\":2,\"publisher\":{\"@id\":\"https:\/\/www.oarcanjo.net\/site\/#organization\"},\"keywords\":[\"JMJ\",\"Jornada Mundial da Juventude\",\"jovem\",\"Madri\",\"Odilo Scherer\"],\"articleSection\":[\"Jovens\"],\"inLanguage\":\"pt-BR\",\"potentialAction\":[{\"@type\":\"CommentAction\",\"name\":\"Comment\",\"target\":[\"https:\/\/www.oarcanjo.net\/site\/jovens-vamos-a-madrid\/#respond\"]}]},{\"@type\":\"WebPage\",\"@id\":\"https:\/\/www.oarcanjo.net\/site\/jovens-vamos-a-madrid\/\",\"url\":\"https:\/\/www.oarcanjo.net\/site\/jovens-vamos-a-madrid\/\",\"name\":\"Jovens, vamos a Madrid? - O Arcanjo no ar\",\"isPartOf\":{\"@id\":\"https:\/\/www.oarcanjo.net\/site\/#website\"},\"datePublished\":\"2011-05-26T01:07:59+00:00\",\"dateModified\":\"2011-05-26T01:07:59+00:00\",\"breadcrumb\":{\"@id\":\"https:\/\/www.oarcanjo.net\/site\/jovens-vamos-a-madrid\/#breadcrumb\"},\"inLanguage\":\"pt-BR\",\"potentialAction\":[{\"@type\":\"ReadAction\",\"target\":[\"https:\/\/www.oarcanjo.net\/site\/jovens-vamos-a-madrid\/\"]}]},{\"@type\":\"BreadcrumbList\",\"@id\":\"https:\/\/www.oarcanjo.net\/site\/jovens-vamos-a-madrid\/#breadcrumb\",\"itemListElement\":[{\"@type\":\"ListItem\",\"position\":1,\"name\":\"In\u00edcio\",\"item\":\"https:\/\/www.oarcanjo.net\/site\/\"},{\"@type\":\"ListItem\",\"position\":2,\"name\":\"Jovens, vamos a Madrid?\"}]},{\"@type\":\"WebSite\",\"@id\":\"https:\/\/www.oarcanjo.net\/site\/#website\",\"url\":\"https:\/\/www.oarcanjo.net\/site\/\",\"name\":\"O Arcanjo no ar\",\"description\":\"Site da Par\u00f3quia S\u00e3o Miguel Arcanjo (Arquidiocese de SP)\",\"publisher\":{\"@id\":\"https:\/\/www.oarcanjo.net\/site\/#organization\"},\"potentialAction\":[{\"@type\":\"SearchAction\",\"target\":{\"@type\":\"EntryPoint\",\"urlTemplate\":\"https:\/\/www.oarcanjo.net\/site\/?s={search_term_string}\"},\"query-input\":{\"@type\":\"PropertyValueSpecification\",\"valueRequired\":true,\"valueName\":\"search_term_string\"}}],\"inLanguage\":\"pt-BR\"},{\"@type\":\"Organization\",\"@id\":\"https:\/\/www.oarcanjo.net\/site\/#organization\",\"name\":\"Par\u00f3quia S\u00e3o Miguel Arcanjo\",\"url\":\"https:\/\/www.oarcanjo.net\/site\/\",\"logo\":{\"@type\":\"ImageObject\",\"inLanguage\":\"pt-BR\",\"@id\":\"https:\/\/www.oarcanjo.net\/site\/#\/schema\/logo\/image\/\",\"url\":\"https:\/\/www.oarcanjo.net\/site\/wp-content\/uploads\/LogoOArcanjo.png\",\"contentUrl\":\"https:\/\/www.oarcanjo.net\/site\/wp-content\/uploads\/LogoOArcanjo.png\",\"width\":319,\"height\":99,\"caption\":\"Par\u00f3quia S\u00e3o Miguel Arcanjo\"},\"image\":{\"@id\":\"https:\/\/www.oarcanjo.net\/site\/#\/schema\/logo\/image\/\"},\"sameAs\":[\"https:\/\/www.facebook.com\/OArcanjoNoAr\/\"]},{\"@type\":\"Person\",\"@id\":\"https:\/\/www.oarcanjo.net\/site\/#\/schema\/person\/f7024d007863202483a31326673a0838\",\"name\":\"editor\",\"sameAs\":[\"http:\/\/www.oarcanjo.net\"]}]}<\/script>\n<!-- \/ Yoast SEO plugin. -->","yoast_head_json":{"title":"Jovens, vamos a Madrid? - O Arcanjo no ar","robots":{"index":"index","follow":"follow","max-snippet":"max-snippet:-1","max-image-preview":"max-image-preview:large","max-video-preview":"max-video-preview:-1"},"canonical":"https:\/\/www.oarcanjo.net\/site\/jovens-vamos-a-madrid\/","og_locale":"pt_BR","og_type":"article","og_title":"Jovens, vamos a Madrid? - O Arcanjo no ar","og_description":"Artigo do cardeal arcebispo de S\u00e3o Paulo, D. Odilo Pedro Scherer, sobre a Jornada Mundial da Juventude, que ser\u00e1 realizada em agosto em Madri, com a participa\u00e7\u00e3o de jovens de todas as partes do mundo.","og_url":"https:\/\/www.oarcanjo.net\/site\/jovens-vamos-a-madrid\/","og_site_name":"O Arcanjo no ar","article_publisher":"https:\/\/www.facebook.com\/OArcanjoNoAr\/","article_published_time":"2011-05-26T01:07:59+00:00","og_image":[{"width":300,"height":300,"url":"https:\/\/www.oarcanjo.net\/site\/wp-content\/uploads\/logo-o-arcanjo-no-ar-facebook.png","type":"image\/png"}],"author":"editor","twitter_card":"summary_large_image","twitter_misc":{"Escrito por":"editor","Est. tempo de leitura":"4 minutos"},"schema":{"@context":"https:\/\/schema.org","@graph":[{"@type":"Article","@id":"https:\/\/www.oarcanjo.net\/site\/jovens-vamos-a-madrid\/#article","isPartOf":{"@id":"https:\/\/www.oarcanjo.net\/site\/jovens-vamos-a-madrid\/"},"author":{"name":"editor","@id":"https:\/\/www.oarcanjo.net\/site\/#\/schema\/person\/f7024d007863202483a31326673a0838"},"headline":"Jovens, vamos a Madrid?","datePublished":"2011-05-26T01:07:59+00:00","dateModified":"2011-05-26T01:07:59+00:00","mainEntityOfPage":{"@id":"https:\/\/www.oarcanjo.net\/site\/jovens-vamos-a-madrid\/"},"wordCount":856,"commentCount":2,"publisher":{"@id":"https:\/\/www.oarcanjo.net\/site\/#organization"},"keywords":["JMJ","Jornada Mundial da Juventude","jovem","Madri","Odilo Scherer"],"articleSection":["Jovens"],"inLanguage":"pt-BR","potentialAction":[{"@type":"CommentAction","name":"Comment","target":["https:\/\/www.oarcanjo.net\/site\/jovens-vamos-a-madrid\/#respond"]}]},{"@type":"WebPage","@id":"https:\/\/www.oarcanjo.net\/site\/jovens-vamos-a-madrid\/","url":"https:\/\/www.oarcanjo.net\/site\/jovens-vamos-a-madrid\/","name":"Jovens, vamos a Madrid? - O Arcanjo no ar","isPartOf":{"@id":"https:\/\/www.oarcanjo.net\/site\/#website"},"datePublished":"2011-05-26T01:07:59+00:00","dateModified":"2011-05-26T01:07:59+00:00","breadcrumb":{"@id":"https:\/\/www.oarcanjo.net\/site\/jovens-vamos-a-madrid\/#breadcrumb"},"inLanguage":"pt-BR","potentialAction":[{"@type":"ReadAction","target":["https:\/\/www.oarcanjo.net\/site\/jovens-vamos-a-madrid\/"]}]},{"@type":"BreadcrumbList","@id":"https:\/\/www.oarcanjo.net\/site\/jovens-vamos-a-madrid\/#breadcrumb","itemListElement":[{"@type":"ListItem","position":1,"name":"In\u00edcio","item":"https:\/\/www.oarcanjo.net\/site\/"},{"@type":"ListItem","position":2,"name":"Jovens, vamos a Madrid?"}]},{"@type":"WebSite","@id":"https:\/\/www.oarcanjo.net\/site\/#website","url":"https:\/\/www.oarcanjo.net\/site\/","name":"O Arcanjo no ar","description":"Site da Par\u00f3quia S\u00e3o Miguel Arcanjo (Arquidiocese de SP)","publisher":{"@id":"https:\/\/www.oarcanjo.net\/site\/#organization"},"potentialAction":[{"@type":"SearchAction","target":{"@type":"EntryPoint","urlTemplate":"https:\/\/www.oarcanjo.net\/site\/?s={search_term_string}"},"query-input":{"@type":"PropertyValueSpecification","valueRequired":true,"valueName":"search_term_string"}}],"inLanguage":"pt-BR"},{"@type":"Organization","@id":"https:\/\/www.oarcanjo.net\/site\/#organization","name":"Par\u00f3quia S\u00e3o Miguel Arcanjo","url":"https:\/\/www.oarcanjo.net\/site\/","logo":{"@type":"ImageObject","inLanguage":"pt-BR","@id":"https:\/\/www.oarcanjo.net\/site\/#\/schema\/logo\/image\/","url":"https:\/\/www.oarcanjo.net\/site\/wp-content\/uploads\/LogoOArcanjo.png","contentUrl":"https:\/\/www.oarcanjo.net\/site\/wp-content\/uploads\/LogoOArcanjo.png","width":319,"height":99,"caption":"Par\u00f3quia S\u00e3o Miguel Arcanjo"},"image":{"@id":"https:\/\/www.oarcanjo.net\/site\/#\/schema\/logo\/image\/"},"sameAs":["https:\/\/www.facebook.com\/OArcanjoNoAr\/"]},{"@type":"Person","@id":"https:\/\/www.oarcanjo.net\/site\/#\/schema\/person\/f7024d007863202483a31326673a0838","name":"editor","sameAs":["http:\/\/www.oarcanjo.net"]}]}},"publishpress_future_action":{"enabled":false,"date":"2026-05-07 06:28:51","action":"category","newStatus":"draft","terms":[],"taxonomy":"category"},"publishpress_future_workflow_manual_trigger":{"enabledWorkflows":[]},"_links":{"self":[{"href":"https:\/\/www.oarcanjo.net\/site\/wp-json\/wp\/v2\/posts\/14621"}],"collection":[{"href":"https:\/\/www.oarcanjo.net\/site\/wp-json\/wp\/v2\/posts"}],"about":[{"href":"https:\/\/www.oarcanjo.net\/site\/wp-json\/wp\/v2\/types\/post"}],"author":[{"embeddable":true,"href":"https:\/\/www.oarcanjo.net\/site\/wp-json\/wp\/v2\/users\/5"}],"replies":[{"embeddable":true,"href":"https:\/\/www.oarcanjo.net\/site\/wp-json\/wp\/v2\/comments?post=14621"}],"version-history":[{"count":0,"href":"https:\/\/www.oarcanjo.net\/site\/wp-json\/wp\/v2\/posts\/14621\/revisions"}],"wp:attachment":[{"href":"https:\/\/www.oarcanjo.net\/site\/wp-json\/wp\/v2\/media?parent=14621"}],"wp:term":[{"taxonomy":"category","embeddable":true,"href":"https:\/\/www.oarcanjo.net\/site\/wp-json\/wp\/v2\/categories?post=14621"},{"taxonomy":"post_tag","embeddable":true,"href":"https:\/\/www.oarcanjo.net\/site\/wp-json\/wp\/v2\/tags?post=14621"}],"curies":[{"name":"wp","href":"https:\/\/api.w.org\/{rel}","templated":true}]}}