
{"id":1463,"date":"2009-01-20T17:00:23","date_gmt":"2009-01-20T19:00:23","guid":{"rendered":"http:\/\/www.oarcanjo.net\/site\/?p=1463"},"modified":"2009-01-25T02:31:58","modified_gmt":"2009-01-25T04:31:58","slug":"a-conversao-de-paulo","status":"publish","type":"post","link":"https:\/\/www.oarcanjo.net\/site\/a-conversao-de-paulo\/","title":{"rendered":"A Convers\u00e3o de Paulo"},"content":{"rendered":"<p>No pr\u00f3ximo Domingo celebraremos a convers\u00e3o de S\u00e3o Paulo, declarado patrono de nossa Arquidiocese. Algu\u00e9m poderia perguntar porque celebramos a convers\u00e3o de Paulo e n\u00e3o a de outros convertidos? Alguns que marcaram a hist\u00f3ria da Igreja como S\u00e3o Francisco de Assis, Santo Agostinho de Hipona chamado do mais Santo dos s\u00e1bios e o mais s\u00e1bio dos santos, S\u00e3o Jo\u00e3o de Deus que ap\u00f3s a sua convers\u00e3o foi internado em um sanat\u00f3rio como louco e que tornou-se o iniciador da humaniza\u00e7\u00e3o dos tratamentos psiqui\u00e1tricos.<\/p>\n<p>A lista \u00e9 muito grande e vai de Santo In\u00e1cio de Loyola a S\u00e3o Jeronimo Emiliani s\u00f3 para citar alguns.<\/p>\n<p>O espetacular da convers\u00e3o de Paulo \u00e9 que de perseguidor se torna propagador e testemunha daquele que perseguia, que sua busca foi constante e intensa a ponto de identificar-se com o perseguido e ser perseguido, mas em alguma medida os outros buscaram isso de alguma forma sabendo ou n\u00e3o, querendo ou n\u00e3o.<\/p>\n<p>Paulo, por\u00e9m, quebrou as fronteiras do juda\u00edsmo e descobriu o mist\u00e9rio de que Jesus veio para todos e que nele n\u00e3o h\u00e1 mais nenhuma diferen\u00e7a, levou Jesus para todos a partir da vida das esperan\u00e7as e sofrimentos de todas as comunidades que fundou e conheceu. A convers\u00e3o de Paulo \u00e9 a nossa convers\u00e3o cont\u00ednua, permanente, perseverante, nunca acabada, sempre em constru\u00e7\u00e3o. Amor inquieto sem medo de sofrer e vivenciar imensos conflitos que n\u00e3o buscava mas dos quais n\u00e3o fugia.<\/p>\n<p>Os outros convertidos devem, em muito, a Paulo sua covers\u00e3o a JESUS, pois o seu amor ao crucificado ressuscitado nos envolve e contamina e nos faz repetir com ele: Cristo me amou e se entregou por mim!<\/p>\n<p>A partir do dia 22 estaremos rezando o tr\u00edduo a S\u00e3o Paulo na missa das 7 da manh\u00e3, na Igreja S\u00e3o Miguel, e refletindo sobre Paulo no site. Acompanhe!<\/p>\n<hr \/>\n<p>Assista abaixo ao v\u00eddeo sobre Paulo:<\/p>\n<p><object width=\"480\" height=\"385\"><param name=\"movie\" value=\"http:\/\/www.youtube.com\/v\/YQl-UDhsIo4&#038;hl=pt-br&#038;fs=1&#038;color1=0xe1600f&#038;color2=0xfebd01\"><\/param><param name=\"allowFullScreen\" value=\"true\"><\/param><param name=\"allowscriptaccess\" value=\"always\"><\/param><embed src=\"http:\/\/www.youtube.com\/v\/YQl-UDhsIo4&#038;hl=pt-br&#038;fs=1&#038;color1=0xe1600f&#038;color2=0xfebd01\" type=\"application\/x-shockwave-flash\" allowscriptaccess=\"always\" allowfullscreen=\"true\" width=\"480\" height=\"385\"><\/embed><\/object><\/p>\n<div id=\"themify_builder_content-1463\" data-postid=\"1463\" class=\"themify_builder_content themify_builder_content-1463 themify_builder themify_builder_front\">\n\t<\/div>\n<!-- \/themify_builder_content -->","protected":false},"excerpt":{"rendered":"<p>No pr\u00f3ximo Domingo celebraremos a convers\u00e3o de S\u00e3o Paulo, declarado patrono de nossa Arquidiocese. Algu\u00e9m poderia perguntar porque celebramos a convers\u00e3o de Paulo e n\u00e3o a de outros convertidos? Alguns que marcaram a hist\u00f3ria da Igreja como S\u00e3o Francisco de Assis, Santo Agostinho de Hipona chamado do mais Santo dos s\u00e1bios e o mais s\u00e1bio [&hellip;]<\/p>\n","protected":false},"author":4,"featured_media":0,"comment_status":"open","ping_status":"open","sticky":false,"template":"","format":"standard","meta":{"ngg_post_thumbnail":0,"footnotes":""},"categories":[4],"tags":[198,11],"yoast_head":"<!-- This site is optimized with the Yoast SEO plugin v23.5 - https:\/\/yoast.com\/wordpress\/plugins\/seo\/ -->\n<title>A Convers\u00e3o de Paulo - O Arcanjo no ar<\/title>\n<meta name=\"robots\" content=\"index, follow, max-snippet:-1, max-image-preview:large, max-video-preview:-1\" \/>\n<link rel=\"canonical\" href=\"https:\/\/www.oarcanjo.net\/site\/a-conversao-de-paulo\/\" \/>\n<meta property=\"og:locale\" content=\"pt_BR\" \/>\n<meta property=\"og:type\" content=\"article\" \/>\n<meta property=\"og:title\" content=\"A Convers\u00e3o de Paulo - O Arcanjo no ar\" \/>\n<meta property=\"og:description\" content=\"No pr\u00f3ximo Domingo celebraremos a convers\u00e3o de S\u00e3o Paulo, declarado patrono de nossa Arquidiocese. Algu\u00e9m poderia perguntar porque celebramos a convers\u00e3o de Paulo e n\u00e3o a de outros convertidos? Alguns que marcaram a hist\u00f3ria da Igreja como S\u00e3o Francisco de Assis, Santo Agostinho de Hipona chamado do mais Santo dos s\u00e1bios e o mais s\u00e1bio [&hellip;]\" \/>\n<meta property=\"og:url\" content=\"https:\/\/www.oarcanjo.net\/site\/a-conversao-de-paulo\/\" \/>\n<meta property=\"og:site_name\" content=\"O Arcanjo no ar\" \/>\n<meta property=\"article:publisher\" content=\"https:\/\/www.facebook.com\/OArcanjoNoAr\/\" \/>\n<meta property=\"article:published_time\" content=\"2009-01-20T19:00:23+00:00\" \/>\n<meta property=\"article:modified_time\" content=\"2009-01-25T04:31:58+00:00\" \/>\n<meta property=\"og:image\" content=\"https:\/\/www.oarcanjo.net\/site\/wp-content\/uploads\/logo-o-arcanjo-no-ar-facebook.png\" \/>\n\t<meta property=\"og:image:width\" content=\"300\" \/>\n\t<meta property=\"og:image:height\" content=\"300\" \/>\n\t<meta property=\"og:image:type\" content=\"image\/png\" \/>\n<meta name=\"author\" content=\"julio\" \/>\n<meta name=\"twitter:card\" content=\"summary_large_image\" \/>\n<meta name=\"twitter:label1\" content=\"Escrito por\" \/>\n\t<meta name=\"twitter:data1\" content=\"julio\" \/>\n\t<meta name=\"twitter:label2\" content=\"Est. tempo de leitura\" \/>\n\t<meta name=\"twitter:data2\" content=\"2 minutos\" \/>\n<script type=\"application\/ld+json\" class=\"yoast-schema-graph\">{\"@context\":\"https:\/\/schema.org\",\"@graph\":[{\"@type\":\"Article\",\"@id\":\"https:\/\/www.oarcanjo.net\/site\/a-conversao-de-paulo\/#article\",\"isPartOf\":{\"@id\":\"https:\/\/www.oarcanjo.net\/site\/a-conversao-de-paulo\/\"},\"author\":{\"name\":\"julio\",\"@id\":\"https:\/\/www.oarcanjo.net\/site\/#\/schema\/person\/d78ea01c648c91e29c364b516767079e\"},\"headline\":\"A Convers\u00e3o de Paulo\",\"datePublished\":\"2009-01-20T19:00:23+00:00\",\"dateModified\":\"2009-01-25T04:31:58+00:00\",\"mainEntityOfPage\":{\"@id\":\"https:\/\/www.oarcanjo.net\/site\/a-conversao-de-paulo\/\"},\"wordCount\":345,\"commentCount\":0,\"publisher\":{\"@id\":\"https:\/\/www.oarcanjo.net\/site\/#organization\"},\"keywords\":[\"ap\u00f3stolo\",\"S\u00e3o Paulo\"],\"articleSection\":[\"Blog\"],\"inLanguage\":\"pt-BR\",\"potentialAction\":[{\"@type\":\"CommentAction\",\"name\":\"Comment\",\"target\":[\"https:\/\/www.oarcanjo.net\/site\/a-conversao-de-paulo\/#respond\"]}]},{\"@type\":\"WebPage\",\"@id\":\"https:\/\/www.oarcanjo.net\/site\/a-conversao-de-paulo\/\",\"url\":\"https:\/\/www.oarcanjo.net\/site\/a-conversao-de-paulo\/\",\"name\":\"A Convers\u00e3o de Paulo - O Arcanjo no ar\",\"isPartOf\":{\"@id\":\"https:\/\/www.oarcanjo.net\/site\/#website\"},\"datePublished\":\"2009-01-20T19:00:23+00:00\",\"dateModified\":\"2009-01-25T04:31:58+00:00\",\"breadcrumb\":{\"@id\":\"https:\/\/www.oarcanjo.net\/site\/a-conversao-de-paulo\/#breadcrumb\"},\"inLanguage\":\"pt-BR\",\"potentialAction\":[{\"@type\":\"ReadAction\",\"target\":[\"https:\/\/www.oarcanjo.net\/site\/a-conversao-de-paulo\/\"]}]},{\"@type\":\"BreadcrumbList\",\"@id\":\"https:\/\/www.oarcanjo.net\/site\/a-conversao-de-paulo\/#breadcrumb\",\"itemListElement\":[{\"@type\":\"ListItem\",\"position\":1,\"name\":\"In\u00edcio\",\"item\":\"https:\/\/www.oarcanjo.net\/site\/\"},{\"@type\":\"ListItem\",\"position\":2,\"name\":\"A Convers\u00e3o de Paulo\"}]},{\"@type\":\"WebSite\",\"@id\":\"https:\/\/www.oarcanjo.net\/site\/#website\",\"url\":\"https:\/\/www.oarcanjo.net\/site\/\",\"name\":\"O Arcanjo no ar\",\"description\":\"Site da Par\u00f3quia S\u00e3o Miguel Arcanjo (Arquidiocese de SP)\",\"publisher\":{\"@id\":\"https:\/\/www.oarcanjo.net\/site\/#organization\"},\"potentialAction\":[{\"@type\":\"SearchAction\",\"target\":{\"@type\":\"EntryPoint\",\"urlTemplate\":\"https:\/\/www.oarcanjo.net\/site\/?s={search_term_string}\"},\"query-input\":{\"@type\":\"PropertyValueSpecification\",\"valueRequired\":true,\"valueName\":\"search_term_string\"}}],\"inLanguage\":\"pt-BR\"},{\"@type\":\"Organization\",\"@id\":\"https:\/\/www.oarcanjo.net\/site\/#organization\",\"name\":\"Par\u00f3quia S\u00e3o Miguel Arcanjo\",\"url\":\"https:\/\/www.oarcanjo.net\/site\/\",\"logo\":{\"@type\":\"ImageObject\",\"inLanguage\":\"pt-BR\",\"@id\":\"https:\/\/www.oarcanjo.net\/site\/#\/schema\/logo\/image\/\",\"url\":\"https:\/\/www.oarcanjo.net\/site\/wp-content\/uploads\/LogoOArcanjo.png\",\"contentUrl\":\"https:\/\/www.oarcanjo.net\/site\/wp-content\/uploads\/LogoOArcanjo.png\",\"width\":319,\"height\":99,\"caption\":\"Par\u00f3quia S\u00e3o Miguel Arcanjo\"},\"image\":{\"@id\":\"https:\/\/www.oarcanjo.net\/site\/#\/schema\/logo\/image\/\"},\"sameAs\":[\"https:\/\/www.facebook.com\/OArcanjoNoAr\/\"]},{\"@type\":\"Person\",\"@id\":\"https:\/\/www.oarcanjo.net\/site\/#\/schema\/person\/d78ea01c648c91e29c364b516767079e\",\"name\":\"julio\",\"sameAs\":[\"http:\/\/www.oarcanjo.net\"]}]}<\/script>\n<!-- \/ Yoast SEO plugin. -->","yoast_head_json":{"title":"A Convers\u00e3o de Paulo - O Arcanjo no ar","robots":{"index":"index","follow":"follow","max-snippet":"max-snippet:-1","max-image-preview":"max-image-preview:large","max-video-preview":"max-video-preview:-1"},"canonical":"https:\/\/www.oarcanjo.net\/site\/a-conversao-de-paulo\/","og_locale":"pt_BR","og_type":"article","og_title":"A Convers\u00e3o de Paulo - O Arcanjo no ar","og_description":"No pr\u00f3ximo Domingo celebraremos a convers\u00e3o de S\u00e3o Paulo, declarado patrono de nossa Arquidiocese. Algu\u00e9m poderia perguntar porque celebramos a convers\u00e3o de Paulo e n\u00e3o a de outros convertidos? Alguns que marcaram a hist\u00f3ria da Igreja como S\u00e3o Francisco de Assis, Santo Agostinho de Hipona chamado do mais Santo dos s\u00e1bios e o mais s\u00e1bio [&hellip;]","og_url":"https:\/\/www.oarcanjo.net\/site\/a-conversao-de-paulo\/","og_site_name":"O Arcanjo no ar","article_publisher":"https:\/\/www.facebook.com\/OArcanjoNoAr\/","article_published_time":"2009-01-20T19:00:23+00:00","article_modified_time":"2009-01-25T04:31:58+00:00","og_image":[{"width":300,"height":300,"url":"https:\/\/www.oarcanjo.net\/site\/wp-content\/uploads\/logo-o-arcanjo-no-ar-facebook.png","type":"image\/png"}],"author":"julio","twitter_card":"summary_large_image","twitter_misc":{"Escrito por":"julio","Est. tempo de leitura":"2 minutos"},"schema":{"@context":"https:\/\/schema.org","@graph":[{"@type":"Article","@id":"https:\/\/www.oarcanjo.net\/site\/a-conversao-de-paulo\/#article","isPartOf":{"@id":"https:\/\/www.oarcanjo.net\/site\/a-conversao-de-paulo\/"},"author":{"name":"julio","@id":"https:\/\/www.oarcanjo.net\/site\/#\/schema\/person\/d78ea01c648c91e29c364b516767079e"},"headline":"A Convers\u00e3o de Paulo","datePublished":"2009-01-20T19:00:23+00:00","dateModified":"2009-01-25T04:31:58+00:00","mainEntityOfPage":{"@id":"https:\/\/www.oarcanjo.net\/site\/a-conversao-de-paulo\/"},"wordCount":345,"commentCount":0,"publisher":{"@id":"https:\/\/www.oarcanjo.net\/site\/#organization"},"keywords":["ap\u00f3stolo","S\u00e3o Paulo"],"articleSection":["Blog"],"inLanguage":"pt-BR","potentialAction":[{"@type":"CommentAction","name":"Comment","target":["https:\/\/www.oarcanjo.net\/site\/a-conversao-de-paulo\/#respond"]}]},{"@type":"WebPage","@id":"https:\/\/www.oarcanjo.net\/site\/a-conversao-de-paulo\/","url":"https:\/\/www.oarcanjo.net\/site\/a-conversao-de-paulo\/","name":"A Convers\u00e3o de Paulo - O Arcanjo no ar","isPartOf":{"@id":"https:\/\/www.oarcanjo.net\/site\/#website"},"datePublished":"2009-01-20T19:00:23+00:00","dateModified":"2009-01-25T04:31:58+00:00","breadcrumb":{"@id":"https:\/\/www.oarcanjo.net\/site\/a-conversao-de-paulo\/#breadcrumb"},"inLanguage":"pt-BR","potentialAction":[{"@type":"ReadAction","target":["https:\/\/www.oarcanjo.net\/site\/a-conversao-de-paulo\/"]}]},{"@type":"BreadcrumbList","@id":"https:\/\/www.oarcanjo.net\/site\/a-conversao-de-paulo\/#breadcrumb","itemListElement":[{"@type":"ListItem","position":1,"name":"In\u00edcio","item":"https:\/\/www.oarcanjo.net\/site\/"},{"@type":"ListItem","position":2,"name":"A Convers\u00e3o de Paulo"}]},{"@type":"WebSite","@id":"https:\/\/www.oarcanjo.net\/site\/#website","url":"https:\/\/www.oarcanjo.net\/site\/","name":"O Arcanjo no ar","description":"Site da Par\u00f3quia S\u00e3o Miguel Arcanjo (Arquidiocese de SP)","publisher":{"@id":"https:\/\/www.oarcanjo.net\/site\/#organization"},"potentialAction":[{"@type":"SearchAction","target":{"@type":"EntryPoint","urlTemplate":"https:\/\/www.oarcanjo.net\/site\/?s={search_term_string}"},"query-input":{"@type":"PropertyValueSpecification","valueRequired":true,"valueName":"search_term_string"}}],"inLanguage":"pt-BR"},{"@type":"Organization","@id":"https:\/\/www.oarcanjo.net\/site\/#organization","name":"Par\u00f3quia S\u00e3o Miguel Arcanjo","url":"https:\/\/www.oarcanjo.net\/site\/","logo":{"@type":"ImageObject","inLanguage":"pt-BR","@id":"https:\/\/www.oarcanjo.net\/site\/#\/schema\/logo\/image\/","url":"https:\/\/www.oarcanjo.net\/site\/wp-content\/uploads\/LogoOArcanjo.png","contentUrl":"https:\/\/www.oarcanjo.net\/site\/wp-content\/uploads\/LogoOArcanjo.png","width":319,"height":99,"caption":"Par\u00f3quia S\u00e3o Miguel Arcanjo"},"image":{"@id":"https:\/\/www.oarcanjo.net\/site\/#\/schema\/logo\/image\/"},"sameAs":["https:\/\/www.facebook.com\/OArcanjoNoAr\/"]},{"@type":"Person","@id":"https:\/\/www.oarcanjo.net\/site\/#\/schema\/person\/d78ea01c648c91e29c364b516767079e","name":"julio","sameAs":["http:\/\/www.oarcanjo.net"]}]}},"publishpress_future_action":{"enabled":false,"date":"2026-05-07 11:04:23","action":"category","newStatus":"draft","terms":[],"taxonomy":"category"},"publishpress_future_workflow_manual_trigger":{"enabledWorkflows":[]},"_links":{"self":[{"href":"https:\/\/www.oarcanjo.net\/site\/wp-json\/wp\/v2\/posts\/1463"}],"collection":[{"href":"https:\/\/www.oarcanjo.net\/site\/wp-json\/wp\/v2\/posts"}],"about":[{"href":"https:\/\/www.oarcanjo.net\/site\/wp-json\/wp\/v2\/types\/post"}],"author":[{"embeddable":true,"href":"https:\/\/www.oarcanjo.net\/site\/wp-json\/wp\/v2\/users\/4"}],"replies":[{"embeddable":true,"href":"https:\/\/www.oarcanjo.net\/site\/wp-json\/wp\/v2\/comments?post=1463"}],"version-history":[{"count":0,"href":"https:\/\/www.oarcanjo.net\/site\/wp-json\/wp\/v2\/posts\/1463\/revisions"}],"wp:attachment":[{"href":"https:\/\/www.oarcanjo.net\/site\/wp-json\/wp\/v2\/media?parent=1463"}],"wp:term":[{"taxonomy":"category","embeddable":true,"href":"https:\/\/www.oarcanjo.net\/site\/wp-json\/wp\/v2\/categories?post=1463"},{"taxonomy":"post_tag","embeddable":true,"href":"https:\/\/www.oarcanjo.net\/site\/wp-json\/wp\/v2\/tags?post=1463"}],"curies":[{"name":"wp","href":"https:\/\/api.w.org\/{rel}","templated":true}]}}