
{"id":1464,"date":"2009-01-16T16:38:19","date_gmt":"2009-01-16T18:38:19","guid":{"rendered":"http:\/\/www.oarcanjo.net\/site\/?p=1464"},"modified":"2009-01-20T22:03:59","modified_gmt":"2009-01-21T00:03:59","slug":"ate-quando","status":"publish","type":"post","link":"https:\/\/www.oarcanjo.net\/site\/ate-quando\/","title":{"rendered":"At\u00e9 quando?"},"content":{"rendered":"<p>Eduardo Galeano *<\/p>\n<p>H\u00e1 dois anos, Eduardo Galeano, escritor e jornalista uruguaio, escreveu esse texto sobre a agress\u00e3o de Israel ao L\u00edbano &#8211; a <a href=\"http:\/\/www.adital.com.br\" target=\"_blank\">Ag\u00eancia Adital<\/a> recuperou e O Arcanjo reproduz abaixo:<\/p>\n<p>At\u00e9 quanto continuaremos a aceitar que este mundo enamorado da morte \u00e9 nosso \u00fanico mundo poss\u00edvel?<\/p>\n<p>At\u00e9 quando os horrores continuar\u00e3o a ser chamados de erros?<\/p>\n<p>Esta carnificina de civis come\u00e7ou a partir do seq\u00fcestro de um soldado. At\u00e9 quando o seq\u00fcestro de um soldado israelense poder\u00e1 justificar o seq\u00fcestro da soberania palestina?<\/p>\n<p>At\u00e9 quando o seq\u00fcestro de dois soldados israelenses poder\u00e1 justificar o seq\u00fcestro de todo o L\u00edbano?<\/p>\n<p>A ca\u00e7a aos judeus foi, durante s\u00e9culos, o esporte preferido dos europeus. Em Auschwitz desembocou um antigo rio de espantos, que havia atravessado toda a Europa. At\u00e9 quando os palestinos e outros \u00e1rabes continuar\u00e3o a pagar por crimes que n\u00e3o cometeram? O Hezbol\u00e1 n\u00e3o existia quando Israel arrasou o L\u00edbano em suas invas\u00f5es anteriores.<\/p>\n<p>At\u00e9 quando continuaremos a acreditar no conto do agressor agredido, que pratica o terrorismo porque tem direito de se defender do terrorismo? Iraque, Afeganist\u00e3o, Palestina, L\u00edbano&#8230; At\u00e9 quando se poder\u00e1 continuar a exterminar pa\u00edses impunemente?<\/p>\n<p>As torturas de Abu Ghraib, que despertaram certo mal-estar universal, nada t\u00eam de novo para n\u00f3s, os latino-americanos. Nossos militares aprenderam essas t\u00e9cnicas de interrogat\u00f3rio na Escola das Am\u00e9ricas, que agora perdeu o nome, mas n\u00e3o as manhas. At\u00e9 quando continuaremos aceitando que a tortura continue legitimando, como fez a Corte Suprema de Israel, em nome da leg\u00edtima defesa da p\u00e1tria?<\/p>\n<p>Israel deixou de ouvir 46 recomenda\u00e7\u00f5es da Assembl\u00e9ia Geral e de outros organismos das Na\u00e7\u00f5es Unidas. At\u00e9 quando o governo israelense continuar\u00e1 a exercer o privil\u00e9gio de ser surdo? As Na\u00e7\u00f5es Unidas recomendam, mas n\u00e3o decidem. Quando decidem, a Casa Branca impede que decidam porque tem direito de veto. A Casa Branca vetou, no Conselho de Seguran\u00e7a, 40 resolu\u00e7\u00f5es que condenavam Israel. At\u00e9 quando as Na\u00e7\u00f5es Unidas continuar\u00e3o a atuar como se fossem outro nome dos Estados Unidos? Desde que os palestinos foram desalojados de suas casas e despojados de suas terras muito sangue correu. At\u00e9 quando continuar\u00e1 correndo sangue para que a for\u00e7a justifique o que o direito nega?<\/p>\n<p>A hist\u00f3ria se repete, dia ap\u00f3s dia, ano ap\u00f3s ano, e um israelense morre para cada 10 \u00e1rabes que morrem. At\u00e9 quando a vida de cada israelense continuar\u00e1 valendo 10 vezes mais? Em propor\u00e7\u00e3o \u00e0 popula\u00e7\u00e3o, os 50 mil civis, em sua maioria mulheres e crian\u00e7as, mortos no Iraque equivalem a 800 mil americanos. At\u00e9 quando continuaremos a aceitar, como se fosse costume, a matan\u00e7a de iraquianos, em uma guerra cega que esqueceu seus pretextos? At\u00e9 quando continuar\u00e1 sendo normal que os vivos e os mortos sejam de primeira, segunda, terceira ou quarta categoria?<\/p>\n<p>O Ir\u00e3 est\u00e1 desenvolvendo a energia nuclear. At\u00e9 quando continuaremos a acreditar que isso basta para provar que um pa\u00eds \u00e9 um perigo para a humanidade? A chamada comunidade internacional n\u00e3o se angustia em nada com o fato de Israel ter 250 bombas at\u00f4micas, embora seja um pa\u00eds que vive \u00e0 beira de um ataque de nervos. Quem maneja o perigos\u00edmetro universal? Ter\u00e1 sido o Ir\u00e3 o pa\u00eds que lan\u00e7ou as bombas at\u00f4micas em Hiroshima e Nagasaki?<\/p>\n<p>Na era da globaliza\u00e7\u00e3o, o direito de press\u00e3o pode mais do que o direito de express\u00e3o. Para justificar a ocupa\u00e7\u00e3o ilegal de terras palestinas, a guerra se chama paz. Os israelenses s\u00e3o patriotas e os palestinos s\u00e3o terroristas, e os terroristas semeiam o alarme universal.<\/p>\n<p>At\u00e9 quando os meios de comunica\u00e7\u00e3o continuar\u00e3o a ser receios de comunica\u00e7\u00e3o?<\/p>\n<p>Esta matan\u00e7a de agora, que n\u00e3o \u00e9 a primeira nem ser\u00e1, receio, a \u00faltima, ocorre em sil\u00eancio? O mundo est\u00e1 mudo? At\u00e9 quando seguir\u00e3o soando em sinos de madeira as vozes da indigna\u00e7\u00e3o?<\/p>\n<p>Estes bombardeios matam crian\u00e7as: mais de um ter\u00e7o das v\u00edtimas, n\u00e3o menos da metade. Os que se atrevem a denunciar isto s\u00e3o acusados de anti-semitismo. At\u00e9 quando continuar\u00e3o sendo anti-semitas os cr\u00edticos dos crimes do terrorismo de Estado? At\u00e9 quando aceitaremos esta extors\u00e3o? S\u00e3o anti-semitas os judeus horrorizados pelo que se faz em seu nome? S\u00e3o anti-semitas os \u00e1rabes, t\u00e3o semitas como os judeus? Por acaso n\u00e3o h\u00e1 vozes \u00e1rabes para defender a p\u00e1tria palestina e repudiar o manic\u00f4mio fundamentalista?<\/p>\n<p>Os terroristas se parecem entre si: os terroristas de Estado, respeit\u00e1veis homens de governo, e os terroristas privados, que s\u00e3o loucos soltos ou loucos organizados desde os tempos da Guerra Fria contra o &#8220;totalitarismo comunista&#8221;. E todos agem em nome de Deus, seja Deus, Al\u00e1 ou Jeov\u00e1. At\u00e9 quando continuaremos a ignorar que todos os terrorismos desprezam a vida humana e que todos se alimentam mutuamente. N\u00e3o \u00e9 evidente que nesta guerra entre Israel e Hezbol\u00e1 s\u00e3o civis, libaneses, palestinos, israelenses, os que choram os mortos? N\u00e3o \u00e9 evidente que as guerras do Afeganist\u00e3o e do Iraque e as invas\u00f5es de Gaza e do L\u00edbano s\u00e3o incubadoras do \u00f3dio, que fabricam fan\u00e1ticos em s\u00e9rie?<\/p>\n<p>Somos a \u00fanica esp\u00e9cie animal especializada no exterm\u00ednio m\u00fatuo. Destinamos US$ 2,5 bilh\u00f5es, a cada dia, para os gastos militares. A mis\u00e9ria e a guerra s\u00e3o filhas do mesmo pai: como alguns deuses cru\u00e9is, come os vivos e os mortos. At\u00e9 quanto continuaremos a aceitar que este mundo enamorado da morte \u00e9 nosso \u00fanico mundo poss\u00edvel?<\/p>\n<p>* Escritor e jornalista uruguaio<\/p>\n<div id=\"themify_builder_content-1464\" data-postid=\"1464\" class=\"themify_builder_content themify_builder_content-1464 themify_builder themify_builder_front\">\n\t<\/div>\n<!-- \/themify_builder_content -->","protected":false},"excerpt":{"rendered":"<p>Eduardo Galeano * H\u00e1 dois anos, Eduardo Galeano, escritor e jornalista uruguaio, escreveu esse texto sobre a agress\u00e3o de Israel ao L\u00edbano &#8211; a Ag\u00eancia Adital recuperou e O Arcanjo reproduz abaixo: At\u00e9 quanto continuaremos a aceitar que este mundo enamorado da morte \u00e9 nosso \u00fanico mundo poss\u00edvel? At\u00e9 quando os horrores continuar\u00e3o a ser [&hellip;]<\/p>\n","protected":false},"author":5,"featured_media":0,"comment_status":"open","ping_status":"open","sticky":false,"template":"","format":"standard","meta":{"ngg_post_thumbnail":0,"footnotes":""},"categories":[9],"tags":[181,177,178,167,20],"yoast_head":"<!-- This site is optimized with the Yoast SEO plugin v23.5 - https:\/\/yoast.com\/wordpress\/plugins\/seo\/ -->\n<title>At\u00e9 quando? - O Arcanjo no ar<\/title>\n<meta name=\"robots\" content=\"index, follow, max-snippet:-1, max-image-preview:large, max-video-preview:-1\" \/>\n<link rel=\"canonical\" href=\"https:\/\/www.oarcanjo.net\/site\/ate-quando\/\" \/>\n<meta property=\"og:locale\" content=\"pt_BR\" \/>\n<meta property=\"og:type\" content=\"article\" \/>\n<meta property=\"og:title\" content=\"At\u00e9 quando? - O Arcanjo no ar\" \/>\n<meta property=\"og:description\" content=\"Eduardo Galeano * H\u00e1 dois anos, Eduardo Galeano, escritor e jornalista uruguaio, escreveu esse texto sobre a agress\u00e3o de Israel ao L\u00edbano &#8211; a Ag\u00eancia Adital recuperou e O Arcanjo reproduz abaixo: At\u00e9 quanto continuaremos a aceitar que este mundo enamorado da morte \u00e9 nosso \u00fanico mundo poss\u00edvel? At\u00e9 quando os horrores continuar\u00e3o a ser [&hellip;]\" \/>\n<meta property=\"og:url\" content=\"https:\/\/www.oarcanjo.net\/site\/ate-quando\/\" \/>\n<meta property=\"og:site_name\" content=\"O Arcanjo no ar\" \/>\n<meta property=\"article:publisher\" content=\"https:\/\/www.facebook.com\/OArcanjoNoAr\/\" \/>\n<meta property=\"article:published_time\" content=\"2009-01-16T18:38:19+00:00\" \/>\n<meta property=\"article:modified_time\" content=\"2009-01-21T00:03:59+00:00\" \/>\n<meta property=\"og:image\" content=\"https:\/\/www.oarcanjo.net\/site\/wp-content\/uploads\/logo-o-arcanjo-no-ar-facebook.png\" \/>\n\t<meta property=\"og:image:width\" content=\"300\" \/>\n\t<meta property=\"og:image:height\" content=\"300\" \/>\n\t<meta property=\"og:image:type\" content=\"image\/png\" \/>\n<meta name=\"author\" content=\"editor\" \/>\n<meta name=\"twitter:card\" content=\"summary_large_image\" \/>\n<meta name=\"twitter:label1\" content=\"Escrito por\" \/>\n\t<meta name=\"twitter:data1\" content=\"editor\" \/>\n\t<meta name=\"twitter:label2\" content=\"Est. tempo de leitura\" \/>\n\t<meta name=\"twitter:data2\" content=\"5 minutos\" \/>\n<script type=\"application\/ld+json\" class=\"yoast-schema-graph\">{\"@context\":\"https:\/\/schema.org\",\"@graph\":[{\"@type\":\"Article\",\"@id\":\"https:\/\/www.oarcanjo.net\/site\/ate-quando\/#article\",\"isPartOf\":{\"@id\":\"https:\/\/www.oarcanjo.net\/site\/ate-quando\/\"},\"author\":{\"name\":\"editor\",\"@id\":\"https:\/\/www.oarcanjo.net\/site\/#\/schema\/person\/f7024d007863202483a31326673a0838\"},\"headline\":\"At\u00e9 quando?\",\"datePublished\":\"2009-01-16T18:38:19+00:00\",\"dateModified\":\"2009-01-21T00:03:59+00:00\",\"mainEntityOfPage\":{\"@id\":\"https:\/\/www.oarcanjo.net\/site\/ate-quando\/\"},\"wordCount\":964,\"commentCount\":0,\"publisher\":{\"@id\":\"https:\/\/www.oarcanjo.net\/site\/#organization\"},\"keywords\":[\"Gaza\",\"guerra\",\"oriente m\u00e9dio\",\"paz\",\"viol\u00eancia\"],\"articleSection\":[\"Reflex\u00f5es\"],\"inLanguage\":\"pt-BR\",\"potentialAction\":[{\"@type\":\"CommentAction\",\"name\":\"Comment\",\"target\":[\"https:\/\/www.oarcanjo.net\/site\/ate-quando\/#respond\"]}]},{\"@type\":\"WebPage\",\"@id\":\"https:\/\/www.oarcanjo.net\/site\/ate-quando\/\",\"url\":\"https:\/\/www.oarcanjo.net\/site\/ate-quando\/\",\"name\":\"At\u00e9 quando? - O Arcanjo no ar\",\"isPartOf\":{\"@id\":\"https:\/\/www.oarcanjo.net\/site\/#website\"},\"datePublished\":\"2009-01-16T18:38:19+00:00\",\"dateModified\":\"2009-01-21T00:03:59+00:00\",\"breadcrumb\":{\"@id\":\"https:\/\/www.oarcanjo.net\/site\/ate-quando\/#breadcrumb\"},\"inLanguage\":\"pt-BR\",\"potentialAction\":[{\"@type\":\"ReadAction\",\"target\":[\"https:\/\/www.oarcanjo.net\/site\/ate-quando\/\"]}]},{\"@type\":\"BreadcrumbList\",\"@id\":\"https:\/\/www.oarcanjo.net\/site\/ate-quando\/#breadcrumb\",\"itemListElement\":[{\"@type\":\"ListItem\",\"position\":1,\"name\":\"In\u00edcio\",\"item\":\"https:\/\/www.oarcanjo.net\/site\/\"},{\"@type\":\"ListItem\",\"position\":2,\"name\":\"At\u00e9 quando?\"}]},{\"@type\":\"WebSite\",\"@id\":\"https:\/\/www.oarcanjo.net\/site\/#website\",\"url\":\"https:\/\/www.oarcanjo.net\/site\/\",\"name\":\"O Arcanjo no ar\",\"description\":\"Site da Par\u00f3quia S\u00e3o Miguel Arcanjo (Arquidiocese de SP)\",\"publisher\":{\"@id\":\"https:\/\/www.oarcanjo.net\/site\/#organization\"},\"potentialAction\":[{\"@type\":\"SearchAction\",\"target\":{\"@type\":\"EntryPoint\",\"urlTemplate\":\"https:\/\/www.oarcanjo.net\/site\/?s={search_term_string}\"},\"query-input\":{\"@type\":\"PropertyValueSpecification\",\"valueRequired\":true,\"valueName\":\"search_term_string\"}}],\"inLanguage\":\"pt-BR\"},{\"@type\":\"Organization\",\"@id\":\"https:\/\/www.oarcanjo.net\/site\/#organization\",\"name\":\"Par\u00f3quia S\u00e3o Miguel Arcanjo\",\"url\":\"https:\/\/www.oarcanjo.net\/site\/\",\"logo\":{\"@type\":\"ImageObject\",\"inLanguage\":\"pt-BR\",\"@id\":\"https:\/\/www.oarcanjo.net\/site\/#\/schema\/logo\/image\/\",\"url\":\"https:\/\/www.oarcanjo.net\/site\/wp-content\/uploads\/LogoOArcanjo.png\",\"contentUrl\":\"https:\/\/www.oarcanjo.net\/site\/wp-content\/uploads\/LogoOArcanjo.png\",\"width\":319,\"height\":99,\"caption\":\"Par\u00f3quia S\u00e3o Miguel Arcanjo\"},\"image\":{\"@id\":\"https:\/\/www.oarcanjo.net\/site\/#\/schema\/logo\/image\/\"},\"sameAs\":[\"https:\/\/www.facebook.com\/OArcanjoNoAr\/\"]},{\"@type\":\"Person\",\"@id\":\"https:\/\/www.oarcanjo.net\/site\/#\/schema\/person\/f7024d007863202483a31326673a0838\",\"name\":\"editor\",\"sameAs\":[\"http:\/\/www.oarcanjo.net\"]}]}<\/script>\n<!-- \/ Yoast SEO plugin. -->","yoast_head_json":{"title":"At\u00e9 quando? - O Arcanjo no ar","robots":{"index":"index","follow":"follow","max-snippet":"max-snippet:-1","max-image-preview":"max-image-preview:large","max-video-preview":"max-video-preview:-1"},"canonical":"https:\/\/www.oarcanjo.net\/site\/ate-quando\/","og_locale":"pt_BR","og_type":"article","og_title":"At\u00e9 quando? - O Arcanjo no ar","og_description":"Eduardo Galeano * H\u00e1 dois anos, Eduardo Galeano, escritor e jornalista uruguaio, escreveu esse texto sobre a agress\u00e3o de Israel ao L\u00edbano &#8211; a Ag\u00eancia Adital recuperou e O Arcanjo reproduz abaixo: At\u00e9 quanto continuaremos a aceitar que este mundo enamorado da morte \u00e9 nosso \u00fanico mundo poss\u00edvel? At\u00e9 quando os horrores continuar\u00e3o a ser [&hellip;]","og_url":"https:\/\/www.oarcanjo.net\/site\/ate-quando\/","og_site_name":"O Arcanjo no ar","article_publisher":"https:\/\/www.facebook.com\/OArcanjoNoAr\/","article_published_time":"2009-01-16T18:38:19+00:00","article_modified_time":"2009-01-21T00:03:59+00:00","og_image":[{"width":300,"height":300,"url":"https:\/\/www.oarcanjo.net\/site\/wp-content\/uploads\/logo-o-arcanjo-no-ar-facebook.png","type":"image\/png"}],"author":"editor","twitter_card":"summary_large_image","twitter_misc":{"Escrito por":"editor","Est. tempo de leitura":"5 minutos"},"schema":{"@context":"https:\/\/schema.org","@graph":[{"@type":"Article","@id":"https:\/\/www.oarcanjo.net\/site\/ate-quando\/#article","isPartOf":{"@id":"https:\/\/www.oarcanjo.net\/site\/ate-quando\/"},"author":{"name":"editor","@id":"https:\/\/www.oarcanjo.net\/site\/#\/schema\/person\/f7024d007863202483a31326673a0838"},"headline":"At\u00e9 quando?","datePublished":"2009-01-16T18:38:19+00:00","dateModified":"2009-01-21T00:03:59+00:00","mainEntityOfPage":{"@id":"https:\/\/www.oarcanjo.net\/site\/ate-quando\/"},"wordCount":964,"commentCount":0,"publisher":{"@id":"https:\/\/www.oarcanjo.net\/site\/#organization"},"keywords":["Gaza","guerra","oriente m\u00e9dio","paz","viol\u00eancia"],"articleSection":["Reflex\u00f5es"],"inLanguage":"pt-BR","potentialAction":[{"@type":"CommentAction","name":"Comment","target":["https:\/\/www.oarcanjo.net\/site\/ate-quando\/#respond"]}]},{"@type":"WebPage","@id":"https:\/\/www.oarcanjo.net\/site\/ate-quando\/","url":"https:\/\/www.oarcanjo.net\/site\/ate-quando\/","name":"At\u00e9 quando? - O Arcanjo no ar","isPartOf":{"@id":"https:\/\/www.oarcanjo.net\/site\/#website"},"datePublished":"2009-01-16T18:38:19+00:00","dateModified":"2009-01-21T00:03:59+00:00","breadcrumb":{"@id":"https:\/\/www.oarcanjo.net\/site\/ate-quando\/#breadcrumb"},"inLanguage":"pt-BR","potentialAction":[{"@type":"ReadAction","target":["https:\/\/www.oarcanjo.net\/site\/ate-quando\/"]}]},{"@type":"BreadcrumbList","@id":"https:\/\/www.oarcanjo.net\/site\/ate-quando\/#breadcrumb","itemListElement":[{"@type":"ListItem","position":1,"name":"In\u00edcio","item":"https:\/\/www.oarcanjo.net\/site\/"},{"@type":"ListItem","position":2,"name":"At\u00e9 quando?"}]},{"@type":"WebSite","@id":"https:\/\/www.oarcanjo.net\/site\/#website","url":"https:\/\/www.oarcanjo.net\/site\/","name":"O Arcanjo no ar","description":"Site da Par\u00f3quia S\u00e3o Miguel Arcanjo (Arquidiocese de SP)","publisher":{"@id":"https:\/\/www.oarcanjo.net\/site\/#organization"},"potentialAction":[{"@type":"SearchAction","target":{"@type":"EntryPoint","urlTemplate":"https:\/\/www.oarcanjo.net\/site\/?s={search_term_string}"},"query-input":{"@type":"PropertyValueSpecification","valueRequired":true,"valueName":"search_term_string"}}],"inLanguage":"pt-BR"},{"@type":"Organization","@id":"https:\/\/www.oarcanjo.net\/site\/#organization","name":"Par\u00f3quia S\u00e3o Miguel Arcanjo","url":"https:\/\/www.oarcanjo.net\/site\/","logo":{"@type":"ImageObject","inLanguage":"pt-BR","@id":"https:\/\/www.oarcanjo.net\/site\/#\/schema\/logo\/image\/","url":"https:\/\/www.oarcanjo.net\/site\/wp-content\/uploads\/LogoOArcanjo.png","contentUrl":"https:\/\/www.oarcanjo.net\/site\/wp-content\/uploads\/LogoOArcanjo.png","width":319,"height":99,"caption":"Par\u00f3quia S\u00e3o Miguel Arcanjo"},"image":{"@id":"https:\/\/www.oarcanjo.net\/site\/#\/schema\/logo\/image\/"},"sameAs":["https:\/\/www.facebook.com\/OArcanjoNoAr\/"]},{"@type":"Person","@id":"https:\/\/www.oarcanjo.net\/site\/#\/schema\/person\/f7024d007863202483a31326673a0838","name":"editor","sameAs":["http:\/\/www.oarcanjo.net"]}]}},"publishpress_future_action":{"enabled":false,"date":"2026-05-07 12:45:08","action":"category","newStatus":"draft","terms":[],"taxonomy":"category"},"publishpress_future_workflow_manual_trigger":{"enabledWorkflows":[]},"_links":{"self":[{"href":"https:\/\/www.oarcanjo.net\/site\/wp-json\/wp\/v2\/posts\/1464"}],"collection":[{"href":"https:\/\/www.oarcanjo.net\/site\/wp-json\/wp\/v2\/posts"}],"about":[{"href":"https:\/\/www.oarcanjo.net\/site\/wp-json\/wp\/v2\/types\/post"}],"author":[{"embeddable":true,"href":"https:\/\/www.oarcanjo.net\/site\/wp-json\/wp\/v2\/users\/5"}],"replies":[{"embeddable":true,"href":"https:\/\/www.oarcanjo.net\/site\/wp-json\/wp\/v2\/comments?post=1464"}],"version-history":[{"count":0,"href":"https:\/\/www.oarcanjo.net\/site\/wp-json\/wp\/v2\/posts\/1464\/revisions"}],"wp:attachment":[{"href":"https:\/\/www.oarcanjo.net\/site\/wp-json\/wp\/v2\/media?parent=1464"}],"wp:term":[{"taxonomy":"category","embeddable":true,"href":"https:\/\/www.oarcanjo.net\/site\/wp-json\/wp\/v2\/categories?post=1464"},{"taxonomy":"post_tag","embeddable":true,"href":"https:\/\/www.oarcanjo.net\/site\/wp-json\/wp\/v2\/tags?post=1464"}],"curies":[{"name":"wp","href":"https:\/\/api.w.org\/{rel}","templated":true}]}}