
{"id":14646,"date":"2011-05-29T14:37:29","date_gmt":"2011-05-29T17:37:29","guid":{"rendered":"http:\/\/www.oarcanjo.net\/site\/?p=14646"},"modified":"2011-05-29T14:43:55","modified_gmt":"2011-05-29T17:43:55","slug":"a-historia-das-jornadas-mundiais-da-juventude","status":"publish","type":"post","link":"https:\/\/www.oarcanjo.net\/site\/a-historia-das-jornadas-mundiais-da-juventude\/","title":{"rendered":"A hist\u00f3ria das Jornadas Mundiais da Juventude"},"content":{"rendered":"<p><a href=\"http:\/\/www.oarcanjo.net\/site\/wp-content\/uploads\/BANNER_400x70.jpg\"><img loading=\"lazy\" decoding=\"async\" src=\"http:\/\/www.oarcanjo.net\/site\/wp-content\/uploads\/BANNER_400x70.jpg\" alt=\"\" title=\"Jornada Mundial da Juventude 2011 - banner 400\" width=\"400\" height=\"70\" class=\"alignnone size-full wp-image-14649\" srcset=\"https:\/\/www.oarcanjo.net\/site\/wp-content\/uploads\/BANNER_400x70.jpg 400w, https:\/\/www.oarcanjo.net\/site\/wp-content\/uploads\/BANNER_400x70-300x52.jpg 300w\" sizes=\"(max-width: 400px) 100vw, 400px\" \/><\/a><\/p>\n<p>O cardeal Stanislaw Rylko, presidente do Conselho Pontif\u00edcio para os Leigos, conta a hist\u00f3ria das Jornadas Mundiais da Juventude, com imagens hist\u00f3ricas dos encontros anteriores e a caminhada para a pr\u00f3xima edi\u00e7\u00e3o, que ser\u00e1 realizada em Madri, de 16 a 21 de agosto.<\/p>\n<p><iframe loading=\"lazy\" width=\"560\" height=\"450\" src=\"http:\/\/www.youtube.com\/embed\/9LkZ9QFIVzc?rel=0\" frameborder=\"0\" allowfullscreen><\/iframe><\/p>\n<div id=\"themify_builder_content-14646\" data-postid=\"14646\" class=\"themify_builder_content themify_builder_content-14646 themify_builder themify_builder_front\">\n\t<\/div>\n<!-- \/themify_builder_content -->","protected":false},"excerpt":{"rendered":"<p>O cardeal Stanislaw Rylko, presidente do Conselho Pontif\u00edcio para os Leigos, conta a hist\u00f3ria das Jornadas Mundiais da Juventude, com imagens hist\u00f3ricas dos encontros anteriores e a caminhada para a pr\u00f3xima edi\u00e7\u00e3o, que ser\u00e1 realizada em Madri, de 16 a 21 de agosto<\/p>\n","protected":false},"author":5,"featured_media":0,"comment_status":"open","ping_status":"open","sticky":false,"template":"","format":"standard","meta":{"ngg_post_thumbnail":0,"footnotes":""},"categories":[395,280],"tags":[222,1937,225,157],"yoast_head":"<!-- This site is optimized with the Yoast SEO plugin v23.5 - https:\/\/yoast.com\/wordpress\/plugins\/seo\/ -->\n<title>A hist\u00f3ria das Jornadas Mundiais da Juventude - O Arcanjo no ar<\/title>\n<meta name=\"robots\" content=\"index, follow, max-snippet:-1, max-image-preview:large, max-video-preview:-1\" \/>\n<link rel=\"canonical\" href=\"https:\/\/www.oarcanjo.net\/site\/a-historia-das-jornadas-mundiais-da-juventude\/\" \/>\n<meta property=\"og:locale\" content=\"pt_BR\" \/>\n<meta property=\"og:type\" content=\"article\" \/>\n<meta property=\"og:title\" content=\"A hist\u00f3ria das Jornadas Mundiais da Juventude - O Arcanjo no ar\" \/>\n<meta property=\"og:description\" content=\"O cardeal Stanislaw Rylko, presidente do Conselho Pontif\u00edcio para os Leigos, conta a hist\u00f3ria das Jornadas Mundiais da Juventude, com imagens hist\u00f3ricas dos encontros anteriores e a caminhada para a pr\u00f3xima edi\u00e7\u00e3o, que ser\u00e1 realizada em Madri, de 16 a 21 de agosto\" \/>\n<meta property=\"og:url\" content=\"https:\/\/www.oarcanjo.net\/site\/a-historia-das-jornadas-mundiais-da-juventude\/\" \/>\n<meta property=\"og:site_name\" content=\"O Arcanjo no ar\" \/>\n<meta property=\"article:publisher\" content=\"https:\/\/www.facebook.com\/OArcanjoNoAr\/\" \/>\n<meta property=\"article:published_time\" content=\"2011-05-29T17:37:29+00:00\" \/>\n<meta property=\"article:modified_time\" content=\"2011-05-29T17:43:55+00:00\" \/>\n<meta property=\"og:image\" content=\"http:\/\/www.oarcanjo.net\/site\/wp-content\/uploads\/BANNER_400x70.jpg\" \/>\n<meta name=\"author\" content=\"editor\" \/>\n<meta name=\"twitter:card\" content=\"summary_large_image\" \/>\n<meta name=\"twitter:label1\" content=\"Escrito por\" \/>\n\t<meta name=\"twitter:data1\" content=\"editor\" \/>\n<script type=\"application\/ld+json\" class=\"yoast-schema-graph\">{\"@context\":\"https:\/\/schema.org\",\"@graph\":[{\"@type\":\"Article\",\"@id\":\"https:\/\/www.oarcanjo.net\/site\/a-historia-das-jornadas-mundiais-da-juventude\/#article\",\"isPartOf\":{\"@id\":\"https:\/\/www.oarcanjo.net\/site\/a-historia-das-jornadas-mundiais-da-juventude\/\"},\"author\":{\"name\":\"editor\",\"@id\":\"https:\/\/www.oarcanjo.net\/site\/#\/schema\/person\/f7024d007863202483a31326673a0838\"},\"headline\":\"A hist\u00f3ria das Jornadas Mundiais da Juventude\",\"datePublished\":\"2011-05-29T17:37:29+00:00\",\"dateModified\":\"2011-05-29T17:43:55+00:00\",\"mainEntityOfPage\":{\"@id\":\"https:\/\/www.oarcanjo.net\/site\/a-historia-das-jornadas-mundiais-da-juventude\/\"},\"wordCount\":54,\"commentCount\":0,\"publisher\":{\"@id\":\"https:\/\/www.oarcanjo.net\/site\/#organization\"},\"image\":{\"@id\":\"https:\/\/www.oarcanjo.net\/site\/a-historia-das-jornadas-mundiais-da-juventude\/#primaryimage\"},\"thumbnailUrl\":\"http:\/\/www.oarcanjo.net\/site\/wp-content\/uploads\/BANNER_400x70.jpg\",\"keywords\":[\"cristianismo\",\"JMJ\",\"juventude\",\"papa\"],\"articleSection\":[\"Jovens\",\"V\u00eddeos\"],\"inLanguage\":\"pt-BR\",\"potentialAction\":[{\"@type\":\"CommentAction\",\"name\":\"Comment\",\"target\":[\"https:\/\/www.oarcanjo.net\/site\/a-historia-das-jornadas-mundiais-da-juventude\/#respond\"]}]},{\"@type\":\"WebPage\",\"@id\":\"https:\/\/www.oarcanjo.net\/site\/a-historia-das-jornadas-mundiais-da-juventude\/\",\"url\":\"https:\/\/www.oarcanjo.net\/site\/a-historia-das-jornadas-mundiais-da-juventude\/\",\"name\":\"A hist\u00f3ria das Jornadas Mundiais da Juventude - O Arcanjo no ar\",\"isPartOf\":{\"@id\":\"https:\/\/www.oarcanjo.net\/site\/#website\"},\"primaryImageOfPage\":{\"@id\":\"https:\/\/www.oarcanjo.net\/site\/a-historia-das-jornadas-mundiais-da-juventude\/#primaryimage\"},\"image\":{\"@id\":\"https:\/\/www.oarcanjo.net\/site\/a-historia-das-jornadas-mundiais-da-juventude\/#primaryimage\"},\"thumbnailUrl\":\"http:\/\/www.oarcanjo.net\/site\/wp-content\/uploads\/BANNER_400x70.jpg\",\"datePublished\":\"2011-05-29T17:37:29+00:00\",\"dateModified\":\"2011-05-29T17:43:55+00:00\",\"breadcrumb\":{\"@id\":\"https:\/\/www.oarcanjo.net\/site\/a-historia-das-jornadas-mundiais-da-juventude\/#breadcrumb\"},\"inLanguage\":\"pt-BR\",\"potentialAction\":[{\"@type\":\"ReadAction\",\"target\":[\"https:\/\/www.oarcanjo.net\/site\/a-historia-das-jornadas-mundiais-da-juventude\/\"]}]},{\"@type\":\"ImageObject\",\"inLanguage\":\"pt-BR\",\"@id\":\"https:\/\/www.oarcanjo.net\/site\/a-historia-das-jornadas-mundiais-da-juventude\/#primaryimage\",\"url\":\"http:\/\/www.oarcanjo.net\/site\/wp-content\/uploads\/BANNER_400x70.jpg\",\"contentUrl\":\"http:\/\/www.oarcanjo.net\/site\/wp-content\/uploads\/BANNER_400x70.jpg\"},{\"@type\":\"BreadcrumbList\",\"@id\":\"https:\/\/www.oarcanjo.net\/site\/a-historia-das-jornadas-mundiais-da-juventude\/#breadcrumb\",\"itemListElement\":[{\"@type\":\"ListItem\",\"position\":1,\"name\":\"In\u00edcio\",\"item\":\"https:\/\/www.oarcanjo.net\/site\/\"},{\"@type\":\"ListItem\",\"position\":2,\"name\":\"A hist\u00f3ria das Jornadas Mundiais da Juventude\"}]},{\"@type\":\"WebSite\",\"@id\":\"https:\/\/www.oarcanjo.net\/site\/#website\",\"url\":\"https:\/\/www.oarcanjo.net\/site\/\",\"name\":\"O Arcanjo no ar\",\"description\":\"Site da Par\u00f3quia S\u00e3o Miguel Arcanjo (Arquidiocese de SP)\",\"publisher\":{\"@id\":\"https:\/\/www.oarcanjo.net\/site\/#organization\"},\"potentialAction\":[{\"@type\":\"SearchAction\",\"target\":{\"@type\":\"EntryPoint\",\"urlTemplate\":\"https:\/\/www.oarcanjo.net\/site\/?s={search_term_string}\"},\"query-input\":{\"@type\":\"PropertyValueSpecification\",\"valueRequired\":true,\"valueName\":\"search_term_string\"}}],\"inLanguage\":\"pt-BR\"},{\"@type\":\"Organization\",\"@id\":\"https:\/\/www.oarcanjo.net\/site\/#organization\",\"name\":\"Par\u00f3quia S\u00e3o Miguel Arcanjo\",\"url\":\"https:\/\/www.oarcanjo.net\/site\/\",\"logo\":{\"@type\":\"ImageObject\",\"inLanguage\":\"pt-BR\",\"@id\":\"https:\/\/www.oarcanjo.net\/site\/#\/schema\/logo\/image\/\",\"url\":\"https:\/\/www.oarcanjo.net\/site\/wp-content\/uploads\/LogoOArcanjo.png\",\"contentUrl\":\"https:\/\/www.oarcanjo.net\/site\/wp-content\/uploads\/LogoOArcanjo.png\",\"width\":319,\"height\":99,\"caption\":\"Par\u00f3quia S\u00e3o Miguel Arcanjo\"},\"image\":{\"@id\":\"https:\/\/www.oarcanjo.net\/site\/#\/schema\/logo\/image\/\"},\"sameAs\":[\"https:\/\/www.facebook.com\/OArcanjoNoAr\/\"]},{\"@type\":\"Person\",\"@id\":\"https:\/\/www.oarcanjo.net\/site\/#\/schema\/person\/f7024d007863202483a31326673a0838\",\"name\":\"editor\",\"sameAs\":[\"http:\/\/www.oarcanjo.net\"]}]}<\/script>\n<!-- \/ Yoast SEO plugin. -->","yoast_head_json":{"title":"A hist\u00f3ria das Jornadas Mundiais da Juventude - O Arcanjo no ar","robots":{"index":"index","follow":"follow","max-snippet":"max-snippet:-1","max-image-preview":"max-image-preview:large","max-video-preview":"max-video-preview:-1"},"canonical":"https:\/\/www.oarcanjo.net\/site\/a-historia-das-jornadas-mundiais-da-juventude\/","og_locale":"pt_BR","og_type":"article","og_title":"A hist\u00f3ria das Jornadas Mundiais da Juventude - O Arcanjo no ar","og_description":"O cardeal Stanislaw Rylko, presidente do Conselho Pontif\u00edcio para os Leigos, conta a hist\u00f3ria das Jornadas Mundiais da Juventude, com imagens hist\u00f3ricas dos encontros anteriores e a caminhada para a pr\u00f3xima edi\u00e7\u00e3o, que ser\u00e1 realizada em Madri, de 16 a 21 de agosto","og_url":"https:\/\/www.oarcanjo.net\/site\/a-historia-das-jornadas-mundiais-da-juventude\/","og_site_name":"O Arcanjo no ar","article_publisher":"https:\/\/www.facebook.com\/OArcanjoNoAr\/","article_published_time":"2011-05-29T17:37:29+00:00","article_modified_time":"2011-05-29T17:43:55+00:00","og_image":[{"url":"http:\/\/www.oarcanjo.net\/site\/wp-content\/uploads\/BANNER_400x70.jpg"}],"author":"editor","twitter_card":"summary_large_image","twitter_misc":{"Escrito por":"editor"},"schema":{"@context":"https:\/\/schema.org","@graph":[{"@type":"Article","@id":"https:\/\/www.oarcanjo.net\/site\/a-historia-das-jornadas-mundiais-da-juventude\/#article","isPartOf":{"@id":"https:\/\/www.oarcanjo.net\/site\/a-historia-das-jornadas-mundiais-da-juventude\/"},"author":{"name":"editor","@id":"https:\/\/www.oarcanjo.net\/site\/#\/schema\/person\/f7024d007863202483a31326673a0838"},"headline":"A hist\u00f3ria das Jornadas Mundiais da Juventude","datePublished":"2011-05-29T17:37:29+00:00","dateModified":"2011-05-29T17:43:55+00:00","mainEntityOfPage":{"@id":"https:\/\/www.oarcanjo.net\/site\/a-historia-das-jornadas-mundiais-da-juventude\/"},"wordCount":54,"commentCount":0,"publisher":{"@id":"https:\/\/www.oarcanjo.net\/site\/#organization"},"image":{"@id":"https:\/\/www.oarcanjo.net\/site\/a-historia-das-jornadas-mundiais-da-juventude\/#primaryimage"},"thumbnailUrl":"http:\/\/www.oarcanjo.net\/site\/wp-content\/uploads\/BANNER_400x70.jpg","keywords":["cristianismo","JMJ","juventude","papa"],"articleSection":["Jovens","V\u00eddeos"],"inLanguage":"pt-BR","potentialAction":[{"@type":"CommentAction","name":"Comment","target":["https:\/\/www.oarcanjo.net\/site\/a-historia-das-jornadas-mundiais-da-juventude\/#respond"]}]},{"@type":"WebPage","@id":"https:\/\/www.oarcanjo.net\/site\/a-historia-das-jornadas-mundiais-da-juventude\/","url":"https:\/\/www.oarcanjo.net\/site\/a-historia-das-jornadas-mundiais-da-juventude\/","name":"A hist\u00f3ria das Jornadas Mundiais da Juventude - O Arcanjo no ar","isPartOf":{"@id":"https:\/\/www.oarcanjo.net\/site\/#website"},"primaryImageOfPage":{"@id":"https:\/\/www.oarcanjo.net\/site\/a-historia-das-jornadas-mundiais-da-juventude\/#primaryimage"},"image":{"@id":"https:\/\/www.oarcanjo.net\/site\/a-historia-das-jornadas-mundiais-da-juventude\/#primaryimage"},"thumbnailUrl":"http:\/\/www.oarcanjo.net\/site\/wp-content\/uploads\/BANNER_400x70.jpg","datePublished":"2011-05-29T17:37:29+00:00","dateModified":"2011-05-29T17:43:55+00:00","breadcrumb":{"@id":"https:\/\/www.oarcanjo.net\/site\/a-historia-das-jornadas-mundiais-da-juventude\/#breadcrumb"},"inLanguage":"pt-BR","potentialAction":[{"@type":"ReadAction","target":["https:\/\/www.oarcanjo.net\/site\/a-historia-das-jornadas-mundiais-da-juventude\/"]}]},{"@type":"ImageObject","inLanguage":"pt-BR","@id":"https:\/\/www.oarcanjo.net\/site\/a-historia-das-jornadas-mundiais-da-juventude\/#primaryimage","url":"http:\/\/www.oarcanjo.net\/site\/wp-content\/uploads\/BANNER_400x70.jpg","contentUrl":"http:\/\/www.oarcanjo.net\/site\/wp-content\/uploads\/BANNER_400x70.jpg"},{"@type":"BreadcrumbList","@id":"https:\/\/www.oarcanjo.net\/site\/a-historia-das-jornadas-mundiais-da-juventude\/#breadcrumb","itemListElement":[{"@type":"ListItem","position":1,"name":"In\u00edcio","item":"https:\/\/www.oarcanjo.net\/site\/"},{"@type":"ListItem","position":2,"name":"A hist\u00f3ria das Jornadas Mundiais da Juventude"}]},{"@type":"WebSite","@id":"https:\/\/www.oarcanjo.net\/site\/#website","url":"https:\/\/www.oarcanjo.net\/site\/","name":"O Arcanjo no ar","description":"Site da Par\u00f3quia S\u00e3o Miguel Arcanjo (Arquidiocese de SP)","publisher":{"@id":"https:\/\/www.oarcanjo.net\/site\/#organization"},"potentialAction":[{"@type":"SearchAction","target":{"@type":"EntryPoint","urlTemplate":"https:\/\/www.oarcanjo.net\/site\/?s={search_term_string}"},"query-input":{"@type":"PropertyValueSpecification","valueRequired":true,"valueName":"search_term_string"}}],"inLanguage":"pt-BR"},{"@type":"Organization","@id":"https:\/\/www.oarcanjo.net\/site\/#organization","name":"Par\u00f3quia S\u00e3o Miguel Arcanjo","url":"https:\/\/www.oarcanjo.net\/site\/","logo":{"@type":"ImageObject","inLanguage":"pt-BR","@id":"https:\/\/www.oarcanjo.net\/site\/#\/schema\/logo\/image\/","url":"https:\/\/www.oarcanjo.net\/site\/wp-content\/uploads\/LogoOArcanjo.png","contentUrl":"https:\/\/www.oarcanjo.net\/site\/wp-content\/uploads\/LogoOArcanjo.png","width":319,"height":99,"caption":"Par\u00f3quia S\u00e3o Miguel Arcanjo"},"image":{"@id":"https:\/\/www.oarcanjo.net\/site\/#\/schema\/logo\/image\/"},"sameAs":["https:\/\/www.facebook.com\/OArcanjoNoAr\/"]},{"@type":"Person","@id":"https:\/\/www.oarcanjo.net\/site\/#\/schema\/person\/f7024d007863202483a31326673a0838","name":"editor","sameAs":["http:\/\/www.oarcanjo.net"]}]}},"publishpress_future_action":{"enabled":false,"date":"2026-05-07 08:08:54","action":"category","newStatus":"draft","terms":[],"taxonomy":"category"},"publishpress_future_workflow_manual_trigger":{"enabledWorkflows":[]},"_links":{"self":[{"href":"https:\/\/www.oarcanjo.net\/site\/wp-json\/wp\/v2\/posts\/14646"}],"collection":[{"href":"https:\/\/www.oarcanjo.net\/site\/wp-json\/wp\/v2\/posts"}],"about":[{"href":"https:\/\/www.oarcanjo.net\/site\/wp-json\/wp\/v2\/types\/post"}],"author":[{"embeddable":true,"href":"https:\/\/www.oarcanjo.net\/site\/wp-json\/wp\/v2\/users\/5"}],"replies":[{"embeddable":true,"href":"https:\/\/www.oarcanjo.net\/site\/wp-json\/wp\/v2\/comments?post=14646"}],"version-history":[{"count":0,"href":"https:\/\/www.oarcanjo.net\/site\/wp-json\/wp\/v2\/posts\/14646\/revisions"}],"wp:attachment":[{"href":"https:\/\/www.oarcanjo.net\/site\/wp-json\/wp\/v2\/media?parent=14646"}],"wp:term":[{"taxonomy":"category","embeddable":true,"href":"https:\/\/www.oarcanjo.net\/site\/wp-json\/wp\/v2\/categories?post=14646"},{"taxonomy":"post_tag","embeddable":true,"href":"https:\/\/www.oarcanjo.net\/site\/wp-json\/wp\/v2\/tags?post=14646"}],"curies":[{"name":"wp","href":"https:\/\/api.w.org\/{rel}","templated":true}]}}