
{"id":14676,"date":"2011-06-02T23:08:13","date_gmt":"2011-06-03T02:08:13","guid":{"rendered":"http:\/\/www.oarcanjo.net\/site\/?p=14676"},"modified":"2011-06-02T23:08:13","modified_gmt":"2011-06-03T02:08:13","slug":"coroacao-de-nossa-senhora-31-de-maio","status":"publish","type":"post","link":"https:\/\/www.oarcanjo.net\/site\/coroacao-de-nossa-senhora-31-de-maio\/","title":{"rendered":"Coroa\u00e7\u00e3o de Nossa Senhora  &#8211; 31 de Maio"},"content":{"rendered":"<p style=\"text-align: justify;\">Neste 31 de maio, no encerramento do m\u00eas de Maria, foi realizada,\u00a0 na Capela da Universidade S\u00e3o Judas Tadeu, a celebra\u00e7\u00e3o eucar\u00edstica e depois a coroa\u00e7\u00e3o de Nossa Senhora. \u00a0As flores, delicadamente\u00a0colocadas pela dire\u00e7\u00e3o da \u00a0Universidade\u00a0S\u00e3o Judas,\u00a0real\u00e7aram esse momento t\u00e3o bonito. No ofert\u00f3rio, as doa\u00e7\u00f5es de cobertores para os filhos de Nossa Senhora que moram na Rua.<\/p>\n<p style=\"text-align: justify;\">Anjinhos, crian\u00e7as que fizeram a primeira eucaristia, o Grupo de Canto com belas musicas em honra \u00e0 Nossa Senhora, o povo encheu a Capela. Muita ora\u00e7\u00e3o e as luzes pelas velas iluminando a Capela S\u00e3o Judas, iluminando a caminhada de todos. No momento da coroa\u00e7\u00e3o,\u00a0 o carinho e a plena participa\u00e7\u00e3o da Comunidade.<\/p>\n<p style=\"text-align: justify;\">Fotos por Wanderley Oliveira e Carlos A. Beatriz<\/p>\nngg_shortcode_0_placeholder\n<div id=\"themify_builder_content-14676\" data-postid=\"14676\" class=\"themify_builder_content themify_builder_content-14676 themify_builder themify_builder_front\">\n\t<\/div>\n<!-- \/themify_builder_content -->","protected":false},"excerpt":{"rendered":"<p>Neste 31 de maio, no encerramento do m\u00eas de Maria, foi realizada,\u00a0 na Capela da Universidade S\u00e3o Judas Tadeu, a celebra\u00e7\u00e3o eucar\u00edstica e depois a coroa\u00e7\u00e3o de Nossa Senhora. \u00a0As flores, delicadamente\u00a0colocadas pela dire\u00e7\u00e3o da \u00a0Universidade\u00a0S\u00e3o Judas,\u00a0real\u00e7aram esse momento t\u00e3o bonito. No ofert\u00f3rio, as doa\u00e7\u00f5es de cobertores para os filhos de Nossa Senhora que moram [&hellip;]<\/p>\n","protected":false},"author":10,"featured_media":0,"comment_status":"open","ping_status":"open","sticky":false,"template":"","format":"standard","meta":{"ngg_post_thumbnail":0,"footnotes":""},"categories":[8],"tags":[],"yoast_head":"<!-- This site is optimized with the Yoast SEO plugin v23.5 - https:\/\/yoast.com\/wordpress\/plugins\/seo\/ -->\n<title>Coroa\u00e7\u00e3o de Nossa Senhora - 31 de Maio - O Arcanjo no ar<\/title>\n<meta name=\"robots\" content=\"index, follow, max-snippet:-1, max-image-preview:large, max-video-preview:-1\" \/>\n<link rel=\"canonical\" href=\"https:\/\/www.oarcanjo.net\/site\/coroacao-de-nossa-senhora-31-de-maio\/\" \/>\n<meta property=\"og:locale\" content=\"pt_BR\" \/>\n<meta property=\"og:type\" content=\"article\" \/>\n<meta property=\"og:title\" content=\"Coroa\u00e7\u00e3o de Nossa Senhora - 31 de Maio - O Arcanjo no ar\" \/>\n<meta property=\"og:description\" content=\"Neste 31 de maio, no encerramento do m\u00eas de Maria, foi realizada,\u00a0 na Capela da Universidade S\u00e3o Judas Tadeu, a celebra\u00e7\u00e3o eucar\u00edstica e depois a coroa\u00e7\u00e3o de Nossa Senhora. \u00a0As flores, delicadamente\u00a0colocadas pela dire\u00e7\u00e3o da \u00a0Universidade\u00a0S\u00e3o Judas,\u00a0real\u00e7aram esse momento t\u00e3o bonito. No ofert\u00f3rio, as doa\u00e7\u00f5es de cobertores para os filhos de Nossa Senhora que moram [&hellip;]\" \/>\n<meta property=\"og:url\" content=\"https:\/\/www.oarcanjo.net\/site\/coroacao-de-nossa-senhora-31-de-maio\/\" \/>\n<meta property=\"og:site_name\" content=\"O Arcanjo no ar\" \/>\n<meta property=\"article:publisher\" content=\"https:\/\/www.facebook.com\/OArcanjoNoAr\/\" \/>\n<meta property=\"article:published_time\" content=\"2011-06-03T02:08:13+00:00\" \/>\n<meta property=\"og:image\" content=\"https:\/\/www.oarcanjo.net\/site\/wp-content\/uploads\/logo-o-arcanjo-no-ar-facebook.png\" \/>\n\t<meta property=\"og:image:width\" content=\"300\" \/>\n\t<meta property=\"og:image:height\" content=\"300\" \/>\n\t<meta property=\"og:image:type\" content=\"image\/png\" \/>\n<meta name=\"author\" content=\"carlos\" \/>\n<meta name=\"twitter:card\" content=\"summary_large_image\" \/>\n<meta name=\"twitter:label1\" content=\"Escrito por\" \/>\n\t<meta name=\"twitter:data1\" content=\"carlos\" \/>\n\t<meta name=\"twitter:label2\" content=\"Est. tempo de leitura\" \/>\n\t<meta name=\"twitter:data2\" content=\"1 minuto\" \/>\n<script type=\"application\/ld+json\" class=\"yoast-schema-graph\">{\"@context\":\"https:\/\/schema.org\",\"@graph\":[{\"@type\":\"Article\",\"@id\":\"https:\/\/www.oarcanjo.net\/site\/coroacao-de-nossa-senhora-31-de-maio\/#article\",\"isPartOf\":{\"@id\":\"https:\/\/www.oarcanjo.net\/site\/coroacao-de-nossa-senhora-31-de-maio\/\"},\"author\":{\"name\":\"carlos\",\"@id\":\"https:\/\/www.oarcanjo.net\/site\/#\/schema\/person\/f7870e710d8c8c30673de3a0ac2e451d\"},\"headline\":\"Coroa\u00e7\u00e3o de Nossa Senhora &#8211; 31 de Maio\",\"datePublished\":\"2011-06-03T02:08:13+00:00\",\"dateModified\":\"2011-06-03T02:08:13+00:00\",\"mainEntityOfPage\":{\"@id\":\"https:\/\/www.oarcanjo.net\/site\/coroacao-de-nossa-senhora-31-de-maio\/\"},\"wordCount\":145,\"commentCount\":1,\"publisher\":{\"@id\":\"https:\/\/www.oarcanjo.net\/site\/#organization\"},\"articleSection\":[\"Not\u00edcias\"],\"inLanguage\":\"pt-BR\",\"potentialAction\":[{\"@type\":\"CommentAction\",\"name\":\"Comment\",\"target\":[\"https:\/\/www.oarcanjo.net\/site\/coroacao-de-nossa-senhora-31-de-maio\/#respond\"]}]},{\"@type\":\"WebPage\",\"@id\":\"https:\/\/www.oarcanjo.net\/site\/coroacao-de-nossa-senhora-31-de-maio\/\",\"url\":\"https:\/\/www.oarcanjo.net\/site\/coroacao-de-nossa-senhora-31-de-maio\/\",\"name\":\"Coroa\u00e7\u00e3o de Nossa Senhora - 31 de Maio - O Arcanjo no ar\",\"isPartOf\":{\"@id\":\"https:\/\/www.oarcanjo.net\/site\/#website\"},\"datePublished\":\"2011-06-03T02:08:13+00:00\",\"dateModified\":\"2011-06-03T02:08:13+00:00\",\"breadcrumb\":{\"@id\":\"https:\/\/www.oarcanjo.net\/site\/coroacao-de-nossa-senhora-31-de-maio\/#breadcrumb\"},\"inLanguage\":\"pt-BR\",\"potentialAction\":[{\"@type\":\"ReadAction\",\"target\":[\"https:\/\/www.oarcanjo.net\/site\/coroacao-de-nossa-senhora-31-de-maio\/\"]}]},{\"@type\":\"BreadcrumbList\",\"@id\":\"https:\/\/www.oarcanjo.net\/site\/coroacao-de-nossa-senhora-31-de-maio\/#breadcrumb\",\"itemListElement\":[{\"@type\":\"ListItem\",\"position\":1,\"name\":\"In\u00edcio\",\"item\":\"https:\/\/www.oarcanjo.net\/site\/\"},{\"@type\":\"ListItem\",\"position\":2,\"name\":\"Coroa\u00e7\u00e3o de Nossa Senhora &#8211; 31 de Maio\"}]},{\"@type\":\"WebSite\",\"@id\":\"https:\/\/www.oarcanjo.net\/site\/#website\",\"url\":\"https:\/\/www.oarcanjo.net\/site\/\",\"name\":\"O Arcanjo no ar\",\"description\":\"Site da Par\u00f3quia S\u00e3o Miguel Arcanjo (Arquidiocese de SP)\",\"publisher\":{\"@id\":\"https:\/\/www.oarcanjo.net\/site\/#organization\"},\"potentialAction\":[{\"@type\":\"SearchAction\",\"target\":{\"@type\":\"EntryPoint\",\"urlTemplate\":\"https:\/\/www.oarcanjo.net\/site\/?s={search_term_string}\"},\"query-input\":{\"@type\":\"PropertyValueSpecification\",\"valueRequired\":true,\"valueName\":\"search_term_string\"}}],\"inLanguage\":\"pt-BR\"},{\"@type\":\"Organization\",\"@id\":\"https:\/\/www.oarcanjo.net\/site\/#organization\",\"name\":\"Par\u00f3quia S\u00e3o Miguel Arcanjo\",\"url\":\"https:\/\/www.oarcanjo.net\/site\/\",\"logo\":{\"@type\":\"ImageObject\",\"inLanguage\":\"pt-BR\",\"@id\":\"https:\/\/www.oarcanjo.net\/site\/#\/schema\/logo\/image\/\",\"url\":\"https:\/\/www.oarcanjo.net\/site\/wp-content\/uploads\/LogoOArcanjo.png\",\"contentUrl\":\"https:\/\/www.oarcanjo.net\/site\/wp-content\/uploads\/LogoOArcanjo.png\",\"width\":319,\"height\":99,\"caption\":\"Par\u00f3quia S\u00e3o Miguel Arcanjo\"},\"image\":{\"@id\":\"https:\/\/www.oarcanjo.net\/site\/#\/schema\/logo\/image\/\"},\"sameAs\":[\"https:\/\/www.facebook.com\/OArcanjoNoAr\/\"]},{\"@type\":\"Person\",\"@id\":\"https:\/\/www.oarcanjo.net\/site\/#\/schema\/person\/f7870e710d8c8c30673de3a0ac2e451d\",\"name\":\"carlos\"}]}<\/script>\n<!-- \/ Yoast SEO plugin. -->","yoast_head_json":{"title":"Coroa\u00e7\u00e3o de Nossa Senhora - 31 de Maio - O Arcanjo no ar","robots":{"index":"index","follow":"follow","max-snippet":"max-snippet:-1","max-image-preview":"max-image-preview:large","max-video-preview":"max-video-preview:-1"},"canonical":"https:\/\/www.oarcanjo.net\/site\/coroacao-de-nossa-senhora-31-de-maio\/","og_locale":"pt_BR","og_type":"article","og_title":"Coroa\u00e7\u00e3o de Nossa Senhora - 31 de Maio - O Arcanjo no ar","og_description":"Neste 31 de maio, no encerramento do m\u00eas de Maria, foi realizada,\u00a0 na Capela da Universidade S\u00e3o Judas Tadeu, a celebra\u00e7\u00e3o eucar\u00edstica e depois a coroa\u00e7\u00e3o de Nossa Senhora. \u00a0As flores, delicadamente\u00a0colocadas pela dire\u00e7\u00e3o da \u00a0Universidade\u00a0S\u00e3o Judas,\u00a0real\u00e7aram esse momento t\u00e3o bonito. No ofert\u00f3rio, as doa\u00e7\u00f5es de cobertores para os filhos de Nossa Senhora que moram [&hellip;]","og_url":"https:\/\/www.oarcanjo.net\/site\/coroacao-de-nossa-senhora-31-de-maio\/","og_site_name":"O Arcanjo no ar","article_publisher":"https:\/\/www.facebook.com\/OArcanjoNoAr\/","article_published_time":"2011-06-03T02:08:13+00:00","og_image":[{"width":300,"height":300,"url":"https:\/\/www.oarcanjo.net\/site\/wp-content\/uploads\/logo-o-arcanjo-no-ar-facebook.png","type":"image\/png"}],"author":"carlos","twitter_card":"summary_large_image","twitter_misc":{"Escrito por":"carlos","Est. tempo de leitura":"1 minuto"},"schema":{"@context":"https:\/\/schema.org","@graph":[{"@type":"Article","@id":"https:\/\/www.oarcanjo.net\/site\/coroacao-de-nossa-senhora-31-de-maio\/#article","isPartOf":{"@id":"https:\/\/www.oarcanjo.net\/site\/coroacao-de-nossa-senhora-31-de-maio\/"},"author":{"name":"carlos","@id":"https:\/\/www.oarcanjo.net\/site\/#\/schema\/person\/f7870e710d8c8c30673de3a0ac2e451d"},"headline":"Coroa\u00e7\u00e3o de Nossa Senhora &#8211; 31 de Maio","datePublished":"2011-06-03T02:08:13+00:00","dateModified":"2011-06-03T02:08:13+00:00","mainEntityOfPage":{"@id":"https:\/\/www.oarcanjo.net\/site\/coroacao-de-nossa-senhora-31-de-maio\/"},"wordCount":145,"commentCount":1,"publisher":{"@id":"https:\/\/www.oarcanjo.net\/site\/#organization"},"articleSection":["Not\u00edcias"],"inLanguage":"pt-BR","potentialAction":[{"@type":"CommentAction","name":"Comment","target":["https:\/\/www.oarcanjo.net\/site\/coroacao-de-nossa-senhora-31-de-maio\/#respond"]}]},{"@type":"WebPage","@id":"https:\/\/www.oarcanjo.net\/site\/coroacao-de-nossa-senhora-31-de-maio\/","url":"https:\/\/www.oarcanjo.net\/site\/coroacao-de-nossa-senhora-31-de-maio\/","name":"Coroa\u00e7\u00e3o de Nossa Senhora - 31 de Maio - O Arcanjo no ar","isPartOf":{"@id":"https:\/\/www.oarcanjo.net\/site\/#website"},"datePublished":"2011-06-03T02:08:13+00:00","dateModified":"2011-06-03T02:08:13+00:00","breadcrumb":{"@id":"https:\/\/www.oarcanjo.net\/site\/coroacao-de-nossa-senhora-31-de-maio\/#breadcrumb"},"inLanguage":"pt-BR","potentialAction":[{"@type":"ReadAction","target":["https:\/\/www.oarcanjo.net\/site\/coroacao-de-nossa-senhora-31-de-maio\/"]}]},{"@type":"BreadcrumbList","@id":"https:\/\/www.oarcanjo.net\/site\/coroacao-de-nossa-senhora-31-de-maio\/#breadcrumb","itemListElement":[{"@type":"ListItem","position":1,"name":"In\u00edcio","item":"https:\/\/www.oarcanjo.net\/site\/"},{"@type":"ListItem","position":2,"name":"Coroa\u00e7\u00e3o de Nossa Senhora &#8211; 31 de Maio"}]},{"@type":"WebSite","@id":"https:\/\/www.oarcanjo.net\/site\/#website","url":"https:\/\/www.oarcanjo.net\/site\/","name":"O Arcanjo no ar","description":"Site da Par\u00f3quia S\u00e3o Miguel Arcanjo (Arquidiocese de SP)","publisher":{"@id":"https:\/\/www.oarcanjo.net\/site\/#organization"},"potentialAction":[{"@type":"SearchAction","target":{"@type":"EntryPoint","urlTemplate":"https:\/\/www.oarcanjo.net\/site\/?s={search_term_string}"},"query-input":{"@type":"PropertyValueSpecification","valueRequired":true,"valueName":"search_term_string"}}],"inLanguage":"pt-BR"},{"@type":"Organization","@id":"https:\/\/www.oarcanjo.net\/site\/#organization","name":"Par\u00f3quia S\u00e3o Miguel Arcanjo","url":"https:\/\/www.oarcanjo.net\/site\/","logo":{"@type":"ImageObject","inLanguage":"pt-BR","@id":"https:\/\/www.oarcanjo.net\/site\/#\/schema\/logo\/image\/","url":"https:\/\/www.oarcanjo.net\/site\/wp-content\/uploads\/LogoOArcanjo.png","contentUrl":"https:\/\/www.oarcanjo.net\/site\/wp-content\/uploads\/LogoOArcanjo.png","width":319,"height":99,"caption":"Par\u00f3quia S\u00e3o Miguel Arcanjo"},"image":{"@id":"https:\/\/www.oarcanjo.net\/site\/#\/schema\/logo\/image\/"},"sameAs":["https:\/\/www.facebook.com\/OArcanjoNoAr\/"]},{"@type":"Person","@id":"https:\/\/www.oarcanjo.net\/site\/#\/schema\/person\/f7870e710d8c8c30673de3a0ac2e451d","name":"carlos"}]}},"publishpress_future_action":{"enabled":false,"date":"2026-05-07 11:37:08","action":"category","newStatus":"draft","terms":[],"taxonomy":"category"},"publishpress_future_workflow_manual_trigger":{"enabledWorkflows":[]},"_links":{"self":[{"href":"https:\/\/www.oarcanjo.net\/site\/wp-json\/wp\/v2\/posts\/14676"}],"collection":[{"href":"https:\/\/www.oarcanjo.net\/site\/wp-json\/wp\/v2\/posts"}],"about":[{"href":"https:\/\/www.oarcanjo.net\/site\/wp-json\/wp\/v2\/types\/post"}],"author":[{"embeddable":true,"href":"https:\/\/www.oarcanjo.net\/site\/wp-json\/wp\/v2\/users\/10"}],"replies":[{"embeddable":true,"href":"https:\/\/www.oarcanjo.net\/site\/wp-json\/wp\/v2\/comments?post=14676"}],"version-history":[{"count":0,"href":"https:\/\/www.oarcanjo.net\/site\/wp-json\/wp\/v2\/posts\/14676\/revisions"}],"wp:attachment":[{"href":"https:\/\/www.oarcanjo.net\/site\/wp-json\/wp\/v2\/media?parent=14676"}],"wp:term":[{"taxonomy":"category","embeddable":true,"href":"https:\/\/www.oarcanjo.net\/site\/wp-json\/wp\/v2\/categories?post=14676"},{"taxonomy":"post_tag","embeddable":true,"href":"https:\/\/www.oarcanjo.net\/site\/wp-json\/wp\/v2\/tags?post=14676"}],"curies":[{"name":"wp","href":"https:\/\/api.w.org\/{rel}","templated":true}]}}